{"id":82513,"date":"2023-07-17T22:44:00","date_gmt":"2023-07-17T20:44:00","guid":{"rendered":"https:\/\/weisetech.dev\/fc-barcelona-noticias\/en\/xavi-will-also-count-with-lenglet-nico-gonzalez-american-tour_294201_102\/"},"modified":"2023-07-17T22:44:00","modified_gmt":"2023-07-17T20:44:00","slug":"xavi-will-also-count-with-lenglet-nico-gonzalez-american-tour_294201_102","status":"publish","type":"post","link":"https:\/\/www.fcbarcelonanoticias.com\/en\/preseason\/xavi-will-also-count-with-lenglet-nico-gonzalez-american-tour_294201_102.html","title":{"rendered":"Xavi will also have Lenglet and Nico Gonz\u00e1lez on the American tour"},"content":{"rendered":"<h2 class=\"wp-block-heading\">Unlike the 2022 preseason, Xavi Hern\u00e1ndez will include his &#8216;discards&#8217; on the American tour if the players do not resolve their departure from FC Barcelona before the team travels to the United States. This is the case of Cl\u00e9ment Lenglet and Nico Gonz\u00e1lez<\/h2>  \r\n<div class=\"article-addons\">\r\n    <a href=\"https:\/\/www.fcbarcelonanoticias.com\/en\/calendar-fc-barcelona.html\"\r\n       target=\"_self\"\r\n       title=\"Calendar of FC Barcelona\"\r\n       class=\"blue-gredient-btn\">\r\n       \r\n        Calendar of FC Barcelona    <\/a>\r\n<\/div>   <p>Cl\u00e9ment Lenglet and Nico Gonz\u00e1lez will be in turns it American of pre-season with the FC Barcelona. Although both players are negotiating his exits, <strong>Xavi Hern\u00e1ndez does not want to leave effective in Catalonia, as it already did the past year, while the club contests <a data-external=\"0\" data-intl-links-en=\"https:\/\/www.fcbarcelonanoticias.com\/en\/preseason\/when-where-to-watch-fc-barcelona-matches-in-this-pre-season_294116_102.html\" data-intl-links-es=\"https:\/\/www.fcbarcelonanoticias.com\/pretemporada\/cuando-donde-ver-partidos-fc-barcelona-en-esta-pretemporada_294116_102.html\" href=\"https:\/\/www.fcbarcelonanoticias.com\/en\/preseason\/when-where-to-watch-fc-barcelona-matches-in-this-pre-season_294116_102.html\" rel=\"follow\" target=\"_self\" title=\"\u00bfCu\u00e1ndo y d\u00f3nde ver los partidos del FC Barcelona en esta pretemporada?\">his series of friendly in the United States<\/a><\/strong>, by which the egarense has decided to have all the players of the staff that are in conditions to play.<\/p>  <p>In this way, <strong>unless the Frenchman and the Galician resolve his future in the next days, will join to the expedition cul\u00e9 to the coast American west<\/strong>, where the Bar\u00e7a will contest four friendly between 22 July and on 1 August. For the moment, the only drop confirmed for the pre-season is I\u00f1igo Mart\u00ednez, since the central follows dragging physical annoyances in his right leg.<\/p>  <h2>Nico follows negotiating with the Port wine<\/h2>  <p>For Nico Gonz\u00e1lez, the option to leave yielded to the Port wine keeps on being the one who more probabilities has to concretise . The &#8216;dragons&#8217; also have in his radar to Alan Varela (Mouth Juniors), but <strong>the technical Sergio Concei\u00e7ao insists in adding to the of A Coru\u00f1a independently of the arrival of the mediocentro Argentinian<\/strong>. In case to concretise the operation, Nico would arrive to loan by a year, without option of compulsory purchase.<\/p>  <p>In Spain, <strong>the player of 21 years also is in the orbit of Betis, Villarreal and Valencia<\/strong>, club where was yielded the past season. However, the Bar\u00e7a has not received concrete offers until the moment, by which Xavi will not have problems in carrying him to turns it American, where also had shooting in 2022. In fact, Gonz\u00e1lez was to title in the first party in United States the year happened in front of the Inter Miami (triumph by 0-5).<\/p>  <h2>Lenglet Neither has resolved at all with the Tottenham<\/h2>  <p>In the case of Lenglet, the Bar\u00e7a follows waiting for a better offer of the Tottenham. <strong>The negotiations are frozen from does a pair of weeks<\/strong>, but so much the central like the managerial cul\u00e9 trust to resolve his traspaso prompt. Cl\u00e9ment had a good performance the past season with the &#8216;spurs&#8217;, being usual headline in League and Champions. <a data-external=\"0\" data-intl-links-en=\"https:\/\/www.fcbarcelonanoticias.com\/en\/preseason\/franck-kessie-will-be-on-a-boat-tour-in-the-united-states_294197_102.html\" data-intl-links-es=\"https:\/\/www.fcbarcelonanoticias.com\/pretemporada\/franck-kessie-estara-en-gira-barca-en-estados-unidos_294197_102.html\" href=\"https:\/\/www.fcbarcelonanoticias.com\/en\/preseason\/franck-kessie-will-be-on-a-boat-tour-in-the-united-states_294197_102.html\" rel=\"follow\" target=\"_self\" title=\"\u00a1Franck Kessi\u00e9 estar\u00e1 en la gira del Bar\u00e7a en Estados Unidos!\">Another that also will travel to the United States almost with total security is Franck Kessi\u00e9<\/a>, as the Juventus follows without presenting an offer by the marfile\u00f1o.<\/p> ","protected":false},"excerpt":{"rendered":"<p>Unlike the 2022 preseason, Xavi Hern\u00e1ndez will include his &#8216;discards&#8217; on the American tour if the players do not resolve their departure from FC Barcelona before the team travels to the United States. This is the case of Cl\u00e9ment Lenglet and Nico Gonz\u00e1lez Cl\u00e9ment Lenglet and Nico Gonz\u00e1lez will be in turns it American of [&hellip;]<\/p>\n","protected":false},"author":347,"featured_media":82517,"comment_status":"closed","ping_status":"open","sticky":false,"template":"","format":"standard","meta":{"_acf_changed":false,"inline_featured_image":false,"_nextfly_llmd_date_locked":false,"footnotes":""},"categories":[131],"tags":[305,320,292,48],"class_list":["post-82513","post","type-post","status-publish","format-standard","has-post-thumbnail","hentry","category-preseason","tag-frank-kessie","tag-lenglet","tag-nico-gonzalez","tag-xavi-hernandez"],"acf":[],"yoast_head":"<!-- This site is optimized with the Yoast SEO plugin v27.3 - https:\/\/yoast.com\/product\/yoast-seo-wordpress\/ -->\n<title>Xavi will also have Lenglet and Nico Gonz\u00e1lez on the American tour<\/title>\n<meta name=\"description\" content=\"Unlike the 2022 preseason, Xavi Hern\u00e1ndez will include his &#039;discards&#039; on the American tour if the players do not resolve their departure from FC Barcelona before the team travels to the United States. This is the case of Cl\u00e9ment Lenglet and Nico Gonz\u00e1lez\" \/>\n<meta name=\"robots\" content=\"index, follow, max-snippet:-1, max-image-preview:large, max-video-preview:-1\" \/>\n<link rel=\"canonical\" href=\"https:\/\/www.fcbarcelonanoticias.com\/en\/preseason\/xavi-will-also-count-with-lenglet-nico-gonzalez-american-tour_294201_102.html\" \/>\n<meta property=\"og:locale\" content=\"en_US\" \/>\n<meta property=\"og:type\" content=\"article\" \/>\n<meta property=\"og:title\" content=\"Xavi will also have Lenglet and Nico Gonz\u00e1lez on the American tour\" \/>\n<meta property=\"og:description\" content=\"Unlike the 2022 preseason, Xavi Hern\u00e1ndez will include his &#039;discards&#039; on the American tour if the players do not resolve their departure from FC Barcelona before the team travels to the United States. This is the case of Cl\u00e9ment Lenglet and Nico Gonz\u00e1lez\" \/>\n<meta property=\"og:url\" content=\"https:\/\/www.fcbarcelonanoticias.com\/en\/preseason\/xavi-will-also-count-with-lenglet-nico-gonzalez-american-tour_294201_102.html\" \/>\n<meta property=\"og:site_name\" content=\"EN - FC Barcelona Noticias\" \/>\n<meta property=\"article:published_time\" content=\"2023-07-17T20:44:00+00:00\" \/>\n<meta property=\"og:image\" content=\"https:\/\/www.fcbarcelonanoticias.com\/en\/wp-content\/uploads\/sites\/2\/2023\/07\/nico-gonzalez-fc-barcelona.jpeg\" \/>\n\t<meta property=\"og:image:width\" content=\"1300\" \/>\n\t<meta property=\"og:image:height\" content=\"732\" \/>\n\t<meta property=\"og:image:type\" content=\"image\/jpeg\" \/>\n<meta name=\"author\" content=\"Andr\u00e9s Quiroz\" \/>\n<meta name=\"twitter:card\" content=\"summary_large_image\" \/>\n<meta name=\"twitter:label1\" content=\"Written by\" \/>\n\t<meta name=\"twitter:data1\" content=\"Andr\u00e9s Quiroz\" \/>\n\t<meta name=\"twitter:label2\" content=\"Est. reading time\" \/>\n\t<meta name=\"twitter:data2\" content=\"2 minutes\" \/>\n<script type=\"application\/ld+json\" class=\"yoast-schema-graph\">{\"@context\":\"https:\\\/\\\/schema.org\",\"@graph\":[{\"@type\":\"Article\",\"@id\":\"https:\\\/\\\/www.fcbarcelonanoticias.com\\\/en\\\/preseason\\\/xavi-will-also-count-with-lenglet-nico-gonzalez-american-tour_294201_102.html#article\",\"isPartOf\":{\"@id\":\"https:\\\/\\\/www.fcbarcelonanoticias.com\\\/en\\\/preseason\\\/xavi-will-also-count-with-lenglet-nico-gonzalez-american-tour_294201_102.html\"},\"author\":{\"name\":\"Andr\u00e9s Quiroz\",\"@id\":\"https:\\\/\\\/www.fcbarcelonanoticias.com\\\/en\\\/#\\\/schema\\\/person\\\/c2cd9f6fa1af5c0d0eccd0fefa575c88\"},\"headline\":\"Xavi will also have Lenglet and Nico Gonz\u00e1lez on the American tour\",\"datePublished\":\"2023-07-17T20:44:00+00:00\",\"mainEntityOfPage\":{\"@id\":\"https:\\\/\\\/www.fcbarcelonanoticias.com\\\/en\\\/preseason\\\/xavi-will-also-count-with-lenglet-nico-gonzalez-american-tour_294201_102.html\"},\"wordCount\":463,\"image\":{\"@id\":\"https:\\\/\\\/www.fcbarcelonanoticias.com\\\/en\\\/preseason\\\/xavi-will-also-count-with-lenglet-nico-gonzalez-american-tour_294201_102.html#primaryimage\"},\"thumbnailUrl\":\"https:\\\/\\\/www.fcbarcelonanoticias.com\\\/en\\\/wp-content\\\/uploads\\\/sites\\\/2\\\/2023\\\/07\\\/nico-gonzalez-fc-barcelona.jpeg\",\"keywords\":[\"Frank Kessi\u00e9\",\"Lenglet\",\"Nico Gonz\u00e1lez\",\"Xavi Hern\u00e1ndez\"],\"articleSection\":[\"Preseason\"],\"inLanguage\":\"en-US\"},{\"@type\":\"WebPage\",\"@id\":\"https:\\\/\\\/www.fcbarcelonanoticias.com\\\/en\\\/preseason\\\/xavi-will-also-count-with-lenglet-nico-gonzalez-american-tour_294201_102.html\",\"url\":\"https:\\\/\\\/www.fcbarcelonanoticias.com\\\/en\\\/preseason\\\/xavi-will-also-count-with-lenglet-nico-gonzalez-american-tour_294201_102.html\",\"name\":\"Xavi will also have Lenglet and Nico Gonz\u00e1lez on the American tour\",\"isPartOf\":{\"@id\":\"https:\\\/\\\/www.fcbarcelonanoticias.com\\\/en\\\/#website\"},\"primaryImageOfPage\":{\"@id\":\"https:\\\/\\\/www.fcbarcelonanoticias.com\\\/en\\\/preseason\\\/xavi-will-also-count-with-lenglet-nico-gonzalez-american-tour_294201_102.html#primaryimage\"},\"image\":{\"@id\":\"https:\\\/\\\/www.fcbarcelonanoticias.com\\\/en\\\/preseason\\\/xavi-will-also-count-with-lenglet-nico-gonzalez-american-tour_294201_102.html#primaryimage\"},\"thumbnailUrl\":\"https:\\\/\\\/www.fcbarcelonanoticias.com\\\/en\\\/wp-content\\\/uploads\\\/sites\\\/2\\\/2023\\\/07\\\/nico-gonzalez-fc-barcelona.jpeg\",\"datePublished\":\"2023-07-17T20:44:00+00:00\",\"author\":{\"@id\":\"https:\\\/\\\/www.fcbarcelonanoticias.com\\\/en\\\/#\\\/schema\\\/person\\\/c2cd9f6fa1af5c0d0eccd0fefa575c88\"},\"description\":\"Unlike the 2022 preseason, Xavi Hern\u00e1ndez will include his 'discards' on the American tour if the players do not resolve their departure from FC Barcelona before the team travels to the United States. This is the case of Cl\u00e9ment Lenglet and Nico Gonz\u00e1lez\",\"breadcrumb\":{\"@id\":\"https:\\\/\\\/www.fcbarcelonanoticias.com\\\/en\\\/preseason\\\/xavi-will-also-count-with-lenglet-nico-gonzalez-american-tour_294201_102.html#breadcrumb\"},\"inLanguage\":\"en-US\",\"potentialAction\":[{\"@type\":\"ReadAction\",\"target\":[\"https:\\\/\\\/www.fcbarcelonanoticias.com\\\/en\\\/preseason\\\/xavi-will-also-count-with-lenglet-nico-gonzalez-american-tour_294201_102.html\"]}]},{\"@type\":\"ImageObject\",\"inLanguage\":\"en-US\",\"@id\":\"https:\\\/\\\/www.fcbarcelonanoticias.com\\\/en\\\/preseason\\\/xavi-will-also-count-with-lenglet-nico-gonzalez-american-tour_294201_102.html#primaryimage\",\"url\":\"https:\\\/\\\/www.fcbarcelonanoticias.com\\\/en\\\/wp-content\\\/uploads\\\/sites\\\/2\\\/2023\\\/07\\\/nico-gonzalez-fc-barcelona.jpeg\",\"contentUrl\":\"https:\\\/\\\/www.fcbarcelonanoticias.com\\\/en\\\/wp-content\\\/uploads\\\/sites\\\/2\\\/2023\\\/07\\\/nico-gonzalez-fc-barcelona.jpeg\",\"width\":1300,\"height\":732},{\"@type\":\"BreadcrumbList\",\"@id\":\"https:\\\/\\\/www.fcbarcelonanoticias.com\\\/en\\\/preseason\\\/xavi-will-also-count-with-lenglet-nico-gonzalez-american-tour_294201_102.html#breadcrumb\",\"itemListElement\":[{\"@type\":\"ListItem\",\"position\":1,\"name\":\"Portada\",\"item\":\"https:\\\/\\\/www.fcbarcelonanoticias.com\\\/en\\\/\"},{\"@type\":\"ListItem\",\"position\":2,\"name\":\"Xavi will also have Lenglet and Nico Gonz\u00e1lez on the American tour\"}]},{\"@type\":\"WebSite\",\"@id\":\"https:\\\/\\\/www.fcbarcelonanoticias.com\\\/en\\\/#website\",\"url\":\"https:\\\/\\\/www.fcbarcelonanoticias.com\\\/en\\\/\",\"name\":\"EN - FC Barcelona Noticias\",\"description\":\"\",\"potentialAction\":[{\"@type\":\"SearchAction\",\"target\":{\"@type\":\"EntryPoint\",\"urlTemplate\":\"https:\\\/\\\/www.fcbarcelonanoticias.com\\\/en\\\/?s={search_term_string}\"},\"query-input\":{\"@type\":\"PropertyValueSpecification\",\"valueRequired\":true,\"valueName\":\"search_term_string\"}}],\"inLanguage\":\"en-US\"},{\"@type\":\"Person\",\"@id\":\"https:\\\/\\\/www.fcbarcelonanoticias.com\\\/en\\\/#\\\/schema\\\/person\\\/c2cd9f6fa1af5c0d0eccd0fefa575c88\",\"name\":\"Andr\u00e9s Quiroz\",\"image\":{\"@type\":\"ImageObject\",\"inLanguage\":\"en-US\",\"@id\":\"https:\\\/\\\/secure.gravatar.com\\\/avatar\\\/?s=96&d=mm&r=g\",\"url\":\"https:\\\/\\\/secure.gravatar.com\\\/avatar\\\/?s=96&d=mm&r=g\",\"contentUrl\":\"https:\\\/\\\/secure.gravatar.com\\\/avatar\\\/?s=96&d=mm&r=g\",\"caption\":\"Andr\u00e9s Quiroz\"},\"description\":\"Licenciado en Periodismo por la Universidad de los Andes. Me encargo de analizar y compartir los contenidos m\u00e1s destacados de la\u00a0actualidad del F\u00fatbol Club Barcelona, Mercado de Fichajes y F\u00fatbol Internacional en FCBN. La informaci\u00f3n es poder, pero tambi\u00e9n conocimiento.\",\"url\":\"https:\\\/\\\/www.fcbarcelonanoticias.com\\\/en\\\/fc-barcelona\\\/andres-quiroz_17_115.html\"}]}<\/script>\n<!-- \/ Yoast SEO plugin. -->","yoast_head_json":{"title":"Xavi will also have Lenglet and Nico Gonz\u00e1lez on the American tour","description":"Unlike the 2022 preseason, Xavi Hern\u00e1ndez will include his 'discards' on the American tour if the players do not resolve their departure from FC Barcelona before the team travels to the United States. This is the case of Cl\u00e9ment Lenglet and Nico Gonz\u00e1lez","robots":{"index":"index","follow":"follow","max-snippet":"max-snippet:-1","max-image-preview":"max-image-preview:large","max-video-preview":"max-video-preview:-1"},"canonical":"https:\/\/www.fcbarcelonanoticias.com\/en\/preseason\/xavi-will-also-count-with-lenglet-nico-gonzalez-american-tour_294201_102.html","og_locale":"en_US","og_type":"article","og_title":"Xavi will also have Lenglet and Nico Gonz\u00e1lez on the American tour","og_description":"Unlike the 2022 preseason, Xavi Hern\u00e1ndez will include his 'discards' on the American tour if the players do not resolve their departure from FC Barcelona before the team travels to the United States. This is the case of Cl\u00e9ment Lenglet and Nico Gonz\u00e1lez","og_url":"https:\/\/www.fcbarcelonanoticias.com\/en\/preseason\/xavi-will-also-count-with-lenglet-nico-gonzalez-american-tour_294201_102.html","og_site_name":"EN - FC Barcelona Noticias","article_published_time":"2023-07-17T20:44:00+00:00","og_image":[{"width":1300,"height":732,"url":"https:\/\/www.fcbarcelonanoticias.com\/en\/wp-content\/uploads\/sites\/2\/2023\/07\/nico-gonzalez-fc-barcelona.jpeg","type":"image\/jpeg"}],"author":"Andr\u00e9s Quiroz","twitter_card":"summary_large_image","twitter_misc":{"Written by":"Andr\u00e9s Quiroz","Est. reading time":"2 minutes"},"schema":{"@context":"https:\/\/schema.org","@graph":[{"@type":"Article","@id":"https:\/\/www.fcbarcelonanoticias.com\/en\/preseason\/xavi-will-also-count-with-lenglet-nico-gonzalez-american-tour_294201_102.html#article","isPartOf":{"@id":"https:\/\/www.fcbarcelonanoticias.com\/en\/preseason\/xavi-will-also-count-with-lenglet-nico-gonzalez-american-tour_294201_102.html"},"author":{"name":"Andr\u00e9s Quiroz","@id":"https:\/\/www.fcbarcelonanoticias.com\/en\/#\/schema\/person\/c2cd9f6fa1af5c0d0eccd0fefa575c88"},"headline":"Xavi will also have Lenglet and Nico Gonz\u00e1lez on the American tour","datePublished":"2023-07-17T20:44:00+00:00","mainEntityOfPage":{"@id":"https:\/\/www.fcbarcelonanoticias.com\/en\/preseason\/xavi-will-also-count-with-lenglet-nico-gonzalez-american-tour_294201_102.html"},"wordCount":463,"image":{"@id":"https:\/\/www.fcbarcelonanoticias.com\/en\/preseason\/xavi-will-also-count-with-lenglet-nico-gonzalez-american-tour_294201_102.html#primaryimage"},"thumbnailUrl":"https:\/\/www.fcbarcelonanoticias.com\/en\/wp-content\/uploads\/sites\/2\/2023\/07\/nico-gonzalez-fc-barcelona.jpeg","keywords":["Frank Kessi\u00e9","Lenglet","Nico Gonz\u00e1lez","Xavi Hern\u00e1ndez"],"articleSection":["Preseason"],"inLanguage":"en-US"},{"@type":"WebPage","@id":"https:\/\/www.fcbarcelonanoticias.com\/en\/preseason\/xavi-will-also-count-with-lenglet-nico-gonzalez-american-tour_294201_102.html","url":"https:\/\/www.fcbarcelonanoticias.com\/en\/preseason\/xavi-will-also-count-with-lenglet-nico-gonzalez-american-tour_294201_102.html","name":"Xavi will also have Lenglet and Nico Gonz\u00e1lez on the American tour","isPartOf":{"@id":"https:\/\/www.fcbarcelonanoticias.com\/en\/#website"},"primaryImageOfPage":{"@id":"https:\/\/www.fcbarcelonanoticias.com\/en\/preseason\/xavi-will-also-count-with-lenglet-nico-gonzalez-american-tour_294201_102.html#primaryimage"},"image":{"@id":"https:\/\/www.fcbarcelonanoticias.com\/en\/preseason\/xavi-will-also-count-with-lenglet-nico-gonzalez-american-tour_294201_102.html#primaryimage"},"thumbnailUrl":"https:\/\/www.fcbarcelonanoticias.com\/en\/wp-content\/uploads\/sites\/2\/2023\/07\/nico-gonzalez-fc-barcelona.jpeg","datePublished":"2023-07-17T20:44:00+00:00","author":{"@id":"https:\/\/www.fcbarcelonanoticias.com\/en\/#\/schema\/person\/c2cd9f6fa1af5c0d0eccd0fefa575c88"},"description":"Unlike the 2022 preseason, Xavi Hern\u00e1ndez will include his 'discards' on the American tour if the players do not resolve their departure from FC Barcelona before the team travels to the United States. This is the case of Cl\u00e9ment Lenglet and Nico Gonz\u00e1lez","breadcrumb":{"@id":"https:\/\/www.fcbarcelonanoticias.com\/en\/preseason\/xavi-will-also-count-with-lenglet-nico-gonzalez-american-tour_294201_102.html#breadcrumb"},"inLanguage":"en-US","potentialAction":[{"@type":"ReadAction","target":["https:\/\/www.fcbarcelonanoticias.com\/en\/preseason\/xavi-will-also-count-with-lenglet-nico-gonzalez-american-tour_294201_102.html"]}]},{"@type":"ImageObject","inLanguage":"en-US","@id":"https:\/\/www.fcbarcelonanoticias.com\/en\/preseason\/xavi-will-also-count-with-lenglet-nico-gonzalez-american-tour_294201_102.html#primaryimage","url":"https:\/\/www.fcbarcelonanoticias.com\/en\/wp-content\/uploads\/sites\/2\/2023\/07\/nico-gonzalez-fc-barcelona.jpeg","contentUrl":"https:\/\/www.fcbarcelonanoticias.com\/en\/wp-content\/uploads\/sites\/2\/2023\/07\/nico-gonzalez-fc-barcelona.jpeg","width":1300,"height":732},{"@type":"BreadcrumbList","@id":"https:\/\/www.fcbarcelonanoticias.com\/en\/preseason\/xavi-will-also-count-with-lenglet-nico-gonzalez-american-tour_294201_102.html#breadcrumb","itemListElement":[{"@type":"ListItem","position":1,"name":"Portada","item":"https:\/\/www.fcbarcelonanoticias.com\/en\/"},{"@type":"ListItem","position":2,"name":"Xavi will also have Lenglet and Nico Gonz\u00e1lez on the American tour"}]},{"@type":"WebSite","@id":"https:\/\/www.fcbarcelonanoticias.com\/en\/#website","url":"https:\/\/www.fcbarcelonanoticias.com\/en\/","name":"EN - FC Barcelona Noticias","description":"","potentialAction":[{"@type":"SearchAction","target":{"@type":"EntryPoint","urlTemplate":"https:\/\/www.fcbarcelonanoticias.com\/en\/?s={search_term_string}"},"query-input":{"@type":"PropertyValueSpecification","valueRequired":true,"valueName":"search_term_string"}}],"inLanguage":"en-US"},{"@type":"Person","@id":"https:\/\/www.fcbarcelonanoticias.com\/en\/#\/schema\/person\/c2cd9f6fa1af5c0d0eccd0fefa575c88","name":"Andr\u00e9s Quiroz","image":{"@type":"ImageObject","inLanguage":"en-US","@id":"https:\/\/secure.gravatar.com\/avatar\/?s=96&d=mm&r=g","url":"https:\/\/secure.gravatar.com\/avatar\/?s=96&d=mm&r=g","contentUrl":"https:\/\/secure.gravatar.com\/avatar\/?s=96&d=mm&r=g","caption":"Andr\u00e9s Quiroz"},"description":"Licenciado en Periodismo por la Universidad de los Andes. Me encargo de analizar y compartir los contenidos m\u00e1s destacados de la\u00a0actualidad del F\u00fatbol Club Barcelona, Mercado de Fichajes y F\u00fatbol Internacional en FCBN. La informaci\u00f3n es poder, pero tambi\u00e9n conocimiento.","url":"https:\/\/www.fcbarcelonanoticias.com\/en\/fc-barcelona\/andres-quiroz_17_115.html"}]}},"_links":{"self":[{"href":"https:\/\/www.fcbarcelonanoticias.com\/en\/wp-json\/wp\/v2\/posts\/82513","targetHints":{"allow":["GET"]}}],"collection":[{"href":"https:\/\/www.fcbarcelonanoticias.com\/en\/wp-json\/wp\/v2\/posts"}],"about":[{"href":"https:\/\/www.fcbarcelonanoticias.com\/en\/wp-json\/wp\/v2\/types\/post"}],"author":[{"embeddable":true,"href":"https:\/\/www.fcbarcelonanoticias.com\/en\/wp-json\/wp\/v2\/users\/347"}],"replies":[{"embeddable":true,"href":"https:\/\/www.fcbarcelonanoticias.com\/en\/wp-json\/wp\/v2\/comments?post=82513"}],"version-history":[{"count":1,"href":"https:\/\/www.fcbarcelonanoticias.com\/en\/wp-json\/wp\/v2\/posts\/82513\/revisions"}],"predecessor-version":[{"id":124213,"href":"https:\/\/www.fcbarcelonanoticias.com\/en\/wp-json\/wp\/v2\/posts\/82513\/revisions\/124213"}],"wp:featuredmedia":[{"embeddable":true,"href":"https:\/\/www.fcbarcelonanoticias.com\/en\/wp-json\/wp\/v2\/media\/82517"}],"wp:attachment":[{"href":"https:\/\/www.fcbarcelonanoticias.com\/en\/wp-json\/wp\/v2\/media?parent=82513"}],"wp:term":[{"taxonomy":"category","embeddable":true,"href":"https:\/\/www.fcbarcelonanoticias.com\/en\/wp-json\/wp\/v2\/categories?post=82513"},{"taxonomy":"post_tag","embeddable":true,"href":"https:\/\/www.fcbarcelonanoticias.com\/en\/wp-json\/wp\/v2\/tags?post=82513"}],"curies":[{"name":"wp","href":"https:\/\/api.w.org\/{rel}","templated":true}]}}