{"id":82574,"date":"2023-07-17T23:21:00","date_gmt":"2023-07-17T21:21:00","guid":{"rendered":"https:\/\/weisetech.dev\/fc-barcelona-noticias\/en\/xavi-hernandez-dara-shooting-duo-araujo-faye-pre-season_294203_102\/"},"modified":"2023-07-17T23:21:00","modified_gmt":"2023-07-17T21:21:00","slug":"xavi-hernandez-dara-shooting-duo-araujo-faye-pre-season_294203_102","status":"publish","type":"post","link":"https:\/\/www.fcbarcelonanoticias.com\/en\/preseason\/xavi-hernandez-dara-shooting-duo-araujo-faye-pre-season_294203_102.html","title":{"rendered":"Xavi Hern\u00e1ndez will film the duo Ara\u00fajo-Fay\u00e9 in the preseason"},"content":{"rendered":"<h2 class=\"wp-block-heading\">The loss of I\u00f1igo Mart\u00ednez due to physical problems opens a place for Mikayil Faye on the American tour of FC Barcelona. The Senegalese has convinced Xavi Hern\u00e1ndez in training and everything indicates that he will add minutes in the United States together with Ronald Ara\u00fajo<\/h2>  \r\n<div class=\"article-addons\">\r\n    <a href=\"https:\/\/www.fcbarcelonanoticias.com\/en\/calendar-fc-barcelona.html\"\r\n       target=\"_self\"\r\n       title=\"Calendar of FC Barcelona\"\r\n       class=\"blue-gredient-btn\">\r\n       \r\n        Calendar of FC Barcelona    <\/a>\r\n<\/div>   <p>Mikayil Faye Will travel with the first team to turns it American of the FC Barcelona. <strong>The Senegalese has showed character and conditions <a data-external=\"0\" data-intl-links-en=\"https:\/\/www.fcbarcelonanoticias.com\/en\/preseason\/mikayil-faye-impresses-in-barca-pre-season-training_294162_102.html\" data-intl-links-es=\"https:\/\/www.fcbarcelonanoticias.com\/pretemporada\/mikayil-faye-impresiona-barca-en-primeros-entrenamientos-pretemporada_294162_102.html\" href=\"https:\/\/www.fcbarcelonanoticias.com\/en\/preseason\/mikayil-faye-impresses-in-barca-pre-season-training_294162_102.html\" rel=\"follow\" target=\"_self\" title=\"Mikayil Faye impresiona al Bar\u00e7a en los primeros entrenamientos de pretemporada\">in the first week of trainings<\/a><\/strong>, convincing to Xavi Hern\u00e1ndez to carry him to the pre-season. In this way, the egarense will give him shooting beside Ronald Ara\u00fajo, with the one who has understood of wonder in the last practices in the Sportive City.<\/p>  <p><strong>For Xavi, turns it americanaservir\u00e1 to confirm to the charr\u00faa like first head office<\/strong>, since in the 2022\/23 alternated this position with the right side. <strong>The plans of the egarense aim to leave to Jules Kound\u00e9 fixed in the right lane<\/strong> while it do not arrive a natural player for this place, an option that the directive follows without descartar, although they have to concretise before a pair of sales to offer by some player.<\/p>  <h2>Xavi already bet by a pair of alternative head offices in the pre-season 2022<\/h2>  <p><strong>The drop of I\u00f1igo Mart\u00ednez (physical problems) and the late incorporation of Andreas Christensen (permission) <\/strong>will do that the m\u00edster of Terrassa bet by the pair Ara\u00fajo-Faye like first option regarding head offices this pre-season. With Kound\u00e9, Sergi\u00f1o Dest and Sergi Roberto like options by right, the another alternative regarding head offices this summer will be Eric Garc\u00eda, whereas Alejandro Balde and Marcos Alonso will cover the left side.<\/p>  <p>In this way, Xavi will bet by a pair of alternative head offices in the pre-season by second consecutive year<strong>. In it turns it American 2022, Christensen and Eric were headlines<\/strong> in the four friendly contested in United States, a pair that coincided very little during the trascurso of the season. <strong>&#8216;Mika&#8217; Will begin the 2023724 with the Bar\u00e7a Atl\u00e8tic<\/strong>, but is likely that alternate announcements with the first team of usual form.<\/p>  <h2>The reasons of Xavi to add to Mikayil Faye to the pre-season<\/h2>  <p>In spite of his age (19 years), Mikayil Faye already has professional shooting after his go through the NK Kustosikja of the Croatian league. <strong>The Senegalese showed power, speed, good aerial game and security with the balloon the past season<\/strong>, by which Xavi insisted to the directive in closing his traspaso in return of 1.5 million euros. From here that the egarense do not have doubts in <a data-external=\"0\" data-intl-links-en=\"https:\/\/www.fcbarcelonanoticias.com\/en\/preseason\/xavi-will-also-count-with-lenglet-nico-gonzalez-american-tour_294201_102.html\" data-intl-links-es=\"https:\/\/www.fcbarcelonanoticias.com\/pretemporada\/xavi-tambien-contara-con-lenglet-nico-gonzalez-gira-americana_294201_102.html\" href=\"https:\/\/www.fcbarcelonanoticias.com\/en\/preseason\/xavi-will-also-count-with-lenglet-nico-gonzalez-american-tour_294201_102.html\" rel=\"follow\" target=\"_self\" title=\"Xavi tambi\u00e9n contar\u00e1 con Lenglet y Nico Gonz\u00e1lez en la gira americana\">giving him shooting in turns it American<\/a> to facilitate an adaptation that, apparently in his first trainings, will be much faster of the expected.<\/p> ","protected":false},"excerpt":{"rendered":"<p>The loss of I\u00f1igo Mart\u00ednez due to physical problems opens a place for Mikayil Faye on the American tour of FC Barcelona. The Senegalese has convinced Xavi Hern\u00e1ndez in training and everything indicates that he will add minutes in the United States together with Ronald Ara\u00fajo Mikayil Faye Will travel with the first team to [&hellip;]<\/p>\n","protected":false},"author":347,"featured_media":82579,"comment_status":"closed","ping_status":"open","sticky":false,"template":"","format":"standard","meta":{"_acf_changed":false,"inline_featured_image":false,"_nextfly_llmd_date_locked":false,"footnotes":""},"categories":[131],"tags":[],"class_list":["post-82574","post","type-post","status-publish","format-standard","has-post-thumbnail","hentry","category-preseason"],"acf":[],"yoast_head":"<!-- This site is optimized with the Yoast SEO plugin v27.3 - https:\/\/yoast.com\/product\/yoast-seo-wordpress\/ -->\n<title>Xavi Hern\u00e1ndez will film the duo Ara\u00fajo-Fay\u00e9 in the preseason<\/title>\n<meta name=\"description\" content=\"The loss of I\u00f1igo Mart\u00ednez due to physical problems opens a place for Mikayil Faye on the American tour of FC Barcelona. The Senegalese has convinced Xavi Hern\u00e1ndez in training and everything indicates that he will add minutes in the United States together with Ronald Ara\u00fajo\" \/>\n<meta name=\"robots\" content=\"index, follow, max-snippet:-1, max-image-preview:large, max-video-preview:-1\" \/>\n<link rel=\"canonical\" href=\"https:\/\/www.fcbarcelonanoticias.com\/en\/preseason\/xavi-hernandez-dara-shooting-duo-araujo-faye-pre-season_294203_102.html\" \/>\n<meta property=\"og:locale\" content=\"en_US\" \/>\n<meta property=\"og:type\" content=\"article\" \/>\n<meta property=\"og:title\" content=\"Xavi Hern\u00e1ndez will film the duo Ara\u00fajo-Fay\u00e9 in the preseason\" \/>\n<meta property=\"og:description\" content=\"The loss of I\u00f1igo Mart\u00ednez due to physical problems opens a place for Mikayil Faye on the American tour of FC Barcelona. The Senegalese has convinced Xavi Hern\u00e1ndez in training and everything indicates that he will add minutes in the United States together with Ronald Ara\u00fajo\" \/>\n<meta property=\"og:url\" content=\"https:\/\/www.fcbarcelonanoticias.com\/en\/preseason\/xavi-hernandez-dara-shooting-duo-araujo-faye-pre-season_294203_102.html\" \/>\n<meta property=\"og:site_name\" content=\"EN - FC Barcelona Noticias\" \/>\n<meta property=\"article:published_time\" content=\"2023-07-17T21:21:00+00:00\" \/>\n<meta property=\"og:image\" content=\"https:\/\/www.fcbarcelonanoticias.com\/en\/wp-content\/uploads\/sites\/2\/2023\/07\/ronald-araujo-mikayil-faye-1.jpeg\" \/>\n\t<meta property=\"og:image:width\" content=\"1300\" \/>\n\t<meta property=\"og:image:height\" content=\"732\" \/>\n\t<meta property=\"og:image:type\" content=\"image\/jpeg\" \/>\n<meta name=\"author\" content=\"Andr\u00e9s Quiroz\" \/>\n<meta name=\"twitter:card\" content=\"summary_large_image\" \/>\n<meta name=\"twitter:label1\" content=\"Written by\" \/>\n\t<meta name=\"twitter:data1\" content=\"Andr\u00e9s Quiroz\" \/>\n\t<meta name=\"twitter:label2\" content=\"Est. reading time\" \/>\n\t<meta name=\"twitter:data2\" content=\"2 minutes\" \/>\n<script type=\"application\/ld+json\" class=\"yoast-schema-graph\">{\"@context\":\"https:\\\/\\\/schema.org\",\"@graph\":[{\"@type\":\"Article\",\"@id\":\"https:\\\/\\\/www.fcbarcelonanoticias.com\\\/en\\\/preseason\\\/xavi-hernandez-dara-shooting-duo-araujo-faye-pre-season_294203_102.html#article\",\"isPartOf\":{\"@id\":\"https:\\\/\\\/www.fcbarcelonanoticias.com\\\/en\\\/preseason\\\/xavi-hernandez-dara-shooting-duo-araujo-faye-pre-season_294203_102.html\"},\"author\":{\"name\":\"Andr\u00e9s Quiroz\",\"@id\":\"https:\\\/\\\/www.fcbarcelonanoticias.com\\\/en\\\/#\\\/schema\\\/person\\\/c2cd9f6fa1af5c0d0eccd0fefa575c88\"},\"headline\":\"Xavi Hern\u00e1ndez will film the duo Ara\u00fajo-Fay\u00e9 in the preseason\",\"datePublished\":\"2023-07-17T21:21:00+00:00\",\"mainEntityOfPage\":{\"@id\":\"https:\\\/\\\/www.fcbarcelonanoticias.com\\\/en\\\/preseason\\\/xavi-hernandez-dara-shooting-duo-araujo-faye-pre-season_294203_102.html\"},\"wordCount\":468,\"image\":{\"@id\":\"https:\\\/\\\/www.fcbarcelonanoticias.com\\\/en\\\/preseason\\\/xavi-hernandez-dara-shooting-duo-araujo-faye-pre-season_294203_102.html#primaryimage\"},\"thumbnailUrl\":\"https:\\\/\\\/www.fcbarcelonanoticias.com\\\/en\\\/wp-content\\\/uploads\\\/sites\\\/2\\\/2023\\\/07\\\/ronald-araujo-mikayil-faye-1.jpeg\",\"articleSection\":[\"Preseason\"],\"inLanguage\":\"en-US\"},{\"@type\":\"WebPage\",\"@id\":\"https:\\\/\\\/www.fcbarcelonanoticias.com\\\/en\\\/preseason\\\/xavi-hernandez-dara-shooting-duo-araujo-faye-pre-season_294203_102.html\",\"url\":\"https:\\\/\\\/www.fcbarcelonanoticias.com\\\/en\\\/preseason\\\/xavi-hernandez-dara-shooting-duo-araujo-faye-pre-season_294203_102.html\",\"name\":\"Xavi Hern\u00e1ndez will film the duo Ara\u00fajo-Fay\u00e9 in the preseason\",\"isPartOf\":{\"@id\":\"https:\\\/\\\/www.fcbarcelonanoticias.com\\\/en\\\/#website\"},\"primaryImageOfPage\":{\"@id\":\"https:\\\/\\\/www.fcbarcelonanoticias.com\\\/en\\\/preseason\\\/xavi-hernandez-dara-shooting-duo-araujo-faye-pre-season_294203_102.html#primaryimage\"},\"image\":{\"@id\":\"https:\\\/\\\/www.fcbarcelonanoticias.com\\\/en\\\/preseason\\\/xavi-hernandez-dara-shooting-duo-araujo-faye-pre-season_294203_102.html#primaryimage\"},\"thumbnailUrl\":\"https:\\\/\\\/www.fcbarcelonanoticias.com\\\/en\\\/wp-content\\\/uploads\\\/sites\\\/2\\\/2023\\\/07\\\/ronald-araujo-mikayil-faye-1.jpeg\",\"datePublished\":\"2023-07-17T21:21:00+00:00\",\"author\":{\"@id\":\"https:\\\/\\\/www.fcbarcelonanoticias.com\\\/en\\\/#\\\/schema\\\/person\\\/c2cd9f6fa1af5c0d0eccd0fefa575c88\"},\"description\":\"The loss of I\u00f1igo Mart\u00ednez due to physical problems opens a place for Mikayil Faye on the American tour of FC Barcelona. The Senegalese has convinced Xavi Hern\u00e1ndez in training and everything indicates that he will add minutes in the United States together with Ronald Ara\u00fajo\",\"breadcrumb\":{\"@id\":\"https:\\\/\\\/www.fcbarcelonanoticias.com\\\/en\\\/preseason\\\/xavi-hernandez-dara-shooting-duo-araujo-faye-pre-season_294203_102.html#breadcrumb\"},\"inLanguage\":\"en-US\",\"potentialAction\":[{\"@type\":\"ReadAction\",\"target\":[\"https:\\\/\\\/www.fcbarcelonanoticias.com\\\/en\\\/preseason\\\/xavi-hernandez-dara-shooting-duo-araujo-faye-pre-season_294203_102.html\"]}]},{\"@type\":\"ImageObject\",\"inLanguage\":\"en-US\",\"@id\":\"https:\\\/\\\/www.fcbarcelonanoticias.com\\\/en\\\/preseason\\\/xavi-hernandez-dara-shooting-duo-araujo-faye-pre-season_294203_102.html#primaryimage\",\"url\":\"https:\\\/\\\/www.fcbarcelonanoticias.com\\\/en\\\/wp-content\\\/uploads\\\/sites\\\/2\\\/2023\\\/07\\\/ronald-araujo-mikayil-faye-1.jpeg\",\"contentUrl\":\"https:\\\/\\\/www.fcbarcelonanoticias.com\\\/en\\\/wp-content\\\/uploads\\\/sites\\\/2\\\/2023\\\/07\\\/ronald-araujo-mikayil-faye-1.jpeg\",\"width\":1300,\"height\":732},{\"@type\":\"BreadcrumbList\",\"@id\":\"https:\\\/\\\/www.fcbarcelonanoticias.com\\\/en\\\/preseason\\\/xavi-hernandez-dara-shooting-duo-araujo-faye-pre-season_294203_102.html#breadcrumb\",\"itemListElement\":[{\"@type\":\"ListItem\",\"position\":1,\"name\":\"Portada\",\"item\":\"https:\\\/\\\/www.fcbarcelonanoticias.com\\\/en\\\/\"},{\"@type\":\"ListItem\",\"position\":2,\"name\":\"Xavi Hern\u00e1ndez will film the duo Ara\u00fajo-Fay\u00e9 in the preseason\"}]},{\"@type\":\"WebSite\",\"@id\":\"https:\\\/\\\/www.fcbarcelonanoticias.com\\\/en\\\/#website\",\"url\":\"https:\\\/\\\/www.fcbarcelonanoticias.com\\\/en\\\/\",\"name\":\"EN - FC Barcelona Noticias\",\"description\":\"\",\"potentialAction\":[{\"@type\":\"SearchAction\",\"target\":{\"@type\":\"EntryPoint\",\"urlTemplate\":\"https:\\\/\\\/www.fcbarcelonanoticias.com\\\/en\\\/?s={search_term_string}\"},\"query-input\":{\"@type\":\"PropertyValueSpecification\",\"valueRequired\":true,\"valueName\":\"search_term_string\"}}],\"inLanguage\":\"en-US\"},{\"@type\":\"Person\",\"@id\":\"https:\\\/\\\/www.fcbarcelonanoticias.com\\\/en\\\/#\\\/schema\\\/person\\\/c2cd9f6fa1af5c0d0eccd0fefa575c88\",\"name\":\"Andr\u00e9s Quiroz\",\"image\":{\"@type\":\"ImageObject\",\"inLanguage\":\"en-US\",\"@id\":\"https:\\\/\\\/secure.gravatar.com\\\/avatar\\\/?s=96&d=mm&r=g\",\"url\":\"https:\\\/\\\/secure.gravatar.com\\\/avatar\\\/?s=96&d=mm&r=g\",\"contentUrl\":\"https:\\\/\\\/secure.gravatar.com\\\/avatar\\\/?s=96&d=mm&r=g\",\"caption\":\"Andr\u00e9s Quiroz\"},\"description\":\"Licenciado en Periodismo por la Universidad de los Andes. Me encargo de analizar y compartir los contenidos m\u00e1s destacados de la\u00a0actualidad del F\u00fatbol Club Barcelona, Mercado de Fichajes y F\u00fatbol Internacional en FCBN. La informaci\u00f3n es poder, pero tambi\u00e9n conocimiento.\",\"url\":\"https:\\\/\\\/www.fcbarcelonanoticias.com\\\/en\\\/fc-barcelona\\\/andres-quiroz_17_115.html\"}]}<\/script>\n<!-- \/ Yoast SEO plugin. -->","yoast_head_json":{"title":"Xavi Hern\u00e1ndez will film the duo Ara\u00fajo-Fay\u00e9 in the preseason","description":"The loss of I\u00f1igo Mart\u00ednez due to physical problems opens a place for Mikayil Faye on the American tour of FC Barcelona. The Senegalese has convinced Xavi Hern\u00e1ndez in training and everything indicates that he will add minutes in the United States together with Ronald Ara\u00fajo","robots":{"index":"index","follow":"follow","max-snippet":"max-snippet:-1","max-image-preview":"max-image-preview:large","max-video-preview":"max-video-preview:-1"},"canonical":"https:\/\/www.fcbarcelonanoticias.com\/en\/preseason\/xavi-hernandez-dara-shooting-duo-araujo-faye-pre-season_294203_102.html","og_locale":"en_US","og_type":"article","og_title":"Xavi Hern\u00e1ndez will film the duo Ara\u00fajo-Fay\u00e9 in the preseason","og_description":"The loss of I\u00f1igo Mart\u00ednez due to physical problems opens a place for Mikayil Faye on the American tour of FC Barcelona. The Senegalese has convinced Xavi Hern\u00e1ndez in training and everything indicates that he will add minutes in the United States together with Ronald Ara\u00fajo","og_url":"https:\/\/www.fcbarcelonanoticias.com\/en\/preseason\/xavi-hernandez-dara-shooting-duo-araujo-faye-pre-season_294203_102.html","og_site_name":"EN - FC Barcelona Noticias","article_published_time":"2023-07-17T21:21:00+00:00","og_image":[{"width":1300,"height":732,"url":"https:\/\/www.fcbarcelonanoticias.com\/en\/wp-content\/uploads\/sites\/2\/2023\/07\/ronald-araujo-mikayil-faye-1.jpeg","type":"image\/jpeg"}],"author":"Andr\u00e9s Quiroz","twitter_card":"summary_large_image","twitter_misc":{"Written by":"Andr\u00e9s Quiroz","Est. reading time":"2 minutes"},"schema":{"@context":"https:\/\/schema.org","@graph":[{"@type":"Article","@id":"https:\/\/www.fcbarcelonanoticias.com\/en\/preseason\/xavi-hernandez-dara-shooting-duo-araujo-faye-pre-season_294203_102.html#article","isPartOf":{"@id":"https:\/\/www.fcbarcelonanoticias.com\/en\/preseason\/xavi-hernandez-dara-shooting-duo-araujo-faye-pre-season_294203_102.html"},"author":{"name":"Andr\u00e9s Quiroz","@id":"https:\/\/www.fcbarcelonanoticias.com\/en\/#\/schema\/person\/c2cd9f6fa1af5c0d0eccd0fefa575c88"},"headline":"Xavi Hern\u00e1ndez will film the duo Ara\u00fajo-Fay\u00e9 in the preseason","datePublished":"2023-07-17T21:21:00+00:00","mainEntityOfPage":{"@id":"https:\/\/www.fcbarcelonanoticias.com\/en\/preseason\/xavi-hernandez-dara-shooting-duo-araujo-faye-pre-season_294203_102.html"},"wordCount":468,"image":{"@id":"https:\/\/www.fcbarcelonanoticias.com\/en\/preseason\/xavi-hernandez-dara-shooting-duo-araujo-faye-pre-season_294203_102.html#primaryimage"},"thumbnailUrl":"https:\/\/www.fcbarcelonanoticias.com\/en\/wp-content\/uploads\/sites\/2\/2023\/07\/ronald-araujo-mikayil-faye-1.jpeg","articleSection":["Preseason"],"inLanguage":"en-US"},{"@type":"WebPage","@id":"https:\/\/www.fcbarcelonanoticias.com\/en\/preseason\/xavi-hernandez-dara-shooting-duo-araujo-faye-pre-season_294203_102.html","url":"https:\/\/www.fcbarcelonanoticias.com\/en\/preseason\/xavi-hernandez-dara-shooting-duo-araujo-faye-pre-season_294203_102.html","name":"Xavi Hern\u00e1ndez will film the duo Ara\u00fajo-Fay\u00e9 in the preseason","isPartOf":{"@id":"https:\/\/www.fcbarcelonanoticias.com\/en\/#website"},"primaryImageOfPage":{"@id":"https:\/\/www.fcbarcelonanoticias.com\/en\/preseason\/xavi-hernandez-dara-shooting-duo-araujo-faye-pre-season_294203_102.html#primaryimage"},"image":{"@id":"https:\/\/www.fcbarcelonanoticias.com\/en\/preseason\/xavi-hernandez-dara-shooting-duo-araujo-faye-pre-season_294203_102.html#primaryimage"},"thumbnailUrl":"https:\/\/www.fcbarcelonanoticias.com\/en\/wp-content\/uploads\/sites\/2\/2023\/07\/ronald-araujo-mikayil-faye-1.jpeg","datePublished":"2023-07-17T21:21:00+00:00","author":{"@id":"https:\/\/www.fcbarcelonanoticias.com\/en\/#\/schema\/person\/c2cd9f6fa1af5c0d0eccd0fefa575c88"},"description":"The loss of I\u00f1igo Mart\u00ednez due to physical problems opens a place for Mikayil Faye on the American tour of FC Barcelona. The Senegalese has convinced Xavi Hern\u00e1ndez in training and everything indicates that he will add minutes in the United States together with Ronald Ara\u00fajo","breadcrumb":{"@id":"https:\/\/www.fcbarcelonanoticias.com\/en\/preseason\/xavi-hernandez-dara-shooting-duo-araujo-faye-pre-season_294203_102.html#breadcrumb"},"inLanguage":"en-US","potentialAction":[{"@type":"ReadAction","target":["https:\/\/www.fcbarcelonanoticias.com\/en\/preseason\/xavi-hernandez-dara-shooting-duo-araujo-faye-pre-season_294203_102.html"]}]},{"@type":"ImageObject","inLanguage":"en-US","@id":"https:\/\/www.fcbarcelonanoticias.com\/en\/preseason\/xavi-hernandez-dara-shooting-duo-araujo-faye-pre-season_294203_102.html#primaryimage","url":"https:\/\/www.fcbarcelonanoticias.com\/en\/wp-content\/uploads\/sites\/2\/2023\/07\/ronald-araujo-mikayil-faye-1.jpeg","contentUrl":"https:\/\/www.fcbarcelonanoticias.com\/en\/wp-content\/uploads\/sites\/2\/2023\/07\/ronald-araujo-mikayil-faye-1.jpeg","width":1300,"height":732},{"@type":"BreadcrumbList","@id":"https:\/\/www.fcbarcelonanoticias.com\/en\/preseason\/xavi-hernandez-dara-shooting-duo-araujo-faye-pre-season_294203_102.html#breadcrumb","itemListElement":[{"@type":"ListItem","position":1,"name":"Portada","item":"https:\/\/www.fcbarcelonanoticias.com\/en\/"},{"@type":"ListItem","position":2,"name":"Xavi Hern\u00e1ndez will film the duo Ara\u00fajo-Fay\u00e9 in the preseason"}]},{"@type":"WebSite","@id":"https:\/\/www.fcbarcelonanoticias.com\/en\/#website","url":"https:\/\/www.fcbarcelonanoticias.com\/en\/","name":"EN - FC Barcelona Noticias","description":"","potentialAction":[{"@type":"SearchAction","target":{"@type":"EntryPoint","urlTemplate":"https:\/\/www.fcbarcelonanoticias.com\/en\/?s={search_term_string}"},"query-input":{"@type":"PropertyValueSpecification","valueRequired":true,"valueName":"search_term_string"}}],"inLanguage":"en-US"},{"@type":"Person","@id":"https:\/\/www.fcbarcelonanoticias.com\/en\/#\/schema\/person\/c2cd9f6fa1af5c0d0eccd0fefa575c88","name":"Andr\u00e9s Quiroz","image":{"@type":"ImageObject","inLanguage":"en-US","@id":"https:\/\/secure.gravatar.com\/avatar\/?s=96&d=mm&r=g","url":"https:\/\/secure.gravatar.com\/avatar\/?s=96&d=mm&r=g","contentUrl":"https:\/\/secure.gravatar.com\/avatar\/?s=96&d=mm&r=g","caption":"Andr\u00e9s Quiroz"},"description":"Licenciado en Periodismo por la Universidad de los Andes. Me encargo de analizar y compartir los contenidos m\u00e1s destacados de la\u00a0actualidad del F\u00fatbol Club Barcelona, Mercado de Fichajes y F\u00fatbol Internacional en FCBN. La informaci\u00f3n es poder, pero tambi\u00e9n conocimiento.","url":"https:\/\/www.fcbarcelonanoticias.com\/en\/fc-barcelona\/andres-quiroz_17_115.html"}]}},"_links":{"self":[{"href":"https:\/\/www.fcbarcelonanoticias.com\/en\/wp-json\/wp\/v2\/posts\/82574","targetHints":{"allow":["GET"]}}],"collection":[{"href":"https:\/\/www.fcbarcelonanoticias.com\/en\/wp-json\/wp\/v2\/posts"}],"about":[{"href":"https:\/\/www.fcbarcelonanoticias.com\/en\/wp-json\/wp\/v2\/types\/post"}],"author":[{"embeddable":true,"href":"https:\/\/www.fcbarcelonanoticias.com\/en\/wp-json\/wp\/v2\/users\/347"}],"replies":[{"embeddable":true,"href":"https:\/\/www.fcbarcelonanoticias.com\/en\/wp-json\/wp\/v2\/comments?post=82574"}],"version-history":[{"count":1,"href":"https:\/\/www.fcbarcelonanoticias.com\/en\/wp-json\/wp\/v2\/posts\/82574\/revisions"}],"predecessor-version":[{"id":124192,"href":"https:\/\/www.fcbarcelonanoticias.com\/en\/wp-json\/wp\/v2\/posts\/82574\/revisions\/124192"}],"wp:featuredmedia":[{"embeddable":true,"href":"https:\/\/www.fcbarcelonanoticias.com\/en\/wp-json\/wp\/v2\/media\/82579"}],"wp:attachment":[{"href":"https:\/\/www.fcbarcelonanoticias.com\/en\/wp-json\/wp\/v2\/media?parent=82574"}],"wp:term":[{"taxonomy":"category","embeddable":true,"href":"https:\/\/www.fcbarcelonanoticias.com\/en\/wp-json\/wp\/v2\/categories?post=82574"},{"taxonomy":"post_tag","embeddable":true,"href":"https:\/\/www.fcbarcelonanoticias.com\/en\/wp-json\/wp\/v2\/tags?post=82574"}],"curies":[{"name":"wp","href":"https:\/\/api.w.org\/{rel}","templated":true}]}}