{"id":8277,"date":"2026-01-15T19:50:00","date_gmt":"2026-01-15T18:50:00","guid":{"rendered":"https:\/\/weisetech.dev\/fc-barcelona-noticias\/en\/racing-vs-barcelona-confirmed-lineups-copa-del-rey_315759_102\/"},"modified":"2026-04-16T09:04:20","modified_gmt":"2026-04-16T07:04:20","slug":"racing-vs-barcelona-confirmed-lineups-copa-del-rey_315759_102","status":"publish","type":"post","link":"https:\/\/www.fcbarcelonanoticias.com\/en\/copa-del-rey\/racing-vs-barcelona-confirmed-lineups-copa-del-rey_315759_102.html","title":{"rendered":"Racing vs Barcelona: confirmed lineups &#8211; Copa del Rey 25\/26"},"content":{"rendered":"<h2 class=\"wp-block-heading\">CONFIRMED LINEUPS! These are the starting elevens for Racing de Santander and FC Barcelona for the Round of 16 of the 2025-26 Copa del Rey<\/h2>  \r\n<div class=\"article-addons\">\r\n    <a href=\"https:\/\/www.fcbarcelonanoticias.com\/en\/calendar-fc-barcelona.html\"\r\n       target=\"_self\"\r\n       title=\"Calendar of FC Barcelona\"\r\n       class=\"blue-gredient-btn\">\r\n       \r\n        Calendar of FC Barcelona    <\/a>\r\n<\/div>   <p>The <strong>starting lineups for Hansi Flick&#8217;s Bar\u00e7a and Jos\u00e9 Alberto L\u00f3pez&#8217;s Racing de Santander<\/strong> are now confirmed for today&#8217;s match, <strong>Thursday, January 15, 2026, at 9:00 PM<\/strong>.<\/p>  <p>Below, we review the starting elevens, the benches with the substitutes, and the injured and suspended players for Racing de Santander and FC Barcelona for the match corresponding to the round of 16 of the 2025-26 Copa del Rey.<\/p>  <h2>FC Barcelona Starting Lineup<\/h2>  <p>Hansi Flick makes several tweaks to his XI for the Spanish Super Cup final against Real Madrid, with a total of five changes. **Gerard Mart\u00edn** replaces Eric Garc\u00eda in the center of defense, while **Marc Bernal** and **Marc Casad\u00f3** will accompany Dani Olmo in midfield. **Marcus Rashford** also returns as the left winger, while **Ferran Torres** will be the &#8216;9&#8217;.<\/p>  <p><strong><u>Bar\u00e7a XI (OFFICIAL):<\/u><\/strong><\/p>  <ol> <li><span condensed=\"\" roboto=\"\" style=\"background-color: rgb(242, 242, 242); font-family: \">(#13, P) Joan Garc\u00eda<\/span><\/li> \t<li>(#23) Jules Kound\u00e9<\/li> \t<li>(#05) Pau Cubars\u00ed<\/li> \t<li>(#18) Gerard Mart\u00edn<\/li> \t<li>(#03) Alejandro Balde<\/li> \t<li>(#17) Marc Casad\u00f3<\/li> \t<li>(#22) Marc Bernal<\/li> \t<li>(#20) Dani Olmo<\/li> \t<li>(#10) Lamine Yamal<\/li> \t<li>(#14) Marcus Rashford<\/li> \t<li>(#07) Ferran Torres<\/li> <\/ol> <p><strong>Bar\u00e7a Bench (substitute players)<\/strong><\/p>  <ol> <li>(#01, P) Marc-Andr\u00e9 ter Stegen<\/li> \t<li>(#25, P) Szczesny<\/li> \t<li>(#02) Joao Cancelo<\/li> \t<li>(#04) Ronald Araujo<\/li> \t<li>(#08) Pedri<\/li> \t<li>(#09) Robert Lewandowski<\/li> \t<li>(#11) Raphinha<\/li> \t<li>(#16) Ferm\u00edn L\u00f3pez<\/li> \t<li>(#19) Roony Bardghji<\/li> \t<li>(#24) Eric Garc\u00eda<\/li> \t<li>(#43)&nbsp;Tommy Marqu\u00e9s<\/li> <\/ol> <p><strong>Injured Bar\u00e7a Players<\/strong><\/p>  <ol> <li>(#06) Gavi<\/li> \t<li>(#15) Andreas Christensen<\/li> \t<li>(#27) Dro Fern\u00e1ndez<\/li> <\/ol> <p><strong>Sanctioned Bar\u00e7a players:<\/strong><\/p>  <ol> <li>(#21) Frenkie de Jong.<\/li> <\/ol> <h2>Racing de Santander Starting Lineup Against FC Barcelona<\/h2>  <ul> <li> <strong>Racing XI<\/strong>: Ezkieta; Mantilla, Manu Hernando, Castro, Mario Garc\u00eda;&nbsp;I\u00f1igo Sainz-Maza, Aldasoro;&nbsp;Suleiman, Guliashvili, Maguete;&nbsp;Arana.<\/li> \t<li> <strong>Racing Bench<\/strong>: Andreev (P); I\u00f1igo Vicente, Andr\u00e9s,&nbsp;Sangalli, Canales, Puerta, Pablo Ram\u00f3n, Dami\u00e1n,&nbsp;Manex Lozano, Salinas y Sergio.<\/li> <\/ul> <p>Racing, meanwhile, takes to the field at El Sardinero with Andreev in goal and a 4-2-3-1 formation similar to that of the Blaugrana, although with the defensive line much deeper near their own goal. Jokin Ezkieta will start in goal, replacing Andreev.<\/p>  <p>At the back, Mantilla (captain) and Mario Garc\u00eda will play as full-backs, while the central midfield pairing will be Manu Hernando and Javier Castro. I\u00f1igo Sainz-Masa and Aldasoro will form the double pivot, with Guliashvili playing in the attacking midfield role. Suleiman and Maguete Gueye will partner Juan Carlos Arana, who has scored three goals in the tournament, on the wings.<\/p>  <ul> <li> <strong>\ud83d\udc49<\/strong>&nbsp;Follow all Bar\u00e7a news on FCBN and check the&nbsp;<a href=\"https:\/\/www.fcbarcelonanoticias.com\/calendario-fcbarcelona.html\">updated calendar<\/a>&nbsp;for upcoming commitments.<\/li> <\/ul> ","protected":false},"excerpt":{"rendered":"<p>CONFIRMED LINEUPS! These are the starting elevens for Racing de Santander and FC Barcelona for the Round of 16 of the 2025-26 Copa del Rey The starting lineups for Hansi Flick&#8217;s Bar\u00e7a and Jos\u00e9 Alberto L\u00f3pez&#8217;s Racing de Santander are now confirmed for today&#8217;s match, Thursday, January 15, 2026, at 9:00 PM. Below, we review [&hellip;]<\/p>\n","protected":false},"author":353,"featured_media":8278,"comment_status":"closed","ping_status":"open","sticky":false,"template":"","format":"standard","meta":{"_acf_changed":false,"inline_featured_image":false,"_nextfly_llmd_date_locked":false,"footnotes":""},"categories":[446,118],"tags":[201,87],"class_list":["post-8277","post","type-post","status-publish","format-standard","has-post-thumbnail","hentry","category-copa-del-rey-2","category-copa-del-rey","tag-lineups","tag-hansi-flick"],"acf":[],"yoast_head":"<!-- This site is optimized with the Yoast SEO plugin v27.3 - https:\/\/yoast.com\/product\/yoast-seo-wordpress\/ -->\n<title>Racing vs Barcelona: confirmed lineups - Copa del Rey 25\/26<\/title>\n<meta name=\"description\" content=\"CONFIRMED LINEUPS! These are the starting elevens for Racing de Santander and FC Barcelona for the Copa del Rey Round of 16 25-26\" \/>\n<meta name=\"robots\" content=\"index, follow, max-snippet:-1, max-image-preview:large, max-video-preview:-1\" \/>\n<link rel=\"canonical\" href=\"https:\/\/www.fcbarcelonanoticias.com\/en\/copa-del-rey\/racing-vs-barcelona-confirmed-lineups-copa-del-rey_315759_102.html\" \/>\n<meta property=\"og:locale\" content=\"en_US\" \/>\n<meta property=\"og:type\" content=\"article\" \/>\n<meta property=\"og:title\" content=\"Racing vs Barcelona: confirmed lineups - Copa del Rey 25\/26\" \/>\n<meta property=\"og:description\" content=\"CONFIRMED LINEUPS! These are the starting elevens for Racing de Santander and FC Barcelona for the Copa del Rey Round of 16 25-26\" \/>\n<meta property=\"og:url\" content=\"https:\/\/www.fcbarcelonanoticias.com\/en\/copa-del-rey\/racing-vs-barcelona-confirmed-lineups-copa-del-rey_315759_102.html\" \/>\n<meta property=\"og:site_name\" content=\"EN - FC Barcelona Noticias\" \/>\n<meta property=\"article:published_time\" content=\"2026-01-15T18:50:00+00:00\" \/>\n<meta property=\"article:modified_time\" content=\"2026-04-16T07:04:20+00:00\" \/>\n<meta property=\"og:image\" content=\"https:\/\/www.fcbarcelonanoticias.com\/en\/wp-content\/uploads\/sites\/2\/2026\/01\/alineaciones-confirmadas-racing-v-barcelona-copa-del-rey.jpeg\" \/>\n\t<meta property=\"og:image:width\" content=\"1300\" \/>\n\t<meta property=\"og:image:height\" content=\"732\" \/>\n\t<meta property=\"og:image:type\" content=\"image\/jpeg\" \/>\n<meta name=\"author\" content=\"FC Barcelona Noticias\" \/>\n<meta name=\"twitter:card\" content=\"summary_large_image\" \/>\n<meta name=\"twitter:label1\" content=\"Written by\" \/>\n\t<meta name=\"twitter:data1\" content=\"FC Barcelona Noticias\" \/>\n\t<meta name=\"twitter:label2\" content=\"Est. reading time\" \/>\n\t<meta name=\"twitter:data2\" content=\"2 minutes\" \/>\n<script type=\"application\/ld+json\" class=\"yoast-schema-graph\">{\"@context\":\"https:\\\/\\\/schema.org\",\"@graph\":[{\"@type\":\"Article\",\"@id\":\"https:\\\/\\\/www.fcbarcelonanoticias.com\\\/en\\\/copa-del-rey\\\/racing-vs-barcelona-confirmed-lineups-copa-del-rey_315759_102.html#article\",\"isPartOf\":{\"@id\":\"https:\\\/\\\/www.fcbarcelonanoticias.com\\\/en\\\/copa-del-rey\\\/racing-vs-barcelona-confirmed-lineups-copa-del-rey_315759_102.html\"},\"author\":{\"name\":\"FC Barcelona Noticias\",\"@id\":\"https:\\\/\\\/www.fcbarcelonanoticias.com\\\/en\\\/#\\\/schema\\\/person\\\/0f2810101d27606974cdb8edb54fa54b\"},\"headline\":\"Racing vs Barcelona: confirmed lineups &#8211; Copa del Rey 25\\\/26\",\"datePublished\":\"2026-01-15T18:50:00+00:00\",\"dateModified\":\"2026-04-16T07:04:20+00:00\",\"mainEntityOfPage\":{\"@id\":\"https:\\\/\\\/www.fcbarcelonanoticias.com\\\/en\\\/copa-del-rey\\\/racing-vs-barcelona-confirmed-lineups-copa-del-rey_315759_102.html\"},\"wordCount\":421,\"image\":{\"@id\":\"https:\\\/\\\/www.fcbarcelonanoticias.com\\\/en\\\/copa-del-rey\\\/racing-vs-barcelona-confirmed-lineups-copa-del-rey_315759_102.html#primaryimage\"},\"thumbnailUrl\":\"https:\\\/\\\/www.fcbarcelonanoticias.com\\\/en\\\/wp-content\\\/uploads\\\/sites\\\/2\\\/2026\\\/01\\\/alineaciones-confirmadas-racing-v-barcelona-copa-del-rey.jpeg\",\"keywords\":[\"FC Barcelona Lineups\",\"Hansi Flick\"],\"articleSection\":[\"Copa del Rey\",\"Copa del Rey\"],\"inLanguage\":\"en-US\"},{\"@type\":\"WebPage\",\"@id\":\"https:\\\/\\\/www.fcbarcelonanoticias.com\\\/en\\\/copa-del-rey\\\/racing-vs-barcelona-confirmed-lineups-copa-del-rey_315759_102.html\",\"url\":\"https:\\\/\\\/www.fcbarcelonanoticias.com\\\/en\\\/copa-del-rey\\\/racing-vs-barcelona-confirmed-lineups-copa-del-rey_315759_102.html\",\"name\":\"Racing vs Barcelona: confirmed lineups - Copa del Rey 25\\\/26\",\"isPartOf\":{\"@id\":\"https:\\\/\\\/www.fcbarcelonanoticias.com\\\/en\\\/#website\"},\"primaryImageOfPage\":{\"@id\":\"https:\\\/\\\/www.fcbarcelonanoticias.com\\\/en\\\/copa-del-rey\\\/racing-vs-barcelona-confirmed-lineups-copa-del-rey_315759_102.html#primaryimage\"},\"image\":{\"@id\":\"https:\\\/\\\/www.fcbarcelonanoticias.com\\\/en\\\/copa-del-rey\\\/racing-vs-barcelona-confirmed-lineups-copa-del-rey_315759_102.html#primaryimage\"},\"thumbnailUrl\":\"https:\\\/\\\/www.fcbarcelonanoticias.com\\\/en\\\/wp-content\\\/uploads\\\/sites\\\/2\\\/2026\\\/01\\\/alineaciones-confirmadas-racing-v-barcelona-copa-del-rey.jpeg\",\"datePublished\":\"2026-01-15T18:50:00+00:00\",\"dateModified\":\"2026-04-16T07:04:20+00:00\",\"author\":{\"@id\":\"https:\\\/\\\/www.fcbarcelonanoticias.com\\\/en\\\/#\\\/schema\\\/person\\\/0f2810101d27606974cdb8edb54fa54b\"},\"description\":\"CONFIRMED LINEUPS! These are the starting elevens for Racing de Santander and FC Barcelona for the Copa del Rey Round of 16 25-26\",\"breadcrumb\":{\"@id\":\"https:\\\/\\\/www.fcbarcelonanoticias.com\\\/en\\\/copa-del-rey\\\/racing-vs-barcelona-confirmed-lineups-copa-del-rey_315759_102.html#breadcrumb\"},\"inLanguage\":\"en-US\",\"potentialAction\":[{\"@type\":\"ReadAction\",\"target\":[\"https:\\\/\\\/www.fcbarcelonanoticias.com\\\/en\\\/copa-del-rey\\\/racing-vs-barcelona-confirmed-lineups-copa-del-rey_315759_102.html\"]}]},{\"@type\":\"ImageObject\",\"inLanguage\":\"en-US\",\"@id\":\"https:\\\/\\\/www.fcbarcelonanoticias.com\\\/en\\\/copa-del-rey\\\/racing-vs-barcelona-confirmed-lineups-copa-del-rey_315759_102.html#primaryimage\",\"url\":\"https:\\\/\\\/www.fcbarcelonanoticias.com\\\/en\\\/wp-content\\\/uploads\\\/sites\\\/2\\\/2026\\\/01\\\/alineaciones-confirmadas-racing-v-barcelona-copa-del-rey.jpeg\",\"contentUrl\":\"https:\\\/\\\/www.fcbarcelonanoticias.com\\\/en\\\/wp-content\\\/uploads\\\/sites\\\/2\\\/2026\\\/01\\\/alineaciones-confirmadas-racing-v-barcelona-copa-del-rey.jpeg\",\"width\":1300,\"height\":732},{\"@type\":\"BreadcrumbList\",\"@id\":\"https:\\\/\\\/www.fcbarcelonanoticias.com\\\/en\\\/copa-del-rey\\\/racing-vs-barcelona-confirmed-lineups-copa-del-rey_315759_102.html#breadcrumb\",\"itemListElement\":[{\"@type\":\"ListItem\",\"position\":1,\"name\":\"Portada\",\"item\":\"https:\\\/\\\/www.fcbarcelonanoticias.com\\\/en\\\/\"},{\"@type\":\"ListItem\",\"position\":2,\"name\":\"Racing vs Barcelona: confirmed lineups &#8211; Copa del Rey 25\\\/26\"}]},{\"@type\":\"WebSite\",\"@id\":\"https:\\\/\\\/www.fcbarcelonanoticias.com\\\/en\\\/#website\",\"url\":\"https:\\\/\\\/www.fcbarcelonanoticias.com\\\/en\\\/\",\"name\":\"EN - FC Barcelona Noticias\",\"description\":\"\",\"potentialAction\":[{\"@type\":\"SearchAction\",\"target\":{\"@type\":\"EntryPoint\",\"urlTemplate\":\"https:\\\/\\\/www.fcbarcelonanoticias.com\\\/en\\\/?s={search_term_string}\"},\"query-input\":{\"@type\":\"PropertyValueSpecification\",\"valueRequired\":true,\"valueName\":\"search_term_string\"}}],\"inLanguage\":\"en-US\"},{\"@type\":\"Person\",\"@id\":\"https:\\\/\\\/www.fcbarcelonanoticias.com\\\/en\\\/#\\\/schema\\\/person\\\/0f2810101d27606974cdb8edb54fa54b\",\"name\":\"FC Barcelona Noticias\",\"image\":{\"@type\":\"ImageObject\",\"inLanguage\":\"en-US\",\"@id\":\"https:\\\/\\\/secure.gravatar.com\\\/avatar\\\/?s=96&d=mm&r=g\",\"url\":\"https:\\\/\\\/secure.gravatar.com\\\/avatar\\\/?s=96&d=mm&r=g\",\"contentUrl\":\"https:\\\/\\\/secure.gravatar.com\\\/avatar\\\/?s=96&d=mm&r=g\",\"caption\":\"FC Barcelona Noticias\"},\"url\":\"https:\\\/\\\/www.fcbarcelonanoticias.com\\\/en\\\/fc-barcelona\\\/fcbn-writing-fc-barcelona-news_6_115.html\"}]}<\/script>\n<!-- \/ Yoast SEO plugin. -->","yoast_head_json":{"title":"Racing vs Barcelona: confirmed lineups - Copa del Rey 25\/26","description":"CONFIRMED LINEUPS! These are the starting elevens for Racing de Santander and FC Barcelona for the Copa del Rey Round of 16 25-26","robots":{"index":"index","follow":"follow","max-snippet":"max-snippet:-1","max-image-preview":"max-image-preview:large","max-video-preview":"max-video-preview:-1"},"canonical":"https:\/\/www.fcbarcelonanoticias.com\/en\/copa-del-rey\/racing-vs-barcelona-confirmed-lineups-copa-del-rey_315759_102.html","og_locale":"en_US","og_type":"article","og_title":"Racing vs Barcelona: confirmed lineups - Copa del Rey 25\/26","og_description":"CONFIRMED LINEUPS! These are the starting elevens for Racing de Santander and FC Barcelona for the Copa del Rey Round of 16 25-26","og_url":"https:\/\/www.fcbarcelonanoticias.com\/en\/copa-del-rey\/racing-vs-barcelona-confirmed-lineups-copa-del-rey_315759_102.html","og_site_name":"EN - FC Barcelona Noticias","article_published_time":"2026-01-15T18:50:00+00:00","article_modified_time":"2026-04-16T07:04:20+00:00","og_image":[{"width":1300,"height":732,"url":"https:\/\/www.fcbarcelonanoticias.com\/en\/wp-content\/uploads\/sites\/2\/2026\/01\/alineaciones-confirmadas-racing-v-barcelona-copa-del-rey.jpeg","type":"image\/jpeg"}],"author":"FC Barcelona Noticias","twitter_card":"summary_large_image","twitter_misc":{"Written by":"FC Barcelona Noticias","Est. reading time":"2 minutes"},"schema":{"@context":"https:\/\/schema.org","@graph":[{"@type":"Article","@id":"https:\/\/www.fcbarcelonanoticias.com\/en\/copa-del-rey\/racing-vs-barcelona-confirmed-lineups-copa-del-rey_315759_102.html#article","isPartOf":{"@id":"https:\/\/www.fcbarcelonanoticias.com\/en\/copa-del-rey\/racing-vs-barcelona-confirmed-lineups-copa-del-rey_315759_102.html"},"author":{"name":"FC Barcelona Noticias","@id":"https:\/\/www.fcbarcelonanoticias.com\/en\/#\/schema\/person\/0f2810101d27606974cdb8edb54fa54b"},"headline":"Racing vs Barcelona: confirmed lineups &#8211; Copa del Rey 25\/26","datePublished":"2026-01-15T18:50:00+00:00","dateModified":"2026-04-16T07:04:20+00:00","mainEntityOfPage":{"@id":"https:\/\/www.fcbarcelonanoticias.com\/en\/copa-del-rey\/racing-vs-barcelona-confirmed-lineups-copa-del-rey_315759_102.html"},"wordCount":421,"image":{"@id":"https:\/\/www.fcbarcelonanoticias.com\/en\/copa-del-rey\/racing-vs-barcelona-confirmed-lineups-copa-del-rey_315759_102.html#primaryimage"},"thumbnailUrl":"https:\/\/www.fcbarcelonanoticias.com\/en\/wp-content\/uploads\/sites\/2\/2026\/01\/alineaciones-confirmadas-racing-v-barcelona-copa-del-rey.jpeg","keywords":["FC Barcelona Lineups","Hansi Flick"],"articleSection":["Copa del Rey","Copa del Rey"],"inLanguage":"en-US"},{"@type":"WebPage","@id":"https:\/\/www.fcbarcelonanoticias.com\/en\/copa-del-rey\/racing-vs-barcelona-confirmed-lineups-copa-del-rey_315759_102.html","url":"https:\/\/www.fcbarcelonanoticias.com\/en\/copa-del-rey\/racing-vs-barcelona-confirmed-lineups-copa-del-rey_315759_102.html","name":"Racing vs Barcelona: confirmed lineups - Copa del Rey 25\/26","isPartOf":{"@id":"https:\/\/www.fcbarcelonanoticias.com\/en\/#website"},"primaryImageOfPage":{"@id":"https:\/\/www.fcbarcelonanoticias.com\/en\/copa-del-rey\/racing-vs-barcelona-confirmed-lineups-copa-del-rey_315759_102.html#primaryimage"},"image":{"@id":"https:\/\/www.fcbarcelonanoticias.com\/en\/copa-del-rey\/racing-vs-barcelona-confirmed-lineups-copa-del-rey_315759_102.html#primaryimage"},"thumbnailUrl":"https:\/\/www.fcbarcelonanoticias.com\/en\/wp-content\/uploads\/sites\/2\/2026\/01\/alineaciones-confirmadas-racing-v-barcelona-copa-del-rey.jpeg","datePublished":"2026-01-15T18:50:00+00:00","dateModified":"2026-04-16T07:04:20+00:00","author":{"@id":"https:\/\/www.fcbarcelonanoticias.com\/en\/#\/schema\/person\/0f2810101d27606974cdb8edb54fa54b"},"description":"CONFIRMED LINEUPS! These are the starting elevens for Racing de Santander and FC Barcelona for the Copa del Rey Round of 16 25-26","breadcrumb":{"@id":"https:\/\/www.fcbarcelonanoticias.com\/en\/copa-del-rey\/racing-vs-barcelona-confirmed-lineups-copa-del-rey_315759_102.html#breadcrumb"},"inLanguage":"en-US","potentialAction":[{"@type":"ReadAction","target":["https:\/\/www.fcbarcelonanoticias.com\/en\/copa-del-rey\/racing-vs-barcelona-confirmed-lineups-copa-del-rey_315759_102.html"]}]},{"@type":"ImageObject","inLanguage":"en-US","@id":"https:\/\/www.fcbarcelonanoticias.com\/en\/copa-del-rey\/racing-vs-barcelona-confirmed-lineups-copa-del-rey_315759_102.html#primaryimage","url":"https:\/\/www.fcbarcelonanoticias.com\/en\/wp-content\/uploads\/sites\/2\/2026\/01\/alineaciones-confirmadas-racing-v-barcelona-copa-del-rey.jpeg","contentUrl":"https:\/\/www.fcbarcelonanoticias.com\/en\/wp-content\/uploads\/sites\/2\/2026\/01\/alineaciones-confirmadas-racing-v-barcelona-copa-del-rey.jpeg","width":1300,"height":732},{"@type":"BreadcrumbList","@id":"https:\/\/www.fcbarcelonanoticias.com\/en\/copa-del-rey\/racing-vs-barcelona-confirmed-lineups-copa-del-rey_315759_102.html#breadcrumb","itemListElement":[{"@type":"ListItem","position":1,"name":"Portada","item":"https:\/\/www.fcbarcelonanoticias.com\/en\/"},{"@type":"ListItem","position":2,"name":"Racing vs Barcelona: confirmed lineups &#8211; Copa del Rey 25\/26"}]},{"@type":"WebSite","@id":"https:\/\/www.fcbarcelonanoticias.com\/en\/#website","url":"https:\/\/www.fcbarcelonanoticias.com\/en\/","name":"EN - FC Barcelona Noticias","description":"","potentialAction":[{"@type":"SearchAction","target":{"@type":"EntryPoint","urlTemplate":"https:\/\/www.fcbarcelonanoticias.com\/en\/?s={search_term_string}"},"query-input":{"@type":"PropertyValueSpecification","valueRequired":true,"valueName":"search_term_string"}}],"inLanguage":"en-US"},{"@type":"Person","@id":"https:\/\/www.fcbarcelonanoticias.com\/en\/#\/schema\/person\/0f2810101d27606974cdb8edb54fa54b","name":"FC Barcelona Noticias","image":{"@type":"ImageObject","inLanguage":"en-US","@id":"https:\/\/secure.gravatar.com\/avatar\/?s=96&d=mm&r=g","url":"https:\/\/secure.gravatar.com\/avatar\/?s=96&d=mm&r=g","contentUrl":"https:\/\/secure.gravatar.com\/avatar\/?s=96&d=mm&r=g","caption":"FC Barcelona Noticias"},"url":"https:\/\/www.fcbarcelonanoticias.com\/en\/fc-barcelona\/fcbn-writing-fc-barcelona-news_6_115.html"}]}},"_links":{"self":[{"href":"https:\/\/www.fcbarcelonanoticias.com\/en\/wp-json\/wp\/v2\/posts\/8277","targetHints":{"allow":["GET"]}}],"collection":[{"href":"https:\/\/www.fcbarcelonanoticias.com\/en\/wp-json\/wp\/v2\/posts"}],"about":[{"href":"https:\/\/www.fcbarcelonanoticias.com\/en\/wp-json\/wp\/v2\/types\/post"}],"author":[{"embeddable":true,"href":"https:\/\/www.fcbarcelonanoticias.com\/en\/wp-json\/wp\/v2\/users\/353"}],"replies":[{"embeddable":true,"href":"https:\/\/www.fcbarcelonanoticias.com\/en\/wp-json\/wp\/v2\/comments?post=8277"}],"version-history":[{"count":2,"href":"https:\/\/www.fcbarcelonanoticias.com\/en\/wp-json\/wp\/v2\/posts\/8277\/revisions"}],"predecessor-version":[{"id":163595,"href":"https:\/\/www.fcbarcelonanoticias.com\/en\/wp-json\/wp\/v2\/posts\/8277\/revisions\/163595"}],"wp:featuredmedia":[{"embeddable":true,"href":"https:\/\/www.fcbarcelonanoticias.com\/en\/wp-json\/wp\/v2\/media\/8278"}],"wp:attachment":[{"href":"https:\/\/www.fcbarcelonanoticias.com\/en\/wp-json\/wp\/v2\/media?parent=8277"}],"wp:term":[{"taxonomy":"category","embeddable":true,"href":"https:\/\/www.fcbarcelonanoticias.com\/en\/wp-json\/wp\/v2\/categories?post=8277"},{"taxonomy":"post_tag","embeddable":true,"href":"https:\/\/www.fcbarcelonanoticias.com\/en\/wp-json\/wp\/v2\/tags?post=8277"}],"curies":[{"name":"wp","href":"https:\/\/api.w.org\/{rel}","templated":true}]}}