{"id":82841,"date":"2023-06-25T20:53:00","date_gmt":"2023-06-25T18:53:00","guid":{"rendered":"https:\/\/weisetech.dev\/fc-barcelona-noticias\/en\/agent-concealed-mbappe-goes-on-holiday-with-player-of-the-real-madrid_293516_102\/"},"modified":"2023-06-25T20:53:00","modified_gmt":"2023-06-25T18:53:00","slug":"agent-concealed-mbappe-goes-on-holiday-with-player-of-the-real-madrid_293516_102","status":"publish","type":"post","link":"https:\/\/www.fcbarcelonanoticias.com\/en\/real-madrid\/agent-concealed-mbappe-goes-on-holiday-with-player-of-the-real-madrid_293516_102.html","title":{"rendered":"Undercover agent? Mbapp\u00e9 goes on vacation with a Real Madrid player"},"content":{"rendered":"<h2 class=\"wp-block-heading\">While his future is being resolved, Kylian Mbapp\u00e9 is enjoying his vacation in Morocco with several players, including Eduardo Camavinga&#8230; Is he an undercover emissary of Real Madrid?<\/h2>  \r\n<div class=\"article-addons\">\r\n    <a href=\"https:\/\/www.fcbarcelonanoticias.com\/en\/calendar-fc-barcelona.html\"\r\n       target=\"_self\"\r\n       title=\"Calendar of FC Barcelona\"\r\n       class=\"blue-gredient-btn\">\r\n       \r\n        Calendar of FC Barcelona    <\/a>\r\n<\/div>   <p><strong>Kylian Mbapp\u00e9 Is one of the names of the moment.<\/strong> After desvelara that it had communicated to the Paris Saint-Germain that it did not go to execute the clause to renew his agreement until 2025, the attacker of Bondy has been in the middle of rumours on his continuity in the Park of the Princes, especially because from the club only see two exits: that it accept to extend his agreement or that do his cases to leave this year in an operation that could surpass the 200 million euros.<\/p>  <p>The Real Madrid is his only possible destination, as it seems. Mbapp\u00e9 Has been the big obsession of Florentino P\u00e9rez to reinforce his attack from 2018 and carries three years followed seeing how frustrates his incorporation. <strong>It does some days, informed that it pretended to pay 250 &#8216;kilos&#8217; between fixed and variables, but up to now have not existed more advances. <\/strong>All keeps the same, while the player enjoys of his holidays after the commitments with France in the Nations League.<\/p>  <h2>Eduardo Camavinga &#8216;takes part&#8217;<\/h2>  <p>After coinciding in the French concentration, Eduardo Camavinga has been one of the companions of Mbapp\u00e9 in his holidays in Morocco, where also have been present <strong>Dayot Upamecano, Ousmane Demb\u00e9l\u00e9, Randal Kolo Muani, Sofyan and Nordine Amrabat. <\/strong>They have jointed several &#8216;cracks&#8217;, but the presence of the player of the Real Madrid has not done more than feeding the rumours on the possible arrival of the of Bondy to Santiago Bernab\u00e9u.<\/p>  <p>Camavinga And Mbapp\u00e9 keep a very near relation by the time in which they shared in Tie it 1, as rival, and the times that have coincided in the absolute selection of France.<strong> The &#8217;12&#8217; madridista, in any case, has asked openly the signing of &#8216;Donatello&#8217;<\/strong>, with the one who would like him coincide in Chamart\u00edn from the next season, in case that it present the opportunity.<\/p>  <h2>The statements of Camavinga on Mbapp\u00e9<\/h2>  <p>In statements in the concentration of France, Camavinga aimed that &#8220;<b>The future of Kylian Mbapp\u00e9? It has spoken as you have ascertained. I do not have at all that say. It would be very happy if it comes to the Real Madrid. It is a big player. All the world would want to Mbapp\u00e9 in his team. It took a decision and it is necessary to respect it&#8221;, <\/b>adding afterwards that <strong>&#8220;if I have tricked me of his future? The conversations with Mbapp\u00e9 remain between us&#8221;. <\/strong><\/p> ","protected":false},"excerpt":{"rendered":"<p>While his future is being resolved, Kylian Mbapp\u00e9 is enjoying his vacation in Morocco with several players, including Eduardo Camavinga&#8230; Is he an undercover emissary of Real Madrid? Kylian Mbapp\u00e9 Is one of the names of the moment. After desvelara that it had communicated to the Paris Saint-Germain that it did not go to execute [&hellip;]<\/p>\n","protected":false},"author":353,"featured_media":45447,"comment_status":"closed","ping_status":"open","sticky":false,"template":"","format":"standard","meta":{"_acf_changed":false,"inline_featured_image":false,"_nextfly_llmd_date_locked":false,"footnotes":""},"categories":[450,119],"tags":[171,88],"class_list":["post-82841","post","type-post","status-publish","format-standard","has-post-thumbnail","hentry","category-real-madrid-2","category-real-madrid","tag-mbappe","tag-paris-saint-germain"],"acf":[],"yoast_head":"<!-- This site is optimized with the Yoast SEO plugin v27.3 - https:\/\/yoast.com\/product\/yoast-seo-wordpress\/ -->\n<title>Undercover agent? Mbapp\u00e9 goes on vacation with a Real Madrid player<\/title>\n<meta name=\"description\" content=\"While it resolves his future, Kylian Mbapp\u00e9 is enjoying of his holidays in Morocco beside several players, between them Eduardo Camavinga.\" \/>\n<meta name=\"robots\" content=\"index, follow, max-snippet:-1, max-image-preview:large, max-video-preview:-1\" \/>\n<link rel=\"canonical\" href=\"https:\/\/www.fcbarcelonanoticias.com\/en\/real-madrid\/agent-concealed-mbappe-goes-on-holiday-with-player-of-the-real-madrid_293516_102.html\" \/>\n<meta property=\"og:locale\" content=\"en_US\" \/>\n<meta property=\"og:type\" content=\"article\" \/>\n<meta property=\"og:title\" content=\"Undercover agent? Mbapp\u00e9 goes on vacation with a Real Madrid player\" \/>\n<meta property=\"og:description\" content=\"While it resolves his future, Kylian Mbapp\u00e9 is enjoying of his holidays in Morocco beside several players, between them Eduardo Camavinga.\" \/>\n<meta property=\"og:url\" content=\"https:\/\/www.fcbarcelonanoticias.com\/en\/real-madrid\/agent-concealed-mbappe-goes-on-holiday-with-player-of-the-real-madrid_293516_102.html\" \/>\n<meta property=\"og:site_name\" content=\"EN - FC Barcelona Noticias\" \/>\n<meta property=\"article:published_time\" content=\"2023-06-25T18:53:00+00:00\" \/>\n<meta property=\"og:image\" content=\"https:\/\/www.fcbarcelonanoticias.com\/en\/wp-content\/uploads\/sites\/2\/2023\/06\/kylian-mbappe-en-rueda-de-prensa-1.jpeg\" \/>\n\t<meta property=\"og:image:width\" content=\"1250\" \/>\n\t<meta property=\"og:image:height\" content=\"750\" \/>\n\t<meta property=\"og:image:type\" content=\"image\/jpeg\" \/>\n<meta name=\"author\" content=\"FC Barcelona Noticias\" \/>\n<meta name=\"twitter:card\" content=\"summary_large_image\" \/>\n<meta name=\"twitter:label1\" content=\"Written by\" \/>\n\t<meta name=\"twitter:data1\" content=\"FC Barcelona Noticias\" \/>\n\t<meta name=\"twitter:label2\" content=\"Est. reading time\" \/>\n\t<meta name=\"twitter:data2\" content=\"2 minutes\" \/>\n<script type=\"application\/ld+json\" class=\"yoast-schema-graph\">{\"@context\":\"https:\\\/\\\/schema.org\",\"@graph\":[{\"@type\":\"Article\",\"@id\":\"https:\\\/\\\/www.fcbarcelonanoticias.com\\\/en\\\/real-madrid\\\/agent-concealed-mbappe-goes-on-holiday-with-player-of-the-real-madrid_293516_102.html#article\",\"isPartOf\":{\"@id\":\"https:\\\/\\\/www.fcbarcelonanoticias.com\\\/en\\\/real-madrid\\\/agent-concealed-mbappe-goes-on-holiday-with-player-of-the-real-madrid_293516_102.html\"},\"author\":{\"name\":\"FC Barcelona Noticias\",\"@id\":\"https:\\\/\\\/www.fcbarcelonanoticias.com\\\/en\\\/#\\\/schema\\\/person\\\/0f2810101d27606974cdb8edb54fa54b\"},\"headline\":\"Undercover agent? Mbapp\u00e9 goes on vacation with a Real Madrid player\",\"datePublished\":\"2023-06-25T18:53:00+00:00\",\"mainEntityOfPage\":{\"@id\":\"https:\\\/\\\/www.fcbarcelonanoticias.com\\\/en\\\/real-madrid\\\/agent-concealed-mbappe-goes-on-holiday-with-player-of-the-real-madrid_293516_102.html\"},\"wordCount\":442,\"image\":{\"@id\":\"https:\\\/\\\/www.fcbarcelonanoticias.com\\\/en\\\/real-madrid\\\/agent-concealed-mbappe-goes-on-holiday-with-player-of-the-real-madrid_293516_102.html#primaryimage\"},\"thumbnailUrl\":\"https:\\\/\\\/www.fcbarcelonanoticias.com\\\/en\\\/wp-content\\\/uploads\\\/sites\\\/2\\\/2023\\\/06\\\/kylian-mbappe-en-rueda-de-prensa-1.jpeg\",\"keywords\":[\"Mbapp\u00e9\",\"Paris Saint-Germain\"],\"articleSection\":[\"Real Madrid\",\"Real Madrid\"],\"inLanguage\":\"en-US\"},{\"@type\":\"WebPage\",\"@id\":\"https:\\\/\\\/www.fcbarcelonanoticias.com\\\/en\\\/real-madrid\\\/agent-concealed-mbappe-goes-on-holiday-with-player-of-the-real-madrid_293516_102.html\",\"url\":\"https:\\\/\\\/www.fcbarcelonanoticias.com\\\/en\\\/real-madrid\\\/agent-concealed-mbappe-goes-on-holiday-with-player-of-the-real-madrid_293516_102.html\",\"name\":\"Undercover agent? Mbapp\u00e9 goes on vacation with a Real Madrid player\",\"isPartOf\":{\"@id\":\"https:\\\/\\\/www.fcbarcelonanoticias.com\\\/en\\\/#website\"},\"primaryImageOfPage\":{\"@id\":\"https:\\\/\\\/www.fcbarcelonanoticias.com\\\/en\\\/real-madrid\\\/agent-concealed-mbappe-goes-on-holiday-with-player-of-the-real-madrid_293516_102.html#primaryimage\"},\"image\":{\"@id\":\"https:\\\/\\\/www.fcbarcelonanoticias.com\\\/en\\\/real-madrid\\\/agent-concealed-mbappe-goes-on-holiday-with-player-of-the-real-madrid_293516_102.html#primaryimage\"},\"thumbnailUrl\":\"https:\\\/\\\/www.fcbarcelonanoticias.com\\\/en\\\/wp-content\\\/uploads\\\/sites\\\/2\\\/2023\\\/06\\\/kylian-mbappe-en-rueda-de-prensa-1.jpeg\",\"datePublished\":\"2023-06-25T18:53:00+00:00\",\"author\":{\"@id\":\"https:\\\/\\\/www.fcbarcelonanoticias.com\\\/en\\\/#\\\/schema\\\/person\\\/0f2810101d27606974cdb8edb54fa54b\"},\"description\":\"While it resolves his future, Kylian Mbapp\u00e9 is enjoying of his holidays in Morocco beside several players, between them Eduardo Camavinga.\",\"breadcrumb\":{\"@id\":\"https:\\\/\\\/www.fcbarcelonanoticias.com\\\/en\\\/real-madrid\\\/agent-concealed-mbappe-goes-on-holiday-with-player-of-the-real-madrid_293516_102.html#breadcrumb\"},\"inLanguage\":\"en-US\",\"potentialAction\":[{\"@type\":\"ReadAction\",\"target\":[\"https:\\\/\\\/www.fcbarcelonanoticias.com\\\/en\\\/real-madrid\\\/agent-concealed-mbappe-goes-on-holiday-with-player-of-the-real-madrid_293516_102.html\"]}]},{\"@type\":\"ImageObject\",\"inLanguage\":\"en-US\",\"@id\":\"https:\\\/\\\/www.fcbarcelonanoticias.com\\\/en\\\/real-madrid\\\/agent-concealed-mbappe-goes-on-holiday-with-player-of-the-real-madrid_293516_102.html#primaryimage\",\"url\":\"https:\\\/\\\/www.fcbarcelonanoticias.com\\\/en\\\/wp-content\\\/uploads\\\/sites\\\/2\\\/2023\\\/06\\\/kylian-mbappe-en-rueda-de-prensa-1.jpeg\",\"contentUrl\":\"https:\\\/\\\/www.fcbarcelonanoticias.com\\\/en\\\/wp-content\\\/uploads\\\/sites\\\/2\\\/2023\\\/06\\\/kylian-mbappe-en-rueda-de-prensa-1.jpeg\",\"width\":1250,\"height\":750},{\"@type\":\"BreadcrumbList\",\"@id\":\"https:\\\/\\\/www.fcbarcelonanoticias.com\\\/en\\\/real-madrid\\\/agent-concealed-mbappe-goes-on-holiday-with-player-of-the-real-madrid_293516_102.html#breadcrumb\",\"itemListElement\":[{\"@type\":\"ListItem\",\"position\":1,\"name\":\"Portada\",\"item\":\"https:\\\/\\\/www.fcbarcelonanoticias.com\\\/en\\\/\"},{\"@type\":\"ListItem\",\"position\":2,\"name\":\"Undercover agent? Mbapp\u00e9 goes on vacation with a Real Madrid player\"}]},{\"@type\":\"WebSite\",\"@id\":\"https:\\\/\\\/www.fcbarcelonanoticias.com\\\/en\\\/#website\",\"url\":\"https:\\\/\\\/www.fcbarcelonanoticias.com\\\/en\\\/\",\"name\":\"EN - FC Barcelona Noticias\",\"description\":\"\",\"potentialAction\":[{\"@type\":\"SearchAction\",\"target\":{\"@type\":\"EntryPoint\",\"urlTemplate\":\"https:\\\/\\\/www.fcbarcelonanoticias.com\\\/en\\\/?s={search_term_string}\"},\"query-input\":{\"@type\":\"PropertyValueSpecification\",\"valueRequired\":true,\"valueName\":\"search_term_string\"}}],\"inLanguage\":\"en-US\"},{\"@type\":\"Person\",\"@id\":\"https:\\\/\\\/www.fcbarcelonanoticias.com\\\/en\\\/#\\\/schema\\\/person\\\/0f2810101d27606974cdb8edb54fa54b\",\"name\":\"FC Barcelona Noticias\",\"image\":{\"@type\":\"ImageObject\",\"inLanguage\":\"en-US\",\"@id\":\"https:\\\/\\\/secure.gravatar.com\\\/avatar\\\/?s=96&d=mm&r=g\",\"url\":\"https:\\\/\\\/secure.gravatar.com\\\/avatar\\\/?s=96&d=mm&r=g\",\"contentUrl\":\"https:\\\/\\\/secure.gravatar.com\\\/avatar\\\/?s=96&d=mm&r=g\",\"caption\":\"FC Barcelona Noticias\"},\"url\":\"https:\\\/\\\/www.fcbarcelonanoticias.com\\\/en\\\/fc-barcelona\\\/fcbn-writing-fc-barcelona-news_6_115.html\"}]}<\/script>\n<!-- \/ Yoast SEO plugin. -->","yoast_head_json":{"title":"Undercover agent? Mbapp\u00e9 goes on vacation with a Real Madrid player","description":"While it resolves his future, Kylian Mbapp\u00e9 is enjoying of his holidays in Morocco beside several players, between them Eduardo Camavinga.","robots":{"index":"index","follow":"follow","max-snippet":"max-snippet:-1","max-image-preview":"max-image-preview:large","max-video-preview":"max-video-preview:-1"},"canonical":"https:\/\/www.fcbarcelonanoticias.com\/en\/real-madrid\/agent-concealed-mbappe-goes-on-holiday-with-player-of-the-real-madrid_293516_102.html","og_locale":"en_US","og_type":"article","og_title":"Undercover agent? Mbapp\u00e9 goes on vacation with a Real Madrid player","og_description":"While it resolves his future, Kylian Mbapp\u00e9 is enjoying of his holidays in Morocco beside several players, between them Eduardo Camavinga.","og_url":"https:\/\/www.fcbarcelonanoticias.com\/en\/real-madrid\/agent-concealed-mbappe-goes-on-holiday-with-player-of-the-real-madrid_293516_102.html","og_site_name":"EN - FC Barcelona Noticias","article_published_time":"2023-06-25T18:53:00+00:00","og_image":[{"width":1250,"height":750,"url":"https:\/\/www.fcbarcelonanoticias.com\/en\/wp-content\/uploads\/sites\/2\/2023\/06\/kylian-mbappe-en-rueda-de-prensa-1.jpeg","type":"image\/jpeg"}],"author":"FC Barcelona Noticias","twitter_card":"summary_large_image","twitter_misc":{"Written by":"FC Barcelona Noticias","Est. reading time":"2 minutes"},"schema":{"@context":"https:\/\/schema.org","@graph":[{"@type":"Article","@id":"https:\/\/www.fcbarcelonanoticias.com\/en\/real-madrid\/agent-concealed-mbappe-goes-on-holiday-with-player-of-the-real-madrid_293516_102.html#article","isPartOf":{"@id":"https:\/\/www.fcbarcelonanoticias.com\/en\/real-madrid\/agent-concealed-mbappe-goes-on-holiday-with-player-of-the-real-madrid_293516_102.html"},"author":{"name":"FC Barcelona Noticias","@id":"https:\/\/www.fcbarcelonanoticias.com\/en\/#\/schema\/person\/0f2810101d27606974cdb8edb54fa54b"},"headline":"Undercover agent? Mbapp\u00e9 goes on vacation with a Real Madrid player","datePublished":"2023-06-25T18:53:00+00:00","mainEntityOfPage":{"@id":"https:\/\/www.fcbarcelonanoticias.com\/en\/real-madrid\/agent-concealed-mbappe-goes-on-holiday-with-player-of-the-real-madrid_293516_102.html"},"wordCount":442,"image":{"@id":"https:\/\/www.fcbarcelonanoticias.com\/en\/real-madrid\/agent-concealed-mbappe-goes-on-holiday-with-player-of-the-real-madrid_293516_102.html#primaryimage"},"thumbnailUrl":"https:\/\/www.fcbarcelonanoticias.com\/en\/wp-content\/uploads\/sites\/2\/2023\/06\/kylian-mbappe-en-rueda-de-prensa-1.jpeg","keywords":["Mbapp\u00e9","Paris Saint-Germain"],"articleSection":["Real Madrid","Real Madrid"],"inLanguage":"en-US"},{"@type":"WebPage","@id":"https:\/\/www.fcbarcelonanoticias.com\/en\/real-madrid\/agent-concealed-mbappe-goes-on-holiday-with-player-of-the-real-madrid_293516_102.html","url":"https:\/\/www.fcbarcelonanoticias.com\/en\/real-madrid\/agent-concealed-mbappe-goes-on-holiday-with-player-of-the-real-madrid_293516_102.html","name":"Undercover agent? Mbapp\u00e9 goes on vacation with a Real Madrid player","isPartOf":{"@id":"https:\/\/www.fcbarcelonanoticias.com\/en\/#website"},"primaryImageOfPage":{"@id":"https:\/\/www.fcbarcelonanoticias.com\/en\/real-madrid\/agent-concealed-mbappe-goes-on-holiday-with-player-of-the-real-madrid_293516_102.html#primaryimage"},"image":{"@id":"https:\/\/www.fcbarcelonanoticias.com\/en\/real-madrid\/agent-concealed-mbappe-goes-on-holiday-with-player-of-the-real-madrid_293516_102.html#primaryimage"},"thumbnailUrl":"https:\/\/www.fcbarcelonanoticias.com\/en\/wp-content\/uploads\/sites\/2\/2023\/06\/kylian-mbappe-en-rueda-de-prensa-1.jpeg","datePublished":"2023-06-25T18:53:00+00:00","author":{"@id":"https:\/\/www.fcbarcelonanoticias.com\/en\/#\/schema\/person\/0f2810101d27606974cdb8edb54fa54b"},"description":"While it resolves his future, Kylian Mbapp\u00e9 is enjoying of his holidays in Morocco beside several players, between them Eduardo Camavinga.","breadcrumb":{"@id":"https:\/\/www.fcbarcelonanoticias.com\/en\/real-madrid\/agent-concealed-mbappe-goes-on-holiday-with-player-of-the-real-madrid_293516_102.html#breadcrumb"},"inLanguage":"en-US","potentialAction":[{"@type":"ReadAction","target":["https:\/\/www.fcbarcelonanoticias.com\/en\/real-madrid\/agent-concealed-mbappe-goes-on-holiday-with-player-of-the-real-madrid_293516_102.html"]}]},{"@type":"ImageObject","inLanguage":"en-US","@id":"https:\/\/www.fcbarcelonanoticias.com\/en\/real-madrid\/agent-concealed-mbappe-goes-on-holiday-with-player-of-the-real-madrid_293516_102.html#primaryimage","url":"https:\/\/www.fcbarcelonanoticias.com\/en\/wp-content\/uploads\/sites\/2\/2023\/06\/kylian-mbappe-en-rueda-de-prensa-1.jpeg","contentUrl":"https:\/\/www.fcbarcelonanoticias.com\/en\/wp-content\/uploads\/sites\/2\/2023\/06\/kylian-mbappe-en-rueda-de-prensa-1.jpeg","width":1250,"height":750},{"@type":"BreadcrumbList","@id":"https:\/\/www.fcbarcelonanoticias.com\/en\/real-madrid\/agent-concealed-mbappe-goes-on-holiday-with-player-of-the-real-madrid_293516_102.html#breadcrumb","itemListElement":[{"@type":"ListItem","position":1,"name":"Portada","item":"https:\/\/www.fcbarcelonanoticias.com\/en\/"},{"@type":"ListItem","position":2,"name":"Undercover agent? Mbapp\u00e9 goes on vacation with a Real Madrid player"}]},{"@type":"WebSite","@id":"https:\/\/www.fcbarcelonanoticias.com\/en\/#website","url":"https:\/\/www.fcbarcelonanoticias.com\/en\/","name":"EN - FC Barcelona Noticias","description":"","potentialAction":[{"@type":"SearchAction","target":{"@type":"EntryPoint","urlTemplate":"https:\/\/www.fcbarcelonanoticias.com\/en\/?s={search_term_string}"},"query-input":{"@type":"PropertyValueSpecification","valueRequired":true,"valueName":"search_term_string"}}],"inLanguage":"en-US"},{"@type":"Person","@id":"https:\/\/www.fcbarcelonanoticias.com\/en\/#\/schema\/person\/0f2810101d27606974cdb8edb54fa54b","name":"FC Barcelona Noticias","image":{"@type":"ImageObject","inLanguage":"en-US","@id":"https:\/\/secure.gravatar.com\/avatar\/?s=96&d=mm&r=g","url":"https:\/\/secure.gravatar.com\/avatar\/?s=96&d=mm&r=g","contentUrl":"https:\/\/secure.gravatar.com\/avatar\/?s=96&d=mm&r=g","caption":"FC Barcelona Noticias"},"url":"https:\/\/www.fcbarcelonanoticias.com\/en\/fc-barcelona\/fcbn-writing-fc-barcelona-news_6_115.html"}]}},"_links":{"self":[{"href":"https:\/\/www.fcbarcelonanoticias.com\/en\/wp-json\/wp\/v2\/posts\/82841","targetHints":{"allow":["GET"]}}],"collection":[{"href":"https:\/\/www.fcbarcelonanoticias.com\/en\/wp-json\/wp\/v2\/posts"}],"about":[{"href":"https:\/\/www.fcbarcelonanoticias.com\/en\/wp-json\/wp\/v2\/types\/post"}],"author":[{"embeddable":true,"href":"https:\/\/www.fcbarcelonanoticias.com\/en\/wp-json\/wp\/v2\/users\/353"}],"replies":[{"embeddable":true,"href":"https:\/\/www.fcbarcelonanoticias.com\/en\/wp-json\/wp\/v2\/comments?post=82841"}],"version-history":[{"count":2,"href":"https:\/\/www.fcbarcelonanoticias.com\/en\/wp-json\/wp\/v2\/posts\/82841\/revisions"}],"predecessor-version":[{"id":82847,"href":"https:\/\/www.fcbarcelonanoticias.com\/en\/wp-json\/wp\/v2\/posts\/82841\/revisions\/82847"}],"wp:featuredmedia":[{"embeddable":true,"href":"https:\/\/www.fcbarcelonanoticias.com\/en\/wp-json\/wp\/v2\/media\/45447"}],"wp:attachment":[{"href":"https:\/\/www.fcbarcelonanoticias.com\/en\/wp-json\/wp\/v2\/media?parent=82841"}],"wp:term":[{"taxonomy":"category","embeddable":true,"href":"https:\/\/www.fcbarcelonanoticias.com\/en\/wp-json\/wp\/v2\/categories?post=82841"},{"taxonomy":"post_tag","embeddable":true,"href":"https:\/\/www.fcbarcelonanoticias.com\/en\/wp-json\/wp\/v2\/tags?post=82841"}],"curies":[{"name":"wp","href":"https:\/\/api.w.org\/{rel}","templated":true}]}}