{"id":82882,"date":"2022-08-09T21:28:00","date_gmt":"2022-08-09T19:28:00","guid":{"rendered":"https:\/\/weisetech.dev\/fc-barcelona-noticias\/en\/ancelotti-cools-controversy-9-madrid_283068_102\/"},"modified":"2022-08-09T21:28:00","modified_gmt":"2022-08-09T19:28:00","slug":"ancelotti-cools-controversy-9-madrid_283068_102","status":"publish","type":"post","link":"https:\/\/www.fcbarcelonanoticias.com\/en\/real-madrid\/ancelotti-cools-controversy-9-madrid_283068_102.html","title":{"rendered":"Ancelotti &#8216;cools&#8217; the controversy of Madrid&#8217;s &#8216;9&#8217;"},"content":{"rendered":"<h2 class=\"wp-block-heading\">Carlo Ancelotti appeared at a press conference in the preview of the European Super Cup. The Madrid coach spoke about various current issues of the club, in addition to taking &#8216;iron&#8217; away from the controversy of Benzema&#8217;s substitute<\/h2>  \r\n<div class=\"article-addons\">\r\n    <a href=\"https:\/\/www.fcbarcelonanoticias.com\/en\/calendar-fc-barcelona.html\"\r\n       target=\"_self\"\r\n       title=\"Calendar of FC Barcelona\"\r\n       class=\"blue-gredient-btn\">\r\n       \r\n        Calendar of FC Barcelona    <\/a>\r\n<\/div>   <p>The <a data-external=\"0\" data-intl-links-en=\"https:\/\/www.fcbarcelonanoticias.com\/en\/real-madrid\" data-intl-links-es=\"https:\/\/www.fcbarcelonanoticias.com\/real-madrid\" href=\"https:\/\/www.fcbarcelonanoticias.com\/en\/football-soccer\/real-madrid.html\" rel=\"follow\" target=\"_self\" title=\"Real Madrid\">Real Madrid<\/a> confronts this Wednesday 10 August to the <a data-external=\"0\" data-intl-links-en=\"https:\/\/www.fcbarcelonanoticias.com\/en\/tags\/eintracht-frankfurt\" data-intl-links-es=\"https:\/\/www.fcbarcelonanoticias.com\/tags\/eintracht-frankfurt\" href=\"https:\/\/www.fcbarcelonanoticias.com\/en\/tags\/eintracht-frankfurt.html\" rel=\"follow\" target=\"_self\" title=\"Eintracht Frankfurt\">Eintracht Frankfurt<\/a> in the dispute of the Supercopa of Europe. In the previous of the meeting in front of the &#8216;hangman&#8217; of the FC Barcelona in the past Europe League, <strong>the trainer of the merengues Carlo Ancelotti attended to the media in a press conference in which it pronounced on distinct subjects of actuality that surround to the whites<\/strong>.<\/p>  <p>One of the subjects that more controversial has generated in the last times in the White House is the fault of a relief of guarantees for Karim Benzema. However, &#8216;Carletto&#8217; removed him &#8216;iron&#8217; to the controversy and ensured that &#8220;the forward have it. Have many, a list&#8230; Karim, Mariano, Hazard, Asensio, Rodrygo&#8230; It is clear that when it is missing you the best forward of the world, this affects to the team. <strong>But substitute to Karim right now is impossible, there is not it in the world. Alternative solutions have&#8230; If constipa, adapt us!<\/strong>&#8220;.<\/p>  <p>In this same line, the one of Reggiolo affirmed that the staff of this year improves to the one of the past course because of the chemistry that there is in the changing room and the qualities added with the new signings. &#8220;I think that we have fichado two players that have improved the staff to technical level and physicist. Besides, <strong>the chemistry between youngsters and veterans was one of the keys of the past course. And it can improve because we are more accustomed to coexist together<\/strong>. Besides, Rudiger and Tchouameni contribute quality and physical appearance&#8221;, sustained the Italian.<\/p>  <p>Ancelotti asever\u00f3 contundentemente That <strong>the past campaign &#8220;was the best in my career&#8221; since &#8220;it never had achieved to win the League and the Champions&#8221;<\/strong>. Likewise, it did not remain short in praises to the footballers of the Madrid, to those who considers the big culprits of the success of the team. &#8220;My players achieved it with a big combination of spirit, attitude, quality, experience, enthusiasm of the youngsters&#8230; By all these reasons think that achieve something important winning to important teams&#8221;, explained.<\/p>  <h3>Illusion for morning<\/h3>  <p>On the party of morning and the eleven headline that will put in the terrain of game, Carlo confirmed that the footballers that will go out of start will be the same that began in front of the Liverpool. &#8220;If we are here it is clearly for the work that have done those that have won the Champions. <strong>We have not won it only with eleven, that are those that will begin tomorrow, also there are others that deserve to play<\/strong>&#8230; But I go to put the team that has won, yes. With a doubt, two, three&#8230; The two that are here go to play, if they want to&#8221;, manifested.<\/p>  <p>Likewise, the trainer ensure that the Eintracht is just winner of the Europe League and that the whites face the party with a lot of illusion. &#8220;They deserved to win the Europe League that won, did it in front of teams very strong. <strong>It is a dynamic team that know well. To win it is necessary to litigate, play well. Have the conditions to do it<\/strong>. We have prepared it well, have confidence. Win the Champions League has given us illusion , and this follows alive. We want that this moment follow&#8221;, affirmed.<\/p>  <p>Finally, Ancelotti was wary to the hour to speak of the &#8216;sextete&#8217;, aseverando that his square will do all the possible for winning all the titles although they are conscious that it will not be easy task. &#8220;What was possible go it to do. If it is to win all the competitions, will try it. <strong>I do not know if we will win it because it is really very complicated. But the staff is very good and have a lot of confidence<\/strong>. We go to compete and struggle&#8221;, concluded.<\/p> ","protected":false},"excerpt":{"rendered":"<p>Carlo Ancelotti appeared at a press conference in the preview of the European Super Cup. The Madrid coach spoke about various current issues of the club, in addition to taking &#8216;iron&#8217; away from the controversy of Benzema&#8217;s substitute The Real Madrid confronts this Wednesday 10 August to the Eintracht Frankfurt in the dispute of the [&hellip;]<\/p>\n","protected":false},"author":358,"featured_media":82889,"comment_status":"closed","ping_status":"open","sticky":false,"template":"","format":"standard","meta":{"_acf_changed":false,"inline_featured_image":false,"_nextfly_llmd_date_locked":false,"footnotes":""},"categories":[119,450],"tags":[202],"class_list":["post-82882","post","type-post","status-publish","format-standard","has-post-thumbnail","hentry","category-real-madrid","category-real-madrid-2","tag-eintracht-frankfurt"],"acf":[],"yoast_head":"<!-- This site is optimized with the Yoast SEO plugin v27.3 - https:\/\/yoast.com\/product\/yoast-seo-wordpress\/ -->\n<title>Ancelotti &#039;Cool&#039; the controversy of the &#039;9&#039; of the Madrid<\/title>\n<meta name=\"description\" content=\"Carlo Ancelotti appeared in reuda of press in the previous of the Supercopa of Europe. The trainer madridista pronounced on diverse subjects of actuality...\" \/>\n<meta name=\"robots\" content=\"index, follow, max-snippet:-1, max-image-preview:large, max-video-preview:-1\" \/>\n<link rel=\"canonical\" href=\"https:\/\/www.fcbarcelonanoticias.com\/en\/real-madrid\/ancelotti-cools-controversy-9-madrid_283068_102.html\" \/>\n<meta property=\"og:locale\" content=\"en_US\" \/>\n<meta property=\"og:type\" content=\"article\" \/>\n<meta property=\"og:title\" content=\"Ancelotti &#039;Cool&#039; the controversy of the &#039;9&#039; of the Madrid\" \/>\n<meta property=\"og:description\" content=\"Carlo Ancelotti appeared in reuda of press in the previous of the Supercopa of Europe. The trainer madridista pronounced on diverse subjects of actuality...\" \/>\n<meta property=\"og:url\" content=\"https:\/\/www.fcbarcelonanoticias.com\/en\/real-madrid\/ancelotti-cools-controversy-9-madrid_283068_102.html\" \/>\n<meta property=\"og:site_name\" content=\"EN - FC Barcelona Noticias\" \/>\n<meta property=\"article:published_time\" content=\"2022-08-09T19:28:00+00:00\" \/>\n<meta property=\"og:image\" content=\"https:\/\/www.fcbarcelonanoticias.com\/en\/wp-content\/uploads\/sites\/2\/2022\/08\/carlo-ancelotti-y-karim-benzema-en-un-entrenamiento-del-madrid-1.jpeg\" \/>\n\t<meta property=\"og:image:width\" content=\"1300\" \/>\n\t<meta property=\"og:image:height\" content=\"731\" \/>\n\t<meta property=\"og:image:type\" content=\"image\/jpeg\" \/>\n<meta name=\"author\" content=\"Juan Pablo Berdugo\" \/>\n<meta name=\"twitter:card\" content=\"summary_large_image\" \/>\n<meta name=\"twitter:label1\" content=\"Written by\" \/>\n\t<meta name=\"twitter:data1\" content=\"Juan Pablo Berdugo\" \/>\n\t<meta name=\"twitter:label2\" content=\"Est. reading time\" \/>\n\t<meta name=\"twitter:data2\" content=\"3 minutes\" \/>\n<script type=\"application\/ld+json\" class=\"yoast-schema-graph\">{\"@context\":\"https:\\\/\\\/schema.org\",\"@graph\":[{\"@type\":\"Article\",\"@id\":\"https:\\\/\\\/www.fcbarcelonanoticias.com\\\/en\\\/real-madrid\\\/ancelotti-cools-controversy-9-madrid_283068_102.html#article\",\"isPartOf\":{\"@id\":\"https:\\\/\\\/www.fcbarcelonanoticias.com\\\/en\\\/real-madrid\\\/ancelotti-cools-controversy-9-madrid_283068_102.html\"},\"author\":{\"name\":\"Juan Pablo Berdugo\",\"@id\":\"https:\\\/\\\/www.fcbarcelonanoticias.com\\\/en\\\/#\\\/schema\\\/person\\\/88d756918a0a1ae9fa593b5edddd1815\"},\"headline\":\"Ancelotti &#8216;cools&#8217; the controversy of Madrid&#8217;s &#8216;9&#8217;\",\"datePublished\":\"2022-08-09T19:28:00+00:00\",\"mainEntityOfPage\":{\"@id\":\"https:\\\/\\\/www.fcbarcelonanoticias.com\\\/en\\\/real-madrid\\\/ancelotti-cools-controversy-9-madrid_283068_102.html\"},\"wordCount\":685,\"image\":{\"@id\":\"https:\\\/\\\/www.fcbarcelonanoticias.com\\\/en\\\/real-madrid\\\/ancelotti-cools-controversy-9-madrid_283068_102.html#primaryimage\"},\"thumbnailUrl\":\"https:\\\/\\\/www.fcbarcelonanoticias.com\\\/en\\\/wp-content\\\/uploads\\\/sites\\\/2\\\/2022\\\/08\\\/carlo-ancelotti-y-karim-benzema-en-un-entrenamiento-del-madrid-1.jpeg\",\"keywords\":[\"Eintracht Frankfurt\"],\"articleSection\":[\"Real Madrid\",\"Real Madrid\"],\"inLanguage\":\"en-US\"},{\"@type\":\"WebPage\",\"@id\":\"https:\\\/\\\/www.fcbarcelonanoticias.com\\\/en\\\/real-madrid\\\/ancelotti-cools-controversy-9-madrid_283068_102.html\",\"url\":\"https:\\\/\\\/www.fcbarcelonanoticias.com\\\/en\\\/real-madrid\\\/ancelotti-cools-controversy-9-madrid_283068_102.html\",\"name\":\"Ancelotti 'Cool' the controversy of the '9' of the Madrid\",\"isPartOf\":{\"@id\":\"https:\\\/\\\/www.fcbarcelonanoticias.com\\\/en\\\/#website\"},\"primaryImageOfPage\":{\"@id\":\"https:\\\/\\\/www.fcbarcelonanoticias.com\\\/en\\\/real-madrid\\\/ancelotti-cools-controversy-9-madrid_283068_102.html#primaryimage\"},\"image\":{\"@id\":\"https:\\\/\\\/www.fcbarcelonanoticias.com\\\/en\\\/real-madrid\\\/ancelotti-cools-controversy-9-madrid_283068_102.html#primaryimage\"},\"thumbnailUrl\":\"https:\\\/\\\/www.fcbarcelonanoticias.com\\\/en\\\/wp-content\\\/uploads\\\/sites\\\/2\\\/2022\\\/08\\\/carlo-ancelotti-y-karim-benzema-en-un-entrenamiento-del-madrid-1.jpeg\",\"datePublished\":\"2022-08-09T19:28:00+00:00\",\"author\":{\"@id\":\"https:\\\/\\\/www.fcbarcelonanoticias.com\\\/en\\\/#\\\/schema\\\/person\\\/88d756918a0a1ae9fa593b5edddd1815\"},\"description\":\"Carlo Ancelotti appeared in reuda of press in the previous of the Supercopa of Europe. The trainer madridista pronounced on diverse subjects of actuality...\",\"breadcrumb\":{\"@id\":\"https:\\\/\\\/www.fcbarcelonanoticias.com\\\/en\\\/real-madrid\\\/ancelotti-cools-controversy-9-madrid_283068_102.html#breadcrumb\"},\"inLanguage\":\"en-US\",\"potentialAction\":[{\"@type\":\"ReadAction\",\"target\":[\"https:\\\/\\\/www.fcbarcelonanoticias.com\\\/en\\\/real-madrid\\\/ancelotti-cools-controversy-9-madrid_283068_102.html\"]}]},{\"@type\":\"ImageObject\",\"inLanguage\":\"en-US\",\"@id\":\"https:\\\/\\\/www.fcbarcelonanoticias.com\\\/en\\\/real-madrid\\\/ancelotti-cools-controversy-9-madrid_283068_102.html#primaryimage\",\"url\":\"https:\\\/\\\/www.fcbarcelonanoticias.com\\\/en\\\/wp-content\\\/uploads\\\/sites\\\/2\\\/2022\\\/08\\\/carlo-ancelotti-y-karim-benzema-en-un-entrenamiento-del-madrid-1.jpeg\",\"contentUrl\":\"https:\\\/\\\/www.fcbarcelonanoticias.com\\\/en\\\/wp-content\\\/uploads\\\/sites\\\/2\\\/2022\\\/08\\\/carlo-ancelotti-y-karim-benzema-en-un-entrenamiento-del-madrid-1.jpeg\",\"width\":1300,\"height\":731},{\"@type\":\"BreadcrumbList\",\"@id\":\"https:\\\/\\\/www.fcbarcelonanoticias.com\\\/en\\\/real-madrid\\\/ancelotti-cools-controversy-9-madrid_283068_102.html#breadcrumb\",\"itemListElement\":[{\"@type\":\"ListItem\",\"position\":1,\"name\":\"Portada\",\"item\":\"https:\\\/\\\/www.fcbarcelonanoticias.com\\\/en\\\/\"},{\"@type\":\"ListItem\",\"position\":2,\"name\":\"Ancelotti &#8216;cools&#8217; the controversy of Madrid&#8217;s &#8216;9&#8217;\"}]},{\"@type\":\"WebSite\",\"@id\":\"https:\\\/\\\/www.fcbarcelonanoticias.com\\\/en\\\/#website\",\"url\":\"https:\\\/\\\/www.fcbarcelonanoticias.com\\\/en\\\/\",\"name\":\"EN - FC Barcelona Noticias\",\"description\":\"\",\"potentialAction\":[{\"@type\":\"SearchAction\",\"target\":{\"@type\":\"EntryPoint\",\"urlTemplate\":\"https:\\\/\\\/www.fcbarcelonanoticias.com\\\/en\\\/?s={search_term_string}\"},\"query-input\":{\"@type\":\"PropertyValueSpecification\",\"valueRequired\":true,\"valueName\":\"search_term_string\"}}],\"inLanguage\":\"en-US\"},{\"@type\":\"Person\",\"@id\":\"https:\\\/\\\/www.fcbarcelonanoticias.com\\\/en\\\/#\\\/schema\\\/person\\\/88d756918a0a1ae9fa593b5edddd1815\",\"name\":\"Juan Pablo Berdugo\",\"image\":{\"@type\":\"ImageObject\",\"inLanguage\":\"en-US\",\"@id\":\"https:\\\/\\\/secure.gravatar.com\\\/avatar\\\/?s=96&d=mm&r=g\",\"url\":\"https:\\\/\\\/secure.gravatar.com\\\/avatar\\\/?s=96&d=mm&r=g\",\"contentUrl\":\"https:\\\/\\\/secure.gravatar.com\\\/avatar\\\/?s=96&d=mm&r=g\",\"caption\":\"Juan Pablo Berdugo\"},\"description\":\"Juan Pablo Berdugo es graduado en Periodismo. Colabora con FCBN como especialista en informaci\u00f3n del primer equipo del FC Barcelona, f\u00fatbol internacional y mercado de fichajes. Destaca por su enfoque anal\u00edtico, su rigor informativo y su capacidad para detectar tendencias emergentes en el f\u00fatbol global.\",\"url\":\"https:\\\/\\\/www.fcbarcelonanoticias.com\\\/en\\\/fc-barcelona\\\/juan-pablo-berdugo_18_115.html\"}]}<\/script>\n<!-- \/ Yoast SEO plugin. -->","yoast_head_json":{"title":"Ancelotti 'Cool' the controversy of the '9' of the Madrid","description":"Carlo Ancelotti appeared in reuda of press in the previous of the Supercopa of Europe. The trainer madridista pronounced on diverse subjects of actuality...","robots":{"index":"index","follow":"follow","max-snippet":"max-snippet:-1","max-image-preview":"max-image-preview:large","max-video-preview":"max-video-preview:-1"},"canonical":"https:\/\/www.fcbarcelonanoticias.com\/en\/real-madrid\/ancelotti-cools-controversy-9-madrid_283068_102.html","og_locale":"en_US","og_type":"article","og_title":"Ancelotti 'Cool' the controversy of the '9' of the Madrid","og_description":"Carlo Ancelotti appeared in reuda of press in the previous of the Supercopa of Europe. The trainer madridista pronounced on diverse subjects of actuality...","og_url":"https:\/\/www.fcbarcelonanoticias.com\/en\/real-madrid\/ancelotti-cools-controversy-9-madrid_283068_102.html","og_site_name":"EN - FC Barcelona Noticias","article_published_time":"2022-08-09T19:28:00+00:00","og_image":[{"width":1300,"height":731,"url":"https:\/\/www.fcbarcelonanoticias.com\/en\/wp-content\/uploads\/sites\/2\/2022\/08\/carlo-ancelotti-y-karim-benzema-en-un-entrenamiento-del-madrid-1.jpeg","type":"image\/jpeg"}],"author":"Juan Pablo Berdugo","twitter_card":"summary_large_image","twitter_misc":{"Written by":"Juan Pablo Berdugo","Est. reading time":"3 minutes"},"schema":{"@context":"https:\/\/schema.org","@graph":[{"@type":"Article","@id":"https:\/\/www.fcbarcelonanoticias.com\/en\/real-madrid\/ancelotti-cools-controversy-9-madrid_283068_102.html#article","isPartOf":{"@id":"https:\/\/www.fcbarcelonanoticias.com\/en\/real-madrid\/ancelotti-cools-controversy-9-madrid_283068_102.html"},"author":{"name":"Juan Pablo Berdugo","@id":"https:\/\/www.fcbarcelonanoticias.com\/en\/#\/schema\/person\/88d756918a0a1ae9fa593b5edddd1815"},"headline":"Ancelotti &#8216;cools&#8217; the controversy of Madrid&#8217;s &#8216;9&#8217;","datePublished":"2022-08-09T19:28:00+00:00","mainEntityOfPage":{"@id":"https:\/\/www.fcbarcelonanoticias.com\/en\/real-madrid\/ancelotti-cools-controversy-9-madrid_283068_102.html"},"wordCount":685,"image":{"@id":"https:\/\/www.fcbarcelonanoticias.com\/en\/real-madrid\/ancelotti-cools-controversy-9-madrid_283068_102.html#primaryimage"},"thumbnailUrl":"https:\/\/www.fcbarcelonanoticias.com\/en\/wp-content\/uploads\/sites\/2\/2022\/08\/carlo-ancelotti-y-karim-benzema-en-un-entrenamiento-del-madrid-1.jpeg","keywords":["Eintracht Frankfurt"],"articleSection":["Real Madrid","Real Madrid"],"inLanguage":"en-US"},{"@type":"WebPage","@id":"https:\/\/www.fcbarcelonanoticias.com\/en\/real-madrid\/ancelotti-cools-controversy-9-madrid_283068_102.html","url":"https:\/\/www.fcbarcelonanoticias.com\/en\/real-madrid\/ancelotti-cools-controversy-9-madrid_283068_102.html","name":"Ancelotti 'Cool' the controversy of the '9' of the Madrid","isPartOf":{"@id":"https:\/\/www.fcbarcelonanoticias.com\/en\/#website"},"primaryImageOfPage":{"@id":"https:\/\/www.fcbarcelonanoticias.com\/en\/real-madrid\/ancelotti-cools-controversy-9-madrid_283068_102.html#primaryimage"},"image":{"@id":"https:\/\/www.fcbarcelonanoticias.com\/en\/real-madrid\/ancelotti-cools-controversy-9-madrid_283068_102.html#primaryimage"},"thumbnailUrl":"https:\/\/www.fcbarcelonanoticias.com\/en\/wp-content\/uploads\/sites\/2\/2022\/08\/carlo-ancelotti-y-karim-benzema-en-un-entrenamiento-del-madrid-1.jpeg","datePublished":"2022-08-09T19:28:00+00:00","author":{"@id":"https:\/\/www.fcbarcelonanoticias.com\/en\/#\/schema\/person\/88d756918a0a1ae9fa593b5edddd1815"},"description":"Carlo Ancelotti appeared in reuda of press in the previous of the Supercopa of Europe. The trainer madridista pronounced on diverse subjects of actuality...","breadcrumb":{"@id":"https:\/\/www.fcbarcelonanoticias.com\/en\/real-madrid\/ancelotti-cools-controversy-9-madrid_283068_102.html#breadcrumb"},"inLanguage":"en-US","potentialAction":[{"@type":"ReadAction","target":["https:\/\/www.fcbarcelonanoticias.com\/en\/real-madrid\/ancelotti-cools-controversy-9-madrid_283068_102.html"]}]},{"@type":"ImageObject","inLanguage":"en-US","@id":"https:\/\/www.fcbarcelonanoticias.com\/en\/real-madrid\/ancelotti-cools-controversy-9-madrid_283068_102.html#primaryimage","url":"https:\/\/www.fcbarcelonanoticias.com\/en\/wp-content\/uploads\/sites\/2\/2022\/08\/carlo-ancelotti-y-karim-benzema-en-un-entrenamiento-del-madrid-1.jpeg","contentUrl":"https:\/\/www.fcbarcelonanoticias.com\/en\/wp-content\/uploads\/sites\/2\/2022\/08\/carlo-ancelotti-y-karim-benzema-en-un-entrenamiento-del-madrid-1.jpeg","width":1300,"height":731},{"@type":"BreadcrumbList","@id":"https:\/\/www.fcbarcelonanoticias.com\/en\/real-madrid\/ancelotti-cools-controversy-9-madrid_283068_102.html#breadcrumb","itemListElement":[{"@type":"ListItem","position":1,"name":"Portada","item":"https:\/\/www.fcbarcelonanoticias.com\/en\/"},{"@type":"ListItem","position":2,"name":"Ancelotti &#8216;cools&#8217; the controversy of Madrid&#8217;s &#8216;9&#8217;"}]},{"@type":"WebSite","@id":"https:\/\/www.fcbarcelonanoticias.com\/en\/#website","url":"https:\/\/www.fcbarcelonanoticias.com\/en\/","name":"EN - FC Barcelona Noticias","description":"","potentialAction":[{"@type":"SearchAction","target":{"@type":"EntryPoint","urlTemplate":"https:\/\/www.fcbarcelonanoticias.com\/en\/?s={search_term_string}"},"query-input":{"@type":"PropertyValueSpecification","valueRequired":true,"valueName":"search_term_string"}}],"inLanguage":"en-US"},{"@type":"Person","@id":"https:\/\/www.fcbarcelonanoticias.com\/en\/#\/schema\/person\/88d756918a0a1ae9fa593b5edddd1815","name":"Juan Pablo Berdugo","image":{"@type":"ImageObject","inLanguage":"en-US","@id":"https:\/\/secure.gravatar.com\/avatar\/?s=96&d=mm&r=g","url":"https:\/\/secure.gravatar.com\/avatar\/?s=96&d=mm&r=g","contentUrl":"https:\/\/secure.gravatar.com\/avatar\/?s=96&d=mm&r=g","caption":"Juan Pablo Berdugo"},"description":"Juan Pablo Berdugo es graduado en Periodismo. Colabora con FCBN como especialista en informaci\u00f3n del primer equipo del FC Barcelona, f\u00fatbol internacional y mercado de fichajes. Destaca por su enfoque anal\u00edtico, su rigor informativo y su capacidad para detectar tendencias emergentes en el f\u00fatbol global.","url":"https:\/\/www.fcbarcelonanoticias.com\/en\/fc-barcelona\/juan-pablo-berdugo_18_115.html"}]}},"_links":{"self":[{"href":"https:\/\/www.fcbarcelonanoticias.com\/en\/wp-json\/wp\/v2\/posts\/82882","targetHints":{"allow":["GET"]}}],"collection":[{"href":"https:\/\/www.fcbarcelonanoticias.com\/en\/wp-json\/wp\/v2\/posts"}],"about":[{"href":"https:\/\/www.fcbarcelonanoticias.com\/en\/wp-json\/wp\/v2\/types\/post"}],"author":[{"embeddable":true,"href":"https:\/\/www.fcbarcelonanoticias.com\/en\/wp-json\/wp\/v2\/users\/358"}],"replies":[{"embeddable":true,"href":"https:\/\/www.fcbarcelonanoticias.com\/en\/wp-json\/wp\/v2\/comments?post=82882"}],"version-history":[{"count":1,"href":"https:\/\/www.fcbarcelonanoticias.com\/en\/wp-json\/wp\/v2\/posts\/82882\/revisions"}],"predecessor-version":[{"id":124347,"href":"https:\/\/www.fcbarcelonanoticias.com\/en\/wp-json\/wp\/v2\/posts\/82882\/revisions\/124347"}],"wp:featuredmedia":[{"embeddable":true,"href":"https:\/\/www.fcbarcelonanoticias.com\/en\/wp-json\/wp\/v2\/media\/82889"}],"wp:attachment":[{"href":"https:\/\/www.fcbarcelonanoticias.com\/en\/wp-json\/wp\/v2\/media?parent=82882"}],"wp:term":[{"taxonomy":"category","embeddable":true,"href":"https:\/\/www.fcbarcelonanoticias.com\/en\/wp-json\/wp\/v2\/categories?post=82882"},{"taxonomy":"post_tag","embeddable":true,"href":"https:\/\/www.fcbarcelonanoticias.com\/en\/wp-json\/wp\/v2\/tags?post=82882"}],"curies":[{"name":"wp","href":"https:\/\/api.w.org\/{rel}","templated":true}]}}