{"id":83007,"date":"2023-11-07T15:30:00","date_gmt":"2023-11-07T14:30:00","guid":{"rendered":"https:\/\/weisetech.dev\/fc-barcelona-noticias\/en\/ancelotti-gives-little-stick-to-vinicius-and-sows-doubts-with-bellingham_297846_102\/"},"modified":"2023-11-07T15:32:00","modified_gmt":"2023-11-07T14:32:00","slug":"ancelotti-gives-little-stick-to-vinicius-and-sows-doubts-with-bellingham_297846_102","status":"publish","type":"post","link":"https:\/\/www.fcbarcelonanoticias.com\/en\/real-madrid\/ancelotti-gives-little-stick-to-vinicius-and-sows-doubts-with-bellingham_297846_102.html","title":{"rendered":"Ancelotti gives a little &#8216;stick&#8217; to Vinicius and sows doubts with Bellingham"},"content":{"rendered":"<h2 class=\"wp-block-heading\">Carlo Ancelotti has had no qualms about answering all the questions related to the current situation at Real Madrid, addressing, among other topics, the cases of Vinicius Junior, Jude Bellingham and Brahim D\u00edaz, names that have recently been heard in Chamart\u00edn for different reasons<\/h2>  \r\n<div class=\"article-addons\">\r\n    <a href=\"https:\/\/www.fcbarcelonanoticias.com\/en\/calendar-fc-barcelona.html\"\r\n       target=\"_self\"\r\n       title=\"Calendar of FC Barcelona\"\r\n       class=\"blue-gredient-btn\">\r\n       \r\n        Calendar of FC Barcelona    <\/a>\r\n<\/div>   <p>Carlo Ancelotti, technical director of the Real Madrid, took advantage of <strong>the previous press conference to the duel of the day four of the Champions in front of the SC Knickers<\/strong> in Santiago Bernab\u00e9u to comment, from the room of press in Valdebebas, his perspective on the meeting and speak of some of his players, as Vin\u00edcius J\u00fanior, Brahim D\u00edaz and Jude Bellingham.<\/p>  <h2>Ancelotti Limited the change of attitude that has to have Vinicius<\/h2>  <p>In relation with the Brazilian attacker, Ancelotti mentioned a specific situation in which his name went out to the light. The historical Barcelona defender Carles Puyol,<strong> in addition to elogiar his big level futbol\u00edstico<\/strong>,<a data-external=\"0\" data-intl-links-en=\"https:\/\/www.fcbarcelonanoticias.com\/en\/real-madrid\/carles-puyol-asks-to-vinicius-that-centre-more-in-the-football_297826_102.html\" data-intl-links-es=\"https:\/\/www.fcbarcelonanoticias.com\/real-madrid\/carles-puyol-pide-vinicius-se-centre-mas-en-futbol_297826_102.html\" href=\"https:\/\/www.fcbarcelonanoticias.com\/en\/real-madrid\/carles-puyol-asks-to-vinicius-that-centre-more-in-the-football_297826_102.html\" rel=\"follow\" target=\"_self\" title=\"Carles Puyol pide a Vinicius que se centre m\u00e1s en el f\u00fatbol\"> expressed his wish to have a talk with him to urge it to change his attitude<\/a>. Contrary to what could think , &#8216;Carletto&#8217; backed the proposal of the Catalan defender.<\/p>  <p>The Italian trainer affirmed the following in this regard: &#8220;If Puyol wants to speak with Vinicius, that do it, has a lot of experience. Vini Marks the difference, this is clear,<strong> can be that it have to improve his attitude in some circumstance.<\/strong> But it has improved a lot, and it follows improving. We are loved with him. It does the best, in the last parties has been something descolocado, but has improved a lot&#8221;.<\/p>  <h2>Jude Bellingham, inc\u00f3gnita for the duel in front of the SC Knickers<\/h2>  <p>Apropos the actuality of the figure of the Real Madrid, Jude Bellingham, <a data-external=\"0\" data-intl-links-en=\"https:\/\/www.fcbarcelonanoticias.com\/en\/real-madrid\/problems-in-madrid-jude-bellingham-likely-drop-to-receive-to-the-sporting-braga_297812_102.html\" data-intl-links-es=\"https:\/\/www.fcbarcelonanoticias.com\/real-madrid\/problemas-en-madrid-jude-bellingham-probable-baja-recibir-al-sporting-braga_297812_102.html\" href=\"https:\/\/www.fcbarcelonanoticias.com\/en\/real-madrid\/problems-in-madrid-jude-bellingham-likely-drop-to-receive-to-the-sporting-braga_297812_102.html\" rel=\"follow\" target=\"_self\" title=\"\u00a1Problemas en Madrid! Jude Bellingham, probable baja para recibir al&nbsp;Sporting&nbsp;Braga\">the one who suffered a luxation in the shoulder during the last party against the Ray Vallecano<\/a> in LaLiga and his presence in the next party against the Portuguese was in doubt. Even during the trainings, <strong>saw him visibly sore, to the point of not completing the session<\/strong>. <strong>Ancelotti Still has not confirmed his participation<\/strong> and has said the following: &#8220;it has recovered well, it has not completed all the session to avoid hits, but has felt well. I will evaluate it morning together with him&#8221;.<\/p>  <h2>Ancelotti &#8216;Wetted&#8217; regarding the &#8216;case Brahim&#8217;<\/h2>  <p>Finally, in relation with the subject of Brahim, whose participation in the white team has limited to 119&#8242; in nine parties, with a goal, and has asked from different sectors that have more presence in the team, the Italian commented the following: &#8220;I Spoke with him, the truth is that it has not had a lot of minutes, know that it is a player that can contribute. The competition is very big, is a player that likes me. <strong>It is professional, will have his paper. I have read that have something against him, that is sentenced&#8230; It is not truth.<\/strong> I am not judge, use a lot the word sentences, does not like me as it sounds. I do not sentence to anybody. I seat something special by Brahim, has played in the Milan&#8221;.<\/p> ","protected":false},"excerpt":{"rendered":"<p>Carlo Ancelotti has had no qualms about answering all the questions related to the current situation at Real Madrid, addressing, among other topics, the cases of Vinicius Junior, Jude Bellingham and Brahim D\u00edaz, names that have recently been heard in Chamart\u00edn for different reasons Carlo Ancelotti, technical director of the Real Madrid, took advantage of [&hellip;]<\/p>\n","protected":false},"author":355,"featured_media":83015,"comment_status":"closed","ping_status":"open","sticky":false,"template":"","format":"standard","meta":{"_acf_changed":false,"inline_featured_image":false,"_nextfly_llmd_date_locked":false,"footnotes":""},"categories":[119,450],"tags":[],"class_list":["post-83007","post","type-post","status-publish","format-standard","has-post-thumbnail","hentry","category-real-madrid","category-real-madrid-2"],"acf":[],"yoast_head":"<!-- This site is optimized with the Yoast SEO plugin v27.3 - https:\/\/yoast.com\/product\/yoast-seo-wordpress\/ -->\n<title>Ancelotti gives a little &#039;stick&#039; to Vinicius and sows doubts with Bellingham<\/title>\n<meta name=\"description\" content=\"Carlo Ancelotti has had no qualms about answering all the questions related to the current situation at Real Madrid, addressing, among other topics, the cases of Vinicius Junior, Jude Bellingham and Brahim D\u00edaz, names that have recently been heard in Chamart\u00edn for different reasons\" \/>\n<meta name=\"robots\" content=\"index, follow, max-snippet:-1, max-image-preview:large, max-video-preview:-1\" \/>\n<link rel=\"canonical\" href=\"https:\/\/www.fcbarcelonanoticias.com\/en\/real-madrid\/ancelotti-gives-little-stick-to-vinicius-and-sows-doubts-with-bellingham_297846_102.html\" \/>\n<meta property=\"og:locale\" content=\"en_US\" \/>\n<meta property=\"og:type\" content=\"article\" \/>\n<meta property=\"og:title\" content=\"Ancelotti gives a little &#039;stick&#039; to Vinicius and sows doubts with Bellingham\" \/>\n<meta property=\"og:description\" content=\"Carlo Ancelotti has had no qualms about answering all the questions related to the current situation at Real Madrid, addressing, among other topics, the cases of Vinicius Junior, Jude Bellingham and Brahim D\u00edaz, names that have recently been heard in Chamart\u00edn for different reasons\" \/>\n<meta property=\"og:url\" content=\"https:\/\/www.fcbarcelonanoticias.com\/en\/real-madrid\/ancelotti-gives-little-stick-to-vinicius-and-sows-doubts-with-bellingham_297846_102.html\" \/>\n<meta property=\"og:site_name\" content=\"EN - FC Barcelona Noticias\" \/>\n<meta property=\"article:published_time\" content=\"2023-11-07T14:30:00+00:00\" \/>\n<meta property=\"article:modified_time\" content=\"2023-11-07T14:32:00+00:00\" \/>\n<meta property=\"og:image\" content=\"https:\/\/www.fcbarcelonanoticias.com\/en\/wp-content\/uploads\/sites\/2\/2023\/11\/carlo-ancelotti-en-la-rueda-de-prensa-previo-al-duelo-ante-el-sc-braga-en-la-champions-league.png\" \/>\n\t<meta property=\"og:image:width\" content=\"1300\" \/>\n\t<meta property=\"og:image:height\" content=\"732\" \/>\n\t<meta property=\"og:image:type\" content=\"image\/png\" \/>\n<meta name=\"author\" content=\"Kevin G\u00f3mez\" \/>\n<meta name=\"twitter:card\" content=\"summary_large_image\" \/>\n<meta name=\"twitter:label1\" content=\"Written by\" \/>\n\t<meta name=\"twitter:data1\" content=\"Kevin G\u00f3mez\" \/>\n\t<meta name=\"twitter:label2\" content=\"Est. reading time\" \/>\n\t<meta name=\"twitter:data2\" content=\"3 minutes\" \/>\n<script type=\"application\/ld+json\" class=\"yoast-schema-graph\">{\"@context\":\"https:\\\/\\\/schema.org\",\"@graph\":[{\"@type\":\"Article\",\"@id\":\"https:\\\/\\\/www.fcbarcelonanoticias.com\\\/en\\\/real-madrid\\\/ancelotti-gives-little-stick-to-vinicius-and-sows-doubts-with-bellingham_297846_102.html#article\",\"isPartOf\":{\"@id\":\"https:\\\/\\\/www.fcbarcelonanoticias.com\\\/en\\\/real-madrid\\\/ancelotti-gives-little-stick-to-vinicius-and-sows-doubts-with-bellingham_297846_102.html\"},\"author\":{\"name\":\"Kevin G\u00f3mez\",\"@id\":\"https:\\\/\\\/www.fcbarcelonanoticias.com\\\/en\\\/#\\\/schema\\\/person\\\/991443f134df9a64c6874f96ff984c9d\"},\"headline\":\"Ancelotti gives a little &#8216;stick&#8217; to Vinicius and sows doubts with Bellingham\",\"datePublished\":\"2023-11-07T14:30:00+00:00\",\"dateModified\":\"2023-11-07T14:32:00+00:00\",\"mainEntityOfPage\":{\"@id\":\"https:\\\/\\\/www.fcbarcelonanoticias.com\\\/en\\\/real-madrid\\\/ancelotti-gives-little-stick-to-vinicius-and-sows-doubts-with-bellingham_297846_102.html\"},\"wordCount\":525,\"image\":{\"@id\":\"https:\\\/\\\/www.fcbarcelonanoticias.com\\\/en\\\/real-madrid\\\/ancelotti-gives-little-stick-to-vinicius-and-sows-doubts-with-bellingham_297846_102.html#primaryimage\"},\"thumbnailUrl\":\"https:\\\/\\\/www.fcbarcelonanoticias.com\\\/en\\\/wp-content\\\/uploads\\\/sites\\\/2\\\/2023\\\/11\\\/carlo-ancelotti-en-la-rueda-de-prensa-previo-al-duelo-ante-el-sc-braga-en-la-champions-league.png\",\"articleSection\":[\"Real Madrid\",\"Real Madrid\"],\"inLanguage\":\"en-US\"},{\"@type\":\"WebPage\",\"@id\":\"https:\\\/\\\/www.fcbarcelonanoticias.com\\\/en\\\/real-madrid\\\/ancelotti-gives-little-stick-to-vinicius-and-sows-doubts-with-bellingham_297846_102.html\",\"url\":\"https:\\\/\\\/www.fcbarcelonanoticias.com\\\/en\\\/real-madrid\\\/ancelotti-gives-little-stick-to-vinicius-and-sows-doubts-with-bellingham_297846_102.html\",\"name\":\"Ancelotti gives a little 'stick' to Vinicius and sows doubts with Bellingham\",\"isPartOf\":{\"@id\":\"https:\\\/\\\/www.fcbarcelonanoticias.com\\\/en\\\/#website\"},\"primaryImageOfPage\":{\"@id\":\"https:\\\/\\\/www.fcbarcelonanoticias.com\\\/en\\\/real-madrid\\\/ancelotti-gives-little-stick-to-vinicius-and-sows-doubts-with-bellingham_297846_102.html#primaryimage\"},\"image\":{\"@id\":\"https:\\\/\\\/www.fcbarcelonanoticias.com\\\/en\\\/real-madrid\\\/ancelotti-gives-little-stick-to-vinicius-and-sows-doubts-with-bellingham_297846_102.html#primaryimage\"},\"thumbnailUrl\":\"https:\\\/\\\/www.fcbarcelonanoticias.com\\\/en\\\/wp-content\\\/uploads\\\/sites\\\/2\\\/2023\\\/11\\\/carlo-ancelotti-en-la-rueda-de-prensa-previo-al-duelo-ante-el-sc-braga-en-la-champions-league.png\",\"datePublished\":\"2023-11-07T14:30:00+00:00\",\"dateModified\":\"2023-11-07T14:32:00+00:00\",\"author\":{\"@id\":\"https:\\\/\\\/www.fcbarcelonanoticias.com\\\/en\\\/#\\\/schema\\\/person\\\/991443f134df9a64c6874f96ff984c9d\"},\"description\":\"Carlo Ancelotti has had no qualms about answering all the questions related to the current situation at Real Madrid, addressing, among other topics, the cases of Vinicius Junior, Jude Bellingham and Brahim D\u00edaz, names that have recently been heard in Chamart\u00edn for different reasons\",\"breadcrumb\":{\"@id\":\"https:\\\/\\\/www.fcbarcelonanoticias.com\\\/en\\\/real-madrid\\\/ancelotti-gives-little-stick-to-vinicius-and-sows-doubts-with-bellingham_297846_102.html#breadcrumb\"},\"inLanguage\":\"en-US\",\"potentialAction\":[{\"@type\":\"ReadAction\",\"target\":[\"https:\\\/\\\/www.fcbarcelonanoticias.com\\\/en\\\/real-madrid\\\/ancelotti-gives-little-stick-to-vinicius-and-sows-doubts-with-bellingham_297846_102.html\"]}]},{\"@type\":\"ImageObject\",\"inLanguage\":\"en-US\",\"@id\":\"https:\\\/\\\/www.fcbarcelonanoticias.com\\\/en\\\/real-madrid\\\/ancelotti-gives-little-stick-to-vinicius-and-sows-doubts-with-bellingham_297846_102.html#primaryimage\",\"url\":\"https:\\\/\\\/www.fcbarcelonanoticias.com\\\/en\\\/wp-content\\\/uploads\\\/sites\\\/2\\\/2023\\\/11\\\/carlo-ancelotti-en-la-rueda-de-prensa-previo-al-duelo-ante-el-sc-braga-en-la-champions-league.png\",\"contentUrl\":\"https:\\\/\\\/www.fcbarcelonanoticias.com\\\/en\\\/wp-content\\\/uploads\\\/sites\\\/2\\\/2023\\\/11\\\/carlo-ancelotti-en-la-rueda-de-prensa-previo-al-duelo-ante-el-sc-braga-en-la-champions-league.png\",\"width\":1300,\"height\":732},{\"@type\":\"BreadcrumbList\",\"@id\":\"https:\\\/\\\/www.fcbarcelonanoticias.com\\\/en\\\/real-madrid\\\/ancelotti-gives-little-stick-to-vinicius-and-sows-doubts-with-bellingham_297846_102.html#breadcrumb\",\"itemListElement\":[{\"@type\":\"ListItem\",\"position\":1,\"name\":\"Portada\",\"item\":\"https:\\\/\\\/www.fcbarcelonanoticias.com\\\/en\\\/\"},{\"@type\":\"ListItem\",\"position\":2,\"name\":\"Ancelotti gives a little &#8216;stick&#8217; to Vinicius and sows doubts with Bellingham\"}]},{\"@type\":\"WebSite\",\"@id\":\"https:\\\/\\\/www.fcbarcelonanoticias.com\\\/en\\\/#website\",\"url\":\"https:\\\/\\\/www.fcbarcelonanoticias.com\\\/en\\\/\",\"name\":\"EN - FC Barcelona Noticias\",\"description\":\"\",\"potentialAction\":[{\"@type\":\"SearchAction\",\"target\":{\"@type\":\"EntryPoint\",\"urlTemplate\":\"https:\\\/\\\/www.fcbarcelonanoticias.com\\\/en\\\/?s={search_term_string}\"},\"query-input\":{\"@type\":\"PropertyValueSpecification\",\"valueRequired\":true,\"valueName\":\"search_term_string\"}}],\"inLanguage\":\"en-US\"},{\"@type\":\"Person\",\"@id\":\"https:\\\/\\\/www.fcbarcelonanoticias.com\\\/en\\\/#\\\/schema\\\/person\\\/991443f134df9a64c6874f96ff984c9d\",\"name\":\"Kevin G\u00f3mez\",\"image\":{\"@type\":\"ImageObject\",\"inLanguage\":\"en-US\",\"@id\":\"https:\\\/\\\/secure.gravatar.com\\\/avatar\\\/?s=96&d=mm&r=g\",\"url\":\"https:\\\/\\\/secure.gravatar.com\\\/avatar\\\/?s=96&d=mm&r=g\",\"contentUrl\":\"https:\\\/\\\/secure.gravatar.com\\\/avatar\\\/?s=96&d=mm&r=g\",\"caption\":\"Kevin G\u00f3mez\"},\"description\":\"Licenciado\u00a0en Periodismo y Comunicaci\u00f3n Audiovisual. Redactor en FCBN responsable de cubrir toda\u00a0la informaci\u00f3n del FC Barcelona y las principales competiciones de\u00a0f\u00fatbol.\",\"url\":\"https:\\\/\\\/www.fcbarcelonanoticias.com\\\/en\\\/jugadores\\\/kevin-gomez_23_115.html\"}]}<\/script>\n<!-- \/ Yoast SEO plugin. -->","yoast_head_json":{"title":"Ancelotti gives a little 'stick' to Vinicius and sows doubts with Bellingham","description":"Carlo Ancelotti has had no qualms about answering all the questions related to the current situation at Real Madrid, addressing, among other topics, the cases of Vinicius Junior, Jude Bellingham and Brahim D\u00edaz, names that have recently been heard in Chamart\u00edn for different reasons","robots":{"index":"index","follow":"follow","max-snippet":"max-snippet:-1","max-image-preview":"max-image-preview:large","max-video-preview":"max-video-preview:-1"},"canonical":"https:\/\/www.fcbarcelonanoticias.com\/en\/real-madrid\/ancelotti-gives-little-stick-to-vinicius-and-sows-doubts-with-bellingham_297846_102.html","og_locale":"en_US","og_type":"article","og_title":"Ancelotti gives a little 'stick' to Vinicius and sows doubts with Bellingham","og_description":"Carlo Ancelotti has had no qualms about answering all the questions related to the current situation at Real Madrid, addressing, among other topics, the cases of Vinicius Junior, Jude Bellingham and Brahim D\u00edaz, names that have recently been heard in Chamart\u00edn for different reasons","og_url":"https:\/\/www.fcbarcelonanoticias.com\/en\/real-madrid\/ancelotti-gives-little-stick-to-vinicius-and-sows-doubts-with-bellingham_297846_102.html","og_site_name":"EN - FC Barcelona Noticias","article_published_time":"2023-11-07T14:30:00+00:00","article_modified_time":"2023-11-07T14:32:00+00:00","og_image":[{"width":1300,"height":732,"url":"https:\/\/www.fcbarcelonanoticias.com\/en\/wp-content\/uploads\/sites\/2\/2023\/11\/carlo-ancelotti-en-la-rueda-de-prensa-previo-al-duelo-ante-el-sc-braga-en-la-champions-league.png","type":"image\/png"}],"author":"Kevin G\u00f3mez","twitter_card":"summary_large_image","twitter_misc":{"Written by":"Kevin G\u00f3mez","Est. reading time":"3 minutes"},"schema":{"@context":"https:\/\/schema.org","@graph":[{"@type":"Article","@id":"https:\/\/www.fcbarcelonanoticias.com\/en\/real-madrid\/ancelotti-gives-little-stick-to-vinicius-and-sows-doubts-with-bellingham_297846_102.html#article","isPartOf":{"@id":"https:\/\/www.fcbarcelonanoticias.com\/en\/real-madrid\/ancelotti-gives-little-stick-to-vinicius-and-sows-doubts-with-bellingham_297846_102.html"},"author":{"name":"Kevin G\u00f3mez","@id":"https:\/\/www.fcbarcelonanoticias.com\/en\/#\/schema\/person\/991443f134df9a64c6874f96ff984c9d"},"headline":"Ancelotti gives a little &#8216;stick&#8217; to Vinicius and sows doubts with Bellingham","datePublished":"2023-11-07T14:30:00+00:00","dateModified":"2023-11-07T14:32:00+00:00","mainEntityOfPage":{"@id":"https:\/\/www.fcbarcelonanoticias.com\/en\/real-madrid\/ancelotti-gives-little-stick-to-vinicius-and-sows-doubts-with-bellingham_297846_102.html"},"wordCount":525,"image":{"@id":"https:\/\/www.fcbarcelonanoticias.com\/en\/real-madrid\/ancelotti-gives-little-stick-to-vinicius-and-sows-doubts-with-bellingham_297846_102.html#primaryimage"},"thumbnailUrl":"https:\/\/www.fcbarcelonanoticias.com\/en\/wp-content\/uploads\/sites\/2\/2023\/11\/carlo-ancelotti-en-la-rueda-de-prensa-previo-al-duelo-ante-el-sc-braga-en-la-champions-league.png","articleSection":["Real Madrid","Real Madrid"],"inLanguage":"en-US"},{"@type":"WebPage","@id":"https:\/\/www.fcbarcelonanoticias.com\/en\/real-madrid\/ancelotti-gives-little-stick-to-vinicius-and-sows-doubts-with-bellingham_297846_102.html","url":"https:\/\/www.fcbarcelonanoticias.com\/en\/real-madrid\/ancelotti-gives-little-stick-to-vinicius-and-sows-doubts-with-bellingham_297846_102.html","name":"Ancelotti gives a little 'stick' to Vinicius and sows doubts with Bellingham","isPartOf":{"@id":"https:\/\/www.fcbarcelonanoticias.com\/en\/#website"},"primaryImageOfPage":{"@id":"https:\/\/www.fcbarcelonanoticias.com\/en\/real-madrid\/ancelotti-gives-little-stick-to-vinicius-and-sows-doubts-with-bellingham_297846_102.html#primaryimage"},"image":{"@id":"https:\/\/www.fcbarcelonanoticias.com\/en\/real-madrid\/ancelotti-gives-little-stick-to-vinicius-and-sows-doubts-with-bellingham_297846_102.html#primaryimage"},"thumbnailUrl":"https:\/\/www.fcbarcelonanoticias.com\/en\/wp-content\/uploads\/sites\/2\/2023\/11\/carlo-ancelotti-en-la-rueda-de-prensa-previo-al-duelo-ante-el-sc-braga-en-la-champions-league.png","datePublished":"2023-11-07T14:30:00+00:00","dateModified":"2023-11-07T14:32:00+00:00","author":{"@id":"https:\/\/www.fcbarcelonanoticias.com\/en\/#\/schema\/person\/991443f134df9a64c6874f96ff984c9d"},"description":"Carlo Ancelotti has had no qualms about answering all the questions related to the current situation at Real Madrid, addressing, among other topics, the cases of Vinicius Junior, Jude Bellingham and Brahim D\u00edaz, names that have recently been heard in Chamart\u00edn for different reasons","breadcrumb":{"@id":"https:\/\/www.fcbarcelonanoticias.com\/en\/real-madrid\/ancelotti-gives-little-stick-to-vinicius-and-sows-doubts-with-bellingham_297846_102.html#breadcrumb"},"inLanguage":"en-US","potentialAction":[{"@type":"ReadAction","target":["https:\/\/www.fcbarcelonanoticias.com\/en\/real-madrid\/ancelotti-gives-little-stick-to-vinicius-and-sows-doubts-with-bellingham_297846_102.html"]}]},{"@type":"ImageObject","inLanguage":"en-US","@id":"https:\/\/www.fcbarcelonanoticias.com\/en\/real-madrid\/ancelotti-gives-little-stick-to-vinicius-and-sows-doubts-with-bellingham_297846_102.html#primaryimage","url":"https:\/\/www.fcbarcelonanoticias.com\/en\/wp-content\/uploads\/sites\/2\/2023\/11\/carlo-ancelotti-en-la-rueda-de-prensa-previo-al-duelo-ante-el-sc-braga-en-la-champions-league.png","contentUrl":"https:\/\/www.fcbarcelonanoticias.com\/en\/wp-content\/uploads\/sites\/2\/2023\/11\/carlo-ancelotti-en-la-rueda-de-prensa-previo-al-duelo-ante-el-sc-braga-en-la-champions-league.png","width":1300,"height":732},{"@type":"BreadcrumbList","@id":"https:\/\/www.fcbarcelonanoticias.com\/en\/real-madrid\/ancelotti-gives-little-stick-to-vinicius-and-sows-doubts-with-bellingham_297846_102.html#breadcrumb","itemListElement":[{"@type":"ListItem","position":1,"name":"Portada","item":"https:\/\/www.fcbarcelonanoticias.com\/en\/"},{"@type":"ListItem","position":2,"name":"Ancelotti gives a little &#8216;stick&#8217; to Vinicius and sows doubts with Bellingham"}]},{"@type":"WebSite","@id":"https:\/\/www.fcbarcelonanoticias.com\/en\/#website","url":"https:\/\/www.fcbarcelonanoticias.com\/en\/","name":"EN - FC Barcelona Noticias","description":"","potentialAction":[{"@type":"SearchAction","target":{"@type":"EntryPoint","urlTemplate":"https:\/\/www.fcbarcelonanoticias.com\/en\/?s={search_term_string}"},"query-input":{"@type":"PropertyValueSpecification","valueRequired":true,"valueName":"search_term_string"}}],"inLanguage":"en-US"},{"@type":"Person","@id":"https:\/\/www.fcbarcelonanoticias.com\/en\/#\/schema\/person\/991443f134df9a64c6874f96ff984c9d","name":"Kevin G\u00f3mez","image":{"@type":"ImageObject","inLanguage":"en-US","@id":"https:\/\/secure.gravatar.com\/avatar\/?s=96&d=mm&r=g","url":"https:\/\/secure.gravatar.com\/avatar\/?s=96&d=mm&r=g","contentUrl":"https:\/\/secure.gravatar.com\/avatar\/?s=96&d=mm&r=g","caption":"Kevin G\u00f3mez"},"description":"Licenciado\u00a0en Periodismo y Comunicaci\u00f3n Audiovisual. Redactor en FCBN responsable de cubrir toda\u00a0la informaci\u00f3n del FC Barcelona y las principales competiciones de\u00a0f\u00fatbol.","url":"https:\/\/www.fcbarcelonanoticias.com\/en\/jugadores\/kevin-gomez_23_115.html"}]}},"_links":{"self":[{"href":"https:\/\/www.fcbarcelonanoticias.com\/en\/wp-json\/wp\/v2\/posts\/83007","targetHints":{"allow":["GET"]}}],"collection":[{"href":"https:\/\/www.fcbarcelonanoticias.com\/en\/wp-json\/wp\/v2\/posts"}],"about":[{"href":"https:\/\/www.fcbarcelonanoticias.com\/en\/wp-json\/wp\/v2\/types\/post"}],"author":[{"embeddable":true,"href":"https:\/\/www.fcbarcelonanoticias.com\/en\/wp-json\/wp\/v2\/users\/355"}],"replies":[{"embeddable":true,"href":"https:\/\/www.fcbarcelonanoticias.com\/en\/wp-json\/wp\/v2\/comments?post=83007"}],"version-history":[{"count":1,"href":"https:\/\/www.fcbarcelonanoticias.com\/en\/wp-json\/wp\/v2\/posts\/83007\/revisions"}],"predecessor-version":[{"id":124331,"href":"https:\/\/www.fcbarcelonanoticias.com\/en\/wp-json\/wp\/v2\/posts\/83007\/revisions\/124331"}],"wp:featuredmedia":[{"embeddable":true,"href":"https:\/\/www.fcbarcelonanoticias.com\/en\/wp-json\/wp\/v2\/media\/83015"}],"wp:attachment":[{"href":"https:\/\/www.fcbarcelonanoticias.com\/en\/wp-json\/wp\/v2\/media?parent=83007"}],"wp:term":[{"taxonomy":"category","embeddable":true,"href":"https:\/\/www.fcbarcelonanoticias.com\/en\/wp-json\/wp\/v2\/categories?post=83007"},{"taxonomy":"post_tag","embeddable":true,"href":"https:\/\/www.fcbarcelonanoticias.com\/en\/wp-json\/wp\/v2\/tags?post=83007"}],"curies":[{"name":"wp","href":"https:\/\/api.w.org\/{rel}","templated":true}]}}