{"id":83022,"date":"2022-01-03T15:55:00","date_gmt":"2022-01-03T14:55:00","guid":{"rendered":"https:\/\/weisetech.dev\/fc-barcelona-noticias\/en\/january-the-most-feared-month-for-the-madrid_276543_102\/"},"modified":"2022-01-03T15:55:00","modified_gmt":"2022-01-03T14:55:00","slug":"january-the-most-feared-month-for-the-madrid_276543_102","status":"publish","type":"post","link":"https:\/\/www.fcbarcelonanoticias.com\/en\/real-madrid\/january-the-most-feared-month-for-the-madrid_276543_102.html","title":{"rendered":"January, the most feared month for Real Madrid"},"content":{"rendered":"<h2 class=\"wp-block-heading\">A new misstep to start the year can start the merengue debacle, as happened in 2015 with Ancelotti on the bench and in 2021, under the orders of Zinedine Zidane<\/h2>  \r\n<div class=\"article-addons\">\r\n    <a href=\"https:\/\/www.fcbarcelonanoticias.com\/en\/calendar-fc-barcelona.html\"\r\n       target=\"_self\"\r\n       title=\"Calendar of FC Barcelona\"\r\n       class=\"blue-gredient-btn\">\r\n       \r\n        Calendar of FC Barcelona    <\/a>\r\n<\/div>   <p>The defeat of the Real Madrid the Sunday,<strong> 1-0 in front of the Getafe<\/strong>, <strong>emulates the beginning of year that the whites had in 2015<\/strong>, last year of Carlo Ancelotti in his first stage at the head of the merengue. A 2 January of that year, the Madrid put end to a long series invicto when falling in Mestalla 2-1 in front of Valencia, with which initiated the white collapse in this course, glorious by other for the <a data-external=\"0\" data-intl-links-en=\"https:\/\/www.fcbarcelonanoticias.com\/en\/club\/the-fc-barcelona-goes-back-to-descartar-the-agreement-between-league-and-cvc_276542_102.html\" data-intl-links-es=\"https:\/\/www.fcbarcelonanoticias.com\/club\/fc-barcelona-vuelve-descartar-acuerdo-entre-liga-cvc_276542_102.html\" href=\"https:\/\/www.fcbarcelonanoticias.com\/en\/club\/the-fc-barcelona-goes-back-to-descartar-the-agreement-between-league-and-cvc_276542_102.html\" rel=\"follow\" target=\"_self\" title=\"El FC Barcelona vuelve a descartar el acuerdo entre Liga y CVC\">FC Barcelona<\/a>\u200b.<\/p>  <p>The trip in front of the Getafe arrives <strong>just before visiting to the Sportive Club Alcoyano by the treintaidosavos of final of the Glass of Rey<\/strong>, a crash of high risk for the Madrid, considering that <strong>it does a year remained outside of the tournament in front of the same rival in Alicante<\/strong>, but in the round of dieciseisavos. The party finished 2-1 for the venues, afterwards of empatar to the 81&#8242; and sentence the eliminatory in the lengthen, to five minutes of the end.<\/p>  <p><strong>That defeat supposed the principle of the end for the second stage of Zinedine Zidane<\/strong> in the bench of Chamart\u00edn, as it marked the second elimination of the season in hardly a week. Eight days before, the whites had fallen in semifinals of the Supercopa of Spain, 1-2 in front of the Athletic of Bilbao. Casually, eight days after the meeting in Alicante of this year <strong>the Madrid will go back to Arabia to contest the semis of the Supercopa, this time in front of the Bar\u00e7a<\/strong>.<\/p>  <p>In both seasons (2015 and 2021) the <a data-external=\"0\" data-intl-links-en=\"https:\/\/www.fcbarcelonanoticias.com\/en\/real-madrid\/the-madrid-annoying-and-fed-up-of-his-arbitrations-in-spain-is_276541_102.html\" data-intl-links-es=\"https:\/\/www.fcbarcelonanoticias.com\/real-madrid\/madrid-molesto-harto-sus-arbitrajes-en-espana-esta-temporada_276541_102.html\" href=\"https:\/\/www.fcbarcelonanoticias.com\/en\/real-madrid\/the-madrid-annoying-and-fed-up-of-his-arbitrations-in-spain-is_276541_102.html\" rel=\"follow\" target=\"_self\" title=\"El Madrid, molesto y harto de sus arbitrajes en Espa\u00f1a esta temporada\">Madrid<\/a> finished without titles and without trainer. <strong>Ancelotti Knows that the Madrid is sensitive to the hangover of New Year<\/strong> and does not want to repeat the ghosts of the past. However, <strong>the shoot of Covid-19 and the injuries in the staff complicate notably the plans of the m\u00edster Italian<\/strong>, the one who will have to throw hand of the basic wardrobe the Wednesday to go out alive of the Municipal Field The Collao.<\/p>  <h3>Ancelotti, annoying with the team<\/h3>  <p>The technician madridista was very critical with his team after culminating the crash in front of Getafe. In the press conference pospartido, <strong>the m\u00edster ensured that the team &#8220;had remained on holiday&#8221;<\/strong>, as the players did not have reaction after the sung of Militao that cost the so much of Enes \u00dcnal, grieve to the nine minutes of game.<\/p>  <p>For Ancelotti, <strong>the parties after the stop navide\u00f1o, &#8220;always are difficult&#8221;<\/strong>, but the Sunday the team showed less concentration and less commitment. <strong>&#8220;We did not deserve to win, but neither lose. We give a goal and lose a point; it can be a touch of attention&#8221;<\/strong>, puntualiz\u00f3 the Italian.<\/p>  <p>After visiting to the Alcoyano, <strong>the Madrid will receive to Valencia the Saturday in the Bernabe\u00fa<\/strong>. The whites still lucen solid in the leadership of The League, but his advantage of eight points on the Seville can reduce to alone two units, as the Andalusians have a pair of parties less. This Monday, the Seville visits to the C\u00e1diz with the obligation to win to approach to the leadership.<\/p> ","protected":false},"excerpt":{"rendered":"<p>A new misstep to start the year can start the merengue debacle, as happened in 2015 with Ancelotti on the bench and in 2021, under the orders of Zinedine Zidane The defeat of the Real Madrid the Sunday, 1-0 in front of the Getafe, emulates the beginning of year that the whites had in 2015, [&hellip;]<\/p>\n","protected":false},"author":347,"featured_media":82925,"comment_status":"closed","ping_status":"open","sticky":false,"template":"","format":"standard","meta":{"_acf_changed":false,"inline_featured_image":false,"_nextfly_llmd_date_locked":false,"footnotes":""},"categories":[450,119],"tags":[96],"class_list":["post-83022","post","type-post","status-publish","format-standard","has-post-thumbnail","hentry","category-real-madrid-2","category-real-madrid","tag-getafe-cf"],"acf":[],"yoast_head":"<!-- This site is optimized with the Yoast SEO plugin v27.3 - https:\/\/yoast.com\/product\/yoast-seo-wordpress\/ -->\n<title>January, the most feared month for the Madrid<\/title>\n<meta name=\"description\" content=\"A new step in false to begin the year can initiate the disaster merengue, as sucedi\u00f3 in 2015 with Ancelotti in the bench and in 2021, under the or...\" \/>\n<meta name=\"robots\" content=\"index, follow, max-snippet:-1, max-image-preview:large, max-video-preview:-1\" \/>\n<link rel=\"canonical\" href=\"https:\/\/www.fcbarcelonanoticias.com\/en\/real-madrid\/january-the-most-feared-month-for-the-madrid_276543_102.html\" \/>\n<meta property=\"og:locale\" content=\"en_US\" \/>\n<meta property=\"og:type\" content=\"article\" \/>\n<meta property=\"og:title\" content=\"January, the most feared month for the Madrid\" \/>\n<meta property=\"og:description\" content=\"A new step in false to begin the year can initiate the disaster merengue, as sucedi\u00f3 in 2015 with Ancelotti in the bench and in 2021, under the or...\" \/>\n<meta property=\"og:url\" content=\"https:\/\/www.fcbarcelonanoticias.com\/en\/real-madrid\/january-the-most-feared-month-for-the-madrid_276543_102.html\" \/>\n<meta property=\"og:site_name\" content=\"EN - FC Barcelona Noticias\" \/>\n<meta property=\"article:published_time\" content=\"2022-01-03T14:55:00+00:00\" \/>\n<meta property=\"og:image\" content=\"https:\/\/www.fcbarcelonanoticias.com\/en\/wp-content\/uploads\/sites\/2\/2021\/12\/real-sociedad-v-real-madrid-cf-la-liga-santander-1.jpeg\" \/>\n\t<meta property=\"og:image:width\" content=\"1200\" \/>\n\t<meta property=\"og:image:height\" content=\"734\" \/>\n\t<meta property=\"og:image:type\" content=\"image\/jpeg\" \/>\n<meta name=\"author\" content=\"Andr\u00e9s Quiroz\" \/>\n<meta name=\"twitter:card\" content=\"summary_large_image\" \/>\n<meta name=\"twitter:label1\" content=\"Written by\" \/>\n\t<meta name=\"twitter:data1\" content=\"Andr\u00e9s Quiroz\" \/>\n\t<meta name=\"twitter:label2\" content=\"Est. reading time\" \/>\n\t<meta name=\"twitter:data2\" content=\"3 minutes\" \/>\n<script type=\"application\/ld+json\" class=\"yoast-schema-graph\">{\"@context\":\"https:\\\/\\\/schema.org\",\"@graph\":[{\"@type\":\"Article\",\"@id\":\"https:\\\/\\\/www.fcbarcelonanoticias.com\\\/en\\\/real-madrid\\\/january-the-most-feared-month-for-the-madrid_276543_102.html#article\",\"isPartOf\":{\"@id\":\"https:\\\/\\\/www.fcbarcelonanoticias.com\\\/en\\\/real-madrid\\\/january-the-most-feared-month-for-the-madrid_276543_102.html\"},\"author\":{\"name\":\"Andr\u00e9s Quiroz\",\"@id\":\"https:\\\/\\\/www.fcbarcelonanoticias.com\\\/en\\\/#\\\/schema\\\/person\\\/c2cd9f6fa1af5c0d0eccd0fefa575c88\"},\"headline\":\"January, the most feared month for Real Madrid\",\"datePublished\":\"2022-01-03T14:55:00+00:00\",\"mainEntityOfPage\":{\"@id\":\"https:\\\/\\\/www.fcbarcelonanoticias.com\\\/en\\\/real-madrid\\\/january-the-most-feared-month-for-the-madrid_276543_102.html\"},\"wordCount\":552,\"image\":{\"@id\":\"https:\\\/\\\/www.fcbarcelonanoticias.com\\\/en\\\/real-madrid\\\/january-the-most-feared-month-for-the-madrid_276543_102.html#primaryimage\"},\"thumbnailUrl\":\"https:\\\/\\\/www.fcbarcelonanoticias.com\\\/en\\\/wp-content\\\/uploads\\\/sites\\\/2\\\/2021\\\/12\\\/real-sociedad-v-real-madrid-cf-la-liga-santander-1.jpeg\",\"keywords\":[\"Getafe CF\"],\"articleSection\":[\"Real Madrid\",\"Real Madrid\"],\"inLanguage\":\"en-US\"},{\"@type\":\"WebPage\",\"@id\":\"https:\\\/\\\/www.fcbarcelonanoticias.com\\\/en\\\/real-madrid\\\/january-the-most-feared-month-for-the-madrid_276543_102.html\",\"url\":\"https:\\\/\\\/www.fcbarcelonanoticias.com\\\/en\\\/real-madrid\\\/january-the-most-feared-month-for-the-madrid_276543_102.html\",\"name\":\"January, the most feared month for the Madrid\",\"isPartOf\":{\"@id\":\"https:\\\/\\\/www.fcbarcelonanoticias.com\\\/en\\\/#website\"},\"primaryImageOfPage\":{\"@id\":\"https:\\\/\\\/www.fcbarcelonanoticias.com\\\/en\\\/real-madrid\\\/january-the-most-feared-month-for-the-madrid_276543_102.html#primaryimage\"},\"image\":{\"@id\":\"https:\\\/\\\/www.fcbarcelonanoticias.com\\\/en\\\/real-madrid\\\/january-the-most-feared-month-for-the-madrid_276543_102.html#primaryimage\"},\"thumbnailUrl\":\"https:\\\/\\\/www.fcbarcelonanoticias.com\\\/en\\\/wp-content\\\/uploads\\\/sites\\\/2\\\/2021\\\/12\\\/real-sociedad-v-real-madrid-cf-la-liga-santander-1.jpeg\",\"datePublished\":\"2022-01-03T14:55:00+00:00\",\"author\":{\"@id\":\"https:\\\/\\\/www.fcbarcelonanoticias.com\\\/en\\\/#\\\/schema\\\/person\\\/c2cd9f6fa1af5c0d0eccd0fefa575c88\"},\"description\":\"A new step in false to begin the year can initiate the disaster merengue, as sucedi\u00f3 in 2015 with Ancelotti in the bench and in 2021, under the or...\",\"breadcrumb\":{\"@id\":\"https:\\\/\\\/www.fcbarcelonanoticias.com\\\/en\\\/real-madrid\\\/january-the-most-feared-month-for-the-madrid_276543_102.html#breadcrumb\"},\"inLanguage\":\"en-US\",\"potentialAction\":[{\"@type\":\"ReadAction\",\"target\":[\"https:\\\/\\\/www.fcbarcelonanoticias.com\\\/en\\\/real-madrid\\\/january-the-most-feared-month-for-the-madrid_276543_102.html\"]}]},{\"@type\":\"ImageObject\",\"inLanguage\":\"en-US\",\"@id\":\"https:\\\/\\\/www.fcbarcelonanoticias.com\\\/en\\\/real-madrid\\\/january-the-most-feared-month-for-the-madrid_276543_102.html#primaryimage\",\"url\":\"https:\\\/\\\/www.fcbarcelonanoticias.com\\\/en\\\/wp-content\\\/uploads\\\/sites\\\/2\\\/2021\\\/12\\\/real-sociedad-v-real-madrid-cf-la-liga-santander-1.jpeg\",\"contentUrl\":\"https:\\\/\\\/www.fcbarcelonanoticias.com\\\/en\\\/wp-content\\\/uploads\\\/sites\\\/2\\\/2021\\\/12\\\/real-sociedad-v-real-madrid-cf-la-liga-santander-1.jpeg\",\"width\":1200,\"height\":734},{\"@type\":\"BreadcrumbList\",\"@id\":\"https:\\\/\\\/www.fcbarcelonanoticias.com\\\/en\\\/real-madrid\\\/january-the-most-feared-month-for-the-madrid_276543_102.html#breadcrumb\",\"itemListElement\":[{\"@type\":\"ListItem\",\"position\":1,\"name\":\"Portada\",\"item\":\"https:\\\/\\\/www.fcbarcelonanoticias.com\\\/en\\\/\"},{\"@type\":\"ListItem\",\"position\":2,\"name\":\"January, the most feared month for Real Madrid\"}]},{\"@type\":\"WebSite\",\"@id\":\"https:\\\/\\\/www.fcbarcelonanoticias.com\\\/en\\\/#website\",\"url\":\"https:\\\/\\\/www.fcbarcelonanoticias.com\\\/en\\\/\",\"name\":\"EN - FC Barcelona Noticias\",\"description\":\"\",\"potentialAction\":[{\"@type\":\"SearchAction\",\"target\":{\"@type\":\"EntryPoint\",\"urlTemplate\":\"https:\\\/\\\/www.fcbarcelonanoticias.com\\\/en\\\/?s={search_term_string}\"},\"query-input\":{\"@type\":\"PropertyValueSpecification\",\"valueRequired\":true,\"valueName\":\"search_term_string\"}}],\"inLanguage\":\"en-US\"},{\"@type\":\"Person\",\"@id\":\"https:\\\/\\\/www.fcbarcelonanoticias.com\\\/en\\\/#\\\/schema\\\/person\\\/c2cd9f6fa1af5c0d0eccd0fefa575c88\",\"name\":\"Andr\u00e9s Quiroz\",\"image\":{\"@type\":\"ImageObject\",\"inLanguage\":\"en-US\",\"@id\":\"https:\\\/\\\/secure.gravatar.com\\\/avatar\\\/?s=96&d=mm&r=g\",\"url\":\"https:\\\/\\\/secure.gravatar.com\\\/avatar\\\/?s=96&d=mm&r=g\",\"contentUrl\":\"https:\\\/\\\/secure.gravatar.com\\\/avatar\\\/?s=96&d=mm&r=g\",\"caption\":\"Andr\u00e9s Quiroz\"},\"description\":\"Licenciado en Periodismo por la Universidad de los Andes. Me encargo de analizar y compartir los contenidos m\u00e1s destacados de la\u00a0actualidad del F\u00fatbol Club Barcelona, Mercado de Fichajes y F\u00fatbol Internacional en FCBN. La informaci\u00f3n es poder, pero tambi\u00e9n conocimiento.\",\"url\":\"https:\\\/\\\/www.fcbarcelonanoticias.com\\\/en\\\/fc-barcelona\\\/andres-quiroz_17_115.html\"}]}<\/script>\n<!-- \/ Yoast SEO plugin. -->","yoast_head_json":{"title":"January, the most feared month for the Madrid","description":"A new step in false to begin the year can initiate the disaster merengue, as sucedi\u00f3 in 2015 with Ancelotti in the bench and in 2021, under the or...","robots":{"index":"index","follow":"follow","max-snippet":"max-snippet:-1","max-image-preview":"max-image-preview:large","max-video-preview":"max-video-preview:-1"},"canonical":"https:\/\/www.fcbarcelonanoticias.com\/en\/real-madrid\/january-the-most-feared-month-for-the-madrid_276543_102.html","og_locale":"en_US","og_type":"article","og_title":"January, the most feared month for the Madrid","og_description":"A new step in false to begin the year can initiate the disaster merengue, as sucedi\u00f3 in 2015 with Ancelotti in the bench and in 2021, under the or...","og_url":"https:\/\/www.fcbarcelonanoticias.com\/en\/real-madrid\/january-the-most-feared-month-for-the-madrid_276543_102.html","og_site_name":"EN - FC Barcelona Noticias","article_published_time":"2022-01-03T14:55:00+00:00","og_image":[{"width":1200,"height":734,"url":"https:\/\/www.fcbarcelonanoticias.com\/en\/wp-content\/uploads\/sites\/2\/2021\/12\/real-sociedad-v-real-madrid-cf-la-liga-santander-1.jpeg","type":"image\/jpeg"}],"author":"Andr\u00e9s Quiroz","twitter_card":"summary_large_image","twitter_misc":{"Written by":"Andr\u00e9s Quiroz","Est. reading time":"3 minutes"},"schema":{"@context":"https:\/\/schema.org","@graph":[{"@type":"Article","@id":"https:\/\/www.fcbarcelonanoticias.com\/en\/real-madrid\/january-the-most-feared-month-for-the-madrid_276543_102.html#article","isPartOf":{"@id":"https:\/\/www.fcbarcelonanoticias.com\/en\/real-madrid\/january-the-most-feared-month-for-the-madrid_276543_102.html"},"author":{"name":"Andr\u00e9s Quiroz","@id":"https:\/\/www.fcbarcelonanoticias.com\/en\/#\/schema\/person\/c2cd9f6fa1af5c0d0eccd0fefa575c88"},"headline":"January, the most feared month for Real Madrid","datePublished":"2022-01-03T14:55:00+00:00","mainEntityOfPage":{"@id":"https:\/\/www.fcbarcelonanoticias.com\/en\/real-madrid\/january-the-most-feared-month-for-the-madrid_276543_102.html"},"wordCount":552,"image":{"@id":"https:\/\/www.fcbarcelonanoticias.com\/en\/real-madrid\/january-the-most-feared-month-for-the-madrid_276543_102.html#primaryimage"},"thumbnailUrl":"https:\/\/www.fcbarcelonanoticias.com\/en\/wp-content\/uploads\/sites\/2\/2021\/12\/real-sociedad-v-real-madrid-cf-la-liga-santander-1.jpeg","keywords":["Getafe CF"],"articleSection":["Real Madrid","Real Madrid"],"inLanguage":"en-US"},{"@type":"WebPage","@id":"https:\/\/www.fcbarcelonanoticias.com\/en\/real-madrid\/january-the-most-feared-month-for-the-madrid_276543_102.html","url":"https:\/\/www.fcbarcelonanoticias.com\/en\/real-madrid\/january-the-most-feared-month-for-the-madrid_276543_102.html","name":"January, the most feared month for the Madrid","isPartOf":{"@id":"https:\/\/www.fcbarcelonanoticias.com\/en\/#website"},"primaryImageOfPage":{"@id":"https:\/\/www.fcbarcelonanoticias.com\/en\/real-madrid\/january-the-most-feared-month-for-the-madrid_276543_102.html#primaryimage"},"image":{"@id":"https:\/\/www.fcbarcelonanoticias.com\/en\/real-madrid\/january-the-most-feared-month-for-the-madrid_276543_102.html#primaryimage"},"thumbnailUrl":"https:\/\/www.fcbarcelonanoticias.com\/en\/wp-content\/uploads\/sites\/2\/2021\/12\/real-sociedad-v-real-madrid-cf-la-liga-santander-1.jpeg","datePublished":"2022-01-03T14:55:00+00:00","author":{"@id":"https:\/\/www.fcbarcelonanoticias.com\/en\/#\/schema\/person\/c2cd9f6fa1af5c0d0eccd0fefa575c88"},"description":"A new step in false to begin the year can initiate the disaster merengue, as sucedi\u00f3 in 2015 with Ancelotti in the bench and in 2021, under the or...","breadcrumb":{"@id":"https:\/\/www.fcbarcelonanoticias.com\/en\/real-madrid\/january-the-most-feared-month-for-the-madrid_276543_102.html#breadcrumb"},"inLanguage":"en-US","potentialAction":[{"@type":"ReadAction","target":["https:\/\/www.fcbarcelonanoticias.com\/en\/real-madrid\/january-the-most-feared-month-for-the-madrid_276543_102.html"]}]},{"@type":"ImageObject","inLanguage":"en-US","@id":"https:\/\/www.fcbarcelonanoticias.com\/en\/real-madrid\/january-the-most-feared-month-for-the-madrid_276543_102.html#primaryimage","url":"https:\/\/www.fcbarcelonanoticias.com\/en\/wp-content\/uploads\/sites\/2\/2021\/12\/real-sociedad-v-real-madrid-cf-la-liga-santander-1.jpeg","contentUrl":"https:\/\/www.fcbarcelonanoticias.com\/en\/wp-content\/uploads\/sites\/2\/2021\/12\/real-sociedad-v-real-madrid-cf-la-liga-santander-1.jpeg","width":1200,"height":734},{"@type":"BreadcrumbList","@id":"https:\/\/www.fcbarcelonanoticias.com\/en\/real-madrid\/january-the-most-feared-month-for-the-madrid_276543_102.html#breadcrumb","itemListElement":[{"@type":"ListItem","position":1,"name":"Portada","item":"https:\/\/www.fcbarcelonanoticias.com\/en\/"},{"@type":"ListItem","position":2,"name":"January, the most feared month for Real Madrid"}]},{"@type":"WebSite","@id":"https:\/\/www.fcbarcelonanoticias.com\/en\/#website","url":"https:\/\/www.fcbarcelonanoticias.com\/en\/","name":"EN - FC Barcelona Noticias","description":"","potentialAction":[{"@type":"SearchAction","target":{"@type":"EntryPoint","urlTemplate":"https:\/\/www.fcbarcelonanoticias.com\/en\/?s={search_term_string}"},"query-input":{"@type":"PropertyValueSpecification","valueRequired":true,"valueName":"search_term_string"}}],"inLanguage":"en-US"},{"@type":"Person","@id":"https:\/\/www.fcbarcelonanoticias.com\/en\/#\/schema\/person\/c2cd9f6fa1af5c0d0eccd0fefa575c88","name":"Andr\u00e9s Quiroz","image":{"@type":"ImageObject","inLanguage":"en-US","@id":"https:\/\/secure.gravatar.com\/avatar\/?s=96&d=mm&r=g","url":"https:\/\/secure.gravatar.com\/avatar\/?s=96&d=mm&r=g","contentUrl":"https:\/\/secure.gravatar.com\/avatar\/?s=96&d=mm&r=g","caption":"Andr\u00e9s Quiroz"},"description":"Licenciado en Periodismo por la Universidad de los Andes. Me encargo de analizar y compartir los contenidos m\u00e1s destacados de la\u00a0actualidad del F\u00fatbol Club Barcelona, Mercado de Fichajes y F\u00fatbol Internacional en FCBN. La informaci\u00f3n es poder, pero tambi\u00e9n conocimiento.","url":"https:\/\/www.fcbarcelonanoticias.com\/en\/fc-barcelona\/andres-quiroz_17_115.html"}]}},"_links":{"self":[{"href":"https:\/\/www.fcbarcelonanoticias.com\/en\/wp-json\/wp\/v2\/posts\/83022","targetHints":{"allow":["GET"]}}],"collection":[{"href":"https:\/\/www.fcbarcelonanoticias.com\/en\/wp-json\/wp\/v2\/posts"}],"about":[{"href":"https:\/\/www.fcbarcelonanoticias.com\/en\/wp-json\/wp\/v2\/types\/post"}],"author":[{"embeddable":true,"href":"https:\/\/www.fcbarcelonanoticias.com\/en\/wp-json\/wp\/v2\/users\/347"}],"replies":[{"embeddable":true,"href":"https:\/\/www.fcbarcelonanoticias.com\/en\/wp-json\/wp\/v2\/comments?post=83022"}],"version-history":[{"count":1,"href":"https:\/\/www.fcbarcelonanoticias.com\/en\/wp-json\/wp\/v2\/posts\/83022\/revisions"}],"predecessor-version":[{"id":83023,"href":"https:\/\/www.fcbarcelonanoticias.com\/en\/wp-json\/wp\/v2\/posts\/83022\/revisions\/83023"}],"wp:featuredmedia":[{"embeddable":true,"href":"https:\/\/www.fcbarcelonanoticias.com\/en\/wp-json\/wp\/v2\/media\/82925"}],"wp:attachment":[{"href":"https:\/\/www.fcbarcelonanoticias.com\/en\/wp-json\/wp\/v2\/media?parent=83022"}],"wp:term":[{"taxonomy":"category","embeddable":true,"href":"https:\/\/www.fcbarcelonanoticias.com\/en\/wp-json\/wp\/v2\/categories?post=83022"},{"taxonomy":"post_tag","embeddable":true,"href":"https:\/\/www.fcbarcelonanoticias.com\/en\/wp-json\/wp\/v2\/tags?post=83022"}],"curies":[{"name":"wp","href":"https:\/\/api.w.org\/{rel}","templated":true}]}}