{"id":83073,"date":"2024-05-11T23:02:00","date_gmt":"2024-05-11T21:02:00","guid":{"rendered":"https:\/\/weisetech.dev\/fc-barcelona-noticias\/en\/ancelotti-gives-the-face-by-vinicius-after-the-racist-attacks_288235_102\/"},"modified":"2024-05-11T23:03:00","modified_gmt":"2024-05-11T21:03:00","slug":"ancelotti-raisin-to-speak-of-the-possible-arrival-of-mbappe-to-the-madrid-and-surrender-in-front-of-burn-guler_303438_102","status":"publish","type":"post","link":"https:\/\/www.fcbarcelonanoticias.com\/en\/real-madrid\/ancelotti-raisin-to-speak-of-the-possible-arrival-of-mbappe-to-the-madrid-and-surrender-in-front-of-burn-guler_303438_102.html","title":{"rendered":"Ancelotti &#8216;passes&#8217; from talking about the possible arrival of Mbapp\u00e9 and &#8216;gives up&#8217; to Arda G\u00fcler"},"content":{"rendered":"<h2 class=\"wp-block-heading\">Carlo Ancelotti, faithful to his principles, has once again avoided talking about the future of Kylian Mbapp\u00e9 and his possible arrival at Real Madrid this summer. However, he enthusiastically praised Arda G\u00fcler, who had an outstanding match against Granada CF<\/h2>  \r\n<div class=\"article-addons\">\r\n    <a href=\"https:\/\/www.fcbarcelonanoticias.com\/en\/calendar-fc-barcelona.html\"\r\n       target=\"_self\"\r\n       title=\"Calendar of FC Barcelona\"\r\n       class=\"blue-gredient-btn\">\r\n       \r\n        Calendar of FC Barcelona    <\/a>\r\n<\/div>   <p>Carlo Ancelotti appeared in the back press conference to the commitment, after the conclusive victory of the Real Madrid by 0-4 in front of the Granada CF, that already has descended. The targets fell courtesy of Fran Garc\u00eda (38&#8242;), Arda G\u00fcler (45+2&#8242;) and Brahim D\u00edaz, the one who marked in duplicate (49&#8242; and 58&#8242;). During his intervention, &#8216;Carletto&#8217;<strong> was mainly questioned on the possible incorporation of Kylian Mbapp\u00e9 to the combined merengue in next summer<\/strong>. Besides, the Italian trainer elogi\u00f3 the good exert of Arda G\u00fcler and how is taking advantage of the minutes in the field.<\/p>  <p>In this sense, the native of Reggiolo showed evasive with regard to the subject of &#8216;Donatello&#8217; and his possible incorporation to the combined of Chamart\u00edn in the next market estival, that is being very argued at present. The Friday, <a data-external=\"0\" data-intl-links-en=\"https:\/\/www.fcbarcelonanoticias.com\/en\/transfers\/official-kylian-mbappe-announces-his-goodbye-to-the-psg_303399_102.html\" data-intl-links-es=\"https:\/\/www.fcbarcelonanoticias.com\/fichajes\/oficial-kylian-mbappe-anuncia-su-adios-psg_303399_102.html\" href=\"https:\/\/www.fcbarcelonanoticias.com\/en\/transfers\/official-kylian-mbappe-announces-his-goodbye-to-the-psg_303399_102.html\" rel=\"follow\" target=\"_self\" title=\"OFICIAL: \u00a1Kylian Mbapp\u00e9 anuncia su adi\u00f3s al PSG!\">the French star confirmed his exit of Paris Saint-Germain to the term of this season<\/a> through a video in his social networks, although it did not reveal which will be his next destination futbol\u00edstico. Ancelotti esquiv\u00f3 The subject saying: &#8220;<strong>it Is a subject that do not take into account in this moment. Have a lot of things that do: today we played and we do not see the hour to celebrate morning with the fans. And afterwards, a lot of parties. Until 1 June have very clear in what we have to pensa<\/strong>r&#8221;.<\/p>  <p>Besides, when speaking of the future of the exjugador of the Monaco, &#8216;Carletto&#8217; also denied to comment on the statement that expressed recently the president of France, Emmanuel Macron, will urge to the Real Madrid to overlook <a data-external=\"0\" data-intl-links-en=\"https:\/\/www.fcbarcelonanoticias.com\/en\/transfers\/indirect-to-florentino-macron-once-again-makes-clear-his-desire-for-kylian-mbappe_303259_102.html\" data-intl-links-es=\"https:\/\/www.fcbarcelonanoticias.com\/fichajes\/indirecta-florentino-macron-vuelve-dejar-claro-su-deseo-con-kylian-mbappe_303259_102.html\" href=\"https:\/\/www.fcbarcelonanoticias.com\/en\/transfers\/indirect-to-florentino-macron-once-again-makes-clear-his-desire-for-kylian-mbappe_303259_102.html\" rel=\"follow\" target=\"_self\" title=\"\u00bfIndirecta a Florentino? Macron vuelve a dejar claro su deseo con Kylian Mbapp\u00e9\">the restriction imposed to the French players to participate in the Olympic games<\/a>, what would translate in that <strong>if the combined merengue finish doing of the services of the leading Frenchman, could not play in the competition<\/strong>. Ancelotti Sentenced: &#8220;I do not have&#8230; pufff&#8230; I can not comment what says the president of France, do not have right to do it&#8221;.<\/p>  <h2>Carlo Ancelotti &#8216;surrendered&#8217; in front of the talent of Arda G\u00fcler<\/h2>  <p>To close, &#8216;Carletto&#8217; did not want to leave to mention <a data-external=\"0\" data-intl-links-en=\"https:\/\/www.fcbarcelonanoticias.com\/en\/laliga\/arda-guler-again-scoring-continues-claiming-ancelotti_303433_102.html\" data-intl-links-es=\"https:\/\/www.fcbarcelonanoticias.com\/laliga\/arda-guler-vuelve-marcar-sigue-reivindicandose-ancelotti_303433_102.html\" href=\"https:\/\/www.fcbarcelonanoticias.com\/en\/laliga\/arda-guler-again-scoring-continues-claiming-ancelotti_303433_102.html\" rel=\"follow\" target=\"_self\" title=\"Arda G\u00fcler vuelve a marcar y sigue reivindic\u00e1ndose ante Ancelotti\">the big party that did Arda G\u00fcler against the Granada<\/a>, annotating a goal and giving an assistance. This shows that the otomano can take advantage of all the opportunities that the m\u00edster Italian is offering him in this final stretch of the season, augur\u00e1ndole a good future like player of the Real Madrid, since it still has not reached his potential maximum. Ancelotti asever\u00f3: &#8220;<strong>Still it does not know , because it is very young. But it is showing a fantastic talent, has a lot of effectiveness and treasures speed. I do not know which is his ceiling, is difficult to say it to day of today, but possesses a natural talent and is doing it very well<\/strong>&#8220;.<\/p> ","protected":false},"excerpt":{"rendered":"<p>Carlo Ancelotti, faithful to his principles, has once again avoided talking about the future of Kylian Mbapp\u00e9 and his possible arrival at Real Madrid this summer. However, he enthusiastically praised Arda G\u00fcler, who had an outstanding match against Granada CF Carlo Ancelotti appeared in the back press conference to the commitment, after the conclusive victory [&hellip;]<\/p>\n","protected":false},"author":355,"featured_media":83080,"comment_status":"closed","ping_status":"open","sticky":false,"template":"","format":"standard","meta":{"_acf_changed":false,"inline_featured_image":false,"_nextfly_llmd_date_locked":false,"footnotes":""},"categories":[450,119],"tags":[73,171],"class_list":["post-83073","post","type-post","status-publish","format-standard","has-post-thumbnail","hentry","category-real-madrid-2","category-real-madrid","tag-granada-cf","tag-mbappe"],"acf":[],"yoast_head":"<!-- This site is optimized with the Yoast SEO plugin v27.3 - https:\/\/yoast.com\/product\/yoast-seo-wordpress\/ -->\n<title>Ancelotti &#039;passes&#039; from talking about the possible arrival of Mbapp\u00e9 and &#039;gives up&#039; to Arda G\u00fcler<\/title>\n<meta name=\"description\" content=\"Carlo Ancelotti, faithful to his principles, has once again avoided talking about the future of Kylian Mbapp\u00e9 and his possible arrival at Real Madrid this summer. However, he enthusiastically praised Arda G\u00fcler, who had an outstanding match against Granada CF\" \/>\n<meta name=\"robots\" content=\"index, follow, max-snippet:-1, max-image-preview:large, max-video-preview:-1\" \/>\n<link rel=\"canonical\" href=\"https:\/\/www.fcbarcelonanoticias.com\/en\/real-madrid\/ancelotti-raisin-to-speak-of-the-possible-arrival-of-mbappe-to-the-madrid-and-surrender-in-front-of-burn-guler_303438_102.html\" \/>\n<meta property=\"og:locale\" content=\"en_US\" \/>\n<meta property=\"og:type\" content=\"article\" \/>\n<meta property=\"og:title\" content=\"Ancelotti &#039;passes&#039; from talking about the possible arrival of Mbapp\u00e9 and &#039;gives up&#039; to Arda G\u00fcler\" \/>\n<meta property=\"og:description\" content=\"Carlo Ancelotti, faithful to his principles, has once again avoided talking about the future of Kylian Mbapp\u00e9 and his possible arrival at Real Madrid this summer. However, he enthusiastically praised Arda G\u00fcler, who had an outstanding match against Granada CF\" \/>\n<meta property=\"og:url\" content=\"https:\/\/www.fcbarcelonanoticias.com\/en\/real-madrid\/ancelotti-raisin-to-speak-of-the-possible-arrival-of-mbappe-to-the-madrid-and-surrender-in-front-of-burn-guler_303438_102.html\" \/>\n<meta property=\"og:site_name\" content=\"EN - FC Barcelona Noticias\" \/>\n<meta property=\"article:published_time\" content=\"2024-05-11T21:02:00+00:00\" \/>\n<meta property=\"article:modified_time\" content=\"2024-05-11T21:03:00+00:00\" \/>\n<meta property=\"og:image\" content=\"https:\/\/www.fcbarcelonanoticias.com\/en\/wp-content\/uploads\/sites\/2\/2024\/05\/carlo-ancelotti-en-el-duelo-entre-el-granada-cf-y-el-real-madrid-en-laliga-ea-sports.png\" \/>\n\t<meta property=\"og:image:width\" content=\"1300\" \/>\n\t<meta property=\"og:image:height\" content=\"732\" \/>\n\t<meta property=\"og:image:type\" content=\"image\/png\" \/>\n<meta name=\"author\" content=\"Kevin G\u00f3mez\" \/>\n<meta name=\"twitter:card\" content=\"summary_large_image\" \/>\n<meta name=\"twitter:label1\" content=\"Written by\" \/>\n\t<meta name=\"twitter:data1\" content=\"Kevin G\u00f3mez\" \/>\n\t<meta name=\"twitter:label2\" content=\"Est. reading time\" \/>\n\t<meta name=\"twitter:data2\" content=\"3 minutes\" \/>\n<script type=\"application\/ld+json\" class=\"yoast-schema-graph\">{\"@context\":\"https:\\\/\\\/schema.org\",\"@graph\":[{\"@type\":\"Article\",\"@id\":\"https:\\\/\\\/www.fcbarcelonanoticias.com\\\/en\\\/real-madrid\\\/ancelotti-raisin-to-speak-of-the-possible-arrival-of-mbappe-to-the-madrid-and-surrender-in-front-of-burn-guler_303438_102.html#article\",\"isPartOf\":{\"@id\":\"https:\\\/\\\/www.fcbarcelonanoticias.com\\\/en\\\/real-madrid\\\/ancelotti-raisin-to-speak-of-the-possible-arrival-of-mbappe-to-the-madrid-and-surrender-in-front-of-burn-guler_303438_102.html\"},\"author\":{\"name\":\"Kevin G\u00f3mez\",\"@id\":\"https:\\\/\\\/www.fcbarcelonanoticias.com\\\/en\\\/#\\\/schema\\\/person\\\/991443f134df9a64c6874f96ff984c9d\"},\"headline\":\"Ancelotti &#8216;passes&#8217; from talking about the possible arrival of Mbapp\u00e9 and &#8216;gives up&#8217; to Arda G\u00fcler\",\"datePublished\":\"2024-05-11T21:02:00+00:00\",\"dateModified\":\"2024-05-11T21:03:00+00:00\",\"mainEntityOfPage\":{\"@id\":\"https:\\\/\\\/www.fcbarcelonanoticias.com\\\/en\\\/real-madrid\\\/ancelotti-raisin-to-speak-of-the-possible-arrival-of-mbappe-to-the-madrid-and-surrender-in-front-of-burn-guler_303438_102.html\"},\"wordCount\":528,\"image\":{\"@id\":\"https:\\\/\\\/www.fcbarcelonanoticias.com\\\/en\\\/real-madrid\\\/ancelotti-raisin-to-speak-of-the-possible-arrival-of-mbappe-to-the-madrid-and-surrender-in-front-of-burn-guler_303438_102.html#primaryimage\"},\"thumbnailUrl\":\"https:\\\/\\\/www.fcbarcelonanoticias.com\\\/en\\\/wp-content\\\/uploads\\\/sites\\\/2\\\/2024\\\/05\\\/carlo-ancelotti-en-el-duelo-entre-el-granada-cf-y-el-real-madrid-en-laliga-ea-sports.png\",\"keywords\":[\"Granada CF\",\"Mbapp\u00e9\"],\"articleSection\":[\"Real Madrid\",\"Real Madrid\"],\"inLanguage\":\"en-US\"},{\"@type\":\"WebPage\",\"@id\":\"https:\\\/\\\/www.fcbarcelonanoticias.com\\\/en\\\/real-madrid\\\/ancelotti-raisin-to-speak-of-the-possible-arrival-of-mbappe-to-the-madrid-and-surrender-in-front-of-burn-guler_303438_102.html\",\"url\":\"https:\\\/\\\/www.fcbarcelonanoticias.com\\\/en\\\/real-madrid\\\/ancelotti-raisin-to-speak-of-the-possible-arrival-of-mbappe-to-the-madrid-and-surrender-in-front-of-burn-guler_303438_102.html\",\"name\":\"Ancelotti 'passes' from talking about the possible arrival of Mbapp\u00e9 and 'gives up' to Arda G\u00fcler\",\"isPartOf\":{\"@id\":\"https:\\\/\\\/www.fcbarcelonanoticias.com\\\/en\\\/#website\"},\"primaryImageOfPage\":{\"@id\":\"https:\\\/\\\/www.fcbarcelonanoticias.com\\\/en\\\/real-madrid\\\/ancelotti-raisin-to-speak-of-the-possible-arrival-of-mbappe-to-the-madrid-and-surrender-in-front-of-burn-guler_303438_102.html#primaryimage\"},\"image\":{\"@id\":\"https:\\\/\\\/www.fcbarcelonanoticias.com\\\/en\\\/real-madrid\\\/ancelotti-raisin-to-speak-of-the-possible-arrival-of-mbappe-to-the-madrid-and-surrender-in-front-of-burn-guler_303438_102.html#primaryimage\"},\"thumbnailUrl\":\"https:\\\/\\\/www.fcbarcelonanoticias.com\\\/en\\\/wp-content\\\/uploads\\\/sites\\\/2\\\/2024\\\/05\\\/carlo-ancelotti-en-el-duelo-entre-el-granada-cf-y-el-real-madrid-en-laliga-ea-sports.png\",\"datePublished\":\"2024-05-11T21:02:00+00:00\",\"dateModified\":\"2024-05-11T21:03:00+00:00\",\"author\":{\"@id\":\"https:\\\/\\\/www.fcbarcelonanoticias.com\\\/en\\\/#\\\/schema\\\/person\\\/991443f134df9a64c6874f96ff984c9d\"},\"description\":\"Carlo Ancelotti, faithful to his principles, has once again avoided talking about the future of Kylian Mbapp\u00e9 and his possible arrival at Real Madrid this summer. However, he enthusiastically praised Arda G\u00fcler, who had an outstanding match against Granada CF\",\"breadcrumb\":{\"@id\":\"https:\\\/\\\/www.fcbarcelonanoticias.com\\\/en\\\/real-madrid\\\/ancelotti-raisin-to-speak-of-the-possible-arrival-of-mbappe-to-the-madrid-and-surrender-in-front-of-burn-guler_303438_102.html#breadcrumb\"},\"inLanguage\":\"en-US\",\"potentialAction\":[{\"@type\":\"ReadAction\",\"target\":[\"https:\\\/\\\/www.fcbarcelonanoticias.com\\\/en\\\/real-madrid\\\/ancelotti-raisin-to-speak-of-the-possible-arrival-of-mbappe-to-the-madrid-and-surrender-in-front-of-burn-guler_303438_102.html\"]}]},{\"@type\":\"ImageObject\",\"inLanguage\":\"en-US\",\"@id\":\"https:\\\/\\\/www.fcbarcelonanoticias.com\\\/en\\\/real-madrid\\\/ancelotti-raisin-to-speak-of-the-possible-arrival-of-mbappe-to-the-madrid-and-surrender-in-front-of-burn-guler_303438_102.html#primaryimage\",\"url\":\"https:\\\/\\\/www.fcbarcelonanoticias.com\\\/en\\\/wp-content\\\/uploads\\\/sites\\\/2\\\/2024\\\/05\\\/carlo-ancelotti-en-el-duelo-entre-el-granada-cf-y-el-real-madrid-en-laliga-ea-sports.png\",\"contentUrl\":\"https:\\\/\\\/www.fcbarcelonanoticias.com\\\/en\\\/wp-content\\\/uploads\\\/sites\\\/2\\\/2024\\\/05\\\/carlo-ancelotti-en-el-duelo-entre-el-granada-cf-y-el-real-madrid-en-laliga-ea-sports.png\",\"width\":1300,\"height\":732},{\"@type\":\"BreadcrumbList\",\"@id\":\"https:\\\/\\\/www.fcbarcelonanoticias.com\\\/en\\\/real-madrid\\\/ancelotti-raisin-to-speak-of-the-possible-arrival-of-mbappe-to-the-madrid-and-surrender-in-front-of-burn-guler_303438_102.html#breadcrumb\",\"itemListElement\":[{\"@type\":\"ListItem\",\"position\":1,\"name\":\"Portada\",\"item\":\"https:\\\/\\\/www.fcbarcelonanoticias.com\\\/en\\\/\"},{\"@type\":\"ListItem\",\"position\":2,\"name\":\"Ancelotti &#8216;passes&#8217; from talking about the possible arrival of Mbapp\u00e9 and &#8216;gives up&#8217; to Arda G\u00fcler\"}]},{\"@type\":\"WebSite\",\"@id\":\"https:\\\/\\\/www.fcbarcelonanoticias.com\\\/en\\\/#website\",\"url\":\"https:\\\/\\\/www.fcbarcelonanoticias.com\\\/en\\\/\",\"name\":\"EN - FC Barcelona Noticias\",\"description\":\"\",\"potentialAction\":[{\"@type\":\"SearchAction\",\"target\":{\"@type\":\"EntryPoint\",\"urlTemplate\":\"https:\\\/\\\/www.fcbarcelonanoticias.com\\\/en\\\/?s={search_term_string}\"},\"query-input\":{\"@type\":\"PropertyValueSpecification\",\"valueRequired\":true,\"valueName\":\"search_term_string\"}}],\"inLanguage\":\"en-US\"},{\"@type\":\"Person\",\"@id\":\"https:\\\/\\\/www.fcbarcelonanoticias.com\\\/en\\\/#\\\/schema\\\/person\\\/991443f134df9a64c6874f96ff984c9d\",\"name\":\"Kevin G\u00f3mez\",\"image\":{\"@type\":\"ImageObject\",\"inLanguage\":\"en-US\",\"@id\":\"https:\\\/\\\/secure.gravatar.com\\\/avatar\\\/?s=96&d=mm&r=g\",\"url\":\"https:\\\/\\\/secure.gravatar.com\\\/avatar\\\/?s=96&d=mm&r=g\",\"contentUrl\":\"https:\\\/\\\/secure.gravatar.com\\\/avatar\\\/?s=96&d=mm&r=g\",\"caption\":\"Kevin G\u00f3mez\"},\"description\":\"Licenciado\u00a0en Periodismo y Comunicaci\u00f3n Audiovisual. Redactor en FCBN responsable de cubrir toda\u00a0la informaci\u00f3n del FC Barcelona y las principales competiciones de\u00a0f\u00fatbol.\",\"url\":\"https:\\\/\\\/www.fcbarcelonanoticias.com\\\/en\\\/jugadores\\\/kevin-gomez_23_115.html\"}]}<\/script>\n<!-- \/ Yoast SEO plugin. -->","yoast_head_json":{"title":"Ancelotti 'passes' from talking about the possible arrival of Mbapp\u00e9 and 'gives up' to Arda G\u00fcler","description":"Carlo Ancelotti, faithful to his principles, has once again avoided talking about the future of Kylian Mbapp\u00e9 and his possible arrival at Real Madrid this summer. However, he enthusiastically praised Arda G\u00fcler, who had an outstanding match against Granada CF","robots":{"index":"index","follow":"follow","max-snippet":"max-snippet:-1","max-image-preview":"max-image-preview:large","max-video-preview":"max-video-preview:-1"},"canonical":"https:\/\/www.fcbarcelonanoticias.com\/en\/real-madrid\/ancelotti-raisin-to-speak-of-the-possible-arrival-of-mbappe-to-the-madrid-and-surrender-in-front-of-burn-guler_303438_102.html","og_locale":"en_US","og_type":"article","og_title":"Ancelotti 'passes' from talking about the possible arrival of Mbapp\u00e9 and 'gives up' to Arda G\u00fcler","og_description":"Carlo Ancelotti, faithful to his principles, has once again avoided talking about the future of Kylian Mbapp\u00e9 and his possible arrival at Real Madrid this summer. However, he enthusiastically praised Arda G\u00fcler, who had an outstanding match against Granada CF","og_url":"https:\/\/www.fcbarcelonanoticias.com\/en\/real-madrid\/ancelotti-raisin-to-speak-of-the-possible-arrival-of-mbappe-to-the-madrid-and-surrender-in-front-of-burn-guler_303438_102.html","og_site_name":"EN - FC Barcelona Noticias","article_published_time":"2024-05-11T21:02:00+00:00","article_modified_time":"2024-05-11T21:03:00+00:00","og_image":[{"width":1300,"height":732,"url":"https:\/\/www.fcbarcelonanoticias.com\/en\/wp-content\/uploads\/sites\/2\/2024\/05\/carlo-ancelotti-en-el-duelo-entre-el-granada-cf-y-el-real-madrid-en-laliga-ea-sports.png","type":"image\/png"}],"author":"Kevin G\u00f3mez","twitter_card":"summary_large_image","twitter_misc":{"Written by":"Kevin G\u00f3mez","Est. reading time":"3 minutes"},"schema":{"@context":"https:\/\/schema.org","@graph":[{"@type":"Article","@id":"https:\/\/www.fcbarcelonanoticias.com\/en\/real-madrid\/ancelotti-raisin-to-speak-of-the-possible-arrival-of-mbappe-to-the-madrid-and-surrender-in-front-of-burn-guler_303438_102.html#article","isPartOf":{"@id":"https:\/\/www.fcbarcelonanoticias.com\/en\/real-madrid\/ancelotti-raisin-to-speak-of-the-possible-arrival-of-mbappe-to-the-madrid-and-surrender-in-front-of-burn-guler_303438_102.html"},"author":{"name":"Kevin G\u00f3mez","@id":"https:\/\/www.fcbarcelonanoticias.com\/en\/#\/schema\/person\/991443f134df9a64c6874f96ff984c9d"},"headline":"Ancelotti &#8216;passes&#8217; from talking about the possible arrival of Mbapp\u00e9 and &#8216;gives up&#8217; to Arda G\u00fcler","datePublished":"2024-05-11T21:02:00+00:00","dateModified":"2024-05-11T21:03:00+00:00","mainEntityOfPage":{"@id":"https:\/\/www.fcbarcelonanoticias.com\/en\/real-madrid\/ancelotti-raisin-to-speak-of-the-possible-arrival-of-mbappe-to-the-madrid-and-surrender-in-front-of-burn-guler_303438_102.html"},"wordCount":528,"image":{"@id":"https:\/\/www.fcbarcelonanoticias.com\/en\/real-madrid\/ancelotti-raisin-to-speak-of-the-possible-arrival-of-mbappe-to-the-madrid-and-surrender-in-front-of-burn-guler_303438_102.html#primaryimage"},"thumbnailUrl":"https:\/\/www.fcbarcelonanoticias.com\/en\/wp-content\/uploads\/sites\/2\/2024\/05\/carlo-ancelotti-en-el-duelo-entre-el-granada-cf-y-el-real-madrid-en-laliga-ea-sports.png","keywords":["Granada CF","Mbapp\u00e9"],"articleSection":["Real Madrid","Real Madrid"],"inLanguage":"en-US"},{"@type":"WebPage","@id":"https:\/\/www.fcbarcelonanoticias.com\/en\/real-madrid\/ancelotti-raisin-to-speak-of-the-possible-arrival-of-mbappe-to-the-madrid-and-surrender-in-front-of-burn-guler_303438_102.html","url":"https:\/\/www.fcbarcelonanoticias.com\/en\/real-madrid\/ancelotti-raisin-to-speak-of-the-possible-arrival-of-mbappe-to-the-madrid-and-surrender-in-front-of-burn-guler_303438_102.html","name":"Ancelotti 'passes' from talking about the possible arrival of Mbapp\u00e9 and 'gives up' to Arda G\u00fcler","isPartOf":{"@id":"https:\/\/www.fcbarcelonanoticias.com\/en\/#website"},"primaryImageOfPage":{"@id":"https:\/\/www.fcbarcelonanoticias.com\/en\/real-madrid\/ancelotti-raisin-to-speak-of-the-possible-arrival-of-mbappe-to-the-madrid-and-surrender-in-front-of-burn-guler_303438_102.html#primaryimage"},"image":{"@id":"https:\/\/www.fcbarcelonanoticias.com\/en\/real-madrid\/ancelotti-raisin-to-speak-of-the-possible-arrival-of-mbappe-to-the-madrid-and-surrender-in-front-of-burn-guler_303438_102.html#primaryimage"},"thumbnailUrl":"https:\/\/www.fcbarcelonanoticias.com\/en\/wp-content\/uploads\/sites\/2\/2024\/05\/carlo-ancelotti-en-el-duelo-entre-el-granada-cf-y-el-real-madrid-en-laliga-ea-sports.png","datePublished":"2024-05-11T21:02:00+00:00","dateModified":"2024-05-11T21:03:00+00:00","author":{"@id":"https:\/\/www.fcbarcelonanoticias.com\/en\/#\/schema\/person\/991443f134df9a64c6874f96ff984c9d"},"description":"Carlo Ancelotti, faithful to his principles, has once again avoided talking about the future of Kylian Mbapp\u00e9 and his possible arrival at Real Madrid this summer. However, he enthusiastically praised Arda G\u00fcler, who had an outstanding match against Granada CF","breadcrumb":{"@id":"https:\/\/www.fcbarcelonanoticias.com\/en\/real-madrid\/ancelotti-raisin-to-speak-of-the-possible-arrival-of-mbappe-to-the-madrid-and-surrender-in-front-of-burn-guler_303438_102.html#breadcrumb"},"inLanguage":"en-US","potentialAction":[{"@type":"ReadAction","target":["https:\/\/www.fcbarcelonanoticias.com\/en\/real-madrid\/ancelotti-raisin-to-speak-of-the-possible-arrival-of-mbappe-to-the-madrid-and-surrender-in-front-of-burn-guler_303438_102.html"]}]},{"@type":"ImageObject","inLanguage":"en-US","@id":"https:\/\/www.fcbarcelonanoticias.com\/en\/real-madrid\/ancelotti-raisin-to-speak-of-the-possible-arrival-of-mbappe-to-the-madrid-and-surrender-in-front-of-burn-guler_303438_102.html#primaryimage","url":"https:\/\/www.fcbarcelonanoticias.com\/en\/wp-content\/uploads\/sites\/2\/2024\/05\/carlo-ancelotti-en-el-duelo-entre-el-granada-cf-y-el-real-madrid-en-laliga-ea-sports.png","contentUrl":"https:\/\/www.fcbarcelonanoticias.com\/en\/wp-content\/uploads\/sites\/2\/2024\/05\/carlo-ancelotti-en-el-duelo-entre-el-granada-cf-y-el-real-madrid-en-laliga-ea-sports.png","width":1300,"height":732},{"@type":"BreadcrumbList","@id":"https:\/\/www.fcbarcelonanoticias.com\/en\/real-madrid\/ancelotti-raisin-to-speak-of-the-possible-arrival-of-mbappe-to-the-madrid-and-surrender-in-front-of-burn-guler_303438_102.html#breadcrumb","itemListElement":[{"@type":"ListItem","position":1,"name":"Portada","item":"https:\/\/www.fcbarcelonanoticias.com\/en\/"},{"@type":"ListItem","position":2,"name":"Ancelotti &#8216;passes&#8217; from talking about the possible arrival of Mbapp\u00e9 and &#8216;gives up&#8217; to Arda G\u00fcler"}]},{"@type":"WebSite","@id":"https:\/\/www.fcbarcelonanoticias.com\/en\/#website","url":"https:\/\/www.fcbarcelonanoticias.com\/en\/","name":"EN - FC Barcelona Noticias","description":"","potentialAction":[{"@type":"SearchAction","target":{"@type":"EntryPoint","urlTemplate":"https:\/\/www.fcbarcelonanoticias.com\/en\/?s={search_term_string}"},"query-input":{"@type":"PropertyValueSpecification","valueRequired":true,"valueName":"search_term_string"}}],"inLanguage":"en-US"},{"@type":"Person","@id":"https:\/\/www.fcbarcelonanoticias.com\/en\/#\/schema\/person\/991443f134df9a64c6874f96ff984c9d","name":"Kevin G\u00f3mez","image":{"@type":"ImageObject","inLanguage":"en-US","@id":"https:\/\/secure.gravatar.com\/avatar\/?s=96&d=mm&r=g","url":"https:\/\/secure.gravatar.com\/avatar\/?s=96&d=mm&r=g","contentUrl":"https:\/\/secure.gravatar.com\/avatar\/?s=96&d=mm&r=g","caption":"Kevin G\u00f3mez"},"description":"Licenciado\u00a0en Periodismo y Comunicaci\u00f3n Audiovisual. Redactor en FCBN responsable de cubrir toda\u00a0la informaci\u00f3n del FC Barcelona y las principales competiciones de\u00a0f\u00fatbol.","url":"https:\/\/www.fcbarcelonanoticias.com\/en\/jugadores\/kevin-gomez_23_115.html"}]}},"_links":{"self":[{"href":"https:\/\/www.fcbarcelonanoticias.com\/en\/wp-json\/wp\/v2\/posts\/83073","targetHints":{"allow":["GET"]}}],"collection":[{"href":"https:\/\/www.fcbarcelonanoticias.com\/en\/wp-json\/wp\/v2\/posts"}],"about":[{"href":"https:\/\/www.fcbarcelonanoticias.com\/en\/wp-json\/wp\/v2\/types\/post"}],"author":[{"embeddable":true,"href":"https:\/\/www.fcbarcelonanoticias.com\/en\/wp-json\/wp\/v2\/users\/355"}],"replies":[{"embeddable":true,"href":"https:\/\/www.fcbarcelonanoticias.com\/en\/wp-json\/wp\/v2\/comments?post=83073"}],"version-history":[{"count":2,"href":"https:\/\/www.fcbarcelonanoticias.com\/en\/wp-json\/wp\/v2\/posts\/83073\/revisions"}],"predecessor-version":[{"id":83075,"href":"https:\/\/www.fcbarcelonanoticias.com\/en\/wp-json\/wp\/v2\/posts\/83073\/revisions\/83075"}],"wp:featuredmedia":[{"embeddable":true,"href":"https:\/\/www.fcbarcelonanoticias.com\/en\/wp-json\/wp\/v2\/media\/83080"}],"wp:attachment":[{"href":"https:\/\/www.fcbarcelonanoticias.com\/en\/wp-json\/wp\/v2\/media?parent=83073"}],"wp:term":[{"taxonomy":"category","embeddable":true,"href":"https:\/\/www.fcbarcelonanoticias.com\/en\/wp-json\/wp\/v2\/categories?post=83073"},{"taxonomy":"post_tag","embeddable":true,"href":"https:\/\/www.fcbarcelonanoticias.com\/en\/wp-json\/wp\/v2\/tags?post=83073"}],"curies":[{"name":"wp","href":"https:\/\/api.w.org\/{rel}","templated":true}]}}