{"id":83126,"date":"2024-04-27T11:48:00","date_gmt":"2024-04-27T09:48:00","guid":{"rendered":"https:\/\/weisetech.dev\/fc-barcelona-noticias\/en\/ancelotti-puts-an-end-to-the-soap-opera-regarding-the-departure-of-arda-guler-from-real-madrid_302996_102\/"},"modified":"2024-04-27T11:48:00","modified_gmt":"2024-04-27T09:48:00","slug":"ancelotti-puts-an-end-to-the-soap-opera-regarding-the-departure-of-arda-guler-from-real-madrid_302996_102","status":"publish","type":"post","link":"https:\/\/www.fcbarcelonanoticias.com\/en\/real-madrid\/ancelotti-puts-an-end-to-the-soap-opera-regarding-the-departure-of-arda-guler-from-real-madrid_302996_102.html","title":{"rendered":"Ancelotti puts an end to the &#8216;soap opera&#8217; regarding the departure of Arda G\u00fcler from Real Madrid"},"content":{"rendered":"<h2 class=\"wp-block-heading\">Arda G\u00fcler was Madrid&#8217;s big star in their victory against Real in San Sebasti\u00e1n with the only goal of the match. After his good performance, Ancelotti put an end to the &#8216;soap opera&#8217; that seemed to exist about his possible departure from the white club in the summer<\/h2>  \r\n<div class=\"article-addons\">\r\n    <a href=\"https:\/\/www.fcbarcelonanoticias.com\/en\/calendar-fc-barcelona.html\"\r\n       target=\"_self\"\r\n       title=\"Calendar of FC Barcelona\"\r\n       class=\"blue-gredient-btn\">\r\n       \r\n        Calendar of FC Barcelona    <\/a>\r\n<\/div>   <p>Burn G\u00fcler claimed this past Friday when giving him the victory to the Real Madrid against the Real Sociedad. <strong><a data-external=\"0\" data-intl-links-en=\"https:\/\/www.fcbarcelonanoticias.com\/en\/laliga\/burn-guler-signals-the-way-to-the-real-madrid-in-worked-victory-against-the-real-sociedad-0-1_302989_102.html\" data-intl-links-es=\"https:\/\/www.fcbarcelonanoticias.com\/laliga\/arda-guler-lidera-madrid-lleno-suplentes-supera-real-sociedad-sin-pegada-0-1_302989_102.html\" href=\"https:\/\/www.fcbarcelonanoticias.com\/en\/laliga\/burn-guler-signals-the-way-to-the-real-madrid-in-worked-victory-against-the-real-sociedad-0-1_302989_102.html\" rel=\"follow\" target=\"_self\" title=\"Arda G\u00fcler lidera a un Madrid lleno de suplentes que supera a una Real Sociedad sin 'pegada' (0-1)\">The Turkish was to title for the first time in all the season in LaLiga and in the 68 minutes of which had achieved to do notice when marking the goal of the triumph of the merengues (0-1)<\/a><\/strong>. After the meeting, the ex of the Fenerbahce was chosen MVP of the duel by his target and by the details of quality that left along the party, that were a few.<\/p>  <p>This performance is very important for him, since it was being tremendously argued by the little that was playing to date. <strong>Carlo Ancelotti seemed not trusting he, and since in January left backwards at last the physical problems that prevented him play in 2023, so alone had given him 98 minutes<\/strong>, delivered in four crashes of League, one of Glass of Rey and one of Supercopa of Spain. His almost invalid participation was generating debate in the own madridismo, with win to see him more, and also in the market, since especulaba with a possible gone out this summer.<\/p>  <p><strong>it was saying That the Italian trainer wanted to that the Turkish left yielded in search of minutes<\/strong>, since with him went to play very little. G\u00fcler, by his part, commented that it did not have clear what do still, since his aim was to remain, but was not had to be followed being one of the less used footballers of the staff. It seemed to have some tension, but after his goal in front of the Real the feeling is that all has changed, since the own technician has left clear that does not understand a Madrid without Burn.<\/p>  <h2>Ancelotti Confirmed that the future of Burn is in the Madrid<\/h2>  <p>In press conference, Ancelotti elogi\u00f3 to the young mediapunta, confirmed that there are not doubts on his future and that goes to be followed in the picture madridista the next season. &#8220;Of it Burn it has liked me a lot his big attitude, struggling and litigating each balloon. <strong>It goes to be very important in the future and there are not doubts that it will remain here the next year<\/strong>&#8220;, indicated the m\u00edster white, putting end to the &#8216;serial&#8217; that there was around the situation of the &#8216;perla&#8217; of Turkey.<\/p>  <p>&#8216;Carletto&#8217; Was further and stood out the a lot of that is working and improving his plays without balloon, and took advantage of to leave fall that it is a player &#8216;only&#8217;. &#8220;It is a &#8216;limit&#8217; that has, because all know that it possesses an extraordinary quality, a lot of talent. Here it has to improve and it is doing it. It carries long working of way especular and, yes, <strong>could have played before, because train has trained very well, but is very young and will arrive his leadership<\/strong>. We speak of a boy that carries more goals that minutes played and this only can be a gift&#8221;, ensured.<\/p>  <p>The own Burn also spoke after the meeting and of his words gave off that it is not annoying with Ancelotti for having played so little, since it appreciated him the opportunity to play in Saint Sebasti\u00e1. Besides, the Turkish left clear that follows working to be able to be more important in the Madrid. &#8220;<strong>I am working my physicist, but also my mentality. I want to thank him Carlo Ancelotti for giving me the opportunity to play today<\/strong>&#8220;, expressed after the duel against the &#8216;txuri-urdin&#8217;.<\/p> ","protected":false},"excerpt":{"rendered":"<p>Arda G\u00fcler was Madrid&#8217;s big star in their victory against Real in San Sebasti\u00e1n with the only goal of the match. After his good performance, Ancelotti put an end to the &#8216;soap opera&#8217; that seemed to exist about his possible departure from the white club in the summer Burn G\u00fcler claimed this past Friday when [&hellip;]<\/p>\n","protected":false},"author":359,"featured_media":83132,"comment_status":"closed","ping_status":"open","sticky":false,"template":"","format":"standard","meta":{"_acf_changed":false,"inline_featured_image":false,"_nextfly_llmd_date_locked":false,"footnotes":""},"categories":[119,450],"tags":[],"class_list":["post-83126","post","type-post","status-publish","format-standard","has-post-thumbnail","hentry","category-real-madrid","category-real-madrid-2"],"acf":[],"yoast_head":"<!-- This site is optimized with the Yoast SEO plugin v27.3 - https:\/\/yoast.com\/product\/yoast-seo-wordpress\/ -->\n<title>Ancelotti puts an end to the &#039;soap opera&#039; regarding the departure of Arda G\u00fcler from Real Madrid<\/title>\n<meta name=\"description\" content=\"Burn G\u00fcler was the big star of the Madrid in his victory in front of the Real in San Sebasti\u00e1n with the only goal of the meeting. After his good performance, Ancelotti put end to the &#039;serial&#039; that seemed to have on his possible course of the white club in summer\" \/>\n<meta name=\"robots\" content=\"index, follow, max-snippet:-1, max-image-preview:large, max-video-preview:-1\" \/>\n<link rel=\"canonical\" href=\"https:\/\/www.fcbarcelonanoticias.com\/en\/real-madrid\/ancelotti-puts-an-end-to-the-soap-opera-regarding-the-departure-of-arda-guler-from-real-madrid_302996_102.html\" \/>\n<meta property=\"og:locale\" content=\"en_US\" \/>\n<meta property=\"og:type\" content=\"article\" \/>\n<meta property=\"og:title\" content=\"Ancelotti puts an end to the &#039;soap opera&#039; regarding the departure of Arda G\u00fcler from Real Madrid\" \/>\n<meta property=\"og:description\" content=\"Burn G\u00fcler was the big star of the Madrid in his victory in front of the Real in San Sebasti\u00e1n with the only goal of the meeting. After his good performance, Ancelotti put end to the &#039;serial&#039; that seemed to have on his possible course of the white club in summer\" \/>\n<meta property=\"og:url\" content=\"https:\/\/www.fcbarcelonanoticias.com\/en\/real-madrid\/ancelotti-puts-an-end-to-the-soap-opera-regarding-the-departure-of-arda-guler-from-real-madrid_302996_102.html\" \/>\n<meta property=\"og:site_name\" content=\"EN - FC Barcelona Noticias\" \/>\n<meta property=\"article:published_time\" content=\"2024-04-27T09:48:00+00:00\" \/>\n<meta property=\"og:image\" content=\"https:\/\/www.fcbarcelonanoticias.com\/en\/wp-content\/uploads\/sites\/2\/2024\/04\/arda-guler-madrid.jpeg\" \/>\n\t<meta property=\"og:image:width\" content=\"1300\" \/>\n\t<meta property=\"og:image:height\" content=\"732\" \/>\n\t<meta property=\"og:image:type\" content=\"image\/jpeg\" \/>\n<meta name=\"author\" content=\"Eduardo Mart\u00edn Santos\" \/>\n<meta name=\"twitter:card\" content=\"summary_large_image\" \/>\n<meta name=\"twitter:label1\" content=\"Written by\" \/>\n\t<meta name=\"twitter:data1\" content=\"Eduardo Mart\u00edn Santos\" \/>\n\t<meta name=\"twitter:label2\" content=\"Est. reading time\" \/>\n\t<meta name=\"twitter:data2\" content=\"3 minutes\" \/>\n<script type=\"application\/ld+json\" class=\"yoast-schema-graph\">{\"@context\":\"https:\\\/\\\/schema.org\",\"@graph\":[{\"@type\":\"Article\",\"@id\":\"https:\\\/\\\/www.fcbarcelonanoticias.com\\\/en\\\/real-madrid\\\/ancelotti-puts-an-end-to-the-soap-opera-regarding-the-departure-of-arda-guler-from-real-madrid_302996_102.html#article\",\"isPartOf\":{\"@id\":\"https:\\\/\\\/www.fcbarcelonanoticias.com\\\/en\\\/real-madrid\\\/ancelotti-puts-an-end-to-the-soap-opera-regarding-the-departure-of-arda-guler-from-real-madrid_302996_102.html\"},\"author\":{\"name\":\"Eduardo Mart\u00edn Santos\",\"@id\":\"https:\\\/\\\/www.fcbarcelonanoticias.com\\\/en\\\/#\\\/schema\\\/person\\\/4bdbc782ba6060d3f7005b61e97fb753\"},\"headline\":\"Ancelotti puts an end to the &#8216;soap opera&#8217; regarding the departure of Arda G\u00fcler from Real Madrid\",\"datePublished\":\"2024-04-27T09:48:00+00:00\",\"mainEntityOfPage\":{\"@id\":\"https:\\\/\\\/www.fcbarcelonanoticias.com\\\/en\\\/real-madrid\\\/ancelotti-puts-an-end-to-the-soap-opera-regarding-the-departure-of-arda-guler-from-real-madrid_302996_102.html\"},\"wordCount\":653,\"image\":{\"@id\":\"https:\\\/\\\/www.fcbarcelonanoticias.com\\\/en\\\/real-madrid\\\/ancelotti-puts-an-end-to-the-soap-opera-regarding-the-departure-of-arda-guler-from-real-madrid_302996_102.html#primaryimage\"},\"thumbnailUrl\":\"https:\\\/\\\/www.fcbarcelonanoticias.com\\\/en\\\/wp-content\\\/uploads\\\/sites\\\/2\\\/2024\\\/04\\\/arda-guler-madrid.jpeg\",\"articleSection\":[\"Real Madrid\",\"Real Madrid\"],\"inLanguage\":\"en-US\"},{\"@type\":\"WebPage\",\"@id\":\"https:\\\/\\\/www.fcbarcelonanoticias.com\\\/en\\\/real-madrid\\\/ancelotti-puts-an-end-to-the-soap-opera-regarding-the-departure-of-arda-guler-from-real-madrid_302996_102.html\",\"url\":\"https:\\\/\\\/www.fcbarcelonanoticias.com\\\/en\\\/real-madrid\\\/ancelotti-puts-an-end-to-the-soap-opera-regarding-the-departure-of-arda-guler-from-real-madrid_302996_102.html\",\"name\":\"Ancelotti puts an end to the 'soap opera' regarding the departure of Arda G\u00fcler from Real Madrid\",\"isPartOf\":{\"@id\":\"https:\\\/\\\/www.fcbarcelonanoticias.com\\\/en\\\/#website\"},\"primaryImageOfPage\":{\"@id\":\"https:\\\/\\\/www.fcbarcelonanoticias.com\\\/en\\\/real-madrid\\\/ancelotti-puts-an-end-to-the-soap-opera-regarding-the-departure-of-arda-guler-from-real-madrid_302996_102.html#primaryimage\"},\"image\":{\"@id\":\"https:\\\/\\\/www.fcbarcelonanoticias.com\\\/en\\\/real-madrid\\\/ancelotti-puts-an-end-to-the-soap-opera-regarding-the-departure-of-arda-guler-from-real-madrid_302996_102.html#primaryimage\"},\"thumbnailUrl\":\"https:\\\/\\\/www.fcbarcelonanoticias.com\\\/en\\\/wp-content\\\/uploads\\\/sites\\\/2\\\/2024\\\/04\\\/arda-guler-madrid.jpeg\",\"datePublished\":\"2024-04-27T09:48:00+00:00\",\"author\":{\"@id\":\"https:\\\/\\\/www.fcbarcelonanoticias.com\\\/en\\\/#\\\/schema\\\/person\\\/4bdbc782ba6060d3f7005b61e97fb753\"},\"description\":\"Burn G\u00fcler was the big star of the Madrid in his victory in front of the Real in San Sebasti\u00e1n with the only goal of the meeting. After his good performance, Ancelotti put end to the 'serial' that seemed to have on his possible course of the white club in summer\",\"breadcrumb\":{\"@id\":\"https:\\\/\\\/www.fcbarcelonanoticias.com\\\/en\\\/real-madrid\\\/ancelotti-puts-an-end-to-the-soap-opera-regarding-the-departure-of-arda-guler-from-real-madrid_302996_102.html#breadcrumb\"},\"inLanguage\":\"en-US\",\"potentialAction\":[{\"@type\":\"ReadAction\",\"target\":[\"https:\\\/\\\/www.fcbarcelonanoticias.com\\\/en\\\/real-madrid\\\/ancelotti-puts-an-end-to-the-soap-opera-regarding-the-departure-of-arda-guler-from-real-madrid_302996_102.html\"]}]},{\"@type\":\"ImageObject\",\"inLanguage\":\"en-US\",\"@id\":\"https:\\\/\\\/www.fcbarcelonanoticias.com\\\/en\\\/real-madrid\\\/ancelotti-puts-an-end-to-the-soap-opera-regarding-the-departure-of-arda-guler-from-real-madrid_302996_102.html#primaryimage\",\"url\":\"https:\\\/\\\/www.fcbarcelonanoticias.com\\\/en\\\/wp-content\\\/uploads\\\/sites\\\/2\\\/2024\\\/04\\\/arda-guler-madrid.jpeg\",\"contentUrl\":\"https:\\\/\\\/www.fcbarcelonanoticias.com\\\/en\\\/wp-content\\\/uploads\\\/sites\\\/2\\\/2024\\\/04\\\/arda-guler-madrid.jpeg\",\"width\":1300,\"height\":732},{\"@type\":\"BreadcrumbList\",\"@id\":\"https:\\\/\\\/www.fcbarcelonanoticias.com\\\/en\\\/real-madrid\\\/ancelotti-puts-an-end-to-the-soap-opera-regarding-the-departure-of-arda-guler-from-real-madrid_302996_102.html#breadcrumb\",\"itemListElement\":[{\"@type\":\"ListItem\",\"position\":1,\"name\":\"Portada\",\"item\":\"https:\\\/\\\/www.fcbarcelonanoticias.com\\\/en\\\/\"},{\"@type\":\"ListItem\",\"position\":2,\"name\":\"Ancelotti puts an end to the &#8216;soap opera&#8217; regarding the departure of Arda G\u00fcler from Real Madrid\"}]},{\"@type\":\"WebSite\",\"@id\":\"https:\\\/\\\/www.fcbarcelonanoticias.com\\\/en\\\/#website\",\"url\":\"https:\\\/\\\/www.fcbarcelonanoticias.com\\\/en\\\/\",\"name\":\"EN - FC Barcelona Noticias\",\"description\":\"\",\"potentialAction\":[{\"@type\":\"SearchAction\",\"target\":{\"@type\":\"EntryPoint\",\"urlTemplate\":\"https:\\\/\\\/www.fcbarcelonanoticias.com\\\/en\\\/?s={search_term_string}\"},\"query-input\":{\"@type\":\"PropertyValueSpecification\",\"valueRequired\":true,\"valueName\":\"search_term_string\"}}],\"inLanguage\":\"en-US\"},{\"@type\":\"Person\",\"@id\":\"https:\\\/\\\/www.fcbarcelonanoticias.com\\\/en\\\/#\\\/schema\\\/person\\\/4bdbc782ba6060d3f7005b61e97fb753\",\"name\":\"Eduardo Mart\u00edn Santos\",\"image\":{\"@type\":\"ImageObject\",\"inLanguage\":\"en-US\",\"@id\":\"https:\\\/\\\/secure.gravatar.com\\\/avatar\\\/?s=96&d=mm&r=g\",\"url\":\"https:\\\/\\\/secure.gravatar.com\\\/avatar\\\/?s=96&d=mm&r=g\",\"contentUrl\":\"https:\\\/\\\/secure.gravatar.com\\\/avatar\\\/?s=96&d=mm&r=g\",\"caption\":\"Eduardo Mart\u00edn Santos\"},\"url\":\"https:\\\/\\\/www.fcbarcelonanoticias.com\\\/en\\\/eduardo-martin_3_115.html\"}]}<\/script>\n<!-- \/ Yoast SEO plugin. -->","yoast_head_json":{"title":"Ancelotti puts an end to the 'soap opera' regarding the departure of Arda G\u00fcler from Real Madrid","description":"Burn G\u00fcler was the big star of the Madrid in his victory in front of the Real in San Sebasti\u00e1n with the only goal of the meeting. After his good performance, Ancelotti put end to the 'serial' that seemed to have on his possible course of the white club in summer","robots":{"index":"index","follow":"follow","max-snippet":"max-snippet:-1","max-image-preview":"max-image-preview:large","max-video-preview":"max-video-preview:-1"},"canonical":"https:\/\/www.fcbarcelonanoticias.com\/en\/real-madrid\/ancelotti-puts-an-end-to-the-soap-opera-regarding-the-departure-of-arda-guler-from-real-madrid_302996_102.html","og_locale":"en_US","og_type":"article","og_title":"Ancelotti puts an end to the 'soap opera' regarding the departure of Arda G\u00fcler from Real Madrid","og_description":"Burn G\u00fcler was the big star of the Madrid in his victory in front of the Real in San Sebasti\u00e1n with the only goal of the meeting. After his good performance, Ancelotti put end to the 'serial' that seemed to have on his possible course of the white club in summer","og_url":"https:\/\/www.fcbarcelonanoticias.com\/en\/real-madrid\/ancelotti-puts-an-end-to-the-soap-opera-regarding-the-departure-of-arda-guler-from-real-madrid_302996_102.html","og_site_name":"EN - FC Barcelona Noticias","article_published_time":"2024-04-27T09:48:00+00:00","og_image":[{"width":1300,"height":732,"url":"https:\/\/www.fcbarcelonanoticias.com\/en\/wp-content\/uploads\/sites\/2\/2024\/04\/arda-guler-madrid.jpeg","type":"image\/jpeg"}],"author":"Eduardo Mart\u00edn Santos","twitter_card":"summary_large_image","twitter_misc":{"Written by":"Eduardo Mart\u00edn Santos","Est. reading time":"3 minutes"},"schema":{"@context":"https:\/\/schema.org","@graph":[{"@type":"Article","@id":"https:\/\/www.fcbarcelonanoticias.com\/en\/real-madrid\/ancelotti-puts-an-end-to-the-soap-opera-regarding-the-departure-of-arda-guler-from-real-madrid_302996_102.html#article","isPartOf":{"@id":"https:\/\/www.fcbarcelonanoticias.com\/en\/real-madrid\/ancelotti-puts-an-end-to-the-soap-opera-regarding-the-departure-of-arda-guler-from-real-madrid_302996_102.html"},"author":{"name":"Eduardo Mart\u00edn Santos","@id":"https:\/\/www.fcbarcelonanoticias.com\/en\/#\/schema\/person\/4bdbc782ba6060d3f7005b61e97fb753"},"headline":"Ancelotti puts an end to the &#8216;soap opera&#8217; regarding the departure of Arda G\u00fcler from Real Madrid","datePublished":"2024-04-27T09:48:00+00:00","mainEntityOfPage":{"@id":"https:\/\/www.fcbarcelonanoticias.com\/en\/real-madrid\/ancelotti-puts-an-end-to-the-soap-opera-regarding-the-departure-of-arda-guler-from-real-madrid_302996_102.html"},"wordCount":653,"image":{"@id":"https:\/\/www.fcbarcelonanoticias.com\/en\/real-madrid\/ancelotti-puts-an-end-to-the-soap-opera-regarding-the-departure-of-arda-guler-from-real-madrid_302996_102.html#primaryimage"},"thumbnailUrl":"https:\/\/www.fcbarcelonanoticias.com\/en\/wp-content\/uploads\/sites\/2\/2024\/04\/arda-guler-madrid.jpeg","articleSection":["Real Madrid","Real Madrid"],"inLanguage":"en-US"},{"@type":"WebPage","@id":"https:\/\/www.fcbarcelonanoticias.com\/en\/real-madrid\/ancelotti-puts-an-end-to-the-soap-opera-regarding-the-departure-of-arda-guler-from-real-madrid_302996_102.html","url":"https:\/\/www.fcbarcelonanoticias.com\/en\/real-madrid\/ancelotti-puts-an-end-to-the-soap-opera-regarding-the-departure-of-arda-guler-from-real-madrid_302996_102.html","name":"Ancelotti puts an end to the 'soap opera' regarding the departure of Arda G\u00fcler from Real Madrid","isPartOf":{"@id":"https:\/\/www.fcbarcelonanoticias.com\/en\/#website"},"primaryImageOfPage":{"@id":"https:\/\/www.fcbarcelonanoticias.com\/en\/real-madrid\/ancelotti-puts-an-end-to-the-soap-opera-regarding-the-departure-of-arda-guler-from-real-madrid_302996_102.html#primaryimage"},"image":{"@id":"https:\/\/www.fcbarcelonanoticias.com\/en\/real-madrid\/ancelotti-puts-an-end-to-the-soap-opera-regarding-the-departure-of-arda-guler-from-real-madrid_302996_102.html#primaryimage"},"thumbnailUrl":"https:\/\/www.fcbarcelonanoticias.com\/en\/wp-content\/uploads\/sites\/2\/2024\/04\/arda-guler-madrid.jpeg","datePublished":"2024-04-27T09:48:00+00:00","author":{"@id":"https:\/\/www.fcbarcelonanoticias.com\/en\/#\/schema\/person\/4bdbc782ba6060d3f7005b61e97fb753"},"description":"Burn G\u00fcler was the big star of the Madrid in his victory in front of the Real in San Sebasti\u00e1n with the only goal of the meeting. After his good performance, Ancelotti put end to the 'serial' that seemed to have on his possible course of the white club in summer","breadcrumb":{"@id":"https:\/\/www.fcbarcelonanoticias.com\/en\/real-madrid\/ancelotti-puts-an-end-to-the-soap-opera-regarding-the-departure-of-arda-guler-from-real-madrid_302996_102.html#breadcrumb"},"inLanguage":"en-US","potentialAction":[{"@type":"ReadAction","target":["https:\/\/www.fcbarcelonanoticias.com\/en\/real-madrid\/ancelotti-puts-an-end-to-the-soap-opera-regarding-the-departure-of-arda-guler-from-real-madrid_302996_102.html"]}]},{"@type":"ImageObject","inLanguage":"en-US","@id":"https:\/\/www.fcbarcelonanoticias.com\/en\/real-madrid\/ancelotti-puts-an-end-to-the-soap-opera-regarding-the-departure-of-arda-guler-from-real-madrid_302996_102.html#primaryimage","url":"https:\/\/www.fcbarcelonanoticias.com\/en\/wp-content\/uploads\/sites\/2\/2024\/04\/arda-guler-madrid.jpeg","contentUrl":"https:\/\/www.fcbarcelonanoticias.com\/en\/wp-content\/uploads\/sites\/2\/2024\/04\/arda-guler-madrid.jpeg","width":1300,"height":732},{"@type":"BreadcrumbList","@id":"https:\/\/www.fcbarcelonanoticias.com\/en\/real-madrid\/ancelotti-puts-an-end-to-the-soap-opera-regarding-the-departure-of-arda-guler-from-real-madrid_302996_102.html#breadcrumb","itemListElement":[{"@type":"ListItem","position":1,"name":"Portada","item":"https:\/\/www.fcbarcelonanoticias.com\/en\/"},{"@type":"ListItem","position":2,"name":"Ancelotti puts an end to the &#8216;soap opera&#8217; regarding the departure of Arda G\u00fcler from Real Madrid"}]},{"@type":"WebSite","@id":"https:\/\/www.fcbarcelonanoticias.com\/en\/#website","url":"https:\/\/www.fcbarcelonanoticias.com\/en\/","name":"EN - FC Barcelona Noticias","description":"","potentialAction":[{"@type":"SearchAction","target":{"@type":"EntryPoint","urlTemplate":"https:\/\/www.fcbarcelonanoticias.com\/en\/?s={search_term_string}"},"query-input":{"@type":"PropertyValueSpecification","valueRequired":true,"valueName":"search_term_string"}}],"inLanguage":"en-US"},{"@type":"Person","@id":"https:\/\/www.fcbarcelonanoticias.com\/en\/#\/schema\/person\/4bdbc782ba6060d3f7005b61e97fb753","name":"Eduardo Mart\u00edn Santos","image":{"@type":"ImageObject","inLanguage":"en-US","@id":"https:\/\/secure.gravatar.com\/avatar\/?s=96&d=mm&r=g","url":"https:\/\/secure.gravatar.com\/avatar\/?s=96&d=mm&r=g","contentUrl":"https:\/\/secure.gravatar.com\/avatar\/?s=96&d=mm&r=g","caption":"Eduardo Mart\u00edn Santos"},"url":"https:\/\/www.fcbarcelonanoticias.com\/en\/eduardo-martin_3_115.html"}]}},"_links":{"self":[{"href":"https:\/\/www.fcbarcelonanoticias.com\/en\/wp-json\/wp\/v2\/posts\/83126","targetHints":{"allow":["GET"]}}],"collection":[{"href":"https:\/\/www.fcbarcelonanoticias.com\/en\/wp-json\/wp\/v2\/posts"}],"about":[{"href":"https:\/\/www.fcbarcelonanoticias.com\/en\/wp-json\/wp\/v2\/types\/post"}],"author":[{"embeddable":true,"href":"https:\/\/www.fcbarcelonanoticias.com\/en\/wp-json\/wp\/v2\/users\/359"}],"replies":[{"embeddable":true,"href":"https:\/\/www.fcbarcelonanoticias.com\/en\/wp-json\/wp\/v2\/comments?post=83126"}],"version-history":[{"count":1,"href":"https:\/\/www.fcbarcelonanoticias.com\/en\/wp-json\/wp\/v2\/posts\/83126\/revisions"}],"predecessor-version":[{"id":124357,"href":"https:\/\/www.fcbarcelonanoticias.com\/en\/wp-json\/wp\/v2\/posts\/83126\/revisions\/124357"}],"wp:featuredmedia":[{"embeddable":true,"href":"https:\/\/www.fcbarcelonanoticias.com\/en\/wp-json\/wp\/v2\/media\/83132"}],"wp:attachment":[{"href":"https:\/\/www.fcbarcelonanoticias.com\/en\/wp-json\/wp\/v2\/media?parent=83126"}],"wp:term":[{"taxonomy":"category","embeddable":true,"href":"https:\/\/www.fcbarcelonanoticias.com\/en\/wp-json\/wp\/v2\/categories?post=83126"},{"taxonomy":"post_tag","embeddable":true,"href":"https:\/\/www.fcbarcelonanoticias.com\/en\/wp-json\/wp\/v2\/tags?post=83126"}],"curies":[{"name":"wp","href":"https:\/\/api.w.org\/{rel}","templated":true}]}}