{"id":83304,"date":"2016-11-20T22:19:00","date_gmt":"2016-11-20T21:19:00","guid":{"rendered":"https:\/\/weisetech.dev\/fc-barcelona-noticias\/en\/like-this-they-describe-in-madrid-the-celebrations-of-cristiano_194169_102\/"},"modified":"2026-04-16T09:58:22","modified_gmt":"2026-04-16T07:58:22","slug":"like-this-they-describe-in-madrid-the-celebrations-of-cristiano_194169_102","status":"publish","type":"post","link":"https:\/\/www.fcbarcelonanoticias.com\/en\/real-madrid\/like-this-they-describe-in-madrid-the-celebrations-of-cristiano_194169_102.html","title":{"rendered":"Like this they describe in Madrid the celebrations of Cristiano"},"content":{"rendered":"<h2 class=\"wp-block-heading\">The press of the Spanish capital has valued very different the celebrations of Cristiano Ronaldo in comparison with the one of Neymar Jr in Mestalla. Of the &#8220;provocation&#8221; of the Brazilian has happened  to the &#8220;innovation&#8221; of the Portuguese<\/h2>  \r\n<div class=\"article-addons\">\r\n    <a href=\"https:\/\/www.fcbarcelonanoticias.com\/en\/calendar-fc-barcelona.html\"\r\n       target=\"_self\"\r\n       title=\"Calendar of FC Barcelona\"\r\n       class=\"blue-gredient-btn\">\r\n       \r\n        Calendar of FC Barcelona    <\/a>\r\n<\/div>   <p>The double rasero is patent in distinct jobs, but seems that the sportive journalism carries  the palm in many respects. And it is that this Saturday remained checked once again, after <a href=\"https:\/\/www.fcbarcelonanoticias.com\/laliga\/el-real-madrid-cumple-y-se-distancia-del-barca-en-liga-0-3_194151_102.html\"><strong>the victory of the Real Madrid on the Athletic in Vicente Calder\u00f3n<\/strong><\/a>, how the means of the Spanish capital, affine to the group merengue, went through on of the provocations of <strong>Cristiano Ronaldo<\/strong> to the terracing of the stadium rojiblanco.<\/p> <p>The Portuguese forward of the <a href=\"https:\/\/www.fcbarcelonanoticias.com\/futbol\/real-madrid.html\"><strong>Real Madrid<\/strong><\/a> annotated three very lucky goals in front of the colchoneros -one of rebound, another of penalti and another to push it-, but in spite of this <strong>his ego went back to put  by the clouds<\/strong>.<\/p> <p>In fact, in two of the celebrations challenged clearly to the terracing, first posing of foot and, with the arms in jug, looking in attitude chulesca to the fans of the Athletic, and afterwards<strong> carrying out the pose of the &#8220;thinker&#8221; of Rodin<\/strong>, one of the most famous sculptures of the history.<\/p> <p><em>&#8220;The most innovative Christian: his two extravagant celebrations&#8221;<\/em><\/p> <p>But, <strong>if to <a href=\"https:\/\/www.fcbarcelonanoticias.com\/en\/tags\/neymar-jr.html\">Neymar Jr<\/a> all the means of the &#8220;cavern&#8221; medi\u00e1tica criticised him<\/strong> deeply by his attitude in Mestalla, with Cristiano Ronaldo looked for to dissemble it everything of surrealist way.&nbsp;&#8220;The most innovative Christian: his 2 extravagant celebrations The Portuguese forward of the Real Madrid surprised to all after marking the second and the third goal with this curious form to celebrate&#8221;, could read in &#8220;ACE&#8221;.<\/p> <p>On the other hand &#8220;ABC&#8221; threw of neutrality to limit  to describe the situation:<strong>&nbsp;&#8220;Cristiano celebrates his second so much posing for the bottom south of the Athletic&#8221;<\/strong>. Hat-trick Of a player that day in day out leaves in evidence to the journalism&#8221;, drafted the half, whereas with Neymar Jr used the following sentence:&nbsp;&#8220;Like this it was the provocation of Neymar and the botellazo to the Brazilian&#8221;, or &#8220;six heads in search of bottle&#8221;.<\/p> <p>Finally, it fits to remember that <strong>Javier Thebes also criticised the attitude of Neymar Jr<\/strong> and of the players of the FC Barcelona, but however has not said absolutely at all on the challenges of Cristiano Ronaldo to the terracing rojiblanca. Double rasero, definitely.<\/p> ","protected":false},"excerpt":{"rendered":"<p>The press of the Spanish capital has valued very different the celebrations of Cristiano Ronaldo in comparison with the one of Neymar Jr in Mestalla. Of the &#8220;provocation&#8221; of the Brazilian has happened to the &#8220;innovation&#8221; of the Portuguese The double rasero is patent in distinct jobs, but seems that the sportive journalism carries the [&hellip;]<\/p>\n","protected":false},"author":357,"featured_media":83306,"comment_status":"closed","ping_status":"open","sticky":false,"template":"","format":"standard","meta":{"_acf_changed":false,"inline_featured_image":false,"_nextfly_llmd_date_locked":false,"footnotes":""},"categories":[450,119],"tags":[138,143,167],"class_list":["post-83304","post","type-post","status-publish","format-standard","has-post-thumbnail","hentry","category-real-madrid-2","category-real-madrid","tag-cristiano-ronaldo","tag-neymar-jr","tag-press-magazine"],"acf":[],"yoast_head":"<!-- This site is optimized with the Yoast SEO plugin v27.3 - https:\/\/yoast.com\/product\/yoast-seo-wordpress\/ -->\n<title>Like this they describe in Madrid the celebrations of Cristiano<\/title>\n<meta name=\"description\" content=\"The press of the Spanish capital has valued very different the celebrations of Cristiano Ronaldo in comparison with the one of Neymar Jr in Mestalla...\" \/>\n<meta name=\"robots\" content=\"index, follow, max-snippet:-1, max-image-preview:large, max-video-preview:-1\" \/>\n<link rel=\"canonical\" href=\"https:\/\/www.fcbarcelonanoticias.com\/en\/real-madrid\/like-this-they-describe-in-madrid-the-celebrations-of-cristiano_194169_102.html\" \/>\n<meta property=\"og:locale\" content=\"en_US\" \/>\n<meta property=\"og:type\" content=\"article\" \/>\n<meta property=\"og:title\" content=\"Like this they describe in Madrid the celebrations of Cristiano\" \/>\n<meta property=\"og:description\" content=\"The press of the Spanish capital has valued very different the celebrations of Cristiano Ronaldo in comparison with the one of Neymar Jr in Mestalla...\" \/>\n<meta property=\"og:url\" content=\"https:\/\/www.fcbarcelonanoticias.com\/en\/real-madrid\/like-this-they-describe-in-madrid-the-celebrations-of-cristiano_194169_102.html\" \/>\n<meta property=\"og:site_name\" content=\"EN - FC Barcelona Noticias\" \/>\n<meta property=\"article:published_time\" content=\"2016-11-20T21:19:00+00:00\" \/>\n<meta property=\"article:modified_time\" content=\"2026-04-16T07:58:22+00:00\" \/>\n<meta property=\"og:image\" content=\"https:\/\/www.fcbarcelonanoticias.com\/en\/wp-content\/uploads\/sites\/2\/2016\/11\/cristiano-ronaldo-202235.png\" \/>\n\t<meta property=\"og:image:width\" content=\"1200\" \/>\n\t<meta property=\"og:image:height\" content=\"675\" \/>\n\t<meta property=\"og:image:type\" content=\"image\/png\" \/>\n<meta name=\"author\" content=\"Erika Moya\" \/>\n<meta name=\"twitter:card\" content=\"summary_large_image\" \/>\n<meta name=\"twitter:label1\" content=\"Written by\" \/>\n\t<meta name=\"twitter:data1\" content=\"Erika Moya\" \/>\n\t<meta name=\"twitter:label2\" content=\"Est. reading time\" \/>\n\t<meta name=\"twitter:data2\" content=\"2 minutes\" \/>\n<script type=\"application\/ld+json\" class=\"yoast-schema-graph\">{\"@context\":\"https:\\\/\\\/schema.org\",\"@graph\":[{\"@type\":\"Article\",\"@id\":\"https:\\\/\\\/www.fcbarcelonanoticias.com\\\/en\\\/real-madrid\\\/like-this-they-describe-in-madrid-the-celebrations-of-cristiano_194169_102.html#article\",\"isPartOf\":{\"@id\":\"https:\\\/\\\/www.fcbarcelonanoticias.com\\\/en\\\/real-madrid\\\/like-this-they-describe-in-madrid-the-celebrations-of-cristiano_194169_102.html\"},\"author\":{\"name\":\"Erika Moya\",\"@id\":\"https:\\\/\\\/www.fcbarcelonanoticias.com\\\/en\\\/#\\\/schema\\\/person\\\/5dc3a41c52ab542cf24a2fbe3489c561\"},\"headline\":\"Like this they describe in Madrid the celebrations of Cristiano\",\"datePublished\":\"2016-11-20T21:19:00+00:00\",\"dateModified\":\"2026-04-16T07:58:22+00:00\",\"mainEntityOfPage\":{\"@id\":\"https:\\\/\\\/www.fcbarcelonanoticias.com\\\/en\\\/real-madrid\\\/like-this-they-describe-in-madrid-the-celebrations-of-cristiano_194169_102.html\"},\"wordCount\":413,\"image\":{\"@id\":\"https:\\\/\\\/www.fcbarcelonanoticias.com\\\/en\\\/real-madrid\\\/like-this-they-describe-in-madrid-the-celebrations-of-cristiano_194169_102.html#primaryimage\"},\"thumbnailUrl\":\"https:\\\/\\\/www.fcbarcelonanoticias.com\\\/en\\\/wp-content\\\/uploads\\\/sites\\\/2\\\/2016\\\/11\\\/cristiano-ronaldo-202235.png\",\"keywords\":[\"Cristiano Ronaldo\",\"Neymar Jr\",\"Press magazine\"],\"articleSection\":[\"Real Madrid\",\"Real Madrid\"],\"inLanguage\":\"en-US\"},{\"@type\":\"WebPage\",\"@id\":\"https:\\\/\\\/www.fcbarcelonanoticias.com\\\/en\\\/real-madrid\\\/like-this-they-describe-in-madrid-the-celebrations-of-cristiano_194169_102.html\",\"url\":\"https:\\\/\\\/www.fcbarcelonanoticias.com\\\/en\\\/real-madrid\\\/like-this-they-describe-in-madrid-the-celebrations-of-cristiano_194169_102.html\",\"name\":\"Like this they describe in Madrid the celebrations of Cristiano\",\"isPartOf\":{\"@id\":\"https:\\\/\\\/www.fcbarcelonanoticias.com\\\/en\\\/#website\"},\"primaryImageOfPage\":{\"@id\":\"https:\\\/\\\/www.fcbarcelonanoticias.com\\\/en\\\/real-madrid\\\/like-this-they-describe-in-madrid-the-celebrations-of-cristiano_194169_102.html#primaryimage\"},\"image\":{\"@id\":\"https:\\\/\\\/www.fcbarcelonanoticias.com\\\/en\\\/real-madrid\\\/like-this-they-describe-in-madrid-the-celebrations-of-cristiano_194169_102.html#primaryimage\"},\"thumbnailUrl\":\"https:\\\/\\\/www.fcbarcelonanoticias.com\\\/en\\\/wp-content\\\/uploads\\\/sites\\\/2\\\/2016\\\/11\\\/cristiano-ronaldo-202235.png\",\"datePublished\":\"2016-11-20T21:19:00+00:00\",\"dateModified\":\"2026-04-16T07:58:22+00:00\",\"author\":{\"@id\":\"https:\\\/\\\/www.fcbarcelonanoticias.com\\\/en\\\/#\\\/schema\\\/person\\\/5dc3a41c52ab542cf24a2fbe3489c561\"},\"description\":\"The press of the Spanish capital has valued very different the celebrations of Cristiano Ronaldo in comparison with the one of Neymar Jr in Mestalla...\",\"breadcrumb\":{\"@id\":\"https:\\\/\\\/www.fcbarcelonanoticias.com\\\/en\\\/real-madrid\\\/like-this-they-describe-in-madrid-the-celebrations-of-cristiano_194169_102.html#breadcrumb\"},\"inLanguage\":\"en-US\",\"potentialAction\":[{\"@type\":\"ReadAction\",\"target\":[\"https:\\\/\\\/www.fcbarcelonanoticias.com\\\/en\\\/real-madrid\\\/like-this-they-describe-in-madrid-the-celebrations-of-cristiano_194169_102.html\"]}]},{\"@type\":\"ImageObject\",\"inLanguage\":\"en-US\",\"@id\":\"https:\\\/\\\/www.fcbarcelonanoticias.com\\\/en\\\/real-madrid\\\/like-this-they-describe-in-madrid-the-celebrations-of-cristiano_194169_102.html#primaryimage\",\"url\":\"https:\\\/\\\/www.fcbarcelonanoticias.com\\\/en\\\/wp-content\\\/uploads\\\/sites\\\/2\\\/2016\\\/11\\\/cristiano-ronaldo-202235.png\",\"contentUrl\":\"https:\\\/\\\/www.fcbarcelonanoticias.com\\\/en\\\/wp-content\\\/uploads\\\/sites\\\/2\\\/2016\\\/11\\\/cristiano-ronaldo-202235.png\",\"width\":1200,\"height\":675},{\"@type\":\"BreadcrumbList\",\"@id\":\"https:\\\/\\\/www.fcbarcelonanoticias.com\\\/en\\\/real-madrid\\\/like-this-they-describe-in-madrid-the-celebrations-of-cristiano_194169_102.html#breadcrumb\",\"itemListElement\":[{\"@type\":\"ListItem\",\"position\":1,\"name\":\"Portada\",\"item\":\"https:\\\/\\\/www.fcbarcelonanoticias.com\\\/en\\\/\"},{\"@type\":\"ListItem\",\"position\":2,\"name\":\"Like this they describe in Madrid the celebrations of Cristiano\"}]},{\"@type\":\"WebSite\",\"@id\":\"https:\\\/\\\/www.fcbarcelonanoticias.com\\\/en\\\/#website\",\"url\":\"https:\\\/\\\/www.fcbarcelonanoticias.com\\\/en\\\/\",\"name\":\"EN - FC Barcelona Noticias\",\"description\":\"\",\"potentialAction\":[{\"@type\":\"SearchAction\",\"target\":{\"@type\":\"EntryPoint\",\"urlTemplate\":\"https:\\\/\\\/www.fcbarcelonanoticias.com\\\/en\\\/?s={search_term_string}\"},\"query-input\":{\"@type\":\"PropertyValueSpecification\",\"valueRequired\":true,\"valueName\":\"search_term_string\"}}],\"inLanguage\":\"en-US\"},{\"@type\":\"Person\",\"@id\":\"https:\\\/\\\/www.fcbarcelonanoticias.com\\\/en\\\/#\\\/schema\\\/person\\\/5dc3a41c52ab542cf24a2fbe3489c561\",\"name\":\"Erika Moya\",\"image\":{\"@type\":\"ImageObject\",\"inLanguage\":\"en-US\",\"@id\":\"https:\\\/\\\/secure.gravatar.com\\\/avatar\\\/?s=96&d=mm&r=g\",\"url\":\"https:\\\/\\\/secure.gravatar.com\\\/avatar\\\/?s=96&d=mm&r=g\",\"contentUrl\":\"https:\\\/\\\/secure.gravatar.com\\\/avatar\\\/?s=96&d=mm&r=g\",\"caption\":\"Erika Moya\"},\"description\":\"Erika est\u00e1 estudiando Periodismo y llega a FCBN con el objetivo de cubrir la actualidad del F\u00fatbol Femenino, con especial cari\u00f1o\u00a0a todo lo que rodea al Bar\u00e7a Femenino. Apasionada del deporte, combina su formaci\u00f3n acad\u00e9mica con su labor divulgativa.\",\"url\":\"https:\\\/\\\/www.fcbarcelonanoticias.com\\\/en\\\/fc-barcelona\\\/erika-moya_29_115.html\"}]}<\/script>\n<!-- \/ Yoast SEO plugin. -->","yoast_head_json":{"title":"Like this they describe in Madrid the celebrations of Cristiano","description":"The press of the Spanish capital has valued very different the celebrations of Cristiano Ronaldo in comparison with the one of Neymar Jr in Mestalla...","robots":{"index":"index","follow":"follow","max-snippet":"max-snippet:-1","max-image-preview":"max-image-preview:large","max-video-preview":"max-video-preview:-1"},"canonical":"https:\/\/www.fcbarcelonanoticias.com\/en\/real-madrid\/like-this-they-describe-in-madrid-the-celebrations-of-cristiano_194169_102.html","og_locale":"en_US","og_type":"article","og_title":"Like this they describe in Madrid the celebrations of Cristiano","og_description":"The press of the Spanish capital has valued very different the celebrations of Cristiano Ronaldo in comparison with the one of Neymar Jr in Mestalla...","og_url":"https:\/\/www.fcbarcelonanoticias.com\/en\/real-madrid\/like-this-they-describe-in-madrid-the-celebrations-of-cristiano_194169_102.html","og_site_name":"EN - FC Barcelona Noticias","article_published_time":"2016-11-20T21:19:00+00:00","article_modified_time":"2026-04-16T07:58:22+00:00","og_image":[{"width":1200,"height":675,"url":"https:\/\/www.fcbarcelonanoticias.com\/en\/wp-content\/uploads\/sites\/2\/2016\/11\/cristiano-ronaldo-202235.png","type":"image\/png"}],"author":"Erika Moya","twitter_card":"summary_large_image","twitter_misc":{"Written by":"Erika Moya","Est. reading time":"2 minutes"},"schema":{"@context":"https:\/\/schema.org","@graph":[{"@type":"Article","@id":"https:\/\/www.fcbarcelonanoticias.com\/en\/real-madrid\/like-this-they-describe-in-madrid-the-celebrations-of-cristiano_194169_102.html#article","isPartOf":{"@id":"https:\/\/www.fcbarcelonanoticias.com\/en\/real-madrid\/like-this-they-describe-in-madrid-the-celebrations-of-cristiano_194169_102.html"},"author":{"name":"Erika Moya","@id":"https:\/\/www.fcbarcelonanoticias.com\/en\/#\/schema\/person\/5dc3a41c52ab542cf24a2fbe3489c561"},"headline":"Like this they describe in Madrid the celebrations of Cristiano","datePublished":"2016-11-20T21:19:00+00:00","dateModified":"2026-04-16T07:58:22+00:00","mainEntityOfPage":{"@id":"https:\/\/www.fcbarcelonanoticias.com\/en\/real-madrid\/like-this-they-describe-in-madrid-the-celebrations-of-cristiano_194169_102.html"},"wordCount":413,"image":{"@id":"https:\/\/www.fcbarcelonanoticias.com\/en\/real-madrid\/like-this-they-describe-in-madrid-the-celebrations-of-cristiano_194169_102.html#primaryimage"},"thumbnailUrl":"https:\/\/www.fcbarcelonanoticias.com\/en\/wp-content\/uploads\/sites\/2\/2016\/11\/cristiano-ronaldo-202235.png","keywords":["Cristiano Ronaldo","Neymar Jr","Press magazine"],"articleSection":["Real Madrid","Real Madrid"],"inLanguage":"en-US"},{"@type":"WebPage","@id":"https:\/\/www.fcbarcelonanoticias.com\/en\/real-madrid\/like-this-they-describe-in-madrid-the-celebrations-of-cristiano_194169_102.html","url":"https:\/\/www.fcbarcelonanoticias.com\/en\/real-madrid\/like-this-they-describe-in-madrid-the-celebrations-of-cristiano_194169_102.html","name":"Like this they describe in Madrid the celebrations of Cristiano","isPartOf":{"@id":"https:\/\/www.fcbarcelonanoticias.com\/en\/#website"},"primaryImageOfPage":{"@id":"https:\/\/www.fcbarcelonanoticias.com\/en\/real-madrid\/like-this-they-describe-in-madrid-the-celebrations-of-cristiano_194169_102.html#primaryimage"},"image":{"@id":"https:\/\/www.fcbarcelonanoticias.com\/en\/real-madrid\/like-this-they-describe-in-madrid-the-celebrations-of-cristiano_194169_102.html#primaryimage"},"thumbnailUrl":"https:\/\/www.fcbarcelonanoticias.com\/en\/wp-content\/uploads\/sites\/2\/2016\/11\/cristiano-ronaldo-202235.png","datePublished":"2016-11-20T21:19:00+00:00","dateModified":"2026-04-16T07:58:22+00:00","author":{"@id":"https:\/\/www.fcbarcelonanoticias.com\/en\/#\/schema\/person\/5dc3a41c52ab542cf24a2fbe3489c561"},"description":"The press of the Spanish capital has valued very different the celebrations of Cristiano Ronaldo in comparison with the one of Neymar Jr in Mestalla...","breadcrumb":{"@id":"https:\/\/www.fcbarcelonanoticias.com\/en\/real-madrid\/like-this-they-describe-in-madrid-the-celebrations-of-cristiano_194169_102.html#breadcrumb"},"inLanguage":"en-US","potentialAction":[{"@type":"ReadAction","target":["https:\/\/www.fcbarcelonanoticias.com\/en\/real-madrid\/like-this-they-describe-in-madrid-the-celebrations-of-cristiano_194169_102.html"]}]},{"@type":"ImageObject","inLanguage":"en-US","@id":"https:\/\/www.fcbarcelonanoticias.com\/en\/real-madrid\/like-this-they-describe-in-madrid-the-celebrations-of-cristiano_194169_102.html#primaryimage","url":"https:\/\/www.fcbarcelonanoticias.com\/en\/wp-content\/uploads\/sites\/2\/2016\/11\/cristiano-ronaldo-202235.png","contentUrl":"https:\/\/www.fcbarcelonanoticias.com\/en\/wp-content\/uploads\/sites\/2\/2016\/11\/cristiano-ronaldo-202235.png","width":1200,"height":675},{"@type":"BreadcrumbList","@id":"https:\/\/www.fcbarcelonanoticias.com\/en\/real-madrid\/like-this-they-describe-in-madrid-the-celebrations-of-cristiano_194169_102.html#breadcrumb","itemListElement":[{"@type":"ListItem","position":1,"name":"Portada","item":"https:\/\/www.fcbarcelonanoticias.com\/en\/"},{"@type":"ListItem","position":2,"name":"Like this they describe in Madrid the celebrations of Cristiano"}]},{"@type":"WebSite","@id":"https:\/\/www.fcbarcelonanoticias.com\/en\/#website","url":"https:\/\/www.fcbarcelonanoticias.com\/en\/","name":"EN - FC Barcelona Noticias","description":"","potentialAction":[{"@type":"SearchAction","target":{"@type":"EntryPoint","urlTemplate":"https:\/\/www.fcbarcelonanoticias.com\/en\/?s={search_term_string}"},"query-input":{"@type":"PropertyValueSpecification","valueRequired":true,"valueName":"search_term_string"}}],"inLanguage":"en-US"},{"@type":"Person","@id":"https:\/\/www.fcbarcelonanoticias.com\/en\/#\/schema\/person\/5dc3a41c52ab542cf24a2fbe3489c561","name":"Erika Moya","image":{"@type":"ImageObject","inLanguage":"en-US","@id":"https:\/\/secure.gravatar.com\/avatar\/?s=96&d=mm&r=g","url":"https:\/\/secure.gravatar.com\/avatar\/?s=96&d=mm&r=g","contentUrl":"https:\/\/secure.gravatar.com\/avatar\/?s=96&d=mm&r=g","caption":"Erika Moya"},"description":"Erika est\u00e1 estudiando Periodismo y llega a FCBN con el objetivo de cubrir la actualidad del F\u00fatbol Femenino, con especial cari\u00f1o\u00a0a todo lo que rodea al Bar\u00e7a Femenino. Apasionada del deporte, combina su formaci\u00f3n acad\u00e9mica con su labor divulgativa.","url":"https:\/\/www.fcbarcelonanoticias.com\/en\/fc-barcelona\/erika-moya_29_115.html"}]}},"_links":{"self":[{"href":"https:\/\/www.fcbarcelonanoticias.com\/en\/wp-json\/wp\/v2\/posts\/83304","targetHints":{"allow":["GET"]}}],"collection":[{"href":"https:\/\/www.fcbarcelonanoticias.com\/en\/wp-json\/wp\/v2\/posts"}],"about":[{"href":"https:\/\/www.fcbarcelonanoticias.com\/en\/wp-json\/wp\/v2\/types\/post"}],"author":[{"embeddable":true,"href":"https:\/\/www.fcbarcelonanoticias.com\/en\/wp-json\/wp\/v2\/users\/357"}],"replies":[{"embeddable":true,"href":"https:\/\/www.fcbarcelonanoticias.com\/en\/wp-json\/wp\/v2\/comments?post=83304"}],"version-history":[{"count":3,"href":"https:\/\/www.fcbarcelonanoticias.com\/en\/wp-json\/wp\/v2\/posts\/83304\/revisions"}],"predecessor-version":[{"id":183060,"href":"https:\/\/www.fcbarcelonanoticias.com\/en\/wp-json\/wp\/v2\/posts\/83304\/revisions\/183060"}],"wp:featuredmedia":[{"embeddable":true,"href":"https:\/\/www.fcbarcelonanoticias.com\/en\/wp-json\/wp\/v2\/media\/83306"}],"wp:attachment":[{"href":"https:\/\/www.fcbarcelonanoticias.com\/en\/wp-json\/wp\/v2\/media?parent=83304"}],"wp:term":[{"taxonomy":"category","embeddable":true,"href":"https:\/\/www.fcbarcelonanoticias.com\/en\/wp-json\/wp\/v2\/categories?post=83304"},{"taxonomy":"post_tag","embeddable":true,"href":"https:\/\/www.fcbarcelonanoticias.com\/en\/wp-json\/wp\/v2\/tags?post=83304"}],"curies":[{"name":"wp","href":"https:\/\/api.w.org\/{rel}","templated":true}]}}