{"id":83368,"date":"2016-01-18T10:08:00","date_gmt":"2016-01-18T09:08:00","guid":{"rendered":"https:\/\/weisetech.dev\/fc-barcelona-noticias\/en\/the-last-dart-of-isco-to-benitez-after-his-dismissal-of-the-real-madrid_35235_102\/"},"modified":"2016-01-18T10:08:00","modified_gmt":"2016-01-18T09:08:00","slug":"the-last-dart-of-isco-to-benitez-after-his-dismissal-of-the-real-madrid_35235_102","status":"publish","type":"post","link":"https:\/\/www.fcbarcelonanoticias.com\/en\/real-madrid\/the-last-dart-of-isco-to-benitez-after-his-dismissal-of-the-real-madrid_35235_102.html","title":{"rendered":"The last &#8220;dart&#8221; of Isco to Ben\u00edtez after his dismissal of the Real Madrid"},"content":{"rendered":"\r\n<div class=\"article-addons\">\r\n    <a href=\"https:\/\/www.fcbarcelonanoticias.com\/en\/calendar-fc-barcelona.html\"\r\n       target=\"_self\"\r\n       title=\"Calendar of FC Barcelona\"\r\n       class=\"blue-gredient-btn\">\r\n       \r\n        Calendar of FC Barcelona    <\/a>\r\n<\/div>   <div class=\"separator\" style=\"clear: both; text-align: center;\"><a href=\"https:\/\/4.bp.blogspot.com\/en\/-fgSOH-z_Tfc\/VpyypqayutI\/AAAAAAADCh0\/vrPm5-z7vOc\/s1600\/isco-zidane.jpg\" imageanchor=\"1\" style=\"margin-left: 1em; margin-right: 1em;\"><\/a><\/div> <br><b>The young Spanish midfield player of the Real Madrid, Isco Alarc\u00f3n, carried out some statements after the victory harvested against the Sporting of Gij\u00f3n in which it ensured that the players &#8220;understand better what asks us Zidane&#8221; that when Rafa Ben\u00edtez was the trainer<\/b><br><br><span style=\"font-size: large;\"><b><span style=\"color: #990000;\">Ticket<\/span><\/b> &#8211; <b><u><a href=\"http:\/\/www.viagogo.es\/en\/Entradas-Deportes\/Futbol\/La-Liga-Primera-Division\/Malaga-CF-Entradas\/E-1073779?AffiliateID=1558&amp;PCID=AFFESIAFF1558A548FCBFC6-05\" rel=\"nofollow\" target=\"_blank\">Gone in M\u00e1laga vs FC Barcelona &#8211; League J21<\/a><\/u><\/b><\/span><br><span style=\"font-size: large;\"><b><span style=\"color: #990000;\">The Classical<\/span><\/b> &#8211; <b><u><a href=\"http:\/\/www.viagogo.es\/en\/Entradas-Deportes\/Futbol\/La-Liga-Primera-Division\/FC-Barcelona-Entradas\/E-1073691?AffiliateID=1558&amp;PCID=AFFESIAFF1558A548FCBFC6-05\" rel=\"nofollow\" target=\"_blank\">Gone in \/ Ticket FC Barcelona vs Real Madrid<\/a><\/u><\/b><\/span><br><span style=\"font-size: large;\"><b><span style=\"color: #990000;\">Ticket<\/span><\/b> &#8211; <b><u><a href=\"http:\/\/www.viagogo.es\/en\/Entradas-Deportes\/Futbol\/La-Liga-Primera-Division\/FC-Barcelona-Entradas?AffiliateID=1558&amp;PCID=AFFESIAFF1558A548FCBFC6-05\" rel=\"nofollow\" target=\"_blank\">Gone in for all the parties of the FC Barcelona<\/a><\/u><\/b><\/span><br><br>The staff of the Real Madrid seems to be assimilating much better the guidelines of<b> Zinedine Zidane <\/b>that the ones of Rafa Ben\u00edtez, and this is not an opinion, but rather a fact. In the two first parties of the whites under the control of the French technician, two goleadas in favour of the madridistas with an average of five goals by party, whereas with Rafa Ben\u00edtez the goleadas arrived to the Bernab\u00e9u of way very intermittent, losing points besides the team in several theoretically affordable meetings, as in The Molin\u00f3n in the first day.<br><br>The case is that one of the most benefited players by the change of trainer has been Isco Alarc\u00f3n, that accumulates already two consecutive titularities in the Real Madrid and seems to have won the confidence of Zidane by in front of James Rodr\u00edguez. &#8220;I am happy by the two last parties and the result of the team. Today it touches me to me and another day to another mate. <b>The key is to take advantage of the opportunities&#8221;<\/b>, signalled, ensuring that to the team has come him well the change of trainer.<br><br>&#8220;We always try to do it the best possible. <b>Perhaps we understand better what asks us Zidane and this notices  in the<\/b>field . It has been a week that have done a good work to take physical tone. In the first part have put a lot of intensity and in the second has cost us more. We have to improve. It is necessary to keep the intensity during the 90 minutes, but it is necessary to stand out the big split the team&#8221;, commented the one of Benalm\u00e1dena after the party against the Sporting of Gij\u00f3n.<br><br><br>Finally, on the injuries of Gareth Bleat and Karim Benzema, commented the following: &#8220;It Is necessary to value what have. It seems that Benzema is only a hit and expect to see what has Bleat&#8221;. In the case of Jes\u00e9 Rodr\u00edguez, showed  happy with the minutes but regretted the injury of Gareth Bleat. <b>&#8220;It is not well go out by a lesionado, less by Gareth, that was playing very well<\/b>. But I am having minutes, that did time that did not have and little by little find me better&#8221;.<br><br>It stood out the importance of the triumph. <b>&#8220;The team has a lot of attitude, are well and trust, are a big team and can have a lot of victories following like this&#8221;<\/b>. And it showed  happy with Zidane. &#8220;It knew him of it does two seasons, is near and concerns  by all&#8221;.<br><br> ","protected":false},"excerpt":{"rendered":"<p>The young Spanish midfield player of the Real Madrid, Isco Alarc\u00f3n, carried out some statements after the victory harvested against the Sporting of Gij\u00f3n in which it ensured that the players &#8220;understand better what asks us Zidane&#8221; that when Rafa Ben\u00edtez was the trainer Ticket &#8211; Gone in M\u00e1laga vs FC Barcelona &#8211; League J21The [&hellip;]<\/p>\n","protected":false},"author":468,"featured_media":83374,"comment_status":"closed","ping_status":"open","sticky":false,"template":"","format":"standard","meta":{"_acf_changed":false,"inline_featured_image":false,"_nextfly_llmd_date_locked":false,"footnotes":""},"categories":[119,450],"tags":[258],"class_list":["post-83368","post","type-post","status-publish","format-standard","has-post-thumbnail","hentry","category-real-madrid","category-real-madrid-2","tag-rafa-benitez"],"acf":[],"yoast_head":"<!-- This site is optimized with the Yoast SEO plugin v27.3 - https:\/\/yoast.com\/product\/yoast-seo-wordpress\/ -->\n<title>The last &quot;dart&quot; of Isco to Ben\u00edtez after his dismissal of the Real Madrid<\/title>\n<meta name=\"description\" content=\"FCBarcelonaNoticias.com\" \/>\n<meta name=\"robots\" content=\"index, follow, max-snippet:-1, max-image-preview:large, max-video-preview:-1\" \/>\n<link rel=\"canonical\" href=\"https:\/\/www.fcbarcelonanoticias.com\/en\/real-madrid\/the-last-dart-of-isco-to-benitez-after-his-dismissal-of-the-real-madrid_35235_102.html\" \/>\n<meta property=\"og:locale\" content=\"en_US\" \/>\n<meta property=\"og:type\" content=\"article\" \/>\n<meta property=\"og:title\" content=\"The last &quot;dart&quot; of Isco to Ben\u00edtez after his dismissal of the Real Madrid\" \/>\n<meta property=\"og:description\" content=\"FCBarcelonaNoticias.com\" \/>\n<meta property=\"og:url\" content=\"https:\/\/www.fcbarcelonanoticias.com\/en\/real-madrid\/the-last-dart-of-isco-to-benitez-after-his-dismissal-of-the-real-madrid_35235_102.html\" \/>\n<meta property=\"og:site_name\" content=\"EN - FC Barcelona Noticias\" \/>\n<meta property=\"article:published_time\" content=\"2016-01-18T09:08:00+00:00\" \/>\n<meta property=\"og:image\" content=\"https:\/\/www.fcbarcelonanoticias.com\/en\/wp-content\/uploads\/sites\/2\/2016\/01\/isco-zidane-35247.jpeg\" \/>\n\t<meta property=\"og:image:width\" content=\"610\" \/>\n\t<meta property=\"og:image:height\" content=\"343\" \/>\n\t<meta property=\"og:image:type\" content=\"image\/jpeg\" \/>\n<meta name=\"author\" content=\"user_4124\" \/>\n<meta name=\"twitter:card\" content=\"summary_large_image\" \/>\n<meta name=\"twitter:label1\" content=\"Written by\" \/>\n\t<meta name=\"twitter:data1\" content=\"user_4124\" \/>\n\t<meta name=\"twitter:label2\" content=\"Est. reading time\" \/>\n\t<meta name=\"twitter:data2\" content=\"3 minutes\" \/>\n<script type=\"application\/ld+json\" class=\"yoast-schema-graph\">{\"@context\":\"https:\\\/\\\/schema.org\",\"@graph\":[{\"@type\":\"Article\",\"@id\":\"https:\\\/\\\/www.fcbarcelonanoticias.com\\\/en\\\/real-madrid\\\/the-last-dart-of-isco-to-benitez-after-his-dismissal-of-the-real-madrid_35235_102.html#article\",\"isPartOf\":{\"@id\":\"https:\\\/\\\/www.fcbarcelonanoticias.com\\\/en\\\/real-madrid\\\/the-last-dart-of-isco-to-benitez-after-his-dismissal-of-the-real-madrid_35235_102.html\"},\"author\":{\"name\":\"user_4124\",\"@id\":\"https:\\\/\\\/www.fcbarcelonanoticias.com\\\/en\\\/#\\\/schema\\\/person\\\/15ee2f54c96c350bfe0645e2cd9256a8\"},\"headline\":\"The last &#8220;dart&#8221; of Isco to Ben\u00edtez after his dismissal of the Real Madrid\",\"datePublished\":\"2016-01-18T09:08:00+00:00\",\"mainEntityOfPage\":{\"@id\":\"https:\\\/\\\/www.fcbarcelonanoticias.com\\\/en\\\/real-madrid\\\/the-last-dart-of-isco-to-benitez-after-his-dismissal-of-the-real-madrid_35235_102.html\"},\"wordCount\":530,\"image\":{\"@id\":\"https:\\\/\\\/www.fcbarcelonanoticias.com\\\/en\\\/real-madrid\\\/the-last-dart-of-isco-to-benitez-after-his-dismissal-of-the-real-madrid_35235_102.html#primaryimage\"},\"thumbnailUrl\":\"https:\\\/\\\/www.fcbarcelonanoticias.com\\\/en\\\/wp-content\\\/uploads\\\/sites\\\/2\\\/2016\\\/01\\\/isco-zidane-35247.jpeg\",\"keywords\":[\"Rafa Ben\u00edtez\"],\"articleSection\":[\"Real Madrid\",\"Real Madrid\"],\"inLanguage\":\"en-US\"},{\"@type\":\"WebPage\",\"@id\":\"https:\\\/\\\/www.fcbarcelonanoticias.com\\\/en\\\/real-madrid\\\/the-last-dart-of-isco-to-benitez-after-his-dismissal-of-the-real-madrid_35235_102.html\",\"url\":\"https:\\\/\\\/www.fcbarcelonanoticias.com\\\/en\\\/real-madrid\\\/the-last-dart-of-isco-to-benitez-after-his-dismissal-of-the-real-madrid_35235_102.html\",\"name\":\"The last \\\"dart\\\" of Isco to Ben\u00edtez after his dismissal of the Real Madrid\",\"isPartOf\":{\"@id\":\"https:\\\/\\\/www.fcbarcelonanoticias.com\\\/en\\\/#website\"},\"primaryImageOfPage\":{\"@id\":\"https:\\\/\\\/www.fcbarcelonanoticias.com\\\/en\\\/real-madrid\\\/the-last-dart-of-isco-to-benitez-after-his-dismissal-of-the-real-madrid_35235_102.html#primaryimage\"},\"image\":{\"@id\":\"https:\\\/\\\/www.fcbarcelonanoticias.com\\\/en\\\/real-madrid\\\/the-last-dart-of-isco-to-benitez-after-his-dismissal-of-the-real-madrid_35235_102.html#primaryimage\"},\"thumbnailUrl\":\"https:\\\/\\\/www.fcbarcelonanoticias.com\\\/en\\\/wp-content\\\/uploads\\\/sites\\\/2\\\/2016\\\/01\\\/isco-zidane-35247.jpeg\",\"datePublished\":\"2016-01-18T09:08:00+00:00\",\"author\":{\"@id\":\"https:\\\/\\\/www.fcbarcelonanoticias.com\\\/en\\\/#\\\/schema\\\/person\\\/15ee2f54c96c350bfe0645e2cd9256a8\"},\"description\":\"FCBarcelonaNoticias.com\",\"breadcrumb\":{\"@id\":\"https:\\\/\\\/www.fcbarcelonanoticias.com\\\/en\\\/real-madrid\\\/the-last-dart-of-isco-to-benitez-after-his-dismissal-of-the-real-madrid_35235_102.html#breadcrumb\"},\"inLanguage\":\"en-US\",\"potentialAction\":[{\"@type\":\"ReadAction\",\"target\":[\"https:\\\/\\\/www.fcbarcelonanoticias.com\\\/en\\\/real-madrid\\\/the-last-dart-of-isco-to-benitez-after-his-dismissal-of-the-real-madrid_35235_102.html\"]}]},{\"@type\":\"ImageObject\",\"inLanguage\":\"en-US\",\"@id\":\"https:\\\/\\\/www.fcbarcelonanoticias.com\\\/en\\\/real-madrid\\\/the-last-dart-of-isco-to-benitez-after-his-dismissal-of-the-real-madrid_35235_102.html#primaryimage\",\"url\":\"https:\\\/\\\/www.fcbarcelonanoticias.com\\\/en\\\/wp-content\\\/uploads\\\/sites\\\/2\\\/2016\\\/01\\\/isco-zidane-35247.jpeg\",\"contentUrl\":\"https:\\\/\\\/www.fcbarcelonanoticias.com\\\/en\\\/wp-content\\\/uploads\\\/sites\\\/2\\\/2016\\\/01\\\/isco-zidane-35247.jpeg\",\"width\":610,\"height\":343},{\"@type\":\"BreadcrumbList\",\"@id\":\"https:\\\/\\\/www.fcbarcelonanoticias.com\\\/en\\\/real-madrid\\\/the-last-dart-of-isco-to-benitez-after-his-dismissal-of-the-real-madrid_35235_102.html#breadcrumb\",\"itemListElement\":[{\"@type\":\"ListItem\",\"position\":1,\"name\":\"Portada\",\"item\":\"https:\\\/\\\/www.fcbarcelonanoticias.com\\\/en\\\/\"},{\"@type\":\"ListItem\",\"position\":2,\"name\":\"The last &#8220;dart&#8221; of Isco to Ben\u00edtez after his dismissal of the Real Madrid\"}]},{\"@type\":\"WebSite\",\"@id\":\"https:\\\/\\\/www.fcbarcelonanoticias.com\\\/en\\\/#website\",\"url\":\"https:\\\/\\\/www.fcbarcelonanoticias.com\\\/en\\\/\",\"name\":\"EN - FC Barcelona Noticias\",\"description\":\"\",\"potentialAction\":[{\"@type\":\"SearchAction\",\"target\":{\"@type\":\"EntryPoint\",\"urlTemplate\":\"https:\\\/\\\/www.fcbarcelonanoticias.com\\\/en\\\/?s={search_term_string}\"},\"query-input\":{\"@type\":\"PropertyValueSpecification\",\"valueRequired\":true,\"valueName\":\"search_term_string\"}}],\"inLanguage\":\"en-US\"},{\"@type\":\"Person\",\"@id\":\"https:\\\/\\\/www.fcbarcelonanoticias.com\\\/en\\\/#\\\/schema\\\/person\\\/15ee2f54c96c350bfe0645e2cd9256a8\",\"name\":\"user_4124\",\"image\":{\"@type\":\"ImageObject\",\"inLanguage\":\"en-US\",\"@id\":\"https:\\\/\\\/secure.gravatar.com\\\/avatar\\\/?s=96&d=mm&r=g\",\"url\":\"https:\\\/\\\/secure.gravatar.com\\\/avatar\\\/?s=96&d=mm&r=g\",\"contentUrl\":\"https:\\\/\\\/secure.gravatar.com\\\/avatar\\\/?s=96&d=mm&r=g\",\"caption\":\"user_4124\"},\"url\":\"https:\\\/\\\/www.fcbarcelonanoticias.com\\\/en\\\/user_4124.html\"}]}<\/script>\n<!-- \/ Yoast SEO plugin. -->","yoast_head_json":{"title":"The last \"dart\" of Isco to Ben\u00edtez after his dismissal of the Real Madrid","description":"FCBarcelonaNoticias.com","robots":{"index":"index","follow":"follow","max-snippet":"max-snippet:-1","max-image-preview":"max-image-preview:large","max-video-preview":"max-video-preview:-1"},"canonical":"https:\/\/www.fcbarcelonanoticias.com\/en\/real-madrid\/the-last-dart-of-isco-to-benitez-after-his-dismissal-of-the-real-madrid_35235_102.html","og_locale":"en_US","og_type":"article","og_title":"The last \"dart\" of Isco to Ben\u00edtez after his dismissal of the Real Madrid","og_description":"FCBarcelonaNoticias.com","og_url":"https:\/\/www.fcbarcelonanoticias.com\/en\/real-madrid\/the-last-dart-of-isco-to-benitez-after-his-dismissal-of-the-real-madrid_35235_102.html","og_site_name":"EN - FC Barcelona Noticias","article_published_time":"2016-01-18T09:08:00+00:00","og_image":[{"width":610,"height":343,"url":"https:\/\/www.fcbarcelonanoticias.com\/en\/wp-content\/uploads\/sites\/2\/2016\/01\/isco-zidane-35247.jpeg","type":"image\/jpeg"}],"author":"user_4124","twitter_card":"summary_large_image","twitter_misc":{"Written by":"user_4124","Est. reading time":"3 minutes"},"schema":{"@context":"https:\/\/schema.org","@graph":[{"@type":"Article","@id":"https:\/\/www.fcbarcelonanoticias.com\/en\/real-madrid\/the-last-dart-of-isco-to-benitez-after-his-dismissal-of-the-real-madrid_35235_102.html#article","isPartOf":{"@id":"https:\/\/www.fcbarcelonanoticias.com\/en\/real-madrid\/the-last-dart-of-isco-to-benitez-after-his-dismissal-of-the-real-madrid_35235_102.html"},"author":{"name":"user_4124","@id":"https:\/\/www.fcbarcelonanoticias.com\/en\/#\/schema\/person\/15ee2f54c96c350bfe0645e2cd9256a8"},"headline":"The last &#8220;dart&#8221; of Isco to Ben\u00edtez after his dismissal of the Real Madrid","datePublished":"2016-01-18T09:08:00+00:00","mainEntityOfPage":{"@id":"https:\/\/www.fcbarcelonanoticias.com\/en\/real-madrid\/the-last-dart-of-isco-to-benitez-after-his-dismissal-of-the-real-madrid_35235_102.html"},"wordCount":530,"image":{"@id":"https:\/\/www.fcbarcelonanoticias.com\/en\/real-madrid\/the-last-dart-of-isco-to-benitez-after-his-dismissal-of-the-real-madrid_35235_102.html#primaryimage"},"thumbnailUrl":"https:\/\/www.fcbarcelonanoticias.com\/en\/wp-content\/uploads\/sites\/2\/2016\/01\/isco-zidane-35247.jpeg","keywords":["Rafa Ben\u00edtez"],"articleSection":["Real Madrid","Real Madrid"],"inLanguage":"en-US"},{"@type":"WebPage","@id":"https:\/\/www.fcbarcelonanoticias.com\/en\/real-madrid\/the-last-dart-of-isco-to-benitez-after-his-dismissal-of-the-real-madrid_35235_102.html","url":"https:\/\/www.fcbarcelonanoticias.com\/en\/real-madrid\/the-last-dart-of-isco-to-benitez-after-his-dismissal-of-the-real-madrid_35235_102.html","name":"The last \"dart\" of Isco to Ben\u00edtez after his dismissal of the Real Madrid","isPartOf":{"@id":"https:\/\/www.fcbarcelonanoticias.com\/en\/#website"},"primaryImageOfPage":{"@id":"https:\/\/www.fcbarcelonanoticias.com\/en\/real-madrid\/the-last-dart-of-isco-to-benitez-after-his-dismissal-of-the-real-madrid_35235_102.html#primaryimage"},"image":{"@id":"https:\/\/www.fcbarcelonanoticias.com\/en\/real-madrid\/the-last-dart-of-isco-to-benitez-after-his-dismissal-of-the-real-madrid_35235_102.html#primaryimage"},"thumbnailUrl":"https:\/\/www.fcbarcelonanoticias.com\/en\/wp-content\/uploads\/sites\/2\/2016\/01\/isco-zidane-35247.jpeg","datePublished":"2016-01-18T09:08:00+00:00","author":{"@id":"https:\/\/www.fcbarcelonanoticias.com\/en\/#\/schema\/person\/15ee2f54c96c350bfe0645e2cd9256a8"},"description":"FCBarcelonaNoticias.com","breadcrumb":{"@id":"https:\/\/www.fcbarcelonanoticias.com\/en\/real-madrid\/the-last-dart-of-isco-to-benitez-after-his-dismissal-of-the-real-madrid_35235_102.html#breadcrumb"},"inLanguage":"en-US","potentialAction":[{"@type":"ReadAction","target":["https:\/\/www.fcbarcelonanoticias.com\/en\/real-madrid\/the-last-dart-of-isco-to-benitez-after-his-dismissal-of-the-real-madrid_35235_102.html"]}]},{"@type":"ImageObject","inLanguage":"en-US","@id":"https:\/\/www.fcbarcelonanoticias.com\/en\/real-madrid\/the-last-dart-of-isco-to-benitez-after-his-dismissal-of-the-real-madrid_35235_102.html#primaryimage","url":"https:\/\/www.fcbarcelonanoticias.com\/en\/wp-content\/uploads\/sites\/2\/2016\/01\/isco-zidane-35247.jpeg","contentUrl":"https:\/\/www.fcbarcelonanoticias.com\/en\/wp-content\/uploads\/sites\/2\/2016\/01\/isco-zidane-35247.jpeg","width":610,"height":343},{"@type":"BreadcrumbList","@id":"https:\/\/www.fcbarcelonanoticias.com\/en\/real-madrid\/the-last-dart-of-isco-to-benitez-after-his-dismissal-of-the-real-madrid_35235_102.html#breadcrumb","itemListElement":[{"@type":"ListItem","position":1,"name":"Portada","item":"https:\/\/www.fcbarcelonanoticias.com\/en\/"},{"@type":"ListItem","position":2,"name":"The last &#8220;dart&#8221; of Isco to Ben\u00edtez after his dismissal of the Real Madrid"}]},{"@type":"WebSite","@id":"https:\/\/www.fcbarcelonanoticias.com\/en\/#website","url":"https:\/\/www.fcbarcelonanoticias.com\/en\/","name":"EN - FC Barcelona Noticias","description":"","potentialAction":[{"@type":"SearchAction","target":{"@type":"EntryPoint","urlTemplate":"https:\/\/www.fcbarcelonanoticias.com\/en\/?s={search_term_string}"},"query-input":{"@type":"PropertyValueSpecification","valueRequired":true,"valueName":"search_term_string"}}],"inLanguage":"en-US"},{"@type":"Person","@id":"https:\/\/www.fcbarcelonanoticias.com\/en\/#\/schema\/person\/15ee2f54c96c350bfe0645e2cd9256a8","name":"user_4124","image":{"@type":"ImageObject","inLanguage":"en-US","@id":"https:\/\/secure.gravatar.com\/avatar\/?s=96&d=mm&r=g","url":"https:\/\/secure.gravatar.com\/avatar\/?s=96&d=mm&r=g","contentUrl":"https:\/\/secure.gravatar.com\/avatar\/?s=96&d=mm&r=g","caption":"user_4124"},"url":"https:\/\/www.fcbarcelonanoticias.com\/en\/user_4124.html"}]}},"_links":{"self":[{"href":"https:\/\/www.fcbarcelonanoticias.com\/en\/wp-json\/wp\/v2\/posts\/83368","targetHints":{"allow":["GET"]}}],"collection":[{"href":"https:\/\/www.fcbarcelonanoticias.com\/en\/wp-json\/wp\/v2\/posts"}],"about":[{"href":"https:\/\/www.fcbarcelonanoticias.com\/en\/wp-json\/wp\/v2\/types\/post"}],"author":[{"embeddable":true,"href":"https:\/\/www.fcbarcelonanoticias.com\/en\/wp-json\/wp\/v2\/users\/468"}],"replies":[{"embeddable":true,"href":"https:\/\/www.fcbarcelonanoticias.com\/en\/wp-json\/wp\/v2\/comments?post=83368"}],"version-history":[{"count":1,"href":"https:\/\/www.fcbarcelonanoticias.com\/en\/wp-json\/wp\/v2\/posts\/83368\/revisions"}],"predecessor-version":[{"id":124473,"href":"https:\/\/www.fcbarcelonanoticias.com\/en\/wp-json\/wp\/v2\/posts\/83368\/revisions\/124473"}],"wp:featuredmedia":[{"embeddable":true,"href":"https:\/\/www.fcbarcelonanoticias.com\/en\/wp-json\/wp\/v2\/media\/83374"}],"wp:attachment":[{"href":"https:\/\/www.fcbarcelonanoticias.com\/en\/wp-json\/wp\/v2\/media?parent=83368"}],"wp:term":[{"taxonomy":"category","embeddable":true,"href":"https:\/\/www.fcbarcelonanoticias.com\/en\/wp-json\/wp\/v2\/categories?post=83368"},{"taxonomy":"post_tag","embeddable":true,"href":"https:\/\/www.fcbarcelonanoticias.com\/en\/wp-json\/wp\/v2\/tags?post=83368"}],"curies":[{"name":"wp","href":"https:\/\/api.w.org\/{rel}","templated":true}]}}