{"id":8355,"date":"2025-04-27T11:16:00","date_gmt":"2025-04-27T09:16:00","guid":{"rendered":"https:\/\/weisetech.dev\/fc-barcelona-noticias\/en\/sanctions-for-rudiger-bellingham-and-lucas-vazquez-expelled-in-the-cup-final_312350_102\/"},"modified":"2025-04-27T11:16:00","modified_gmt":"2025-04-27T09:16:00","slug":"sanctions-for-rudiger-bellingham-and-lucas-vazquez-expelled-in-the-cup-final_312350_102","status":"publish","type":"post","link":"https:\/\/www.fcbarcelonanoticias.com\/en\/copa-del-rey\/sanctions-for-rudiger-bellingham-and-lucas-vazquez-expelled-in-the-cup-final_312350_102.html","title":{"rendered":"Sanctions for R\u00fcdiger, Bellingham, and Lucas V\u00e1zquez: expelled in the Cup final"},"content":{"rendered":"<h2 class=\"wp-block-heading\">R\u00fcdiger faces a much more severe sanction (minimum 4 matches, maximum 12), while Bellingham and Lucas V\u00e1zquez will foreseeably receive two matches suspension in Copa del Rey.<\/h2>  \r\n<div class=\"article-addons\">\r\n    <a href=\"https:\/\/www.fcbarcelonanoticias.com\/en\/calendar-fc-barcelona.html\"\r\n       target=\"_self\"\r\n       title=\"Calendar of FC Barcelona\"\r\n       class=\"blue-gredient-btn\">\r\n       \r\n        Calendar of FC Barcelona    <\/a>\r\n<\/div>   <p>At the end of the <strong><a data-external=\"0\" data-intl-links-en=\"https:\/\/www.fcbarcelonanoticias.com\/en\/copa-del-rey.html\" data-intl-links-es=\"https:\/\/www.fcbarcelonanoticias.com\/copa-del-rey.html\" href=\"https:\/\/www.fcbarcelonanoticias.com\/en\/copa-del-rey.html\" rel=\"follow\" target=\"_self\" title=\"Copa del Rey 2024-25 - \u00daltimas noticias, partidos y resultados\">Copa del Rey final between Real Madrid and FC Barcelona<\/a><\/strong>, <strong>three Real Madrid players &#8211; Antonio R\u00fcdiger, Jude Bellingham, and Lucas V\u00e1zquez &#8211; were expelled<\/strong> by referee Ricardo de Burgos Bengoetxea due to incidents that occurred in the final minutes and after the final whistle.<\/p>  <h2>Referee report and possible sanctions for R<strong>\u00fcdiger<\/strong> <\/h2>  <p>In a match ending full of tension, <strong>Real Madrid defender Antonio R\u00fcdiger was expelled after throwing an ice pack at referee Ricardo de Burgos Bengoetxea<\/strong> during the Copa del Rey final against FC Barcelona.<\/p>  <p>The incident occurred in added time of extra time, when <strong>the referee signaled a foul by Kylian Mbapp\u00e9 on Eric Garc\u00eda<\/strong>, nullifying a Real Madrid attack. R\u00fcdiger, who had already been substituted and was on the bench with ice packs on his knees, reacted by throwing one of them at the referee, without hitting him.<\/p>  <div data-oembed-url=\"https:\/\/x.com\/paloomer_05\/status\/1916264678814007446\"> <blockquote align=\"center\" class=\"twitter-tweet\" data-dnt=\"true\"> <p dir=\"ltr\" lang=\"es\">y rudiguer es gilipollas y se le debe sancionar, pero con todo el respeto, son los propios arbitros los que provocan estas situaciones, como se vio en Cornella. Que aprendan a hacer su trabajo primero<a href=\"https:\/\/t.co\/en\/mMNqBu4y9b\">pic.twitter.com\/mMNqBu4y9b<\/a><\/p> \u2014 Palomares (@paloomer_05) <a href=\"https:\/\/twitter.com\/en\/paloomer_05\/status\/1916264678814007446?ref_src=twsrc%5Etfw\">April 26, 2025<\/a> <\/blockquote>  <\/div>  <p><strong>Referee report:<\/strong><\/p>  <ul> <li> \t<p>In the 120th minute, the player (22) R\u00fcdiger, Antonio was expelled for the following reason: For throwing an object from the technical area without hitting me. After being shown the red card, he had to be restrained by several members of the technical staff, showing an aggressive attitude.<\/p> \t<\/li> <\/ul> <p><strong>Possible sanction:<\/strong><\/p>  <blockquote> <p>&#8220;According to Article 101 of the RFEF Disciplinary Code, R\u00fcdiger&#8217;s action could be considered as an attempted aggression, with a sanction ranging between 4 and 12 matches. This suspension would apply in national competitions, including LaLiga&#8221;<\/p> <\/blockquote>  <p><strong>The intervention of several teammates was necessary to contain the player<\/strong>, who showed an aggressive attitude after the expulsion. He faces a serious sanction, framed in articles 100 or 101 of the RFEF Disciplinary Code, related to coercion or mild violence towards referees.<\/p>  <p>The <strong>expected sanction is between 4 and 12 matches<\/strong>, depending on the interpretation of the referee report and the severity determined by the Competition Committee. This sanction, being classified as serious, would be served in official matches, including LaLiga.<\/p>  <p>In addition to R\u00fcdiger, two other Real Madrid players were expelled: Bellingham and Lucas V\u00e1zquez.<\/p>  <h2>Possible sanction for Jude Bellingham<\/h2>  <p>Once the match ended, he went towards the position of the referees in an aggressive attitude, having to be restrained by his teammates. His case, along with that of Lucas V\u00e1zquez, is considered mild and could be framed in <strong>article 124 of the Disciplinary Code<\/strong>, which sanctions attitudes of contempt or disregard towards referees.<\/p>  <p><strong>Referee report:<\/strong><\/p>  <ul> <li> \t<p>In the 99th minute, the player (5) Bellingham, Jude Victor William was expelled for the following reason: Once the match ended, he went towards our position in an aggressive attitude, having to be restrained by his teammates.<\/p> \t<\/li> <\/ul> <p><strong>Possible sanction:<\/strong><\/p>  <blockquote> <p>&#8220;The estimated sanction for Bellingham would be 2 to 3 matches or up to a month of suspension, although the most likely is that it will be two matches, to be served in the next edition of the Copa del Rey&#8221;<\/p> <\/blockquote>  <p><strong>Possible sanction for Lucas V\u00e1zquez<\/strong><\/p>  <p>He was expelled for protesting a referee decision, entering several meters onto the field and making gestures of disagreement.<\/p>  <p><strong>Referee report:<\/strong><\/p>  <ul> <li> \t<p>In the 120th minute, the player (17) V\u00e1zquez Iglesias, Lucas was expelled for the following reason: For protesting one of our decisions, entering several meters onto the field, making gestures of disagreement.<\/p> \t<\/li> <\/ul> <p><strong>Possible sanction:<\/strong><\/p>  <blockquote> <p>&#8220;The sanction is expected to be mild, with a <strong>suspension of 2 matches in the Copa del Rey,<\/strong> according to article 124 of the Disciplinary Code&#8221;<\/p> <\/blockquote>  <p><strong>Reactions and consequences<\/strong><\/p>  <p>Real Madrid coach, <strong>Carlo Ancelotti<\/strong>, avoided commenting on the incident in the press conference after the match. The <strong>RFEF<\/strong> has confirmed that the images and the referee report will be reviewed to determine the corresponding sanctions.<\/p> ","protected":false},"excerpt":{"rendered":"<p>R\u00fcdiger faces a much more severe sanction (minimum 4 matches, maximum 12), while Bellingham and Lucas V\u00e1zquez will foreseeably receive two matches suspension in Copa del Rey. At the end of the Copa del Rey final between Real Madrid and FC Barcelona, three Real Madrid players &#8211; Antonio R\u00fcdiger, Jude Bellingham, and Lucas V\u00e1zquez &#8211; [&hellip;]<\/p>\n","protected":false},"author":353,"featured_media":8356,"comment_status":"closed","ping_status":"open","sticky":false,"template":"","format":"standard","meta":{"_acf_changed":false,"inline_featured_image":false,"_nextfly_llmd_date_locked":false,"footnotes":""},"categories":[446,118],"tags":[46,190,194],"class_list":["post-8355","post","type-post","status-publish","format-standard","has-post-thumbnail","hentry","category-copa-del-rey-2","category-copa-del-rey","tag-fc-barcelona-vs-real-madrid","tag-referees","tag-var"],"acf":[],"yoast_head":"<!-- This site is optimized with the Yoast SEO plugin v27.3 - https:\/\/yoast.com\/product\/yoast-seo-wordpress\/ -->\n<title>Sanctions for R\u00fcdiger, Bellingham, and Lucas V\u00e1zquez: expelled in the Cup final<\/title>\n<meta name=\"description\" content=\"R\u00fcdiger faces a much more severe sanction (minimum 4 matches, maximum 12), while Bellingham and Lucas V\u00e1zquez will receive 2 matches.\" \/>\n<meta name=\"robots\" content=\"index, follow, max-snippet:-1, max-image-preview:large, max-video-preview:-1\" \/>\n<link rel=\"canonical\" href=\"https:\/\/www.fcbarcelonanoticias.com\/en\/copa-del-rey\/sanctions-for-rudiger-bellingham-and-lucas-vazquez-expelled-in-the-cup-final_312350_102.html\" \/>\n<meta property=\"og:locale\" content=\"en_US\" \/>\n<meta property=\"og:type\" content=\"article\" \/>\n<meta property=\"og:title\" content=\"Sanctions for R\u00fcdiger, Bellingham, and Lucas V\u00e1zquez: expelled in the Cup final\" \/>\n<meta property=\"og:description\" content=\"R\u00fcdiger faces a much more severe sanction (minimum 4 matches, maximum 12), while Bellingham and Lucas V\u00e1zquez will receive 2 matches.\" \/>\n<meta property=\"og:url\" content=\"https:\/\/www.fcbarcelonanoticias.com\/en\/copa-del-rey\/sanctions-for-rudiger-bellingham-and-lucas-vazquez-expelled-in-the-cup-final_312350_102.html\" \/>\n<meta property=\"og:site_name\" content=\"EN - FC Barcelona Noticias\" \/>\n<meta property=\"article:published_time\" content=\"2025-04-27T09:16:00+00:00\" \/>\n<meta property=\"og:image\" content=\"https:\/\/www.fcbarcelonanoticias.com\/en\/wp-content\/uploads\/sites\/2\/2025\/04\/rudiger-final-copa-rey-2025.jpeg\" \/>\n\t<meta property=\"og:image:width\" content=\"1200\" \/>\n\t<meta property=\"og:image:height\" content=\"675\" \/>\n\t<meta property=\"og:image:type\" content=\"image\/jpeg\" \/>\n<meta name=\"author\" content=\"FC Barcelona Noticias\" \/>\n<meta name=\"twitter:card\" content=\"summary_large_image\" \/>\n<meta name=\"twitter:label1\" content=\"Written by\" \/>\n\t<meta name=\"twitter:data1\" content=\"FC Barcelona Noticias\" \/>\n\t<meta name=\"twitter:label2\" content=\"Est. reading time\" \/>\n\t<meta name=\"twitter:data2\" content=\"3 minutes\" \/>\n<script type=\"application\/ld+json\" class=\"yoast-schema-graph\">{\"@context\":\"https:\\\/\\\/schema.org\",\"@graph\":[{\"@type\":\"Article\",\"@id\":\"https:\\\/\\\/www.fcbarcelonanoticias.com\\\/en\\\/copa-del-rey\\\/sanctions-for-rudiger-bellingham-and-lucas-vazquez-expelled-in-the-cup-final_312350_102.html#article\",\"isPartOf\":{\"@id\":\"https:\\\/\\\/www.fcbarcelonanoticias.com\\\/en\\\/copa-del-rey\\\/sanctions-for-rudiger-bellingham-and-lucas-vazquez-expelled-in-the-cup-final_312350_102.html\"},\"author\":{\"name\":\"FC Barcelona Noticias\",\"@id\":\"https:\\\/\\\/www.fcbarcelonanoticias.com\\\/en\\\/#\\\/schema\\\/person\\\/0f2810101d27606974cdb8edb54fa54b\"},\"headline\":\"Sanctions for R\u00fcdiger, Bellingham, and Lucas V\u00e1zquez: expelled in the Cup final\",\"datePublished\":\"2025-04-27T09:16:00+00:00\",\"mainEntityOfPage\":{\"@id\":\"https:\\\/\\\/www.fcbarcelonanoticias.com\\\/en\\\/copa-del-rey\\\/sanctions-for-rudiger-bellingham-and-lucas-vazquez-expelled-in-the-cup-final_312350_102.html\"},\"wordCount\":680,\"image\":{\"@id\":\"https:\\\/\\\/www.fcbarcelonanoticias.com\\\/en\\\/copa-del-rey\\\/sanctions-for-rudiger-bellingham-and-lucas-vazquez-expelled-in-the-cup-final_312350_102.html#primaryimage\"},\"thumbnailUrl\":\"https:\\\/\\\/www.fcbarcelonanoticias.com\\\/en\\\/wp-content\\\/uploads\\\/sites\\\/2\\\/2025\\\/04\\\/rudiger-final-copa-rey-2025.jpeg\",\"keywords\":[\"FC Barcelona vs Real Madrid\",\"Referees\",\"VAR\"],\"articleSection\":[\"Copa del Rey\",\"Copa del Rey\"],\"inLanguage\":\"en-US\"},{\"@type\":\"WebPage\",\"@id\":\"https:\\\/\\\/www.fcbarcelonanoticias.com\\\/en\\\/copa-del-rey\\\/sanctions-for-rudiger-bellingham-and-lucas-vazquez-expelled-in-the-cup-final_312350_102.html\",\"url\":\"https:\\\/\\\/www.fcbarcelonanoticias.com\\\/en\\\/copa-del-rey\\\/sanctions-for-rudiger-bellingham-and-lucas-vazquez-expelled-in-the-cup-final_312350_102.html\",\"name\":\"Sanctions for R\u00fcdiger, Bellingham, and Lucas V\u00e1zquez: expelled in the Cup final\",\"isPartOf\":{\"@id\":\"https:\\\/\\\/www.fcbarcelonanoticias.com\\\/en\\\/#website\"},\"primaryImageOfPage\":{\"@id\":\"https:\\\/\\\/www.fcbarcelonanoticias.com\\\/en\\\/copa-del-rey\\\/sanctions-for-rudiger-bellingham-and-lucas-vazquez-expelled-in-the-cup-final_312350_102.html#primaryimage\"},\"image\":{\"@id\":\"https:\\\/\\\/www.fcbarcelonanoticias.com\\\/en\\\/copa-del-rey\\\/sanctions-for-rudiger-bellingham-and-lucas-vazquez-expelled-in-the-cup-final_312350_102.html#primaryimage\"},\"thumbnailUrl\":\"https:\\\/\\\/www.fcbarcelonanoticias.com\\\/en\\\/wp-content\\\/uploads\\\/sites\\\/2\\\/2025\\\/04\\\/rudiger-final-copa-rey-2025.jpeg\",\"datePublished\":\"2025-04-27T09:16:00+00:00\",\"author\":{\"@id\":\"https:\\\/\\\/www.fcbarcelonanoticias.com\\\/en\\\/#\\\/schema\\\/person\\\/0f2810101d27606974cdb8edb54fa54b\"},\"description\":\"R\u00fcdiger faces a much more severe sanction (minimum 4 matches, maximum 12), while Bellingham and Lucas V\u00e1zquez will receive 2 matches.\",\"breadcrumb\":{\"@id\":\"https:\\\/\\\/www.fcbarcelonanoticias.com\\\/en\\\/copa-del-rey\\\/sanctions-for-rudiger-bellingham-and-lucas-vazquez-expelled-in-the-cup-final_312350_102.html#breadcrumb\"},\"inLanguage\":\"en-US\",\"potentialAction\":[{\"@type\":\"ReadAction\",\"target\":[\"https:\\\/\\\/www.fcbarcelonanoticias.com\\\/en\\\/copa-del-rey\\\/sanctions-for-rudiger-bellingham-and-lucas-vazquez-expelled-in-the-cup-final_312350_102.html\"]}]},{\"@type\":\"ImageObject\",\"inLanguage\":\"en-US\",\"@id\":\"https:\\\/\\\/www.fcbarcelonanoticias.com\\\/en\\\/copa-del-rey\\\/sanctions-for-rudiger-bellingham-and-lucas-vazquez-expelled-in-the-cup-final_312350_102.html#primaryimage\",\"url\":\"https:\\\/\\\/www.fcbarcelonanoticias.com\\\/en\\\/wp-content\\\/uploads\\\/sites\\\/2\\\/2025\\\/04\\\/rudiger-final-copa-rey-2025.jpeg\",\"contentUrl\":\"https:\\\/\\\/www.fcbarcelonanoticias.com\\\/en\\\/wp-content\\\/uploads\\\/sites\\\/2\\\/2025\\\/04\\\/rudiger-final-copa-rey-2025.jpeg\",\"width\":1200,\"height\":675},{\"@type\":\"BreadcrumbList\",\"@id\":\"https:\\\/\\\/www.fcbarcelonanoticias.com\\\/en\\\/copa-del-rey\\\/sanctions-for-rudiger-bellingham-and-lucas-vazquez-expelled-in-the-cup-final_312350_102.html#breadcrumb\",\"itemListElement\":[{\"@type\":\"ListItem\",\"position\":1,\"name\":\"Portada\",\"item\":\"https:\\\/\\\/www.fcbarcelonanoticias.com\\\/en\\\/\"},{\"@type\":\"ListItem\",\"position\":2,\"name\":\"Sanctions for R\u00fcdiger, Bellingham, and Lucas V\u00e1zquez: expelled in the Cup final\"}]},{\"@type\":\"WebSite\",\"@id\":\"https:\\\/\\\/www.fcbarcelonanoticias.com\\\/en\\\/#website\",\"url\":\"https:\\\/\\\/www.fcbarcelonanoticias.com\\\/en\\\/\",\"name\":\"EN - FC Barcelona Noticias\",\"description\":\"\",\"potentialAction\":[{\"@type\":\"SearchAction\",\"target\":{\"@type\":\"EntryPoint\",\"urlTemplate\":\"https:\\\/\\\/www.fcbarcelonanoticias.com\\\/en\\\/?s={search_term_string}\"},\"query-input\":{\"@type\":\"PropertyValueSpecification\",\"valueRequired\":true,\"valueName\":\"search_term_string\"}}],\"inLanguage\":\"en-US\"},{\"@type\":\"Person\",\"@id\":\"https:\\\/\\\/www.fcbarcelonanoticias.com\\\/en\\\/#\\\/schema\\\/person\\\/0f2810101d27606974cdb8edb54fa54b\",\"name\":\"FC Barcelona Noticias\",\"image\":{\"@type\":\"ImageObject\",\"inLanguage\":\"en-US\",\"@id\":\"https:\\\/\\\/secure.gravatar.com\\\/avatar\\\/?s=96&d=mm&r=g\",\"url\":\"https:\\\/\\\/secure.gravatar.com\\\/avatar\\\/?s=96&d=mm&r=g\",\"contentUrl\":\"https:\\\/\\\/secure.gravatar.com\\\/avatar\\\/?s=96&d=mm&r=g\",\"caption\":\"FC Barcelona Noticias\"},\"url\":\"https:\\\/\\\/www.fcbarcelonanoticias.com\\\/en\\\/fc-barcelona\\\/fcbn-writing-fc-barcelona-news_6_115.html\"}]}<\/script>\n<!-- \/ Yoast SEO plugin. -->","yoast_head_json":{"title":"Sanctions for R\u00fcdiger, Bellingham, and Lucas V\u00e1zquez: expelled in the Cup final","description":"R\u00fcdiger faces a much more severe sanction (minimum 4 matches, maximum 12), while Bellingham and Lucas V\u00e1zquez will receive 2 matches.","robots":{"index":"index","follow":"follow","max-snippet":"max-snippet:-1","max-image-preview":"max-image-preview:large","max-video-preview":"max-video-preview:-1"},"canonical":"https:\/\/www.fcbarcelonanoticias.com\/en\/copa-del-rey\/sanctions-for-rudiger-bellingham-and-lucas-vazquez-expelled-in-the-cup-final_312350_102.html","og_locale":"en_US","og_type":"article","og_title":"Sanctions for R\u00fcdiger, Bellingham, and Lucas V\u00e1zquez: expelled in the Cup final","og_description":"R\u00fcdiger faces a much more severe sanction (minimum 4 matches, maximum 12), while Bellingham and Lucas V\u00e1zquez will receive 2 matches.","og_url":"https:\/\/www.fcbarcelonanoticias.com\/en\/copa-del-rey\/sanctions-for-rudiger-bellingham-and-lucas-vazquez-expelled-in-the-cup-final_312350_102.html","og_site_name":"EN - FC Barcelona Noticias","article_published_time":"2025-04-27T09:16:00+00:00","og_image":[{"width":1200,"height":675,"url":"https:\/\/www.fcbarcelonanoticias.com\/en\/wp-content\/uploads\/sites\/2\/2025\/04\/rudiger-final-copa-rey-2025.jpeg","type":"image\/jpeg"}],"author":"FC Barcelona Noticias","twitter_card":"summary_large_image","twitter_misc":{"Written by":"FC Barcelona Noticias","Est. reading time":"3 minutes"},"schema":{"@context":"https:\/\/schema.org","@graph":[{"@type":"Article","@id":"https:\/\/www.fcbarcelonanoticias.com\/en\/copa-del-rey\/sanctions-for-rudiger-bellingham-and-lucas-vazquez-expelled-in-the-cup-final_312350_102.html#article","isPartOf":{"@id":"https:\/\/www.fcbarcelonanoticias.com\/en\/copa-del-rey\/sanctions-for-rudiger-bellingham-and-lucas-vazquez-expelled-in-the-cup-final_312350_102.html"},"author":{"name":"FC Barcelona Noticias","@id":"https:\/\/www.fcbarcelonanoticias.com\/en\/#\/schema\/person\/0f2810101d27606974cdb8edb54fa54b"},"headline":"Sanctions for R\u00fcdiger, Bellingham, and Lucas V\u00e1zquez: expelled in the Cup final","datePublished":"2025-04-27T09:16:00+00:00","mainEntityOfPage":{"@id":"https:\/\/www.fcbarcelonanoticias.com\/en\/copa-del-rey\/sanctions-for-rudiger-bellingham-and-lucas-vazquez-expelled-in-the-cup-final_312350_102.html"},"wordCount":680,"image":{"@id":"https:\/\/www.fcbarcelonanoticias.com\/en\/copa-del-rey\/sanctions-for-rudiger-bellingham-and-lucas-vazquez-expelled-in-the-cup-final_312350_102.html#primaryimage"},"thumbnailUrl":"https:\/\/www.fcbarcelonanoticias.com\/en\/wp-content\/uploads\/sites\/2\/2025\/04\/rudiger-final-copa-rey-2025.jpeg","keywords":["FC Barcelona vs Real Madrid","Referees","VAR"],"articleSection":["Copa del Rey","Copa del Rey"],"inLanguage":"en-US"},{"@type":"WebPage","@id":"https:\/\/www.fcbarcelonanoticias.com\/en\/copa-del-rey\/sanctions-for-rudiger-bellingham-and-lucas-vazquez-expelled-in-the-cup-final_312350_102.html","url":"https:\/\/www.fcbarcelonanoticias.com\/en\/copa-del-rey\/sanctions-for-rudiger-bellingham-and-lucas-vazquez-expelled-in-the-cup-final_312350_102.html","name":"Sanctions for R\u00fcdiger, Bellingham, and Lucas V\u00e1zquez: expelled in the Cup final","isPartOf":{"@id":"https:\/\/www.fcbarcelonanoticias.com\/en\/#website"},"primaryImageOfPage":{"@id":"https:\/\/www.fcbarcelonanoticias.com\/en\/copa-del-rey\/sanctions-for-rudiger-bellingham-and-lucas-vazquez-expelled-in-the-cup-final_312350_102.html#primaryimage"},"image":{"@id":"https:\/\/www.fcbarcelonanoticias.com\/en\/copa-del-rey\/sanctions-for-rudiger-bellingham-and-lucas-vazquez-expelled-in-the-cup-final_312350_102.html#primaryimage"},"thumbnailUrl":"https:\/\/www.fcbarcelonanoticias.com\/en\/wp-content\/uploads\/sites\/2\/2025\/04\/rudiger-final-copa-rey-2025.jpeg","datePublished":"2025-04-27T09:16:00+00:00","author":{"@id":"https:\/\/www.fcbarcelonanoticias.com\/en\/#\/schema\/person\/0f2810101d27606974cdb8edb54fa54b"},"description":"R\u00fcdiger faces a much more severe sanction (minimum 4 matches, maximum 12), while Bellingham and Lucas V\u00e1zquez will receive 2 matches.","breadcrumb":{"@id":"https:\/\/www.fcbarcelonanoticias.com\/en\/copa-del-rey\/sanctions-for-rudiger-bellingham-and-lucas-vazquez-expelled-in-the-cup-final_312350_102.html#breadcrumb"},"inLanguage":"en-US","potentialAction":[{"@type":"ReadAction","target":["https:\/\/www.fcbarcelonanoticias.com\/en\/copa-del-rey\/sanctions-for-rudiger-bellingham-and-lucas-vazquez-expelled-in-the-cup-final_312350_102.html"]}]},{"@type":"ImageObject","inLanguage":"en-US","@id":"https:\/\/www.fcbarcelonanoticias.com\/en\/copa-del-rey\/sanctions-for-rudiger-bellingham-and-lucas-vazquez-expelled-in-the-cup-final_312350_102.html#primaryimage","url":"https:\/\/www.fcbarcelonanoticias.com\/en\/wp-content\/uploads\/sites\/2\/2025\/04\/rudiger-final-copa-rey-2025.jpeg","contentUrl":"https:\/\/www.fcbarcelonanoticias.com\/en\/wp-content\/uploads\/sites\/2\/2025\/04\/rudiger-final-copa-rey-2025.jpeg","width":1200,"height":675},{"@type":"BreadcrumbList","@id":"https:\/\/www.fcbarcelonanoticias.com\/en\/copa-del-rey\/sanctions-for-rudiger-bellingham-and-lucas-vazquez-expelled-in-the-cup-final_312350_102.html#breadcrumb","itemListElement":[{"@type":"ListItem","position":1,"name":"Portada","item":"https:\/\/www.fcbarcelonanoticias.com\/en\/"},{"@type":"ListItem","position":2,"name":"Sanctions for R\u00fcdiger, Bellingham, and Lucas V\u00e1zquez: expelled in the Cup final"}]},{"@type":"WebSite","@id":"https:\/\/www.fcbarcelonanoticias.com\/en\/#website","url":"https:\/\/www.fcbarcelonanoticias.com\/en\/","name":"EN - FC Barcelona Noticias","description":"","potentialAction":[{"@type":"SearchAction","target":{"@type":"EntryPoint","urlTemplate":"https:\/\/www.fcbarcelonanoticias.com\/en\/?s={search_term_string}"},"query-input":{"@type":"PropertyValueSpecification","valueRequired":true,"valueName":"search_term_string"}}],"inLanguage":"en-US"},{"@type":"Person","@id":"https:\/\/www.fcbarcelonanoticias.com\/en\/#\/schema\/person\/0f2810101d27606974cdb8edb54fa54b","name":"FC Barcelona Noticias","image":{"@type":"ImageObject","inLanguage":"en-US","@id":"https:\/\/secure.gravatar.com\/avatar\/?s=96&d=mm&r=g","url":"https:\/\/secure.gravatar.com\/avatar\/?s=96&d=mm&r=g","contentUrl":"https:\/\/secure.gravatar.com\/avatar\/?s=96&d=mm&r=g","caption":"FC Barcelona Noticias"},"url":"https:\/\/www.fcbarcelonanoticias.com\/en\/fc-barcelona\/fcbn-writing-fc-barcelona-news_6_115.html"}]}},"_links":{"self":[{"href":"https:\/\/www.fcbarcelonanoticias.com\/en\/wp-json\/wp\/v2\/posts\/8355","targetHints":{"allow":["GET"]}}],"collection":[{"href":"https:\/\/www.fcbarcelonanoticias.com\/en\/wp-json\/wp\/v2\/posts"}],"about":[{"href":"https:\/\/www.fcbarcelonanoticias.com\/en\/wp-json\/wp\/v2\/types\/post"}],"author":[{"embeddable":true,"href":"https:\/\/www.fcbarcelonanoticias.com\/en\/wp-json\/wp\/v2\/users\/353"}],"replies":[{"embeddable":true,"href":"https:\/\/www.fcbarcelonanoticias.com\/en\/wp-json\/wp\/v2\/comments?post=8355"}],"version-history":[{"count":1,"href":"https:\/\/www.fcbarcelonanoticias.com\/en\/wp-json\/wp\/v2\/posts\/8355\/revisions"}],"predecessor-version":[{"id":9677,"href":"https:\/\/www.fcbarcelonanoticias.com\/en\/wp-json\/wp\/v2\/posts\/8355\/revisions\/9677"}],"wp:featuredmedia":[{"embeddable":true,"href":"https:\/\/www.fcbarcelonanoticias.com\/en\/wp-json\/wp\/v2\/media\/8356"}],"wp:attachment":[{"href":"https:\/\/www.fcbarcelonanoticias.com\/en\/wp-json\/wp\/v2\/media?parent=8355"}],"wp:term":[{"taxonomy":"category","embeddable":true,"href":"https:\/\/www.fcbarcelonanoticias.com\/en\/wp-json\/wp\/v2\/categories?post=8355"},{"taxonomy":"post_tag","embeddable":true,"href":"https:\/\/www.fcbarcelonanoticias.com\/en\/wp-json\/wp\/v2\/tags?post=8355"}],"curies":[{"name":"wp","href":"https:\/\/api.w.org\/{rel}","templated":true}]}}