{"id":83550,"date":"2023-12-30T20:50:00","date_gmt":"2023-12-30T19:50:00","guid":{"rendered":"https:\/\/weisetech.dev\/fc-barcelona-noticias\/en\/luka-modric-gives-signs-about-his-future-at-real-madrid_299493_102\/"},"modified":"2023-12-30T20:51:00","modified_gmt":"2023-12-30T19:51:00","slug":"luka-modric-gives-signs-about-his-future-at-real-madrid_299493_102","status":"publish","type":"post","link":"https:\/\/www.fcbarcelonanoticias.com\/en\/real-madrid\/luka-modric-gives-signs-about-his-future-at-real-madrid_299493_102.html","title":{"rendered":"Luka Modric &#8216;gives signs&#8217; about his future at Real Madrid"},"content":{"rendered":"<h2 class=\"wp-block-heading\">Luka Modric has gone from being one of the undisputed players in the white squad to becoming a rotation option with which Ancelotti counts little. Now, at 38 years old, the Croatian could be going through his last season at Real Madrid<\/h2>  \r\n<div class=\"article-addons\">\r\n    <a href=\"https:\/\/www.fcbarcelonanoticias.com\/en\/calendar-fc-barcelona.html\"\r\n       target=\"_self\"\r\n       title=\"Calendar of FC Barcelona\"\r\n       class=\"blue-gredient-btn\">\r\n       \r\n        Calendar of FC Barcelona    <\/a>\r\n<\/div>   <p>Luka Modric Has stood out like one of the most prominent midfield players in the history of the Real Madrid, conquering diverse titles and consolidating as an exceptional player. Nevertheless, to his 38 years, <strong>seems that this season could be the last in which it carry the white T-shirt, according to his recent statements.<\/strong><\/p>  <p>As it informs SPORT, <strong>from the capital seem to have clear that will not offer a renewal to the Croatian midfield player, <\/strong>unlike other veterans like Toni Kroos or Lucas V\u00e1zquez. Modric, by his part, is not satisfied with this decision, since the past summer had several offers and opted for remaining to follow contributing to the team, although it has not had so many minutes as it would wish, and his paper in the team has lost importance.<\/p>  <p>In statements to Real Madrid TV after the training of open doors of 29 December, Modric expressed his doubts on his continuity the next season: <strong>&#8220;The plan is to go on doing history, follow winning titles and ojal\u00e1 happen this season. Also it is important to enjoy each moment because never it knows how much go to last in the best club of the world&#8221;.<\/strong><\/p>  <h2><b>&#8216;Tension&#8217; between Ancelotti and Modric<\/b><\/h2>  <p>Asked on<a data-external=\"0\" data-intl-links-en=\"https:\/\/www.fcbarcelonanoticias.com\/en\/international-football\/ancelotti-renewal-could-bring-xabi-alonso-very-close-to-munich_299475_102.html\" data-intl-links-es=\"https:\/\/www.fcbarcelonanoticias.com\/futbol-internacional\/renovacion-ancelotti-podria-acercar-mucho-xabi-alonso-munich_299475_102.html\" href=\"https:\/\/www.fcbarcelonanoticias.com\/en\/international-football\/ancelotti-renewal-could-bring-xabi-alonso-very-close-to-munich_299475_102.html\" rel=\"follow\" target=\"_self\" title=\"La renovaci\u00f3n de Ancelotti podr\u00eda acercar mucho a Xabi Alonso a M\u00fanich\"> the recent renewal of Ancelotti<\/a>, with the one who rumorea that it does not have a big relation because of his reduction of minutes, Modric was diplomatic when commenting: <strong>&#8220;The renewal of Ancelotti is important, in the changing room are happy with this news. This decision is very hit by part of the club. What the trainer has done, is doing and what goes to do is very important. Ancelotti Is very wanted by all in the changing room. It is a big news for all that follow until 2026&#8221;.<\/strong><\/p>  <p>Although it is likely that the Italian technician resort to Modric and give him a vote of confidence <a data-external=\"0\" data-intl-links-en=\"https:\/\/www.fcbarcelonanoticias.com\/en\/transfers\/the-real-madrid-sets-up-his-plan-to-leave-fichado-to-mbappe-in-january_299390_102.html\" data-intl-links-es=\"https:\/\/www.fcbarcelonanoticias.com\/fichajes\/real-madrid-pone-en-marcha-su-plan-dejar-fichado-mbappe-en-enero_299390_102.html\" href=\"https:\/\/www.fcbarcelonanoticias.com\/en\/transfers\/the-real-madrid-sets-up-his-plan-to-leave-fichado-to-mbappe-in-january_299390_102.html\" rel=\"follow\" target=\"_self\" title=\"El Real Madrid pone en marcha su plan para dejar fichado a Mbapp\u00e9 en enero\">because of the numerous drops in the centre of the field<\/a>, the Croat no longer has the same weight in the team that had during so many years. Still it remains for seeing what offers the future of the player, <strong>but the most likely is that this was his last season like member of the Real Madrid.<\/strong><\/p> ","protected":false},"excerpt":{"rendered":"<p>Luka Modric has gone from being one of the undisputed players in the white squad to becoming a rotation option with which Ancelotti counts little. Now, at 38 years old, the Croatian could be going through his last season at Real Madrid Luka Modric Has stood out like one of the most prominent midfield players [&hellip;]<\/p>\n","protected":false},"author":344,"featured_media":83559,"comment_status":"closed","ping_status":"open","sticky":false,"template":"","format":"standard","meta":{"_acf_changed":false,"inline_featured_image":false,"_nextfly_llmd_date_locked":false,"footnotes":""},"categories":[450,119],"tags":[],"class_list":["post-83550","post","type-post","status-publish","format-standard","has-post-thumbnail","hentry","category-real-madrid-2","category-real-madrid"],"acf":[],"yoast_head":"<!-- This site is optimized with the Yoast SEO plugin v27.3 - https:\/\/yoast.com\/product\/yoast-seo-wordpress\/ -->\n<title>Luka Modric &#039;gives signs&#039; about his future at Real Madrid<\/title>\n<meta name=\"description\" content=\"Luka Modric has gone from being one of the undisputed players in the white squad to becoming a rotation option with which Ancelotti counts little. Now, at 38 years old, the Croatian could be going through his last season at Real Madrid\" \/>\n<meta name=\"robots\" content=\"index, follow, max-snippet:-1, max-image-preview:large, max-video-preview:-1\" \/>\n<link rel=\"canonical\" href=\"https:\/\/www.fcbarcelonanoticias.com\/en\/real-madrid\/luka-modric-gives-signs-about-his-future-at-real-madrid_299493_102.html\" \/>\n<meta property=\"og:locale\" content=\"en_US\" \/>\n<meta property=\"og:type\" content=\"article\" \/>\n<meta property=\"og:title\" content=\"Luka Modric &#039;gives signs&#039; about his future at Real Madrid\" \/>\n<meta property=\"og:description\" content=\"Luka Modric has gone from being one of the undisputed players in the white squad to becoming a rotation option with which Ancelotti counts little. Now, at 38 years old, the Croatian could be going through his last season at Real Madrid\" \/>\n<meta property=\"og:url\" content=\"https:\/\/www.fcbarcelonanoticias.com\/en\/real-madrid\/luka-modric-gives-signs-about-his-future-at-real-madrid_299493_102.html\" \/>\n<meta property=\"og:site_name\" content=\"EN - FC Barcelona Noticias\" \/>\n<meta property=\"article:published_time\" content=\"2023-12-30T19:50:00+00:00\" \/>\n<meta property=\"article:modified_time\" content=\"2023-12-30T19:51:00+00:00\" \/>\n<meta property=\"og:image\" content=\"https:\/\/www.fcbarcelonanoticias.com\/en\/wp-content\/uploads\/sites\/2\/2023\/12\/gettyimages-1863096266-1.jpeg\" \/>\n\t<meta property=\"og:image:width\" content=\"1300\" \/>\n\t<meta property=\"og:image:height\" content=\"729\" \/>\n\t<meta property=\"og:image:type\" content=\"image\/jpeg\" \/>\n<meta name=\"author\" content=\"Ariel Molina\" \/>\n<meta name=\"twitter:card\" content=\"summary_large_image\" \/>\n<meta name=\"twitter:label1\" content=\"Written by\" \/>\n\t<meta name=\"twitter:data1\" content=\"Ariel Molina\" \/>\n\t<meta name=\"twitter:label2\" content=\"Est. reading time\" \/>\n\t<meta name=\"twitter:data2\" content=\"2 minutes\" \/>\n<script type=\"application\/ld+json\" class=\"yoast-schema-graph\">{\"@context\":\"https:\\\/\\\/schema.org\",\"@graph\":[{\"@type\":\"Article\",\"@id\":\"https:\\\/\\\/www.fcbarcelonanoticias.com\\\/en\\\/real-madrid\\\/luka-modric-gives-signs-about-his-future-at-real-madrid_299493_102.html#article\",\"isPartOf\":{\"@id\":\"https:\\\/\\\/www.fcbarcelonanoticias.com\\\/en\\\/real-madrid\\\/luka-modric-gives-signs-about-his-future-at-real-madrid_299493_102.html\"},\"author\":{\"name\":\"Ariel Molina\",\"@id\":\"https:\\\/\\\/www.fcbarcelonanoticias.com\\\/en\\\/#\\\/schema\\\/person\\\/e9820ca62b3ab5d344366c282da4bce7\"},\"headline\":\"Luka Modric &#8216;gives signs&#8217; about his future at Real Madrid\",\"datePublished\":\"2023-12-30T19:50:00+00:00\",\"dateModified\":\"2023-12-30T19:51:00+00:00\",\"mainEntityOfPage\":{\"@id\":\"https:\\\/\\\/www.fcbarcelonanoticias.com\\\/en\\\/real-madrid\\\/luka-modric-gives-signs-about-his-future-at-real-madrid_299493_102.html\"},\"wordCount\":419,\"image\":{\"@id\":\"https:\\\/\\\/www.fcbarcelonanoticias.com\\\/en\\\/real-madrid\\\/luka-modric-gives-signs-about-his-future-at-real-madrid_299493_102.html#primaryimage\"},\"thumbnailUrl\":\"https:\\\/\\\/www.fcbarcelonanoticias.com\\\/en\\\/wp-content\\\/uploads\\\/sites\\\/2\\\/2023\\\/12\\\/gettyimages-1863096266-1.jpeg\",\"articleSection\":[\"Real Madrid\",\"Real Madrid\"],\"inLanguage\":\"en-US\"},{\"@type\":\"WebPage\",\"@id\":\"https:\\\/\\\/www.fcbarcelonanoticias.com\\\/en\\\/real-madrid\\\/luka-modric-gives-signs-about-his-future-at-real-madrid_299493_102.html\",\"url\":\"https:\\\/\\\/www.fcbarcelonanoticias.com\\\/en\\\/real-madrid\\\/luka-modric-gives-signs-about-his-future-at-real-madrid_299493_102.html\",\"name\":\"Luka Modric 'gives signs' about his future at Real Madrid\",\"isPartOf\":{\"@id\":\"https:\\\/\\\/www.fcbarcelonanoticias.com\\\/en\\\/#website\"},\"primaryImageOfPage\":{\"@id\":\"https:\\\/\\\/www.fcbarcelonanoticias.com\\\/en\\\/real-madrid\\\/luka-modric-gives-signs-about-his-future-at-real-madrid_299493_102.html#primaryimage\"},\"image\":{\"@id\":\"https:\\\/\\\/www.fcbarcelonanoticias.com\\\/en\\\/real-madrid\\\/luka-modric-gives-signs-about-his-future-at-real-madrid_299493_102.html#primaryimage\"},\"thumbnailUrl\":\"https:\\\/\\\/www.fcbarcelonanoticias.com\\\/en\\\/wp-content\\\/uploads\\\/sites\\\/2\\\/2023\\\/12\\\/gettyimages-1863096266-1.jpeg\",\"datePublished\":\"2023-12-30T19:50:00+00:00\",\"dateModified\":\"2023-12-30T19:51:00+00:00\",\"author\":{\"@id\":\"https:\\\/\\\/www.fcbarcelonanoticias.com\\\/en\\\/#\\\/schema\\\/person\\\/e9820ca62b3ab5d344366c282da4bce7\"},\"description\":\"Luka Modric has gone from being one of the undisputed players in the white squad to becoming a rotation option with which Ancelotti counts little. Now, at 38 years old, the Croatian could be going through his last season at Real Madrid\",\"breadcrumb\":{\"@id\":\"https:\\\/\\\/www.fcbarcelonanoticias.com\\\/en\\\/real-madrid\\\/luka-modric-gives-signs-about-his-future-at-real-madrid_299493_102.html#breadcrumb\"},\"inLanguage\":\"en-US\",\"potentialAction\":[{\"@type\":\"ReadAction\",\"target\":[\"https:\\\/\\\/www.fcbarcelonanoticias.com\\\/en\\\/real-madrid\\\/luka-modric-gives-signs-about-his-future-at-real-madrid_299493_102.html\"]}]},{\"@type\":\"ImageObject\",\"inLanguage\":\"en-US\",\"@id\":\"https:\\\/\\\/www.fcbarcelonanoticias.com\\\/en\\\/real-madrid\\\/luka-modric-gives-signs-about-his-future-at-real-madrid_299493_102.html#primaryimage\",\"url\":\"https:\\\/\\\/www.fcbarcelonanoticias.com\\\/en\\\/wp-content\\\/uploads\\\/sites\\\/2\\\/2023\\\/12\\\/gettyimages-1863096266-1.jpeg\",\"contentUrl\":\"https:\\\/\\\/www.fcbarcelonanoticias.com\\\/en\\\/wp-content\\\/uploads\\\/sites\\\/2\\\/2023\\\/12\\\/gettyimages-1863096266-1.jpeg\",\"width\":1300,\"height\":729},{\"@type\":\"BreadcrumbList\",\"@id\":\"https:\\\/\\\/www.fcbarcelonanoticias.com\\\/en\\\/real-madrid\\\/luka-modric-gives-signs-about-his-future-at-real-madrid_299493_102.html#breadcrumb\",\"itemListElement\":[{\"@type\":\"ListItem\",\"position\":1,\"name\":\"Portada\",\"item\":\"https:\\\/\\\/www.fcbarcelonanoticias.com\\\/en\\\/\"},{\"@type\":\"ListItem\",\"position\":2,\"name\":\"Luka Modric &#8216;gives signs&#8217; about his future at Real Madrid\"}]},{\"@type\":\"WebSite\",\"@id\":\"https:\\\/\\\/www.fcbarcelonanoticias.com\\\/en\\\/#website\",\"url\":\"https:\\\/\\\/www.fcbarcelonanoticias.com\\\/en\\\/\",\"name\":\"EN - FC Barcelona Noticias\",\"description\":\"\",\"potentialAction\":[{\"@type\":\"SearchAction\",\"target\":{\"@type\":\"EntryPoint\",\"urlTemplate\":\"https:\\\/\\\/www.fcbarcelonanoticias.com\\\/en\\\/?s={search_term_string}\"},\"query-input\":{\"@type\":\"PropertyValueSpecification\",\"valueRequired\":true,\"valueName\":\"search_term_string\"}}],\"inLanguage\":\"en-US\"},{\"@type\":\"Person\",\"@id\":\"https:\\\/\\\/www.fcbarcelonanoticias.com\\\/en\\\/#\\\/schema\\\/person\\\/e9820ca62b3ab5d344366c282da4bce7\",\"name\":\"Ariel Molina\",\"image\":{\"@type\":\"ImageObject\",\"inLanguage\":\"en-US\",\"@id\":\"https:\\\/\\\/secure.gravatar.com\\\/avatar\\\/?s=96&d=mm&r=g\",\"url\":\"https:\\\/\\\/secure.gravatar.com\\\/avatar\\\/?s=96&d=mm&r=g\",\"contentUrl\":\"https:\\\/\\\/secure.gravatar.com\\\/avatar\\\/?s=96&d=mm&r=g\",\"caption\":\"Ariel Molina\"},\"url\":\"https:\\\/\\\/www.fcbarcelonanoticias.com\\\/en\\\/fc-barcelona\\\/ariel-molina_24_115.html\"}]}<\/script>\n<!-- \/ Yoast SEO plugin. -->","yoast_head_json":{"title":"Luka Modric 'gives signs' about his future at Real Madrid","description":"Luka Modric has gone from being one of the undisputed players in the white squad to becoming a rotation option with which Ancelotti counts little. Now, at 38 years old, the Croatian could be going through his last season at Real Madrid","robots":{"index":"index","follow":"follow","max-snippet":"max-snippet:-1","max-image-preview":"max-image-preview:large","max-video-preview":"max-video-preview:-1"},"canonical":"https:\/\/www.fcbarcelonanoticias.com\/en\/real-madrid\/luka-modric-gives-signs-about-his-future-at-real-madrid_299493_102.html","og_locale":"en_US","og_type":"article","og_title":"Luka Modric 'gives signs' about his future at Real Madrid","og_description":"Luka Modric has gone from being one of the undisputed players in the white squad to becoming a rotation option with which Ancelotti counts little. Now, at 38 years old, the Croatian could be going through his last season at Real Madrid","og_url":"https:\/\/www.fcbarcelonanoticias.com\/en\/real-madrid\/luka-modric-gives-signs-about-his-future-at-real-madrid_299493_102.html","og_site_name":"EN - FC Barcelona Noticias","article_published_time":"2023-12-30T19:50:00+00:00","article_modified_time":"2023-12-30T19:51:00+00:00","og_image":[{"width":1300,"height":729,"url":"https:\/\/www.fcbarcelonanoticias.com\/en\/wp-content\/uploads\/sites\/2\/2023\/12\/gettyimages-1863096266-1.jpeg","type":"image\/jpeg"}],"author":"Ariel Molina","twitter_card":"summary_large_image","twitter_misc":{"Written by":"Ariel Molina","Est. reading time":"2 minutes"},"schema":{"@context":"https:\/\/schema.org","@graph":[{"@type":"Article","@id":"https:\/\/www.fcbarcelonanoticias.com\/en\/real-madrid\/luka-modric-gives-signs-about-his-future-at-real-madrid_299493_102.html#article","isPartOf":{"@id":"https:\/\/www.fcbarcelonanoticias.com\/en\/real-madrid\/luka-modric-gives-signs-about-his-future-at-real-madrid_299493_102.html"},"author":{"name":"Ariel Molina","@id":"https:\/\/www.fcbarcelonanoticias.com\/en\/#\/schema\/person\/e9820ca62b3ab5d344366c282da4bce7"},"headline":"Luka Modric &#8216;gives signs&#8217; about his future at Real Madrid","datePublished":"2023-12-30T19:50:00+00:00","dateModified":"2023-12-30T19:51:00+00:00","mainEntityOfPage":{"@id":"https:\/\/www.fcbarcelonanoticias.com\/en\/real-madrid\/luka-modric-gives-signs-about-his-future-at-real-madrid_299493_102.html"},"wordCount":419,"image":{"@id":"https:\/\/www.fcbarcelonanoticias.com\/en\/real-madrid\/luka-modric-gives-signs-about-his-future-at-real-madrid_299493_102.html#primaryimage"},"thumbnailUrl":"https:\/\/www.fcbarcelonanoticias.com\/en\/wp-content\/uploads\/sites\/2\/2023\/12\/gettyimages-1863096266-1.jpeg","articleSection":["Real Madrid","Real Madrid"],"inLanguage":"en-US"},{"@type":"WebPage","@id":"https:\/\/www.fcbarcelonanoticias.com\/en\/real-madrid\/luka-modric-gives-signs-about-his-future-at-real-madrid_299493_102.html","url":"https:\/\/www.fcbarcelonanoticias.com\/en\/real-madrid\/luka-modric-gives-signs-about-his-future-at-real-madrid_299493_102.html","name":"Luka Modric 'gives signs' about his future at Real Madrid","isPartOf":{"@id":"https:\/\/www.fcbarcelonanoticias.com\/en\/#website"},"primaryImageOfPage":{"@id":"https:\/\/www.fcbarcelonanoticias.com\/en\/real-madrid\/luka-modric-gives-signs-about-his-future-at-real-madrid_299493_102.html#primaryimage"},"image":{"@id":"https:\/\/www.fcbarcelonanoticias.com\/en\/real-madrid\/luka-modric-gives-signs-about-his-future-at-real-madrid_299493_102.html#primaryimage"},"thumbnailUrl":"https:\/\/www.fcbarcelonanoticias.com\/en\/wp-content\/uploads\/sites\/2\/2023\/12\/gettyimages-1863096266-1.jpeg","datePublished":"2023-12-30T19:50:00+00:00","dateModified":"2023-12-30T19:51:00+00:00","author":{"@id":"https:\/\/www.fcbarcelonanoticias.com\/en\/#\/schema\/person\/e9820ca62b3ab5d344366c282da4bce7"},"description":"Luka Modric has gone from being one of the undisputed players in the white squad to becoming a rotation option with which Ancelotti counts little. Now, at 38 years old, the Croatian could be going through his last season at Real Madrid","breadcrumb":{"@id":"https:\/\/www.fcbarcelonanoticias.com\/en\/real-madrid\/luka-modric-gives-signs-about-his-future-at-real-madrid_299493_102.html#breadcrumb"},"inLanguage":"en-US","potentialAction":[{"@type":"ReadAction","target":["https:\/\/www.fcbarcelonanoticias.com\/en\/real-madrid\/luka-modric-gives-signs-about-his-future-at-real-madrid_299493_102.html"]}]},{"@type":"ImageObject","inLanguage":"en-US","@id":"https:\/\/www.fcbarcelonanoticias.com\/en\/real-madrid\/luka-modric-gives-signs-about-his-future-at-real-madrid_299493_102.html#primaryimage","url":"https:\/\/www.fcbarcelonanoticias.com\/en\/wp-content\/uploads\/sites\/2\/2023\/12\/gettyimages-1863096266-1.jpeg","contentUrl":"https:\/\/www.fcbarcelonanoticias.com\/en\/wp-content\/uploads\/sites\/2\/2023\/12\/gettyimages-1863096266-1.jpeg","width":1300,"height":729},{"@type":"BreadcrumbList","@id":"https:\/\/www.fcbarcelonanoticias.com\/en\/real-madrid\/luka-modric-gives-signs-about-his-future-at-real-madrid_299493_102.html#breadcrumb","itemListElement":[{"@type":"ListItem","position":1,"name":"Portada","item":"https:\/\/www.fcbarcelonanoticias.com\/en\/"},{"@type":"ListItem","position":2,"name":"Luka Modric &#8216;gives signs&#8217; about his future at Real Madrid"}]},{"@type":"WebSite","@id":"https:\/\/www.fcbarcelonanoticias.com\/en\/#website","url":"https:\/\/www.fcbarcelonanoticias.com\/en\/","name":"EN - FC Barcelona Noticias","description":"","potentialAction":[{"@type":"SearchAction","target":{"@type":"EntryPoint","urlTemplate":"https:\/\/www.fcbarcelonanoticias.com\/en\/?s={search_term_string}"},"query-input":{"@type":"PropertyValueSpecification","valueRequired":true,"valueName":"search_term_string"}}],"inLanguage":"en-US"},{"@type":"Person","@id":"https:\/\/www.fcbarcelonanoticias.com\/en\/#\/schema\/person\/e9820ca62b3ab5d344366c282da4bce7","name":"Ariel Molina","image":{"@type":"ImageObject","inLanguage":"en-US","@id":"https:\/\/secure.gravatar.com\/avatar\/?s=96&d=mm&r=g","url":"https:\/\/secure.gravatar.com\/avatar\/?s=96&d=mm&r=g","contentUrl":"https:\/\/secure.gravatar.com\/avatar\/?s=96&d=mm&r=g","caption":"Ariel Molina"},"url":"https:\/\/www.fcbarcelonanoticias.com\/en\/fc-barcelona\/ariel-molina_24_115.html"}]}},"_links":{"self":[{"href":"https:\/\/www.fcbarcelonanoticias.com\/en\/wp-json\/wp\/v2\/posts\/83550","targetHints":{"allow":["GET"]}}],"collection":[{"href":"https:\/\/www.fcbarcelonanoticias.com\/en\/wp-json\/wp\/v2\/posts"}],"about":[{"href":"https:\/\/www.fcbarcelonanoticias.com\/en\/wp-json\/wp\/v2\/types\/post"}],"author":[{"embeddable":true,"href":"https:\/\/www.fcbarcelonanoticias.com\/en\/wp-json\/wp\/v2\/users\/344"}],"replies":[{"embeddable":true,"href":"https:\/\/www.fcbarcelonanoticias.com\/en\/wp-json\/wp\/v2\/comments?post=83550"}],"version-history":[{"count":1,"href":"https:\/\/www.fcbarcelonanoticias.com\/en\/wp-json\/wp\/v2\/posts\/83550\/revisions"}],"predecessor-version":[{"id":122976,"href":"https:\/\/www.fcbarcelonanoticias.com\/en\/wp-json\/wp\/v2\/posts\/83550\/revisions\/122976"}],"wp:featuredmedia":[{"embeddable":true,"href":"https:\/\/www.fcbarcelonanoticias.com\/en\/wp-json\/wp\/v2\/media\/83559"}],"wp:attachment":[{"href":"https:\/\/www.fcbarcelonanoticias.com\/en\/wp-json\/wp\/v2\/media?parent=83550"}],"wp:term":[{"taxonomy":"category","embeddable":true,"href":"https:\/\/www.fcbarcelonanoticias.com\/en\/wp-json\/wp\/v2\/categories?post=83550"},{"taxonomy":"post_tag","embeddable":true,"href":"https:\/\/www.fcbarcelonanoticias.com\/en\/wp-json\/wp\/v2\/tags?post=83550"}],"curies":[{"name":"wp","href":"https:\/\/api.w.org\/{rel}","templated":true}]}}