{"id":83702,"date":"2015-12-05T10:42:00","date_gmt":"2015-12-05T09:42:00","guid":{"rendered":"https:\/\/weisetech.dev\/fc-barcelona-noticias\/en\/marcelo-another-that-angers-with-benitez-in-the-madrid_37361_102\/"},"modified":"2015-12-05T10:42:00","modified_gmt":"2015-12-05T09:42:00","slug":"marcelo-another-that-angers-with-benitez-in-the-madrid_37361_102","status":"publish","type":"post","link":"https:\/\/www.fcbarcelonanoticias.com\/en\/real-madrid\/marcelo-another-that-angers-with-benitez-in-the-madrid_37361_102.html","title":{"rendered":"Marcelo, another that angers  with Ben\u00edtez in the Madrid"},"content":{"rendered":"\r\n<div class=\"article-addons\">\r\n    <a href=\"https:\/\/www.fcbarcelonanoticias.com\/en\/calendar-fc-barcelona.html\"\r\n       target=\"_self\"\r\n       title=\"Calendar of FC Barcelona\"\r\n       class=\"blue-gredient-btn\">\r\n       \r\n        Calendar of FC Barcelona    <\/a>\r\n<\/div>   <div class=\"separator\" style=\"clear: both; text-align: center;\"><a href=\"https:\/\/1.bp.blogspot.com\/en\/-93w9ADIbk_s\/VmLJey8M9kI\/AAAAAAAC_o8\/vRRHyY6IjZ4\/s1600\/marcelo.jpg\" imageanchor=\"1\" style=\"margin-left: 1em; margin-right: 1em;\"><\/a><\/div> <br><b>The Brazilian side of the Real Madrid and one of the captains of the team, Marcelo, would be the en\u00e9simo player of the white staff that would have bothered  in the last days with Ben\u00edtez. And it is that the carrilero, already recovered of his injury, did not go in in the announcement in front of the Getafe<\/b><br><br><span style=\"font-size: large;\"><b><span style=\"color: #990000;\">Ticket<\/span><\/b> &#8211; <b><u><a href=\"http:\/\/www.viagogo.es\/en\/Entradas-Deportes\/Futbol\/La-Liga-Primera-Division\/FC-Barcelona-Entradas\/E-1073682?AffiliateID=1558&amp;PCID=AFFESIAFF1558A548FCBFC6-05\" rel=\"nofollow\" target=\"_blank\">Gone in FC Barcelona vs Sportive &#8211; League J15<\/a><\/u><\/b><\/span><br><span style=\"font-size: large;\"><b><span style=\"color: #990000;\">The Classical<\/span><\/b> &#8211; <b><u><a href=\"http:\/\/www.viagogo.es\/en\/Entradas-Deportes\/Futbol\/La-Liga-Primera-Division\/FC-Barcelona-Entradas\/E-1073691?AffiliateID=1558&amp;PCID=AFFESIAFF1558A548FCBFC6-05\" rel=\"nofollow\" target=\"_blank\">Gone in \/ Ticket FC Barcelona vs Real Madrid<\/a><\/u><\/b><\/span><br><span style=\"font-size: large;\"><b><span style=\"color: #990000;\">Ticket<\/span><\/b> &#8211; <b><u><a href=\"http:\/\/www.viagogo.es\/en\/Entradas-Deportes\/Futbol\/La-Liga-Primera-Division\/FC-Barcelona-Entradas?AffiliateID=1558&amp;PCID=AFFESIAFF1558A548FCBFC6-05\" rel=\"nofollow\" target=\"_blank\">Gone in for all the parties of the FC Barcelona<\/a><\/u><\/b><\/span><br><br>One of the captains of the Real Madrid and heavy weight in the white changing room, <b>Marcelo<\/b>, would have turned into the en\u00e9simo player of the staff in hammering  with the trainer, <b>Rafa Ben\u00edtez<\/b>, after this did not summon him this past Friday for the crash of League BBVA against the Getafe. The Brazilian side dragged from does some days <b>some physical problems that had prevented him train with normality<\/b>, but recently received the high medical and even so the Spanish technician preferred not having he in the list of summoned.<br><br>In this coyuntura, the Brazilian published through the social network Twitter a controversial message in which it put of self-evident that already was <b>&#8220;totally recovered and available&#8221;<\/b>, with the emoticono of a wink that seems to go directed directly to Rafa Ben\u00edtez.<br><br>The small hammer of Marcelo with Ben\u00edtez joins  to which would have kept already other footballers like <b>Cristiano Ronaldo, Sergio Bouquets and James Rodr\u00edguez <\/b>with the technician, that does not give for more problems extradeportivos in the last weeks, joining to all this the implication of Benzema in the plot of blackmail to Valbuena that could separate him definitively of the French selection and propiciar, of face to the next summer, his traspaso of the Real Madrid.<br><br><blockquote class=\"twitter-tweet\" lang=\"es\"> <div dir=\"ltr\" lang=\"es\">Complete training. Totally recovered and available! We follow!! <a href=\"https:\/\/twitter.com\/en\/hashtag\/M12?src=hash\">#M12<\/a> Happy! ??? <a href=\"https:\/\/t.co\/en\/0bPZIQU4Mf\">pic.twitter.com\/0bpziqu4mf<\/a> <\/div>? Marcelo Scallop (@MarceloM12) <a href=\"https:\/\/twitter.com\/en\/MarceloM12\/status\/672771998918049793\">December 4, 2015<\/a> <\/blockquote> <br><br><h2>This was the announcement of Ben\u00edtez against the Getafe:<\/h2> <br><b>Goalkeepers:<\/b> Keylor Navas, Kiko Box, Rub\u00e9n Y\u00e1\u00f1ez,<br><br><b>Defences:<\/b> Arbeloa, Danilo, Pepe, Nacho<br><br><b>Midfield players:<\/b> Casemiro, Kovacic, Modric, Marcos Llorente, Kroos, James, Cheryshev<br><br><b>Forwards:<\/b> Jes\u00e9, Lucas V\u00e1zquez, Bleat, Cristiano Ronaldo and Benzema.<br><br> ","protected":false},"excerpt":{"rendered":"<p>The Brazilian side of the Real Madrid and one of the captains of the team, Marcelo, would be the en\u00e9simo player of the white staff that would have bothered in the last days with Ben\u00edtez. And it is that the carrilero, already recovered of his injury, did not go in in the announcement in front [&hellip;]<\/p>\n","protected":false},"author":468,"featured_media":83708,"comment_status":"closed","ping_status":"open","sticky":false,"template":"","format":"standard","meta":{"_acf_changed":false,"inline_featured_image":false,"_nextfly_llmd_date_locked":false,"footnotes":""},"categories":[450,119],"tags":[258],"class_list":["post-83702","post","type-post","status-publish","format-standard","has-post-thumbnail","hentry","category-real-madrid-2","category-real-madrid","tag-rafa-benitez"],"acf":[],"yoast_head":"<!-- This site is optimized with the Yoast SEO plugin v27.3 - https:\/\/yoast.com\/product\/yoast-seo-wordpress\/ -->\n<title>Marcelo, another that angers with Ben\u00edtez in the Madrid<\/title>\n<meta name=\"description\" content=\"FCBarcelonaNoticias.com\" \/>\n<meta name=\"robots\" content=\"index, follow, max-snippet:-1, max-image-preview:large, max-video-preview:-1\" \/>\n<link rel=\"canonical\" href=\"https:\/\/www.fcbarcelonanoticias.com\/en\/real-madrid\/marcelo-another-that-angers-with-benitez-in-the-madrid_37361_102.html\" \/>\n<meta property=\"og:locale\" content=\"en_US\" \/>\n<meta property=\"og:type\" content=\"article\" \/>\n<meta property=\"og:title\" content=\"Marcelo, another that angers with Ben\u00edtez in the Madrid\" \/>\n<meta property=\"og:description\" content=\"FCBarcelonaNoticias.com\" \/>\n<meta property=\"og:url\" content=\"https:\/\/www.fcbarcelonanoticias.com\/en\/real-madrid\/marcelo-another-that-angers-with-benitez-in-the-madrid_37361_102.html\" \/>\n<meta property=\"og:site_name\" content=\"EN - FC Barcelona Noticias\" \/>\n<meta property=\"article:published_time\" content=\"2015-12-05T09:42:00+00:00\" \/>\n<meta property=\"og:image\" content=\"https:\/\/www.fcbarcelonanoticias.com\/en\/wp-content\/uploads\/sites\/2\/2015\/12\/marcelo-37373-1.jpeg\" \/>\n\t<meta property=\"og:image:width\" content=\"610\" \/>\n\t<meta property=\"og:image:height\" content=\"343\" \/>\n\t<meta property=\"og:image:type\" content=\"image\/jpeg\" \/>\n<meta name=\"author\" content=\"user_4124\" \/>\n<meta name=\"twitter:card\" content=\"summary_large_image\" \/>\n<meta name=\"twitter:label1\" content=\"Written by\" \/>\n\t<meta name=\"twitter:data1\" content=\"user_4124\" \/>\n\t<meta name=\"twitter:label2\" content=\"Est. reading time\" \/>\n\t<meta name=\"twitter:data2\" content=\"2 minutes\" \/>\n<script type=\"application\/ld+json\" class=\"yoast-schema-graph\">{\"@context\":\"https:\\\/\\\/schema.org\",\"@graph\":[{\"@type\":\"Article\",\"@id\":\"https:\\\/\\\/www.fcbarcelonanoticias.com\\\/en\\\/real-madrid\\\/marcelo-another-that-angers-with-benitez-in-the-madrid_37361_102.html#article\",\"isPartOf\":{\"@id\":\"https:\\\/\\\/www.fcbarcelonanoticias.com\\\/en\\\/real-madrid\\\/marcelo-another-that-angers-with-benitez-in-the-madrid_37361_102.html\"},\"author\":{\"name\":\"user_4124\",\"@id\":\"https:\\\/\\\/www.fcbarcelonanoticias.com\\\/en\\\/#\\\/schema\\\/person\\\/15ee2f54c96c350bfe0645e2cd9256a8\"},\"headline\":\"Marcelo, another that angers with Ben\u00edtez in the Madrid\",\"datePublished\":\"2015-12-05T09:42:00+00:00\",\"mainEntityOfPage\":{\"@id\":\"https:\\\/\\\/www.fcbarcelonanoticias.com\\\/en\\\/real-madrid\\\/marcelo-another-that-angers-with-benitez-in-the-madrid_37361_102.html\"},\"wordCount\":382,\"image\":{\"@id\":\"https:\\\/\\\/www.fcbarcelonanoticias.com\\\/en\\\/real-madrid\\\/marcelo-another-that-angers-with-benitez-in-the-madrid_37361_102.html#primaryimage\"},\"thumbnailUrl\":\"https:\\\/\\\/www.fcbarcelonanoticias.com\\\/en\\\/wp-content\\\/uploads\\\/sites\\\/2\\\/2015\\\/12\\\/marcelo-37373-1.jpeg\",\"keywords\":[\"Rafa Ben\u00edtez\"],\"articleSection\":[\"Real Madrid\",\"Real Madrid\"],\"inLanguage\":\"en-US\"},{\"@type\":\"WebPage\",\"@id\":\"https:\\\/\\\/www.fcbarcelonanoticias.com\\\/en\\\/real-madrid\\\/marcelo-another-that-angers-with-benitez-in-the-madrid_37361_102.html\",\"url\":\"https:\\\/\\\/www.fcbarcelonanoticias.com\\\/en\\\/real-madrid\\\/marcelo-another-that-angers-with-benitez-in-the-madrid_37361_102.html\",\"name\":\"Marcelo, another that angers with Ben\u00edtez in the Madrid\",\"isPartOf\":{\"@id\":\"https:\\\/\\\/www.fcbarcelonanoticias.com\\\/en\\\/#website\"},\"primaryImageOfPage\":{\"@id\":\"https:\\\/\\\/www.fcbarcelonanoticias.com\\\/en\\\/real-madrid\\\/marcelo-another-that-angers-with-benitez-in-the-madrid_37361_102.html#primaryimage\"},\"image\":{\"@id\":\"https:\\\/\\\/www.fcbarcelonanoticias.com\\\/en\\\/real-madrid\\\/marcelo-another-that-angers-with-benitez-in-the-madrid_37361_102.html#primaryimage\"},\"thumbnailUrl\":\"https:\\\/\\\/www.fcbarcelonanoticias.com\\\/en\\\/wp-content\\\/uploads\\\/sites\\\/2\\\/2015\\\/12\\\/marcelo-37373-1.jpeg\",\"datePublished\":\"2015-12-05T09:42:00+00:00\",\"author\":{\"@id\":\"https:\\\/\\\/www.fcbarcelonanoticias.com\\\/en\\\/#\\\/schema\\\/person\\\/15ee2f54c96c350bfe0645e2cd9256a8\"},\"description\":\"FCBarcelonaNoticias.com\",\"breadcrumb\":{\"@id\":\"https:\\\/\\\/www.fcbarcelonanoticias.com\\\/en\\\/real-madrid\\\/marcelo-another-that-angers-with-benitez-in-the-madrid_37361_102.html#breadcrumb\"},\"inLanguage\":\"en-US\",\"potentialAction\":[{\"@type\":\"ReadAction\",\"target\":[\"https:\\\/\\\/www.fcbarcelonanoticias.com\\\/en\\\/real-madrid\\\/marcelo-another-that-angers-with-benitez-in-the-madrid_37361_102.html\"]}]},{\"@type\":\"ImageObject\",\"inLanguage\":\"en-US\",\"@id\":\"https:\\\/\\\/www.fcbarcelonanoticias.com\\\/en\\\/real-madrid\\\/marcelo-another-that-angers-with-benitez-in-the-madrid_37361_102.html#primaryimage\",\"url\":\"https:\\\/\\\/www.fcbarcelonanoticias.com\\\/en\\\/wp-content\\\/uploads\\\/sites\\\/2\\\/2015\\\/12\\\/marcelo-37373-1.jpeg\",\"contentUrl\":\"https:\\\/\\\/www.fcbarcelonanoticias.com\\\/en\\\/wp-content\\\/uploads\\\/sites\\\/2\\\/2015\\\/12\\\/marcelo-37373-1.jpeg\",\"width\":610,\"height\":343},{\"@type\":\"BreadcrumbList\",\"@id\":\"https:\\\/\\\/www.fcbarcelonanoticias.com\\\/en\\\/real-madrid\\\/marcelo-another-that-angers-with-benitez-in-the-madrid_37361_102.html#breadcrumb\",\"itemListElement\":[{\"@type\":\"ListItem\",\"position\":1,\"name\":\"Portada\",\"item\":\"https:\\\/\\\/www.fcbarcelonanoticias.com\\\/en\\\/\"},{\"@type\":\"ListItem\",\"position\":2,\"name\":\"Marcelo, another that angers with Ben\u00edtez in the Madrid\"}]},{\"@type\":\"WebSite\",\"@id\":\"https:\\\/\\\/www.fcbarcelonanoticias.com\\\/en\\\/#website\",\"url\":\"https:\\\/\\\/www.fcbarcelonanoticias.com\\\/en\\\/\",\"name\":\"EN - FC Barcelona Noticias\",\"description\":\"\",\"potentialAction\":[{\"@type\":\"SearchAction\",\"target\":{\"@type\":\"EntryPoint\",\"urlTemplate\":\"https:\\\/\\\/www.fcbarcelonanoticias.com\\\/en\\\/?s={search_term_string}\"},\"query-input\":{\"@type\":\"PropertyValueSpecification\",\"valueRequired\":true,\"valueName\":\"search_term_string\"}}],\"inLanguage\":\"en-US\"},{\"@type\":\"Person\",\"@id\":\"https:\\\/\\\/www.fcbarcelonanoticias.com\\\/en\\\/#\\\/schema\\\/person\\\/15ee2f54c96c350bfe0645e2cd9256a8\",\"name\":\"user_4124\",\"image\":{\"@type\":\"ImageObject\",\"inLanguage\":\"en-US\",\"@id\":\"https:\\\/\\\/secure.gravatar.com\\\/avatar\\\/?s=96&d=mm&r=g\",\"url\":\"https:\\\/\\\/secure.gravatar.com\\\/avatar\\\/?s=96&d=mm&r=g\",\"contentUrl\":\"https:\\\/\\\/secure.gravatar.com\\\/avatar\\\/?s=96&d=mm&r=g\",\"caption\":\"user_4124\"},\"url\":\"https:\\\/\\\/www.fcbarcelonanoticias.com\\\/en\\\/user_4124.html\"}]}<\/script>\n<!-- \/ Yoast SEO plugin. -->","yoast_head_json":{"title":"Marcelo, another that angers with Ben\u00edtez in the Madrid","description":"FCBarcelonaNoticias.com","robots":{"index":"index","follow":"follow","max-snippet":"max-snippet:-1","max-image-preview":"max-image-preview:large","max-video-preview":"max-video-preview:-1"},"canonical":"https:\/\/www.fcbarcelonanoticias.com\/en\/real-madrid\/marcelo-another-that-angers-with-benitez-in-the-madrid_37361_102.html","og_locale":"en_US","og_type":"article","og_title":"Marcelo, another that angers with Ben\u00edtez in the Madrid","og_description":"FCBarcelonaNoticias.com","og_url":"https:\/\/www.fcbarcelonanoticias.com\/en\/real-madrid\/marcelo-another-that-angers-with-benitez-in-the-madrid_37361_102.html","og_site_name":"EN - FC Barcelona Noticias","article_published_time":"2015-12-05T09:42:00+00:00","og_image":[{"width":610,"height":343,"url":"https:\/\/www.fcbarcelonanoticias.com\/en\/wp-content\/uploads\/sites\/2\/2015\/12\/marcelo-37373-1.jpeg","type":"image\/jpeg"}],"author":"user_4124","twitter_card":"summary_large_image","twitter_misc":{"Written by":"user_4124","Est. reading time":"2 minutes"},"schema":{"@context":"https:\/\/schema.org","@graph":[{"@type":"Article","@id":"https:\/\/www.fcbarcelonanoticias.com\/en\/real-madrid\/marcelo-another-that-angers-with-benitez-in-the-madrid_37361_102.html#article","isPartOf":{"@id":"https:\/\/www.fcbarcelonanoticias.com\/en\/real-madrid\/marcelo-another-that-angers-with-benitez-in-the-madrid_37361_102.html"},"author":{"name":"user_4124","@id":"https:\/\/www.fcbarcelonanoticias.com\/en\/#\/schema\/person\/15ee2f54c96c350bfe0645e2cd9256a8"},"headline":"Marcelo, another that angers with Ben\u00edtez in the Madrid","datePublished":"2015-12-05T09:42:00+00:00","mainEntityOfPage":{"@id":"https:\/\/www.fcbarcelonanoticias.com\/en\/real-madrid\/marcelo-another-that-angers-with-benitez-in-the-madrid_37361_102.html"},"wordCount":382,"image":{"@id":"https:\/\/www.fcbarcelonanoticias.com\/en\/real-madrid\/marcelo-another-that-angers-with-benitez-in-the-madrid_37361_102.html#primaryimage"},"thumbnailUrl":"https:\/\/www.fcbarcelonanoticias.com\/en\/wp-content\/uploads\/sites\/2\/2015\/12\/marcelo-37373-1.jpeg","keywords":["Rafa Ben\u00edtez"],"articleSection":["Real Madrid","Real Madrid"],"inLanguage":"en-US"},{"@type":"WebPage","@id":"https:\/\/www.fcbarcelonanoticias.com\/en\/real-madrid\/marcelo-another-that-angers-with-benitez-in-the-madrid_37361_102.html","url":"https:\/\/www.fcbarcelonanoticias.com\/en\/real-madrid\/marcelo-another-that-angers-with-benitez-in-the-madrid_37361_102.html","name":"Marcelo, another that angers with Ben\u00edtez in the Madrid","isPartOf":{"@id":"https:\/\/www.fcbarcelonanoticias.com\/en\/#website"},"primaryImageOfPage":{"@id":"https:\/\/www.fcbarcelonanoticias.com\/en\/real-madrid\/marcelo-another-that-angers-with-benitez-in-the-madrid_37361_102.html#primaryimage"},"image":{"@id":"https:\/\/www.fcbarcelonanoticias.com\/en\/real-madrid\/marcelo-another-that-angers-with-benitez-in-the-madrid_37361_102.html#primaryimage"},"thumbnailUrl":"https:\/\/www.fcbarcelonanoticias.com\/en\/wp-content\/uploads\/sites\/2\/2015\/12\/marcelo-37373-1.jpeg","datePublished":"2015-12-05T09:42:00+00:00","author":{"@id":"https:\/\/www.fcbarcelonanoticias.com\/en\/#\/schema\/person\/15ee2f54c96c350bfe0645e2cd9256a8"},"description":"FCBarcelonaNoticias.com","breadcrumb":{"@id":"https:\/\/www.fcbarcelonanoticias.com\/en\/real-madrid\/marcelo-another-that-angers-with-benitez-in-the-madrid_37361_102.html#breadcrumb"},"inLanguage":"en-US","potentialAction":[{"@type":"ReadAction","target":["https:\/\/www.fcbarcelonanoticias.com\/en\/real-madrid\/marcelo-another-that-angers-with-benitez-in-the-madrid_37361_102.html"]}]},{"@type":"ImageObject","inLanguage":"en-US","@id":"https:\/\/www.fcbarcelonanoticias.com\/en\/real-madrid\/marcelo-another-that-angers-with-benitez-in-the-madrid_37361_102.html#primaryimage","url":"https:\/\/www.fcbarcelonanoticias.com\/en\/wp-content\/uploads\/sites\/2\/2015\/12\/marcelo-37373-1.jpeg","contentUrl":"https:\/\/www.fcbarcelonanoticias.com\/en\/wp-content\/uploads\/sites\/2\/2015\/12\/marcelo-37373-1.jpeg","width":610,"height":343},{"@type":"BreadcrumbList","@id":"https:\/\/www.fcbarcelonanoticias.com\/en\/real-madrid\/marcelo-another-that-angers-with-benitez-in-the-madrid_37361_102.html#breadcrumb","itemListElement":[{"@type":"ListItem","position":1,"name":"Portada","item":"https:\/\/www.fcbarcelonanoticias.com\/en\/"},{"@type":"ListItem","position":2,"name":"Marcelo, another that angers with Ben\u00edtez in the Madrid"}]},{"@type":"WebSite","@id":"https:\/\/www.fcbarcelonanoticias.com\/en\/#website","url":"https:\/\/www.fcbarcelonanoticias.com\/en\/","name":"EN - FC Barcelona Noticias","description":"","potentialAction":[{"@type":"SearchAction","target":{"@type":"EntryPoint","urlTemplate":"https:\/\/www.fcbarcelonanoticias.com\/en\/?s={search_term_string}"},"query-input":{"@type":"PropertyValueSpecification","valueRequired":true,"valueName":"search_term_string"}}],"inLanguage":"en-US"},{"@type":"Person","@id":"https:\/\/www.fcbarcelonanoticias.com\/en\/#\/schema\/person\/15ee2f54c96c350bfe0645e2cd9256a8","name":"user_4124","image":{"@type":"ImageObject","inLanguage":"en-US","@id":"https:\/\/secure.gravatar.com\/avatar\/?s=96&d=mm&r=g","url":"https:\/\/secure.gravatar.com\/avatar\/?s=96&d=mm&r=g","contentUrl":"https:\/\/secure.gravatar.com\/avatar\/?s=96&d=mm&r=g","caption":"user_4124"},"url":"https:\/\/www.fcbarcelonanoticias.com\/en\/user_4124.html"}]}},"_links":{"self":[{"href":"https:\/\/www.fcbarcelonanoticias.com\/en\/wp-json\/wp\/v2\/posts\/83702","targetHints":{"allow":["GET"]}}],"collection":[{"href":"https:\/\/www.fcbarcelonanoticias.com\/en\/wp-json\/wp\/v2\/posts"}],"about":[{"href":"https:\/\/www.fcbarcelonanoticias.com\/en\/wp-json\/wp\/v2\/types\/post"}],"author":[{"embeddable":true,"href":"https:\/\/www.fcbarcelonanoticias.com\/en\/wp-json\/wp\/v2\/users\/468"}],"replies":[{"embeddable":true,"href":"https:\/\/www.fcbarcelonanoticias.com\/en\/wp-json\/wp\/v2\/comments?post=83702"}],"version-history":[{"count":3,"href":"https:\/\/www.fcbarcelonanoticias.com\/en\/wp-json\/wp\/v2\/posts\/83702\/revisions"}],"predecessor-version":[{"id":83704,"href":"https:\/\/www.fcbarcelonanoticias.com\/en\/wp-json\/wp\/v2\/posts\/83702\/revisions\/83704"}],"wp:featuredmedia":[{"embeddable":true,"href":"https:\/\/www.fcbarcelonanoticias.com\/en\/wp-json\/wp\/v2\/media\/83708"}],"wp:attachment":[{"href":"https:\/\/www.fcbarcelonanoticias.com\/en\/wp-json\/wp\/v2\/media?parent=83702"}],"wp:term":[{"taxonomy":"category","embeddable":true,"href":"https:\/\/www.fcbarcelonanoticias.com\/en\/wp-json\/wp\/v2\/categories?post=83702"},{"taxonomy":"post_tag","embeddable":true,"href":"https:\/\/www.fcbarcelonanoticias.com\/en\/wp-json\/wp\/v2\/tags?post=83702"}],"curies":[{"name":"wp","href":"https:\/\/api.w.org\/{rel}","templated":true}]}}