{"id":83767,"date":"2022-01-28T15:43:00","date_gmt":"2022-01-28T14:43:00","guid":{"rendered":"https:\/\/weisetech.dev\/fc-barcelona-noticias\/en\/the-madrid-aims-to-amsterdam-for-incrustar-another-jewel_277344_102\/"},"modified":"2022-01-28T15:43:00","modified_gmt":"2022-01-28T14:43:00","slug":"the-madrid-aims-to-amsterdam-for-incrustar-another-jewel_277344_102","status":"publish","type":"post","link":"https:\/\/www.fcbarcelonanoticias.com\/en\/real-madrid\/the-madrid-aims-to-amsterdam-for-incrustar-another-jewel_277344_102.html","title":{"rendered":"Madrid points to Amsterdam to embed another &#8216;jewel&#8217; in its midfield"},"content":{"rendered":"<h2 class=\"wp-block-heading\">Ryan Gravenberch is one of the &#8216;jewels&#8217; that Real Madrid wants for next summer. The Ajax midfielder ends his contract in 2023 and is valued at 35 million euros, according to Transfermarkt<\/h2>  \r\n<div class=\"article-addons\">\r\n    <a href=\"https:\/\/www.fcbarcelonanoticias.com\/en\/calendar-fc-barcelona.html\"\r\n       target=\"_self\"\r\n       title=\"Calendar of FC Barcelona\"\r\n       class=\"blue-gredient-btn\">\r\n       \r\n        Calendar of FC Barcelona    <\/a>\r\n<\/div>   <p>Ryan Gravenberch is in the orbit of the <a data-external=\"0\" data-intl-links-en=\"https:\/\/www.fcbarcelonanoticias.com\/en\/real-madrid\/florentino-perez-achieves-something-better-that-the-cvc-for-the-r_277332_102.html\" data-intl-links-es=\"https:\/\/www.fcbarcelonanoticias.com\/real-madrid\/florentino-perez-consigue-algo-mejor-cvc-real-madrid_277332_102.html\" href=\"https:\/\/www.fcbarcelonanoticias.com\/en\/real-madrid\/florentino-perez-achieves-something-better-that-the-cvc-for-the-r_277332_102.html\" rel=\"follow\" target=\"_self\" title=\"Florentino P\u00e9rez consigue algo mejor que el CVC para el Real Madrid\">Real Madrid<\/a>. The club looks for to rejuvenate his midfield, betting by players with big projection and index cards no so high, as sucedi\u00f3 the summer happened with Eduardo Camavinga. <strong>The &#8216;merengues&#8217; are had to go with everything by the midfield player of 19 years <\/strong>and the Ajax sees with good eyes his exit, since the Dutch culminates agreement the next year.<\/p>  <p>With 1.90 metres of height and international experience with the P\u00e1ises Low, the profile of Gravenberch adjusts to what look for in Chamart\u00edn. Other clubs like the <strong>Borussia Dortmund, the Manchester City and the <a data-external=\"0\" data-intl-links-en=\"https:\/\/www.fcbarcelonanoticias.com\/en\/transfers\/opportunity-barcelona-pulisic-confirms-wants-to-leave-chelsea_277329_102.html\" data-intl-links-es=\"https:\/\/www.fcbarcelonanoticias.com\/fichajes\/oportunidad-barcelona-pulisic-confirma-quiere-dejar-chelsea_277329_102.html\" href=\"https:\/\/www.fcbarcelonanoticias.com\/en\/transfers\/opportunity-barcelona-pulisic-confirms-wants-to-leave-chelsea_277329_102.html\" rel=\"follow\" target=\"_self\" title=\"Opportunity for Bar\u00e7a! Pulisic confirms he wants to leave Chelsea\">FC Barcelona<\/a> also have interested by the youngster<\/strong>, to the one who represents him Mino Raiola. For the moment, they have not trascended offers of the managerial cul\u00e9 by the tulip.<\/p>  <p><strong>The Ajax expects traspasar to one of his &#8216;jewels&#8217; by a near price to the 40 million euros<\/strong>. Although it is a half of defensive cut, Ryan also has projection to the attack, with good handle of balloon in spaces reduced. Agile and fast, the one of \u00c1msterdam could form an alternative midfield of luxury in Santiago Bernab\u00e9u beside Fede Valverde and Camavinga, thinking already in the spare of Luka Modrid and Toni Kroos.<\/p>  <p>Florentino P\u00e9rez understands that it is moment to renew the staff and, although the priority of the summer is Kylian Mbapp\u00e9, <strong>the club works to reinforce all his lines of face to the 2022-2023<\/strong>. The current staff luce short and it will be necessary to see how devises them to him Carlo Ancelotti to manage the physical wear that supposes to struggle in the three competitions (League, Glass and Champions), in a team that is used to rotar little.<\/p>  <h3>Tchouameni, another key piece<\/h3>  <p><strong>Aur\u00e9lien Tchouameni Is the another bets of the whites for the next market<\/strong>. The French of 22 years wants to abandon the Monaco in June and in the Principality already have put him price: 60 &#8216;kilos&#8217;. The Madrid will try to negotiate a transfer lower, including maybe to another player of his staff like spare for which consider like <strong>&#8220;the sustito ideal of Casemiro&#8221;<\/strong>. Considering the price, Gravenberch could be more near of the Spanish capital.<\/p> ","protected":false},"excerpt":{"rendered":"<p>Ryan Gravenberch is one of the &#8216;jewels&#8217; that Real Madrid wants for next summer. The Ajax midfielder ends his contract in 2023 and is valued at 35 million euros, according to Transfermarkt Ryan Gravenberch is in the orbit of the Real Madrid. The club looks for to rejuvenate his midfield, betting by players with big [&hellip;]<\/p>\n","protected":false},"author":347,"featured_media":83774,"comment_status":"closed","ping_status":"open","sticky":false,"template":"","format":"standard","meta":{"_acf_changed":false,"inline_featured_image":false,"_nextfly_llmd_date_locked":false,"footnotes":""},"categories":[119,450],"tags":[177],"class_list":["post-83767","post","type-post","status-publish","format-standard","has-post-thumbnail","hentry","category-real-madrid","category-real-madrid-2","tag-florentino-perez"],"acf":[],"yoast_head":"<!-- This site is optimized with the Yoast SEO plugin v27.3 - https:\/\/yoast.com\/product\/yoast-seo-wordpress\/ -->\n<title>Madrid points to Amsterdam to embed another &#039;jewel&#039; in its midfield<\/title>\n<meta name=\"description\" content=\"Ryan Gravenberch is one of the &#039;jewels&#039; that the Real Madrid wants for next summer. The midfield player of the Ajax culminates agreement in 2023 and is valued...\" \/>\n<meta name=\"robots\" content=\"index, follow, max-snippet:-1, max-image-preview:large, max-video-preview:-1\" \/>\n<link rel=\"canonical\" href=\"https:\/\/www.fcbarcelonanoticias.com\/en\/real-madrid\/the-madrid-aims-to-amsterdam-for-incrustar-another-jewel_277344_102.html\" \/>\n<meta property=\"og:locale\" content=\"en_US\" \/>\n<meta property=\"og:type\" content=\"article\" \/>\n<meta property=\"og:title\" content=\"Madrid points to Amsterdam to embed another &#039;jewel&#039; in its midfield\" \/>\n<meta property=\"og:description\" content=\"Ryan Gravenberch is one of the &#039;jewels&#039; that the Real Madrid wants for next summer. The midfield player of the Ajax culminates agreement in 2023 and is valued...\" \/>\n<meta property=\"og:url\" content=\"https:\/\/www.fcbarcelonanoticias.com\/en\/real-madrid\/the-madrid-aims-to-amsterdam-for-incrustar-another-jewel_277344_102.html\" \/>\n<meta property=\"og:site_name\" content=\"EN - FC Barcelona Noticias\" \/>\n<meta property=\"article:published_time\" content=\"2022-01-28T14:43:00+00:00\" \/>\n<meta property=\"og:image\" content=\"https:\/\/www.fcbarcelonanoticias.com\/en\/wp-content\/uploads\/sites\/2\/2022\/01\/gravenberch-ajax-barca.jpeg\" \/>\n\t<meta property=\"og:image:width\" content=\"1300\" \/>\n\t<meta property=\"og:image:height\" content=\"765\" \/>\n\t<meta property=\"og:image:type\" content=\"image\/jpeg\" \/>\n<meta name=\"author\" content=\"Andr\u00e9s Quiroz\" \/>\n<meta name=\"twitter:card\" content=\"summary_large_image\" \/>\n<meta name=\"twitter:label1\" content=\"Written by\" \/>\n\t<meta name=\"twitter:data1\" content=\"Andr\u00e9s Quiroz\" \/>\n\t<meta name=\"twitter:label2\" content=\"Est. reading time\" \/>\n\t<meta name=\"twitter:data2\" content=\"2 minutes\" \/>\n<script type=\"application\/ld+json\" class=\"yoast-schema-graph\">{\"@context\":\"https:\\\/\\\/schema.org\",\"@graph\":[{\"@type\":\"Article\",\"@id\":\"https:\\\/\\\/www.fcbarcelonanoticias.com\\\/en\\\/real-madrid\\\/the-madrid-aims-to-amsterdam-for-incrustar-another-jewel_277344_102.html#article\",\"isPartOf\":{\"@id\":\"https:\\\/\\\/www.fcbarcelonanoticias.com\\\/en\\\/real-madrid\\\/the-madrid-aims-to-amsterdam-for-incrustar-another-jewel_277344_102.html\"},\"author\":{\"name\":\"Andr\u00e9s Quiroz\",\"@id\":\"https:\\\/\\\/www.fcbarcelonanoticias.com\\\/en\\\/#\\\/schema\\\/person\\\/c2cd9f6fa1af5c0d0eccd0fefa575c88\"},\"headline\":\"Madrid points to Amsterdam to embed another &#8216;jewel&#8217; in its midfield\",\"datePublished\":\"2022-01-28T14:43:00+00:00\",\"mainEntityOfPage\":{\"@id\":\"https:\\\/\\\/www.fcbarcelonanoticias.com\\\/en\\\/real-madrid\\\/the-madrid-aims-to-amsterdam-for-incrustar-another-jewel_277344_102.html\"},\"wordCount\":409,\"image\":{\"@id\":\"https:\\\/\\\/www.fcbarcelonanoticias.com\\\/en\\\/real-madrid\\\/the-madrid-aims-to-amsterdam-for-incrustar-another-jewel_277344_102.html#primaryimage\"},\"thumbnailUrl\":\"https:\\\/\\\/www.fcbarcelonanoticias.com\\\/en\\\/wp-content\\\/uploads\\\/sites\\\/2\\\/2022\\\/01\\\/gravenberch-ajax-barca.jpeg\",\"keywords\":[\"Florentino P\u00e9rez\"],\"articleSection\":[\"Real Madrid\",\"Real Madrid\"],\"inLanguage\":\"en-US\"},{\"@type\":\"WebPage\",\"@id\":\"https:\\\/\\\/www.fcbarcelonanoticias.com\\\/en\\\/real-madrid\\\/the-madrid-aims-to-amsterdam-for-incrustar-another-jewel_277344_102.html\",\"url\":\"https:\\\/\\\/www.fcbarcelonanoticias.com\\\/en\\\/real-madrid\\\/the-madrid-aims-to-amsterdam-for-incrustar-another-jewel_277344_102.html\",\"name\":\"Madrid points to Amsterdam to embed another 'jewel' in its midfield\",\"isPartOf\":{\"@id\":\"https:\\\/\\\/www.fcbarcelonanoticias.com\\\/en\\\/#website\"},\"primaryImageOfPage\":{\"@id\":\"https:\\\/\\\/www.fcbarcelonanoticias.com\\\/en\\\/real-madrid\\\/the-madrid-aims-to-amsterdam-for-incrustar-another-jewel_277344_102.html#primaryimage\"},\"image\":{\"@id\":\"https:\\\/\\\/www.fcbarcelonanoticias.com\\\/en\\\/real-madrid\\\/the-madrid-aims-to-amsterdam-for-incrustar-another-jewel_277344_102.html#primaryimage\"},\"thumbnailUrl\":\"https:\\\/\\\/www.fcbarcelonanoticias.com\\\/en\\\/wp-content\\\/uploads\\\/sites\\\/2\\\/2022\\\/01\\\/gravenberch-ajax-barca.jpeg\",\"datePublished\":\"2022-01-28T14:43:00+00:00\",\"author\":{\"@id\":\"https:\\\/\\\/www.fcbarcelonanoticias.com\\\/en\\\/#\\\/schema\\\/person\\\/c2cd9f6fa1af5c0d0eccd0fefa575c88\"},\"description\":\"Ryan Gravenberch is one of the 'jewels' that the Real Madrid wants for next summer. The midfield player of the Ajax culminates agreement in 2023 and is valued...\",\"breadcrumb\":{\"@id\":\"https:\\\/\\\/www.fcbarcelonanoticias.com\\\/en\\\/real-madrid\\\/the-madrid-aims-to-amsterdam-for-incrustar-another-jewel_277344_102.html#breadcrumb\"},\"inLanguage\":\"en-US\",\"potentialAction\":[{\"@type\":\"ReadAction\",\"target\":[\"https:\\\/\\\/www.fcbarcelonanoticias.com\\\/en\\\/real-madrid\\\/the-madrid-aims-to-amsterdam-for-incrustar-another-jewel_277344_102.html\"]}]},{\"@type\":\"ImageObject\",\"inLanguage\":\"en-US\",\"@id\":\"https:\\\/\\\/www.fcbarcelonanoticias.com\\\/en\\\/real-madrid\\\/the-madrid-aims-to-amsterdam-for-incrustar-another-jewel_277344_102.html#primaryimage\",\"url\":\"https:\\\/\\\/www.fcbarcelonanoticias.com\\\/en\\\/wp-content\\\/uploads\\\/sites\\\/2\\\/2022\\\/01\\\/gravenberch-ajax-barca.jpeg\",\"contentUrl\":\"https:\\\/\\\/www.fcbarcelonanoticias.com\\\/en\\\/wp-content\\\/uploads\\\/sites\\\/2\\\/2022\\\/01\\\/gravenberch-ajax-barca.jpeg\",\"width\":1300,\"height\":765},{\"@type\":\"BreadcrumbList\",\"@id\":\"https:\\\/\\\/www.fcbarcelonanoticias.com\\\/en\\\/real-madrid\\\/the-madrid-aims-to-amsterdam-for-incrustar-another-jewel_277344_102.html#breadcrumb\",\"itemListElement\":[{\"@type\":\"ListItem\",\"position\":1,\"name\":\"Portada\",\"item\":\"https:\\\/\\\/www.fcbarcelonanoticias.com\\\/en\\\/\"},{\"@type\":\"ListItem\",\"position\":2,\"name\":\"Madrid points to Amsterdam to embed another &#8216;jewel&#8217; in its midfield\"}]},{\"@type\":\"WebSite\",\"@id\":\"https:\\\/\\\/www.fcbarcelonanoticias.com\\\/en\\\/#website\",\"url\":\"https:\\\/\\\/www.fcbarcelonanoticias.com\\\/en\\\/\",\"name\":\"EN - FC Barcelona Noticias\",\"description\":\"\",\"potentialAction\":[{\"@type\":\"SearchAction\",\"target\":{\"@type\":\"EntryPoint\",\"urlTemplate\":\"https:\\\/\\\/www.fcbarcelonanoticias.com\\\/en\\\/?s={search_term_string}\"},\"query-input\":{\"@type\":\"PropertyValueSpecification\",\"valueRequired\":true,\"valueName\":\"search_term_string\"}}],\"inLanguage\":\"en-US\"},{\"@type\":\"Person\",\"@id\":\"https:\\\/\\\/www.fcbarcelonanoticias.com\\\/en\\\/#\\\/schema\\\/person\\\/c2cd9f6fa1af5c0d0eccd0fefa575c88\",\"name\":\"Andr\u00e9s Quiroz\",\"image\":{\"@type\":\"ImageObject\",\"inLanguage\":\"en-US\",\"@id\":\"https:\\\/\\\/secure.gravatar.com\\\/avatar\\\/?s=96&d=mm&r=g\",\"url\":\"https:\\\/\\\/secure.gravatar.com\\\/avatar\\\/?s=96&d=mm&r=g\",\"contentUrl\":\"https:\\\/\\\/secure.gravatar.com\\\/avatar\\\/?s=96&d=mm&r=g\",\"caption\":\"Andr\u00e9s Quiroz\"},\"description\":\"Licenciado en Periodismo por la Universidad de los Andes. Me encargo de analizar y compartir los contenidos m\u00e1s destacados de la\u00a0actualidad del F\u00fatbol Club Barcelona, Mercado de Fichajes y F\u00fatbol Internacional en FCBN. La informaci\u00f3n es poder, pero tambi\u00e9n conocimiento.\",\"url\":\"https:\\\/\\\/www.fcbarcelonanoticias.com\\\/en\\\/fc-barcelona\\\/andres-quiroz_17_115.html\"}]}<\/script>\n<!-- \/ Yoast SEO plugin. -->","yoast_head_json":{"title":"Madrid points to Amsterdam to embed another 'jewel' in its midfield","description":"Ryan Gravenberch is one of the 'jewels' that the Real Madrid wants for next summer. The midfield player of the Ajax culminates agreement in 2023 and is valued...","robots":{"index":"index","follow":"follow","max-snippet":"max-snippet:-1","max-image-preview":"max-image-preview:large","max-video-preview":"max-video-preview:-1"},"canonical":"https:\/\/www.fcbarcelonanoticias.com\/en\/real-madrid\/the-madrid-aims-to-amsterdam-for-incrustar-another-jewel_277344_102.html","og_locale":"en_US","og_type":"article","og_title":"Madrid points to Amsterdam to embed another 'jewel' in its midfield","og_description":"Ryan Gravenberch is one of the 'jewels' that the Real Madrid wants for next summer. The midfield player of the Ajax culminates agreement in 2023 and is valued...","og_url":"https:\/\/www.fcbarcelonanoticias.com\/en\/real-madrid\/the-madrid-aims-to-amsterdam-for-incrustar-another-jewel_277344_102.html","og_site_name":"EN - FC Barcelona Noticias","article_published_time":"2022-01-28T14:43:00+00:00","og_image":[{"width":1300,"height":765,"url":"https:\/\/www.fcbarcelonanoticias.com\/en\/wp-content\/uploads\/sites\/2\/2022\/01\/gravenberch-ajax-barca.jpeg","type":"image\/jpeg"}],"author":"Andr\u00e9s Quiroz","twitter_card":"summary_large_image","twitter_misc":{"Written by":"Andr\u00e9s Quiroz","Est. reading time":"2 minutes"},"schema":{"@context":"https:\/\/schema.org","@graph":[{"@type":"Article","@id":"https:\/\/www.fcbarcelonanoticias.com\/en\/real-madrid\/the-madrid-aims-to-amsterdam-for-incrustar-another-jewel_277344_102.html#article","isPartOf":{"@id":"https:\/\/www.fcbarcelonanoticias.com\/en\/real-madrid\/the-madrid-aims-to-amsterdam-for-incrustar-another-jewel_277344_102.html"},"author":{"name":"Andr\u00e9s Quiroz","@id":"https:\/\/www.fcbarcelonanoticias.com\/en\/#\/schema\/person\/c2cd9f6fa1af5c0d0eccd0fefa575c88"},"headline":"Madrid points to Amsterdam to embed another &#8216;jewel&#8217; in its midfield","datePublished":"2022-01-28T14:43:00+00:00","mainEntityOfPage":{"@id":"https:\/\/www.fcbarcelonanoticias.com\/en\/real-madrid\/the-madrid-aims-to-amsterdam-for-incrustar-another-jewel_277344_102.html"},"wordCount":409,"image":{"@id":"https:\/\/www.fcbarcelonanoticias.com\/en\/real-madrid\/the-madrid-aims-to-amsterdam-for-incrustar-another-jewel_277344_102.html#primaryimage"},"thumbnailUrl":"https:\/\/www.fcbarcelonanoticias.com\/en\/wp-content\/uploads\/sites\/2\/2022\/01\/gravenberch-ajax-barca.jpeg","keywords":["Florentino P\u00e9rez"],"articleSection":["Real Madrid","Real Madrid"],"inLanguage":"en-US"},{"@type":"WebPage","@id":"https:\/\/www.fcbarcelonanoticias.com\/en\/real-madrid\/the-madrid-aims-to-amsterdam-for-incrustar-another-jewel_277344_102.html","url":"https:\/\/www.fcbarcelonanoticias.com\/en\/real-madrid\/the-madrid-aims-to-amsterdam-for-incrustar-another-jewel_277344_102.html","name":"Madrid points to Amsterdam to embed another 'jewel' in its midfield","isPartOf":{"@id":"https:\/\/www.fcbarcelonanoticias.com\/en\/#website"},"primaryImageOfPage":{"@id":"https:\/\/www.fcbarcelonanoticias.com\/en\/real-madrid\/the-madrid-aims-to-amsterdam-for-incrustar-another-jewel_277344_102.html#primaryimage"},"image":{"@id":"https:\/\/www.fcbarcelonanoticias.com\/en\/real-madrid\/the-madrid-aims-to-amsterdam-for-incrustar-another-jewel_277344_102.html#primaryimage"},"thumbnailUrl":"https:\/\/www.fcbarcelonanoticias.com\/en\/wp-content\/uploads\/sites\/2\/2022\/01\/gravenberch-ajax-barca.jpeg","datePublished":"2022-01-28T14:43:00+00:00","author":{"@id":"https:\/\/www.fcbarcelonanoticias.com\/en\/#\/schema\/person\/c2cd9f6fa1af5c0d0eccd0fefa575c88"},"description":"Ryan Gravenberch is one of the 'jewels' that the Real Madrid wants for next summer. The midfield player of the Ajax culminates agreement in 2023 and is valued...","breadcrumb":{"@id":"https:\/\/www.fcbarcelonanoticias.com\/en\/real-madrid\/the-madrid-aims-to-amsterdam-for-incrustar-another-jewel_277344_102.html#breadcrumb"},"inLanguage":"en-US","potentialAction":[{"@type":"ReadAction","target":["https:\/\/www.fcbarcelonanoticias.com\/en\/real-madrid\/the-madrid-aims-to-amsterdam-for-incrustar-another-jewel_277344_102.html"]}]},{"@type":"ImageObject","inLanguage":"en-US","@id":"https:\/\/www.fcbarcelonanoticias.com\/en\/real-madrid\/the-madrid-aims-to-amsterdam-for-incrustar-another-jewel_277344_102.html#primaryimage","url":"https:\/\/www.fcbarcelonanoticias.com\/en\/wp-content\/uploads\/sites\/2\/2022\/01\/gravenberch-ajax-barca.jpeg","contentUrl":"https:\/\/www.fcbarcelonanoticias.com\/en\/wp-content\/uploads\/sites\/2\/2022\/01\/gravenberch-ajax-barca.jpeg","width":1300,"height":765},{"@type":"BreadcrumbList","@id":"https:\/\/www.fcbarcelonanoticias.com\/en\/real-madrid\/the-madrid-aims-to-amsterdam-for-incrustar-another-jewel_277344_102.html#breadcrumb","itemListElement":[{"@type":"ListItem","position":1,"name":"Portada","item":"https:\/\/www.fcbarcelonanoticias.com\/en\/"},{"@type":"ListItem","position":2,"name":"Madrid points to Amsterdam to embed another &#8216;jewel&#8217; in its midfield"}]},{"@type":"WebSite","@id":"https:\/\/www.fcbarcelonanoticias.com\/en\/#website","url":"https:\/\/www.fcbarcelonanoticias.com\/en\/","name":"EN - FC Barcelona Noticias","description":"","potentialAction":[{"@type":"SearchAction","target":{"@type":"EntryPoint","urlTemplate":"https:\/\/www.fcbarcelonanoticias.com\/en\/?s={search_term_string}"},"query-input":{"@type":"PropertyValueSpecification","valueRequired":true,"valueName":"search_term_string"}}],"inLanguage":"en-US"},{"@type":"Person","@id":"https:\/\/www.fcbarcelonanoticias.com\/en\/#\/schema\/person\/c2cd9f6fa1af5c0d0eccd0fefa575c88","name":"Andr\u00e9s Quiroz","image":{"@type":"ImageObject","inLanguage":"en-US","@id":"https:\/\/secure.gravatar.com\/avatar\/?s=96&d=mm&r=g","url":"https:\/\/secure.gravatar.com\/avatar\/?s=96&d=mm&r=g","contentUrl":"https:\/\/secure.gravatar.com\/avatar\/?s=96&d=mm&r=g","caption":"Andr\u00e9s Quiroz"},"description":"Licenciado en Periodismo por la Universidad de los Andes. Me encargo de analizar y compartir los contenidos m\u00e1s destacados de la\u00a0actualidad del F\u00fatbol Club Barcelona, Mercado de Fichajes y F\u00fatbol Internacional en FCBN. La informaci\u00f3n es poder, pero tambi\u00e9n conocimiento.","url":"https:\/\/www.fcbarcelonanoticias.com\/en\/fc-barcelona\/andres-quiroz_17_115.html"}]}},"_links":{"self":[{"href":"https:\/\/www.fcbarcelonanoticias.com\/en\/wp-json\/wp\/v2\/posts\/83767","targetHints":{"allow":["GET"]}}],"collection":[{"href":"https:\/\/www.fcbarcelonanoticias.com\/en\/wp-json\/wp\/v2\/posts"}],"about":[{"href":"https:\/\/www.fcbarcelonanoticias.com\/en\/wp-json\/wp\/v2\/types\/post"}],"author":[{"embeddable":true,"href":"https:\/\/www.fcbarcelonanoticias.com\/en\/wp-json\/wp\/v2\/users\/347"}],"replies":[{"embeddable":true,"href":"https:\/\/www.fcbarcelonanoticias.com\/en\/wp-json\/wp\/v2\/comments?post=83767"}],"version-history":[{"count":1,"href":"https:\/\/www.fcbarcelonanoticias.com\/en\/wp-json\/wp\/v2\/posts\/83767\/revisions"}],"predecessor-version":[{"id":124562,"href":"https:\/\/www.fcbarcelonanoticias.com\/en\/wp-json\/wp\/v2\/posts\/83767\/revisions\/124562"}],"wp:featuredmedia":[{"embeddable":true,"href":"https:\/\/www.fcbarcelonanoticias.com\/en\/wp-json\/wp\/v2\/media\/83774"}],"wp:attachment":[{"href":"https:\/\/www.fcbarcelonanoticias.com\/en\/wp-json\/wp\/v2\/media?parent=83767"}],"wp:term":[{"taxonomy":"category","embeddable":true,"href":"https:\/\/www.fcbarcelonanoticias.com\/en\/wp-json\/wp\/v2\/categories?post=83767"},{"taxonomy":"post_tag","embeddable":true,"href":"https:\/\/www.fcbarcelonanoticias.com\/en\/wp-json\/wp\/v2\/tags?post=83767"}],"curies":[{"name":"wp","href":"https:\/\/api.w.org\/{rel}","templated":true}]}}