{"id":8377,"date":"2023-01-03T22:52:00","date_gmt":"2023-01-03T21:52:00","guid":{"rendered":"https:\/\/weisetech.dev\/fc-barcelona-noticias\/en\/rodrygo-saves-to-grey-madrid-in-front-of-the-cacereno-in-his-deb_288282_102\/"},"modified":"2023-01-03T22:52:00","modified_gmt":"2023-01-03T21:52:00","slug":"rodrygo-saves-to-grey-madrid-in-front-of-the-cacereno-in-his-deb_288282_102","status":"publish","type":"post","link":"https:\/\/www.fcbarcelonanoticias.com\/en\/copa-del-rey\/rodrygo-saves-to-grey-madrid-in-front-of-the-cacereno-in-his-deb_288282_102.html","title":{"rendered":"Rodrygo saves a gray Madrid against Cacere\u00f1o in his Cup debut (0-1)"},"content":{"rendered":"<h2 class=\"wp-block-heading\">Real Madrid advanced to the round of 32 of the Copa del Rey thanks to a 1-0 win against the humble Cacere\u00f1o. A great goal from Rodrygo was enough for Carlo Ancelotti&#8217;s men to leave C\u00e1ceres alive after a poor performance<\/h2>  \r\n<div class=\"article-addons\">\r\n    <a href=\"https:\/\/www.fcbarcelonanoticias.com\/en\/calendar-fc-barcelona.html\"\r\n       target=\"_self\"\r\n       title=\"Calendar of FC Barcelona\"\r\n       class=\"blue-gredient-btn\">\r\n       \r\n        Calendar of FC Barcelona    <\/a>\r\n<\/div>   <p>The <a data-external=\"0\" data-intl-links-en=\"https:\/\/www.fcbarcelonanoticias.com\/en\/transfers\/the-next-three-signings-bomb-that-plans-the-the-real_288211_102.html\" data-intl-links-es=\"https:\/\/www.fcbarcelonanoticias.com\/fichajes\/proximos-tres-fichajes-bomba-planea-real-madrid_288211_102.html\" href=\"https:\/\/www.fcbarcelonanoticias.com\/en\/transfers\/the-next-three-signings-bomb-that-plans-the-the-real_288211_102.html\" rel=\"follow\" target=\"_self\" title=\"Los pr\u00f3ximos tres fichajes 'bomba' que planea el el Real Madrid\">Real Madrid<\/a> debuted in the Glass of the King with a triumph in front of a combativo Club Polideportivo Cacere\u00f1o in the Stadium Prince Felipe thanks to <strong>a golazo of Rodrygo Goes (0-1)<\/strong>. The ones of Carlo Ancelotti <strong>suffered the logical absences of Luka Modric, Vinicius Jr. And Karim Benzema<\/strong>, together with the hard conditions of the field in C\u00e1ceres, but attained to follow with life in a tournament that do not win from 2014 and already expect rival in the dieciseisavos.<\/p>  <p>The first part was complex for the ones of &#8216;Carletto&#8217;. <strong>Only a goal cancelled to Lucas V\u00e1squez by an offside very clear<\/strong> evidenciaron the good defensive work venue and the fault of ideas of a Madrid atascado in the midfield and carente of depth. <strong>The long balloons to the space for Asensio facilitated the things to the ones of Julio Cobos<\/strong>, with a Rodyrgo isolated and Eden Hazard that went back to desaprovechar the few minutes that gives him the Italian technician.<\/p>  <p>Seen the seen, <a data-external=\"0\" data-intl-links-en=\"https:\/\/www.fcbarcelonanoticias.com\/en\/real-madrid\/ancelotti-gives-the-face-by-vinicius-after-the-racist-attacks_288235_102.html\" data-intl-links-es=\"https:\/\/www.fcbarcelonanoticias.com\/real-madrid\/ancelotti-da-cara-por-vinicius-ataques-racistas_288235_102.html\" href=\"https:\/\/www.fcbarcelonanoticias.com\/en\/real-madrid\/ancelotti-gives-the-face-by-vinicius-after-the-racist-attacks_288235_102.html\" rel=\"follow\" target=\"_self\" title=\"Ancelotti da la cara por Vinicius tras los ataques racistas\">Ancelotti<\/a> did not expect too much to retouch the team and, <strong>in the halftime, put to Fede Valverde and Antonio R\u00fcdiger by Aur\u00e9lien Tchouam\u00e9ni and \u00c9der Militao<\/strong>. Hazard Moved to the centre to try participate more in the game, with the Uruguayan recostado by left and Eduardo Camavinga like pivote beside Dani Ceballos. \u00c1lvaro Odriozola asked the change grieve begun the second part by a prick, leaving his place to Jes\u00fas Vallejo, another of the usual &#8216;descartes&#8217; of the m\u00edster of Reggiolo.<\/p>  <p>The minutes happened and <strong>the field of the Stadium Prince Felipe helped every time less to the show<\/strong>. The balloon hammered a lot, to the pair that the pieces of lawn jumped doing unavoidable the slips, while the fans of the Cacere\u00f1o applauded with intensity the effort of his. Many went of game and few arrivals completed the first hour of party until Asensio tested the fists of the goalkeeper Iv\u00e1n Moreno with a finish frontal.<\/p>  <h3>Rodrygo Broke the zero with a golazo<\/h3>  <p>To his time, the Cacere\u00f1o tried it with a finish of Samuel Manch\u00f3n diverted to the corner by Valverde and the venues increased the intensity. <strong>The party did increasingly physical<\/strong> and, in front of the fault of ideas, Rodrygo resolved the party for the <a data-external=\"0\" data-intl-links-en=\"https:\/\/www.fcbarcelonanoticias.com\/en\/transfers\/the-5-players-of-the-madrid-that-would-be-in-the-ramp-of-sa_288239_102.html\" data-intl-links-es=\"https:\/\/www.fcbarcelonanoticias.com\/fichajes\/5-jugadores-madrid-estarian-en-rampa-salida_288239_102.html\" href=\"https:\/\/www.fcbarcelonanoticias.com\/en\/transfers\/the-5-players-of-the-madrid-that-would-be-in-the-ramp-of-sa_288239_102.html\" rel=\"follow\" target=\"_self\" title=\"Los 5 jugadores del Madrid que estar\u00edan en la rampa de salida\">Madrid<\/a>. In the minute 69, the Brazilian took a pass of Ceballos and encar\u00f3 by right, dribbling to two rivals before taking out a precise derechazo that col\u00f3 by the angle of the left hand of Iv\u00e1n Moreno. A golazo.<\/p>  <blockquote class=\"twitter-tweet\"> <p dir=\"ltr\" lang=\"es\">The golazo of <a href=\"https:\/\/twitter.com\/en\/RodrygoGoes?ref_src=twsrc%5Etfw\">@RodrygoGoes<\/a> <a href=\"https:\/\/twitter.com\/en\/hashtag\/CopaDelRey?src=hash&amp;ref_src=twsrc%5Etfw\">#CopaDelRey<\/a> <a href=\"https:\/\/t.co\/en\/0BkODmz0pB\">pic.twitter.com\/0bkodmz0pb<\/a><\/p> \u2014 RealEsparta\u03b2 (@RealEspartaB) <a href=\"https:\/\/twitter.com\/en\/RealEspartaB\/status\/1610388502809645059?ref_src=twsrc%5Etfw\">January 3, 2023<\/a> <\/blockquote> <p>In the final stretch, happened really little. Ancelotti Gave rest to Asensio to fault of 10 minutes and the Cacere\u00f1o attained to shut to the Madrid with a good pressure in the medullary, but cost him a lot step the area. Still like this, <strong>the team of the Second RFEF forced to the Madrid to finish asking the hour<\/strong> in a party in which the tie and the consistent lengthen would have done justice to his formality in the 90&#8242;.<\/p> ","protected":false},"excerpt":{"rendered":"<p>Real Madrid advanced to the round of 32 of the Copa del Rey thanks to a 1-0 win against the humble Cacere\u00f1o. A great goal from Rodrygo was enough for Carlo Ancelotti&#8217;s men to leave C\u00e1ceres alive after a poor performance The Real Madrid debuted in the Glass of the King with a triumph in [&hellip;]<\/p>\n","protected":false},"author":347,"featured_media":8378,"comment_status":"closed","ping_status":"open","sticky":false,"template":"","format":"standard","meta":{"_acf_changed":false,"inline_featured_image":false,"_nextfly_llmd_date_locked":false,"footnotes":""},"categories":[446,118],"tags":[],"class_list":["post-8377","post","type-post","status-publish","format-standard","has-post-thumbnail","hentry","category-copa-del-rey-2","category-copa-del-rey"],"acf":[],"yoast_head":"<!-- This site is optimized with the Yoast SEO plugin v27.3 - https:\/\/yoast.com\/product\/yoast-seo-wordpress\/ -->\n<title>Rodrygo saves a gray Madrid against Cacere\u00f1o in his Cup debut (0-1)<\/title>\n<meta name=\"description\" content=\"The Real Madrid advanced to the dieciseisavos of final of the Glass of the King thanks to a triumph by the minimum in front of the humble Cacere\u00f1o (0-1). A golazo of Rodrygo...\" \/>\n<meta name=\"robots\" content=\"index, follow, max-snippet:-1, max-image-preview:large, max-video-preview:-1\" \/>\n<link rel=\"canonical\" href=\"https:\/\/www.fcbarcelonanoticias.com\/en\/copa-del-rey\/rodrygo-saves-to-grey-madrid-in-front-of-the-cacereno-in-his-deb_288282_102.html\" \/>\n<meta property=\"og:locale\" content=\"en_US\" \/>\n<meta property=\"og:type\" content=\"article\" \/>\n<meta property=\"og:title\" content=\"Rodrygo saves a gray Madrid against Cacere\u00f1o in his Cup debut (0-1)\" \/>\n<meta property=\"og:description\" content=\"The Real Madrid advanced to the dieciseisavos of final of the Glass of the King thanks to a triumph by the minimum in front of the humble Cacere\u00f1o (0-1). A golazo of Rodrygo...\" \/>\n<meta property=\"og:url\" content=\"https:\/\/www.fcbarcelonanoticias.com\/en\/copa-del-rey\/rodrygo-saves-to-grey-madrid-in-front-of-the-cacereno-in-his-deb_288282_102.html\" \/>\n<meta property=\"og:site_name\" content=\"EN - FC Barcelona Noticias\" \/>\n<meta property=\"article:published_time\" content=\"2023-01-03T21:52:00+00:00\" \/>\n<meta property=\"og:image\" content=\"https:\/\/www.fcbarcelonanoticias.com\/en\/wp-content\/uploads\/sites\/2\/2023\/01\/jugadores-real-madrid-v-cacereno.jpeg\" \/>\n\t<meta property=\"og:image:width\" content=\"1300\" \/>\n\t<meta property=\"og:image:height\" content=\"732\" \/>\n\t<meta property=\"og:image:type\" content=\"image\/jpeg\" \/>\n<meta name=\"author\" content=\"Andr\u00e9s Quiroz\" \/>\n<meta name=\"twitter:card\" content=\"summary_large_image\" \/>\n<meta name=\"twitter:label1\" content=\"Written by\" \/>\n\t<meta name=\"twitter:data1\" content=\"Andr\u00e9s Quiroz\" \/>\n\t<meta name=\"twitter:label2\" content=\"Est. reading time\" \/>\n\t<meta name=\"twitter:data2\" content=\"3 minutes\" \/>\n<script type=\"application\/ld+json\" class=\"yoast-schema-graph\">{\"@context\":\"https:\\\/\\\/schema.org\",\"@graph\":[{\"@type\":\"Article\",\"@id\":\"https:\\\/\\\/www.fcbarcelonanoticias.com\\\/en\\\/copa-del-rey\\\/rodrygo-saves-to-grey-madrid-in-front-of-the-cacereno-in-his-deb_288282_102.html#article\",\"isPartOf\":{\"@id\":\"https:\\\/\\\/www.fcbarcelonanoticias.com\\\/en\\\/copa-del-rey\\\/rodrygo-saves-to-grey-madrid-in-front-of-the-cacereno-in-his-deb_288282_102.html\"},\"author\":{\"name\":\"Andr\u00e9s Quiroz\",\"@id\":\"https:\\\/\\\/www.fcbarcelonanoticias.com\\\/en\\\/#\\\/schema\\\/person\\\/c2cd9f6fa1af5c0d0eccd0fefa575c88\"},\"headline\":\"Rodrygo saves a gray Madrid against Cacere\u00f1o in his Cup debut (0-1)\",\"datePublished\":\"2023-01-03T21:52:00+00:00\",\"mainEntityOfPage\":{\"@id\":\"https:\\\/\\\/www.fcbarcelonanoticias.com\\\/en\\\/copa-del-rey\\\/rodrygo-saves-to-grey-madrid-in-front-of-the-cacereno-in-his-deb_288282_102.html\"},\"wordCount\":576,\"image\":{\"@id\":\"https:\\\/\\\/www.fcbarcelonanoticias.com\\\/en\\\/copa-del-rey\\\/rodrygo-saves-to-grey-madrid-in-front-of-the-cacereno-in-his-deb_288282_102.html#primaryimage\"},\"thumbnailUrl\":\"https:\\\/\\\/www.fcbarcelonanoticias.com\\\/en\\\/wp-content\\\/uploads\\\/sites\\\/2\\\/2023\\\/01\\\/jugadores-real-madrid-v-cacereno.jpeg\",\"articleSection\":[\"Copa del Rey\",\"Copa del Rey\"],\"inLanguage\":\"en-US\"},{\"@type\":\"WebPage\",\"@id\":\"https:\\\/\\\/www.fcbarcelonanoticias.com\\\/en\\\/copa-del-rey\\\/rodrygo-saves-to-grey-madrid-in-front-of-the-cacereno-in-his-deb_288282_102.html\",\"url\":\"https:\\\/\\\/www.fcbarcelonanoticias.com\\\/en\\\/copa-del-rey\\\/rodrygo-saves-to-grey-madrid-in-front-of-the-cacereno-in-his-deb_288282_102.html\",\"name\":\"Rodrygo saves a gray Madrid against Cacere\u00f1o in his Cup debut (0-1)\",\"isPartOf\":{\"@id\":\"https:\\\/\\\/www.fcbarcelonanoticias.com\\\/en\\\/#website\"},\"primaryImageOfPage\":{\"@id\":\"https:\\\/\\\/www.fcbarcelonanoticias.com\\\/en\\\/copa-del-rey\\\/rodrygo-saves-to-grey-madrid-in-front-of-the-cacereno-in-his-deb_288282_102.html#primaryimage\"},\"image\":{\"@id\":\"https:\\\/\\\/www.fcbarcelonanoticias.com\\\/en\\\/copa-del-rey\\\/rodrygo-saves-to-grey-madrid-in-front-of-the-cacereno-in-his-deb_288282_102.html#primaryimage\"},\"thumbnailUrl\":\"https:\\\/\\\/www.fcbarcelonanoticias.com\\\/en\\\/wp-content\\\/uploads\\\/sites\\\/2\\\/2023\\\/01\\\/jugadores-real-madrid-v-cacereno.jpeg\",\"datePublished\":\"2023-01-03T21:52:00+00:00\",\"author\":{\"@id\":\"https:\\\/\\\/www.fcbarcelonanoticias.com\\\/en\\\/#\\\/schema\\\/person\\\/c2cd9f6fa1af5c0d0eccd0fefa575c88\"},\"description\":\"The Real Madrid advanced to the dieciseisavos of final of the Glass of the King thanks to a triumph by the minimum in front of the humble Cacere\u00f1o (0-1). A golazo of Rodrygo...\",\"breadcrumb\":{\"@id\":\"https:\\\/\\\/www.fcbarcelonanoticias.com\\\/en\\\/copa-del-rey\\\/rodrygo-saves-to-grey-madrid-in-front-of-the-cacereno-in-his-deb_288282_102.html#breadcrumb\"},\"inLanguage\":\"en-US\",\"potentialAction\":[{\"@type\":\"ReadAction\",\"target\":[\"https:\\\/\\\/www.fcbarcelonanoticias.com\\\/en\\\/copa-del-rey\\\/rodrygo-saves-to-grey-madrid-in-front-of-the-cacereno-in-his-deb_288282_102.html\"]}]},{\"@type\":\"ImageObject\",\"inLanguage\":\"en-US\",\"@id\":\"https:\\\/\\\/www.fcbarcelonanoticias.com\\\/en\\\/copa-del-rey\\\/rodrygo-saves-to-grey-madrid-in-front-of-the-cacereno-in-his-deb_288282_102.html#primaryimage\",\"url\":\"https:\\\/\\\/www.fcbarcelonanoticias.com\\\/en\\\/wp-content\\\/uploads\\\/sites\\\/2\\\/2023\\\/01\\\/jugadores-real-madrid-v-cacereno.jpeg\",\"contentUrl\":\"https:\\\/\\\/www.fcbarcelonanoticias.com\\\/en\\\/wp-content\\\/uploads\\\/sites\\\/2\\\/2023\\\/01\\\/jugadores-real-madrid-v-cacereno.jpeg\",\"width\":1300,\"height\":732},{\"@type\":\"BreadcrumbList\",\"@id\":\"https:\\\/\\\/www.fcbarcelonanoticias.com\\\/en\\\/copa-del-rey\\\/rodrygo-saves-to-grey-madrid-in-front-of-the-cacereno-in-his-deb_288282_102.html#breadcrumb\",\"itemListElement\":[{\"@type\":\"ListItem\",\"position\":1,\"name\":\"Portada\",\"item\":\"https:\\\/\\\/www.fcbarcelonanoticias.com\\\/en\\\/\"},{\"@type\":\"ListItem\",\"position\":2,\"name\":\"Rodrygo saves a gray Madrid against Cacere\u00f1o in his Cup debut (0-1)\"}]},{\"@type\":\"WebSite\",\"@id\":\"https:\\\/\\\/www.fcbarcelonanoticias.com\\\/en\\\/#website\",\"url\":\"https:\\\/\\\/www.fcbarcelonanoticias.com\\\/en\\\/\",\"name\":\"EN - FC Barcelona Noticias\",\"description\":\"\",\"potentialAction\":[{\"@type\":\"SearchAction\",\"target\":{\"@type\":\"EntryPoint\",\"urlTemplate\":\"https:\\\/\\\/www.fcbarcelonanoticias.com\\\/en\\\/?s={search_term_string}\"},\"query-input\":{\"@type\":\"PropertyValueSpecification\",\"valueRequired\":true,\"valueName\":\"search_term_string\"}}],\"inLanguage\":\"en-US\"},{\"@type\":\"Person\",\"@id\":\"https:\\\/\\\/www.fcbarcelonanoticias.com\\\/en\\\/#\\\/schema\\\/person\\\/c2cd9f6fa1af5c0d0eccd0fefa575c88\",\"name\":\"Andr\u00e9s Quiroz\",\"image\":{\"@type\":\"ImageObject\",\"inLanguage\":\"en-US\",\"@id\":\"https:\\\/\\\/secure.gravatar.com\\\/avatar\\\/?s=96&d=mm&r=g\",\"url\":\"https:\\\/\\\/secure.gravatar.com\\\/avatar\\\/?s=96&d=mm&r=g\",\"contentUrl\":\"https:\\\/\\\/secure.gravatar.com\\\/avatar\\\/?s=96&d=mm&r=g\",\"caption\":\"Andr\u00e9s Quiroz\"},\"description\":\"Licenciado en Periodismo por la Universidad de los Andes. Me encargo de analizar y compartir los contenidos m\u00e1s destacados de la\u00a0actualidad del F\u00fatbol Club Barcelona, Mercado de Fichajes y F\u00fatbol Internacional en FCBN. La informaci\u00f3n es poder, pero tambi\u00e9n conocimiento.\",\"url\":\"https:\\\/\\\/www.fcbarcelonanoticias.com\\\/en\\\/fc-barcelona\\\/andres-quiroz_17_115.html\"}]}<\/script>\n<!-- \/ Yoast SEO plugin. -->","yoast_head_json":{"title":"Rodrygo saves a gray Madrid against Cacere\u00f1o in his Cup debut (0-1)","description":"The Real Madrid advanced to the dieciseisavos of final of the Glass of the King thanks to a triumph by the minimum in front of the humble Cacere\u00f1o (0-1). A golazo of Rodrygo...","robots":{"index":"index","follow":"follow","max-snippet":"max-snippet:-1","max-image-preview":"max-image-preview:large","max-video-preview":"max-video-preview:-1"},"canonical":"https:\/\/www.fcbarcelonanoticias.com\/en\/copa-del-rey\/rodrygo-saves-to-grey-madrid-in-front-of-the-cacereno-in-his-deb_288282_102.html","og_locale":"en_US","og_type":"article","og_title":"Rodrygo saves a gray Madrid against Cacere\u00f1o in his Cup debut (0-1)","og_description":"The Real Madrid advanced to the dieciseisavos of final of the Glass of the King thanks to a triumph by the minimum in front of the humble Cacere\u00f1o (0-1). A golazo of Rodrygo...","og_url":"https:\/\/www.fcbarcelonanoticias.com\/en\/copa-del-rey\/rodrygo-saves-to-grey-madrid-in-front-of-the-cacereno-in-his-deb_288282_102.html","og_site_name":"EN - FC Barcelona Noticias","article_published_time":"2023-01-03T21:52:00+00:00","og_image":[{"width":1300,"height":732,"url":"https:\/\/www.fcbarcelonanoticias.com\/en\/wp-content\/uploads\/sites\/2\/2023\/01\/jugadores-real-madrid-v-cacereno.jpeg","type":"image\/jpeg"}],"author":"Andr\u00e9s Quiroz","twitter_card":"summary_large_image","twitter_misc":{"Written by":"Andr\u00e9s Quiroz","Est. reading time":"3 minutes"},"schema":{"@context":"https:\/\/schema.org","@graph":[{"@type":"Article","@id":"https:\/\/www.fcbarcelonanoticias.com\/en\/copa-del-rey\/rodrygo-saves-to-grey-madrid-in-front-of-the-cacereno-in-his-deb_288282_102.html#article","isPartOf":{"@id":"https:\/\/www.fcbarcelonanoticias.com\/en\/copa-del-rey\/rodrygo-saves-to-grey-madrid-in-front-of-the-cacereno-in-his-deb_288282_102.html"},"author":{"name":"Andr\u00e9s Quiroz","@id":"https:\/\/www.fcbarcelonanoticias.com\/en\/#\/schema\/person\/c2cd9f6fa1af5c0d0eccd0fefa575c88"},"headline":"Rodrygo saves a gray Madrid against Cacere\u00f1o in his Cup debut (0-1)","datePublished":"2023-01-03T21:52:00+00:00","mainEntityOfPage":{"@id":"https:\/\/www.fcbarcelonanoticias.com\/en\/copa-del-rey\/rodrygo-saves-to-grey-madrid-in-front-of-the-cacereno-in-his-deb_288282_102.html"},"wordCount":576,"image":{"@id":"https:\/\/www.fcbarcelonanoticias.com\/en\/copa-del-rey\/rodrygo-saves-to-grey-madrid-in-front-of-the-cacereno-in-his-deb_288282_102.html#primaryimage"},"thumbnailUrl":"https:\/\/www.fcbarcelonanoticias.com\/en\/wp-content\/uploads\/sites\/2\/2023\/01\/jugadores-real-madrid-v-cacereno.jpeg","articleSection":["Copa del Rey","Copa del Rey"],"inLanguage":"en-US"},{"@type":"WebPage","@id":"https:\/\/www.fcbarcelonanoticias.com\/en\/copa-del-rey\/rodrygo-saves-to-grey-madrid-in-front-of-the-cacereno-in-his-deb_288282_102.html","url":"https:\/\/www.fcbarcelonanoticias.com\/en\/copa-del-rey\/rodrygo-saves-to-grey-madrid-in-front-of-the-cacereno-in-his-deb_288282_102.html","name":"Rodrygo saves a gray Madrid against Cacere\u00f1o in his Cup debut (0-1)","isPartOf":{"@id":"https:\/\/www.fcbarcelonanoticias.com\/en\/#website"},"primaryImageOfPage":{"@id":"https:\/\/www.fcbarcelonanoticias.com\/en\/copa-del-rey\/rodrygo-saves-to-grey-madrid-in-front-of-the-cacereno-in-his-deb_288282_102.html#primaryimage"},"image":{"@id":"https:\/\/www.fcbarcelonanoticias.com\/en\/copa-del-rey\/rodrygo-saves-to-grey-madrid-in-front-of-the-cacereno-in-his-deb_288282_102.html#primaryimage"},"thumbnailUrl":"https:\/\/www.fcbarcelonanoticias.com\/en\/wp-content\/uploads\/sites\/2\/2023\/01\/jugadores-real-madrid-v-cacereno.jpeg","datePublished":"2023-01-03T21:52:00+00:00","author":{"@id":"https:\/\/www.fcbarcelonanoticias.com\/en\/#\/schema\/person\/c2cd9f6fa1af5c0d0eccd0fefa575c88"},"description":"The Real Madrid advanced to the dieciseisavos of final of the Glass of the King thanks to a triumph by the minimum in front of the humble Cacere\u00f1o (0-1). A golazo of Rodrygo...","breadcrumb":{"@id":"https:\/\/www.fcbarcelonanoticias.com\/en\/copa-del-rey\/rodrygo-saves-to-grey-madrid-in-front-of-the-cacereno-in-his-deb_288282_102.html#breadcrumb"},"inLanguage":"en-US","potentialAction":[{"@type":"ReadAction","target":["https:\/\/www.fcbarcelonanoticias.com\/en\/copa-del-rey\/rodrygo-saves-to-grey-madrid-in-front-of-the-cacereno-in-his-deb_288282_102.html"]}]},{"@type":"ImageObject","inLanguage":"en-US","@id":"https:\/\/www.fcbarcelonanoticias.com\/en\/copa-del-rey\/rodrygo-saves-to-grey-madrid-in-front-of-the-cacereno-in-his-deb_288282_102.html#primaryimage","url":"https:\/\/www.fcbarcelonanoticias.com\/en\/wp-content\/uploads\/sites\/2\/2023\/01\/jugadores-real-madrid-v-cacereno.jpeg","contentUrl":"https:\/\/www.fcbarcelonanoticias.com\/en\/wp-content\/uploads\/sites\/2\/2023\/01\/jugadores-real-madrid-v-cacereno.jpeg","width":1300,"height":732},{"@type":"BreadcrumbList","@id":"https:\/\/www.fcbarcelonanoticias.com\/en\/copa-del-rey\/rodrygo-saves-to-grey-madrid-in-front-of-the-cacereno-in-his-deb_288282_102.html#breadcrumb","itemListElement":[{"@type":"ListItem","position":1,"name":"Portada","item":"https:\/\/www.fcbarcelonanoticias.com\/en\/"},{"@type":"ListItem","position":2,"name":"Rodrygo saves a gray Madrid against Cacere\u00f1o in his Cup debut (0-1)"}]},{"@type":"WebSite","@id":"https:\/\/www.fcbarcelonanoticias.com\/en\/#website","url":"https:\/\/www.fcbarcelonanoticias.com\/en\/","name":"EN - FC Barcelona Noticias","description":"","potentialAction":[{"@type":"SearchAction","target":{"@type":"EntryPoint","urlTemplate":"https:\/\/www.fcbarcelonanoticias.com\/en\/?s={search_term_string}"},"query-input":{"@type":"PropertyValueSpecification","valueRequired":true,"valueName":"search_term_string"}}],"inLanguage":"en-US"},{"@type":"Person","@id":"https:\/\/www.fcbarcelonanoticias.com\/en\/#\/schema\/person\/c2cd9f6fa1af5c0d0eccd0fefa575c88","name":"Andr\u00e9s Quiroz","image":{"@type":"ImageObject","inLanguage":"en-US","@id":"https:\/\/secure.gravatar.com\/avatar\/?s=96&d=mm&r=g","url":"https:\/\/secure.gravatar.com\/avatar\/?s=96&d=mm&r=g","contentUrl":"https:\/\/secure.gravatar.com\/avatar\/?s=96&d=mm&r=g","caption":"Andr\u00e9s Quiroz"},"description":"Licenciado en Periodismo por la Universidad de los Andes. Me encargo de analizar y compartir los contenidos m\u00e1s destacados de la\u00a0actualidad del F\u00fatbol Club Barcelona, Mercado de Fichajes y F\u00fatbol Internacional en FCBN. La informaci\u00f3n es poder, pero tambi\u00e9n conocimiento.","url":"https:\/\/www.fcbarcelonanoticias.com\/en\/fc-barcelona\/andres-quiroz_17_115.html"}]}},"_links":{"self":[{"href":"https:\/\/www.fcbarcelonanoticias.com\/en\/wp-json\/wp\/v2\/posts\/8377","targetHints":{"allow":["GET"]}}],"collection":[{"href":"https:\/\/www.fcbarcelonanoticias.com\/en\/wp-json\/wp\/v2\/posts"}],"about":[{"href":"https:\/\/www.fcbarcelonanoticias.com\/en\/wp-json\/wp\/v2\/types\/post"}],"author":[{"embeddable":true,"href":"https:\/\/www.fcbarcelonanoticias.com\/en\/wp-json\/wp\/v2\/users\/347"}],"replies":[{"embeddable":true,"href":"https:\/\/www.fcbarcelonanoticias.com\/en\/wp-json\/wp\/v2\/comments?post=8377"}],"version-history":[{"count":1,"href":"https:\/\/www.fcbarcelonanoticias.com\/en\/wp-json\/wp\/v2\/posts\/8377\/revisions"}],"predecessor-version":[{"id":9690,"href":"https:\/\/www.fcbarcelonanoticias.com\/en\/wp-json\/wp\/v2\/posts\/8377\/revisions\/9690"}],"wp:featuredmedia":[{"embeddable":true,"href":"https:\/\/www.fcbarcelonanoticias.com\/en\/wp-json\/wp\/v2\/media\/8378"}],"wp:attachment":[{"href":"https:\/\/www.fcbarcelonanoticias.com\/en\/wp-json\/wp\/v2\/media?parent=8377"}],"wp:term":[{"taxonomy":"category","embeddable":true,"href":"https:\/\/www.fcbarcelonanoticias.com\/en\/wp-json\/wp\/v2\/categories?post=8377"},{"taxonomy":"post_tag","embeddable":true,"href":"https:\/\/www.fcbarcelonanoticias.com\/en\/wp-json\/wp\/v2\/tags?post=8377"}],"curies":[{"name":"wp","href":"https:\/\/api.w.org\/{rel}","templated":true}]}}