{"id":83795,"date":"2025-04-18T21:04:00","date_gmt":"2025-04-18T19:04:00","guid":{"rendered":"https:\/\/weisetech.dev\/fc-barcelona-noticias\/en\/mbappe-injury-confirmed-will-he-be-ready-for-the-clasico-in-the-copa-rey-final_312206_102\/"},"modified":"2025-04-19T00:44:00","modified_gmt":"2025-04-18T22:44:00","slug":"mbappe-injury-confirmed-will-he-be-ready-for-the-clasico-in-the-copa-rey-final_312206_102","status":"publish","type":"post","link":"https:\/\/www.fcbarcelonanoticias.com\/en\/real-madrid\/mbappe-injury-confirmed-will-he-be-ready-for-the-clasico-in-the-copa-rey-final_312206_102.html","title":{"rendered":"Mbapp\u00e9&#8217;s injury confirmed: Will he be ready for the Cl\u00e1sico in the Copa del Rey final?"},"content":{"rendered":"<h2 class=\"wp-block-heading\">The extent of Kylian Mbapp\u00e9&#8217;s injury has been confirmed, and uncertainty persists about his availability for the Copa del Rey final against FC Barcelona<\/h2>  \r\n<div class=\"article-addons\">\r\n    <a href=\"https:\/\/www.fcbarcelonanoticias.com\/en\/calendar-fc-barcelona.html\"\r\n       target=\"_self\"\r\n       title=\"Calendar of FC Barcelona\"\r\n       class=\"blue-gredient-btn\">\r\n       \r\n        Calendar of FC Barcelona    <\/a>\r\n<\/div>   <p>Finally, the extent of <strong>Kylian Mbapp\u00e9&#8217;s<\/strong> injury has been confirmed. The 26-year-old French forward could not finish the match against <strong>Arsenal<\/strong> (1-2) in the second leg of the <strong>UEFA Champions League<\/strong> quarter-finals in the middle of the week, being replaced by <strong>Brahim D\u00edaz<\/strong> in the 75th minute due to a physical setback. Until now, the severity of his injury was unknown.<\/p>  <p>Now, according to various sources, after undergoing the relevant medical tests, it has been confirmed that <strong>Mbapp\u00e9 suffered a slight sprain in his right ankle<\/strong>. Although an exact recovery time has not yet been determined, initial forecasts indicate that <strong>Real Madrid<\/strong> will not be able to count on their main goalscorer in the upcoming matches.<\/p>  <h2>Will Mbapp\u00e9 be available for the Cl\u00e1sico in the Copa del Rey final?<\/h2>  <p>In principle, &#8216;Donatello&#8217; is not expected to be available for the match against <strong>Athletic Club (20\/04)<\/strong>, as, even if he were in full physical condition, he could not play due to the suspension he must serve for his expulsion against <strong>Deportivo Alav\u00e9s<\/strong> (0-1), <a data-external=\"0\" data-intl-links-en=\"https:\/\/www.fcbarcelonanoticias.com\/en\/real-madrid\/mbappe-suspended-only-one-match-after-criminal-tackle-fcbn_312150_102.html\" data-intl-links-es=\"https:\/\/www.fcbarcelonanoticias.com\/real-madrid\/indignacion-total-mbappe-recibe-solo-partido-sancion-su-entrada-criminal-roja-directa-impunidad-blanca_312150_102.html\" href=\"https:\/\/www.fcbarcelonanoticias.com\/en\/real-madrid\/mbappe-suspended-only-one-match-after-criminal-tackle-fcbn_312150_102.html\" rel=\"follow\" target=\"_self\" title=\"Total outrage: Mbapp\u00e9 receives only one match suspension after his criminal tackle\">after a dangerous tackle on Antonio Blanco<\/a>. He would also not be available for the next league match against Getafe CF, a midweek match that will be played next <strong>Wednesday, April 23rd<\/strong>.<\/p>  <p>He is not yet ruled out for the match next Saturday, April 26th, <a data-external=\"0\" data-intl-links-en=\"https:\/\/www.fcbarcelonanoticias.com\/en\/copa-del-rey\/fc-barcelona-real-madrid-in-the-cup-final-eighth-clasico-and-unfinished-business_311921_102.html\" data-intl-links-es=\"https:\/\/www.fcbarcelonanoticias.com\/copa-del-rey\/fc-barcelona-real-madrid-en-final-copa-octavo-clasico-cuentas-pendientes_311921_102.html\" href=\"https:\/\/www.fcbarcelonanoticias.com\/en\/copa-del-rey\/fc-barcelona-real-madrid-in-the-cup-final-eighth-clasico-and-unfinished-business_311921_102.html\" rel=\"follow\" target=\"_self\" title=\"FC Barcelona - Real Madrid in the Cup final: eighth Cl\u00e1sico and unfinished business\">corresponding to the Cl\u00e1sico of the Copa del Rey final against FC Barcelona<\/a>. In that match, <strong>Real Madrid<\/strong> cannot afford to lose their main goalscorer of the season so far (32 goals in 49 matches).<\/p>  <p>Although <strong>Mbapp\u00e9&#8217;s<\/strong> recovery could be quick, it is not ruled out that he could arrive at the match &#8216;between cotton wool&#8217;. A sprain, however slight, usually requires a recovery of between one and two weeks. However, <strong>the option of Kylian playing with injections is also being considered<\/strong>, in case it is absolutely necessary to have his presence in the match against the &#8216;cul\u00e9s&#8217;.<\/p>  <h2>What tactical alternatives could Ancelotti manage if Mbapp\u00e9 does not make it to the match against Bar\u00e7a?<\/h2>  <p>If &#8216;The Turtle&#8217; finally fails to recover in time, <strong>Carlo Ancelotti<\/strong> would be forced to look for tactical alternatives. A viable option could be to line up <strong>Endrick<\/strong> as a centre forward, especially after his good performances in the 24-25 Copa del Rey (he is one of the &#8216;Pichichis&#8217; of this edition of the tournament along with <strong>Ferran Torres<\/strong> and <strong>Juli\u00e1n \u00c1lvarez<\/strong> with five goals). Another option would be to move <strong>Rodrygo Goes<\/strong> to the centre, as a false nine, and place <strong>Brahim D\u00edaz<\/strong> as a right winger.<\/p>  <p>Although &#8216;Carletto&#8217; has not shown too much willingness to bet on young players in key moments, the situation could force him to make adjustments in his line-up, especially if the presence of <strong>Mbapp\u00e9<\/strong> is not guaranteed, will <strong>Kylian<\/strong> recover in time? Only time will tell.<\/p> ","protected":false},"excerpt":{"rendered":"<p>The extent of Kylian Mbapp\u00e9&#8217;s injury has been confirmed, and uncertainty persists about his availability for the Copa del Rey final against FC Barcelona Finally, the extent of Kylian Mbapp\u00e9&#8217;s injury has been confirmed. The 26-year-old French forward could not finish the match against Arsenal (1-2) in the second leg of the UEFA Champions League [&hellip;]<\/p>\n","protected":false},"author":355,"featured_media":83800,"comment_status":"closed","ping_status":"open","sticky":false,"template":"","format":"standard","meta":{"_acf_changed":false,"inline_featured_image":false,"_nextfly_llmd_date_locked":false,"footnotes":""},"categories":[450,119],"tags":[53,46,171],"class_list":["post-83795","post","type-post","status-publish","format-standard","has-post-thumbnail","hentry","category-real-madrid-2","category-real-madrid","tag-el-clasico","tag-fc-barcelona-vs-real-madrid","tag-mbappe"],"acf":[],"yoast_head":"<!-- This site is optimized with the Yoast SEO plugin v27.3 - https:\/\/yoast.com\/product\/yoast-seo-wordpress\/ -->\n<title>Mbapp\u00e9&#039;s injury confirmed: Will he be ready for the Cl\u00e1sico in the Copa del Rey final?<\/title>\n<meta name=\"description\" content=\"The extent of Kylian Mbapp\u00e9&#039;s injury has been confirmed, and uncertainty persists about his availability for the Copa del Rey final against FC...\" \/>\n<meta name=\"robots\" content=\"index, follow, max-snippet:-1, max-image-preview:large, max-video-preview:-1\" \/>\n<link rel=\"canonical\" href=\"https:\/\/www.fcbarcelonanoticias.com\/en\/real-madrid\/mbappe-injury-confirmed-will-he-be-ready-for-the-clasico-in-the-copa-rey-final_312206_102.html\" \/>\n<meta property=\"og:locale\" content=\"en_US\" \/>\n<meta property=\"og:type\" content=\"article\" \/>\n<meta property=\"og:title\" content=\"Mbapp\u00e9&#039;s injury confirmed: Will he be ready for the Cl\u00e1sico in the Copa del Rey final?\" \/>\n<meta property=\"og:description\" content=\"The extent of Kylian Mbapp\u00e9&#039;s injury has been confirmed, and uncertainty persists about his availability for the Copa del Rey final against FC...\" \/>\n<meta property=\"og:url\" content=\"https:\/\/www.fcbarcelonanoticias.com\/en\/real-madrid\/mbappe-injury-confirmed-will-he-be-ready-for-the-clasico-in-the-copa-rey-final_312206_102.html\" \/>\n<meta property=\"og:site_name\" content=\"EN - FC Barcelona Noticias\" \/>\n<meta property=\"article:published_time\" content=\"2025-04-18T19:04:00+00:00\" \/>\n<meta property=\"article:modified_time\" content=\"2025-04-18T22:44:00+00:00\" \/>\n<meta property=\"og:image\" content=\"https:\/\/www.fcbarcelonanoticias.com\/en\/wp-content\/uploads\/sites\/2\/2025\/04\/kylian-mbappe-saliendo-lesionado-del-duelo-entre-el-real-madrid-y-el-arsenal-en-la-champions-league-1.jpeg\" \/>\n\t<meta property=\"og:image:width\" content=\"1200\" \/>\n\t<meta property=\"og:image:height\" content=\"675\" \/>\n\t<meta property=\"og:image:type\" content=\"image\/jpeg\" \/>\n<meta name=\"author\" content=\"Kevin G\u00f3mez\" \/>\n<meta name=\"twitter:card\" content=\"summary_large_image\" \/>\n<meta name=\"twitter:label1\" content=\"Written by\" \/>\n\t<meta name=\"twitter:data1\" content=\"Kevin G\u00f3mez\" \/>\n\t<meta name=\"twitter:label2\" content=\"Est. reading time\" \/>\n\t<meta name=\"twitter:data2\" content=\"2 minutes\" \/>\n<script type=\"application\/ld+json\" class=\"yoast-schema-graph\">{\"@context\":\"https:\\\/\\\/schema.org\",\"@graph\":[{\"@type\":\"Article\",\"@id\":\"https:\\\/\\\/www.fcbarcelonanoticias.com\\\/en\\\/real-madrid\\\/mbappe-injury-confirmed-will-he-be-ready-for-the-clasico-in-the-copa-rey-final_312206_102.html#article\",\"isPartOf\":{\"@id\":\"https:\\\/\\\/www.fcbarcelonanoticias.com\\\/en\\\/real-madrid\\\/mbappe-injury-confirmed-will-he-be-ready-for-the-clasico-in-the-copa-rey-final_312206_102.html\"},\"author\":{\"name\":\"Kevin G\u00f3mez\",\"@id\":\"https:\\\/\\\/www.fcbarcelonanoticias.com\\\/en\\\/#\\\/schema\\\/person\\\/991443f134df9a64c6874f96ff984c9d\"},\"headline\":\"Mbapp\u00e9&#8217;s injury confirmed: Will he be ready for the Cl\u00e1sico in the Copa del Rey final?\",\"datePublished\":\"2025-04-18T19:04:00+00:00\",\"dateModified\":\"2025-04-18T22:44:00+00:00\",\"mainEntityOfPage\":{\"@id\":\"https:\\\/\\\/www.fcbarcelonanoticias.com\\\/en\\\/real-madrid\\\/mbappe-injury-confirmed-will-he-be-ready-for-the-clasico-in-the-copa-rey-final_312206_102.html\"},\"wordCount\":515,\"image\":{\"@id\":\"https:\\\/\\\/www.fcbarcelonanoticias.com\\\/en\\\/real-madrid\\\/mbappe-injury-confirmed-will-he-be-ready-for-the-clasico-in-the-copa-rey-final_312206_102.html#primaryimage\"},\"thumbnailUrl\":\"https:\\\/\\\/www.fcbarcelonanoticias.com\\\/en\\\/wp-content\\\/uploads\\\/sites\\\/2\\\/2025\\\/04\\\/kylian-mbappe-saliendo-lesionado-del-duelo-entre-el-real-madrid-y-el-arsenal-en-la-champions-league-1.jpeg\",\"keywords\":[\"El Cl\u00e1sico\",\"FC Barcelona vs Real Madrid\",\"Mbapp\u00e9\"],\"articleSection\":[\"Real Madrid\",\"Real Madrid\"],\"inLanguage\":\"en-US\"},{\"@type\":\"WebPage\",\"@id\":\"https:\\\/\\\/www.fcbarcelonanoticias.com\\\/en\\\/real-madrid\\\/mbappe-injury-confirmed-will-he-be-ready-for-the-clasico-in-the-copa-rey-final_312206_102.html\",\"url\":\"https:\\\/\\\/www.fcbarcelonanoticias.com\\\/en\\\/real-madrid\\\/mbappe-injury-confirmed-will-he-be-ready-for-the-clasico-in-the-copa-rey-final_312206_102.html\",\"name\":\"Mbapp\u00e9's injury confirmed: Will he be ready for the Cl\u00e1sico in the Copa del Rey final?\",\"isPartOf\":{\"@id\":\"https:\\\/\\\/www.fcbarcelonanoticias.com\\\/en\\\/#website\"},\"primaryImageOfPage\":{\"@id\":\"https:\\\/\\\/www.fcbarcelonanoticias.com\\\/en\\\/real-madrid\\\/mbappe-injury-confirmed-will-he-be-ready-for-the-clasico-in-the-copa-rey-final_312206_102.html#primaryimage\"},\"image\":{\"@id\":\"https:\\\/\\\/www.fcbarcelonanoticias.com\\\/en\\\/real-madrid\\\/mbappe-injury-confirmed-will-he-be-ready-for-the-clasico-in-the-copa-rey-final_312206_102.html#primaryimage\"},\"thumbnailUrl\":\"https:\\\/\\\/www.fcbarcelonanoticias.com\\\/en\\\/wp-content\\\/uploads\\\/sites\\\/2\\\/2025\\\/04\\\/kylian-mbappe-saliendo-lesionado-del-duelo-entre-el-real-madrid-y-el-arsenal-en-la-champions-league-1.jpeg\",\"datePublished\":\"2025-04-18T19:04:00+00:00\",\"dateModified\":\"2025-04-18T22:44:00+00:00\",\"author\":{\"@id\":\"https:\\\/\\\/www.fcbarcelonanoticias.com\\\/en\\\/#\\\/schema\\\/person\\\/991443f134df9a64c6874f96ff984c9d\"},\"description\":\"The extent of Kylian Mbapp\u00e9's injury has been confirmed, and uncertainty persists about his availability for the Copa del Rey final against FC...\",\"breadcrumb\":{\"@id\":\"https:\\\/\\\/www.fcbarcelonanoticias.com\\\/en\\\/real-madrid\\\/mbappe-injury-confirmed-will-he-be-ready-for-the-clasico-in-the-copa-rey-final_312206_102.html#breadcrumb\"},\"inLanguage\":\"en-US\",\"potentialAction\":[{\"@type\":\"ReadAction\",\"target\":[\"https:\\\/\\\/www.fcbarcelonanoticias.com\\\/en\\\/real-madrid\\\/mbappe-injury-confirmed-will-he-be-ready-for-the-clasico-in-the-copa-rey-final_312206_102.html\"]}]},{\"@type\":\"ImageObject\",\"inLanguage\":\"en-US\",\"@id\":\"https:\\\/\\\/www.fcbarcelonanoticias.com\\\/en\\\/real-madrid\\\/mbappe-injury-confirmed-will-he-be-ready-for-the-clasico-in-the-copa-rey-final_312206_102.html#primaryimage\",\"url\":\"https:\\\/\\\/www.fcbarcelonanoticias.com\\\/en\\\/wp-content\\\/uploads\\\/sites\\\/2\\\/2025\\\/04\\\/kylian-mbappe-saliendo-lesionado-del-duelo-entre-el-real-madrid-y-el-arsenal-en-la-champions-league-1.jpeg\",\"contentUrl\":\"https:\\\/\\\/www.fcbarcelonanoticias.com\\\/en\\\/wp-content\\\/uploads\\\/sites\\\/2\\\/2025\\\/04\\\/kylian-mbappe-saliendo-lesionado-del-duelo-entre-el-real-madrid-y-el-arsenal-en-la-champions-league-1.jpeg\",\"width\":1200,\"height\":675},{\"@type\":\"BreadcrumbList\",\"@id\":\"https:\\\/\\\/www.fcbarcelonanoticias.com\\\/en\\\/real-madrid\\\/mbappe-injury-confirmed-will-he-be-ready-for-the-clasico-in-the-copa-rey-final_312206_102.html#breadcrumb\",\"itemListElement\":[{\"@type\":\"ListItem\",\"position\":1,\"name\":\"Portada\",\"item\":\"https:\\\/\\\/www.fcbarcelonanoticias.com\\\/en\\\/\"},{\"@type\":\"ListItem\",\"position\":2,\"name\":\"Mbapp\u00e9&#8217;s injury confirmed: Will he be ready for the Cl\u00e1sico in the Copa del Rey final?\"}]},{\"@type\":\"WebSite\",\"@id\":\"https:\\\/\\\/www.fcbarcelonanoticias.com\\\/en\\\/#website\",\"url\":\"https:\\\/\\\/www.fcbarcelonanoticias.com\\\/en\\\/\",\"name\":\"EN - FC Barcelona Noticias\",\"description\":\"\",\"potentialAction\":[{\"@type\":\"SearchAction\",\"target\":{\"@type\":\"EntryPoint\",\"urlTemplate\":\"https:\\\/\\\/www.fcbarcelonanoticias.com\\\/en\\\/?s={search_term_string}\"},\"query-input\":{\"@type\":\"PropertyValueSpecification\",\"valueRequired\":true,\"valueName\":\"search_term_string\"}}],\"inLanguage\":\"en-US\"},{\"@type\":\"Person\",\"@id\":\"https:\\\/\\\/www.fcbarcelonanoticias.com\\\/en\\\/#\\\/schema\\\/person\\\/991443f134df9a64c6874f96ff984c9d\",\"name\":\"Kevin G\u00f3mez\",\"image\":{\"@type\":\"ImageObject\",\"inLanguage\":\"en-US\",\"@id\":\"https:\\\/\\\/secure.gravatar.com\\\/avatar\\\/?s=96&d=mm&r=g\",\"url\":\"https:\\\/\\\/secure.gravatar.com\\\/avatar\\\/?s=96&d=mm&r=g\",\"contentUrl\":\"https:\\\/\\\/secure.gravatar.com\\\/avatar\\\/?s=96&d=mm&r=g\",\"caption\":\"Kevin G\u00f3mez\"},\"description\":\"Licenciado\u00a0en Periodismo y Comunicaci\u00f3n Audiovisual. Redactor en FCBN responsable de cubrir toda\u00a0la informaci\u00f3n del FC Barcelona y las principales competiciones de\u00a0f\u00fatbol.\",\"url\":\"https:\\\/\\\/www.fcbarcelonanoticias.com\\\/en\\\/jugadores\\\/kevin-gomez_23_115.html\"}]}<\/script>\n<!-- \/ Yoast SEO plugin. -->","yoast_head_json":{"title":"Mbapp\u00e9's injury confirmed: Will he be ready for the Cl\u00e1sico in the Copa del Rey final?","description":"The extent of Kylian Mbapp\u00e9's injury has been confirmed, and uncertainty persists about his availability for the Copa del Rey final against FC...","robots":{"index":"index","follow":"follow","max-snippet":"max-snippet:-1","max-image-preview":"max-image-preview:large","max-video-preview":"max-video-preview:-1"},"canonical":"https:\/\/www.fcbarcelonanoticias.com\/en\/real-madrid\/mbappe-injury-confirmed-will-he-be-ready-for-the-clasico-in-the-copa-rey-final_312206_102.html","og_locale":"en_US","og_type":"article","og_title":"Mbapp\u00e9's injury confirmed: Will he be ready for the Cl\u00e1sico in the Copa del Rey final?","og_description":"The extent of Kylian Mbapp\u00e9's injury has been confirmed, and uncertainty persists about his availability for the Copa del Rey final against FC...","og_url":"https:\/\/www.fcbarcelonanoticias.com\/en\/real-madrid\/mbappe-injury-confirmed-will-he-be-ready-for-the-clasico-in-the-copa-rey-final_312206_102.html","og_site_name":"EN - FC Barcelona Noticias","article_published_time":"2025-04-18T19:04:00+00:00","article_modified_time":"2025-04-18T22:44:00+00:00","og_image":[{"width":1200,"height":675,"url":"https:\/\/www.fcbarcelonanoticias.com\/en\/wp-content\/uploads\/sites\/2\/2025\/04\/kylian-mbappe-saliendo-lesionado-del-duelo-entre-el-real-madrid-y-el-arsenal-en-la-champions-league-1.jpeg","type":"image\/jpeg"}],"author":"Kevin G\u00f3mez","twitter_card":"summary_large_image","twitter_misc":{"Written by":"Kevin G\u00f3mez","Est. reading time":"2 minutes"},"schema":{"@context":"https:\/\/schema.org","@graph":[{"@type":"Article","@id":"https:\/\/www.fcbarcelonanoticias.com\/en\/real-madrid\/mbappe-injury-confirmed-will-he-be-ready-for-the-clasico-in-the-copa-rey-final_312206_102.html#article","isPartOf":{"@id":"https:\/\/www.fcbarcelonanoticias.com\/en\/real-madrid\/mbappe-injury-confirmed-will-he-be-ready-for-the-clasico-in-the-copa-rey-final_312206_102.html"},"author":{"name":"Kevin G\u00f3mez","@id":"https:\/\/www.fcbarcelonanoticias.com\/en\/#\/schema\/person\/991443f134df9a64c6874f96ff984c9d"},"headline":"Mbapp\u00e9&#8217;s injury confirmed: Will he be ready for the Cl\u00e1sico in the Copa del Rey final?","datePublished":"2025-04-18T19:04:00+00:00","dateModified":"2025-04-18T22:44:00+00:00","mainEntityOfPage":{"@id":"https:\/\/www.fcbarcelonanoticias.com\/en\/real-madrid\/mbappe-injury-confirmed-will-he-be-ready-for-the-clasico-in-the-copa-rey-final_312206_102.html"},"wordCount":515,"image":{"@id":"https:\/\/www.fcbarcelonanoticias.com\/en\/real-madrid\/mbappe-injury-confirmed-will-he-be-ready-for-the-clasico-in-the-copa-rey-final_312206_102.html#primaryimage"},"thumbnailUrl":"https:\/\/www.fcbarcelonanoticias.com\/en\/wp-content\/uploads\/sites\/2\/2025\/04\/kylian-mbappe-saliendo-lesionado-del-duelo-entre-el-real-madrid-y-el-arsenal-en-la-champions-league-1.jpeg","keywords":["El Cl\u00e1sico","FC Barcelona vs Real Madrid","Mbapp\u00e9"],"articleSection":["Real Madrid","Real Madrid"],"inLanguage":"en-US"},{"@type":"WebPage","@id":"https:\/\/www.fcbarcelonanoticias.com\/en\/real-madrid\/mbappe-injury-confirmed-will-he-be-ready-for-the-clasico-in-the-copa-rey-final_312206_102.html","url":"https:\/\/www.fcbarcelonanoticias.com\/en\/real-madrid\/mbappe-injury-confirmed-will-he-be-ready-for-the-clasico-in-the-copa-rey-final_312206_102.html","name":"Mbapp\u00e9's injury confirmed: Will he be ready for the Cl\u00e1sico in the Copa del Rey final?","isPartOf":{"@id":"https:\/\/www.fcbarcelonanoticias.com\/en\/#website"},"primaryImageOfPage":{"@id":"https:\/\/www.fcbarcelonanoticias.com\/en\/real-madrid\/mbappe-injury-confirmed-will-he-be-ready-for-the-clasico-in-the-copa-rey-final_312206_102.html#primaryimage"},"image":{"@id":"https:\/\/www.fcbarcelonanoticias.com\/en\/real-madrid\/mbappe-injury-confirmed-will-he-be-ready-for-the-clasico-in-the-copa-rey-final_312206_102.html#primaryimage"},"thumbnailUrl":"https:\/\/www.fcbarcelonanoticias.com\/en\/wp-content\/uploads\/sites\/2\/2025\/04\/kylian-mbappe-saliendo-lesionado-del-duelo-entre-el-real-madrid-y-el-arsenal-en-la-champions-league-1.jpeg","datePublished":"2025-04-18T19:04:00+00:00","dateModified":"2025-04-18T22:44:00+00:00","author":{"@id":"https:\/\/www.fcbarcelonanoticias.com\/en\/#\/schema\/person\/991443f134df9a64c6874f96ff984c9d"},"description":"The extent of Kylian Mbapp\u00e9's injury has been confirmed, and uncertainty persists about his availability for the Copa del Rey final against FC...","breadcrumb":{"@id":"https:\/\/www.fcbarcelonanoticias.com\/en\/real-madrid\/mbappe-injury-confirmed-will-he-be-ready-for-the-clasico-in-the-copa-rey-final_312206_102.html#breadcrumb"},"inLanguage":"en-US","potentialAction":[{"@type":"ReadAction","target":["https:\/\/www.fcbarcelonanoticias.com\/en\/real-madrid\/mbappe-injury-confirmed-will-he-be-ready-for-the-clasico-in-the-copa-rey-final_312206_102.html"]}]},{"@type":"ImageObject","inLanguage":"en-US","@id":"https:\/\/www.fcbarcelonanoticias.com\/en\/real-madrid\/mbappe-injury-confirmed-will-he-be-ready-for-the-clasico-in-the-copa-rey-final_312206_102.html#primaryimage","url":"https:\/\/www.fcbarcelonanoticias.com\/en\/wp-content\/uploads\/sites\/2\/2025\/04\/kylian-mbappe-saliendo-lesionado-del-duelo-entre-el-real-madrid-y-el-arsenal-en-la-champions-league-1.jpeg","contentUrl":"https:\/\/www.fcbarcelonanoticias.com\/en\/wp-content\/uploads\/sites\/2\/2025\/04\/kylian-mbappe-saliendo-lesionado-del-duelo-entre-el-real-madrid-y-el-arsenal-en-la-champions-league-1.jpeg","width":1200,"height":675},{"@type":"BreadcrumbList","@id":"https:\/\/www.fcbarcelonanoticias.com\/en\/real-madrid\/mbappe-injury-confirmed-will-he-be-ready-for-the-clasico-in-the-copa-rey-final_312206_102.html#breadcrumb","itemListElement":[{"@type":"ListItem","position":1,"name":"Portada","item":"https:\/\/www.fcbarcelonanoticias.com\/en\/"},{"@type":"ListItem","position":2,"name":"Mbapp\u00e9&#8217;s injury confirmed: Will he be ready for the Cl\u00e1sico in the Copa del Rey final?"}]},{"@type":"WebSite","@id":"https:\/\/www.fcbarcelonanoticias.com\/en\/#website","url":"https:\/\/www.fcbarcelonanoticias.com\/en\/","name":"EN - FC Barcelona Noticias","description":"","potentialAction":[{"@type":"SearchAction","target":{"@type":"EntryPoint","urlTemplate":"https:\/\/www.fcbarcelonanoticias.com\/en\/?s={search_term_string}"},"query-input":{"@type":"PropertyValueSpecification","valueRequired":true,"valueName":"search_term_string"}}],"inLanguage":"en-US"},{"@type":"Person","@id":"https:\/\/www.fcbarcelonanoticias.com\/en\/#\/schema\/person\/991443f134df9a64c6874f96ff984c9d","name":"Kevin G\u00f3mez","image":{"@type":"ImageObject","inLanguage":"en-US","@id":"https:\/\/secure.gravatar.com\/avatar\/?s=96&d=mm&r=g","url":"https:\/\/secure.gravatar.com\/avatar\/?s=96&d=mm&r=g","contentUrl":"https:\/\/secure.gravatar.com\/avatar\/?s=96&d=mm&r=g","caption":"Kevin G\u00f3mez"},"description":"Licenciado\u00a0en Periodismo y Comunicaci\u00f3n Audiovisual. Redactor en FCBN responsable de cubrir toda\u00a0la informaci\u00f3n del FC Barcelona y las principales competiciones de\u00a0f\u00fatbol.","url":"https:\/\/www.fcbarcelonanoticias.com\/en\/jugadores\/kevin-gomez_23_115.html"}]}},"_links":{"self":[{"href":"https:\/\/www.fcbarcelonanoticias.com\/en\/wp-json\/wp\/v2\/posts\/83795","targetHints":{"allow":["GET"]}}],"collection":[{"href":"https:\/\/www.fcbarcelonanoticias.com\/en\/wp-json\/wp\/v2\/posts"}],"about":[{"href":"https:\/\/www.fcbarcelonanoticias.com\/en\/wp-json\/wp\/v2\/types\/post"}],"author":[{"embeddable":true,"href":"https:\/\/www.fcbarcelonanoticias.com\/en\/wp-json\/wp\/v2\/users\/355"}],"replies":[{"embeddable":true,"href":"https:\/\/www.fcbarcelonanoticias.com\/en\/wp-json\/wp\/v2\/comments?post=83795"}],"version-history":[{"count":3,"href":"https:\/\/www.fcbarcelonanoticias.com\/en\/wp-json\/wp\/v2\/posts\/83795\/revisions"}],"predecessor-version":[{"id":83798,"href":"https:\/\/www.fcbarcelonanoticias.com\/en\/wp-json\/wp\/v2\/posts\/83795\/revisions\/83798"}],"wp:featuredmedia":[{"embeddable":true,"href":"https:\/\/www.fcbarcelonanoticias.com\/en\/wp-json\/wp\/v2\/media\/83800"}],"wp:attachment":[{"href":"https:\/\/www.fcbarcelonanoticias.com\/en\/wp-json\/wp\/v2\/media?parent=83795"}],"wp:term":[{"taxonomy":"category","embeddable":true,"href":"https:\/\/www.fcbarcelonanoticias.com\/en\/wp-json\/wp\/v2\/categories?post=83795"},{"taxonomy":"post_tag","embeddable":true,"href":"https:\/\/www.fcbarcelonanoticias.com\/en\/wp-json\/wp\/v2\/tags?post=83795"}],"curies":[{"name":"wp","href":"https:\/\/api.w.org\/{rel}","templated":true}]}}