{"id":83936,"date":"2022-09-03T18:12:00","date_gmt":"2022-09-03T16:12:00","guid":{"rendered":"https:\/\/weisetech.dev\/fc-barcelona-noticias\/en\/the-madrid-extends-his-perfect-record-in-front-of-the-betis-2-1_283945_102\/"},"modified":"2022-09-03T18:20:00","modified_gmt":"2022-09-03T16:20:00","slug":"the-madrid-extends-his-perfect-record-in-front-of-the-betis-2-1_283945_102","status":"publish","type":"post","link":"https:\/\/www.fcbarcelonanoticias.com\/en\/real-madrid\/the-madrid-extends-his-perfect-record-in-front-of-the-betis-2-1_283945_102.html","title":{"rendered":"The Madrid carries out a fun party in front of the Betis (2-1)"},"content":{"rendered":"<h2 class=\"wp-block-heading\">The Real Madrid continues adding of to three in the tournament of the regularity; this time, imposing to the Betis. The party has been marked by the controversy with the played of Carvajal on Fekir in the area, that the referee did not sanction like penalti<\/h2>  \r\n<div class=\"article-addons\">\r\n    <a href=\"https:\/\/www.fcbarcelonanoticias.com\/en\/calendar-fc-barcelona.html\"\r\n       target=\"_self\"\r\n       title=\"Calendar of FC Barcelona\"\r\n       class=\"blue-gredient-btn\">\r\n       \r\n        Calendar of FC Barcelona    <\/a>\r\n<\/div>   <p>The <a data-external=\"0\" data-intl-links-en=\"https:\/\/www.fcbarcelonanoticias.com\/en\/transfers\/the-reasons-by-which-the-madrid-justifies-to-have-not-gone_283939_102.html\" data-intl-links-es=\"https:\/\/www.fcbarcelonanoticias.com\/fichajes\/razones-por-madrid-justifica-no-haber-ido-por-otro-delantero_283939_102.html\" href=\"https:\/\/www.fcbarcelonanoticias.com\/en\/transfers\/the-reasons-by-which-the-madrid-justifies-to-have-not-gone_283939_102.html\" rel=\"follow\" target=\"_self\" title=\"Las razones por las que el Madrid justifica no haber ido a por otro delantero\">Real Madrid<\/a> and the Betis saw the faces in the middle of one of the most striking crashes of the fourth day of LaLiga. Both arrived with a perfect record of nine points when winning all his previous commitments, by<strong> what one of the two would see cut his series in the duel<\/strong> that has had to Santiago Bernab\u00e9u like stage of a hard party for both teams.<\/p>  <p>The controversy would not take in doing present in the commitment. You grieve to the five minutes, <strong>a launch of Dani Carvajal on Nabil Fekir in the area could have been signalled like penalti<\/strong>, but the collegiate Jos\u00e9 Mar\u00eda S\u00e1nchez Mart\u00ednez decreed that there was not infringement; even so, the images dea the played would do virales in the social networks, feeding the controversy.<\/p>  <p>After the episode, to the eight minutes of game, the Madrid would go up in the marker. David Praises would serve a pass of long distance very very read by<strong> Vinicius Jr., the one who would take advantage of a bad exit of Rui Silva to throw a vaselina and do roar to Santiago Bernab\u00e9u<\/strong> with the 1-0 partial. The alone panorama seemed to worsen for a Betis that three minutes later had to withdraw to a lesionado Fekir.<\/p>  <h3>The answer of the Betis<\/h3>  <p>But the Andalusian picture was not by the work to scare . Borja Churches would take advantage of a kickoff of \u00c1lex Moreno to assist to <strong>Sergio Channels, the one who would shoot to the local goal beating to Thibaut Courtois to equalise the actions to the minute 16<\/strong>. An enchufado Vinicius would try desequilibrar again, but found with a soberbio Rui Silva, that also would detain a head butt of Aur\u00e9lien Tchouam\u00e9ni.<\/p>  <p>Merengues And b\u00e9ticos would follow trying it, but the leadership would begin to recaer in the goalkeepers to the end of the first-half, that would close with a tie to a goal by side. The second half would initiate with occasions of danger by part of one and another edict.<strong> Karim Benzema and \u00c1lex Moreno would try it, but again the guardametas denied them the opportunity<\/strong>.<\/p>  <h3>Rodrygo, key in attack once again<\/h3>  <p>To the 55&#8242; there would be some brush after a played of Edgar on Rodrygo distinguished very near of the area, in which the verdiblancos reproached him to the referee that already had applied the law of the advantage. The Brazilian would try to sign a so much to the minute 60, but <strong>would find his reward four minutes later after a big charged by part of Fede Valverde<\/strong> and taking advantage of the error of the goalkeeper visitor. The Betis would follow trying it, but without success in his occasions; the Madrid, grasps to the leadership of LaLiga.<\/p> ","protected":false},"excerpt":{"rendered":"<p>The Real Madrid continues adding of to three in the tournament of the regularity; this time, imposing to the Betis. The party has been marked by the controversy with the played of Carvajal on Fekir in the area, that the referee did not sanction like penalti The Real Madrid and the Betis saw the faces [&hellip;]<\/p>\n","protected":false},"author":378,"featured_media":83945,"comment_status":"closed","ping_status":"open","sticky":false,"template":"","format":"standard","meta":{"_acf_changed":false,"inline_featured_image":false,"_nextfly_llmd_date_locked":false,"footnotes":""},"categories":[450,119],"tags":[63],"class_list":["post-83936","post","type-post","status-publish","format-standard","has-post-thumbnail","hentry","category-real-madrid-2","category-real-madrid","tag-real-betis"],"acf":[],"yoast_head":"<!-- This site is optimized with the Yoast SEO plugin v27.3 - https:\/\/yoast.com\/product\/yoast-seo-wordpress\/ -->\n<title>The Madrid extends his perfect record in front of the Betis (2-1)<\/title>\n<meta name=\"description\" content=\"The Real Madrid continues adding of to three in the tournament of the regularity; this time, imposing to the Betis. The party has been marked by the controversy with the played of Carvajal on Fekir in the area, that the referee did not sanction like penalti\" \/>\n<meta name=\"robots\" content=\"index, follow, max-snippet:-1, max-image-preview:large, max-video-preview:-1\" \/>\n<link rel=\"canonical\" href=\"https:\/\/www.fcbarcelonanoticias.com\/en\/real-madrid\/the-madrid-extends-his-perfect-record-in-front-of-the-betis-2-1_283945_102.html\" \/>\n<meta property=\"og:locale\" content=\"en_US\" \/>\n<meta property=\"og:type\" content=\"article\" \/>\n<meta property=\"og:title\" content=\"The Madrid extends his perfect record in front of the Betis (2-1)\" \/>\n<meta property=\"og:description\" content=\"The Real Madrid continues adding of to three in the tournament of the regularity; this time, imposing to the Betis. The party has been marked by the controversy with the played of Carvajal on Fekir in the area, that the referee did not sanction like penalti\" \/>\n<meta property=\"og:url\" content=\"https:\/\/www.fcbarcelonanoticias.com\/en\/real-madrid\/the-madrid-extends-his-perfect-record-in-front-of-the-betis-2-1_283945_102.html\" \/>\n<meta property=\"og:site_name\" content=\"EN - FC Barcelona Noticias\" \/>\n<meta property=\"article:published_time\" content=\"2022-09-03T16:12:00+00:00\" \/>\n<meta property=\"article:modified_time\" content=\"2022-09-03T16:20:00+00:00\" \/>\n<meta property=\"og:image\" content=\"https:\/\/www.fcbarcelonanoticias.com\/en\/wp-content\/uploads\/sites\/2\/2022\/09\/vinicius-celebra-tras-marcarle-al-betis-1.jpeg\" \/>\n\t<meta property=\"og:image:width\" content=\"1200\" \/>\n\t<meta property=\"og:image:height\" content=\"749\" \/>\n\t<meta property=\"og:image:type\" content=\"image\/jpeg\" \/>\n<meta name=\"author\" content=\"user_4034\" \/>\n<meta name=\"twitter:card\" content=\"summary_large_image\" \/>\n<meta name=\"twitter:label1\" content=\"Written by\" \/>\n\t<meta name=\"twitter:data1\" content=\"user_4034\" \/>\n\t<meta name=\"twitter:label2\" content=\"Est. reading time\" \/>\n\t<meta name=\"twitter:data2\" content=\"3 minutes\" \/>\n<script type=\"application\/ld+json\" class=\"yoast-schema-graph\">{\"@context\":\"https:\\\/\\\/schema.org\",\"@graph\":[{\"@type\":\"Article\",\"@id\":\"https:\\\/\\\/www.fcbarcelonanoticias.com\\\/en\\\/real-madrid\\\/the-madrid-extends-his-perfect-record-in-front-of-the-betis-2-1_283945_102.html#article\",\"isPartOf\":{\"@id\":\"https:\\\/\\\/www.fcbarcelonanoticias.com\\\/en\\\/real-madrid\\\/the-madrid-extends-his-perfect-record-in-front-of-the-betis-2-1_283945_102.html\"},\"author\":{\"name\":\"user_4034\",\"@id\":\"https:\\\/\\\/www.fcbarcelonanoticias.com\\\/en\\\/#\\\/schema\\\/person\\\/af5ca539abaaa1bd2753d05ef7a706d0\"},\"headline\":\"The Madrid carries out a fun party in front of the Betis (2-1)\",\"datePublished\":\"2022-09-03T16:12:00+00:00\",\"dateModified\":\"2022-09-03T16:20:00+00:00\",\"mainEntityOfPage\":{\"@id\":\"https:\\\/\\\/www.fcbarcelonanoticias.com\\\/en\\\/real-madrid\\\/the-madrid-extends-his-perfect-record-in-front-of-the-betis-2-1_283945_102.html\"},\"wordCount\":524,\"image\":{\"@id\":\"https:\\\/\\\/www.fcbarcelonanoticias.com\\\/en\\\/real-madrid\\\/the-madrid-extends-his-perfect-record-in-front-of-the-betis-2-1_283945_102.html#primaryimage\"},\"thumbnailUrl\":\"https:\\\/\\\/www.fcbarcelonanoticias.com\\\/en\\\/wp-content\\\/uploads\\\/sites\\\/2\\\/2022\\\/09\\\/vinicius-celebra-tras-marcarle-al-betis-1.jpeg\",\"keywords\":[\"Real Betis\"],\"articleSection\":[\"Real Madrid\",\"Real Madrid\"],\"inLanguage\":\"en-US\"},{\"@type\":\"WebPage\",\"@id\":\"https:\\\/\\\/www.fcbarcelonanoticias.com\\\/en\\\/real-madrid\\\/the-madrid-extends-his-perfect-record-in-front-of-the-betis-2-1_283945_102.html\",\"url\":\"https:\\\/\\\/www.fcbarcelonanoticias.com\\\/en\\\/real-madrid\\\/the-madrid-extends-his-perfect-record-in-front-of-the-betis-2-1_283945_102.html\",\"name\":\"The Madrid extends his perfect record in front of the Betis (2-1)\",\"isPartOf\":{\"@id\":\"https:\\\/\\\/www.fcbarcelonanoticias.com\\\/en\\\/#website\"},\"primaryImageOfPage\":{\"@id\":\"https:\\\/\\\/www.fcbarcelonanoticias.com\\\/en\\\/real-madrid\\\/the-madrid-extends-his-perfect-record-in-front-of-the-betis-2-1_283945_102.html#primaryimage\"},\"image\":{\"@id\":\"https:\\\/\\\/www.fcbarcelonanoticias.com\\\/en\\\/real-madrid\\\/the-madrid-extends-his-perfect-record-in-front-of-the-betis-2-1_283945_102.html#primaryimage\"},\"thumbnailUrl\":\"https:\\\/\\\/www.fcbarcelonanoticias.com\\\/en\\\/wp-content\\\/uploads\\\/sites\\\/2\\\/2022\\\/09\\\/vinicius-celebra-tras-marcarle-al-betis-1.jpeg\",\"datePublished\":\"2022-09-03T16:12:00+00:00\",\"dateModified\":\"2022-09-03T16:20:00+00:00\",\"author\":{\"@id\":\"https:\\\/\\\/www.fcbarcelonanoticias.com\\\/en\\\/#\\\/schema\\\/person\\\/af5ca539abaaa1bd2753d05ef7a706d0\"},\"description\":\"The Real Madrid continues adding of to three in the tournament of the regularity; this time, imposing to the Betis. The party has been marked by the controversy with the played of Carvajal on Fekir in the area, that the referee did not sanction like penalti\",\"breadcrumb\":{\"@id\":\"https:\\\/\\\/www.fcbarcelonanoticias.com\\\/en\\\/real-madrid\\\/the-madrid-extends-his-perfect-record-in-front-of-the-betis-2-1_283945_102.html#breadcrumb\"},\"inLanguage\":\"en-US\",\"potentialAction\":[{\"@type\":\"ReadAction\",\"target\":[\"https:\\\/\\\/www.fcbarcelonanoticias.com\\\/en\\\/real-madrid\\\/the-madrid-extends-his-perfect-record-in-front-of-the-betis-2-1_283945_102.html\"]}]},{\"@type\":\"ImageObject\",\"inLanguage\":\"en-US\",\"@id\":\"https:\\\/\\\/www.fcbarcelonanoticias.com\\\/en\\\/real-madrid\\\/the-madrid-extends-his-perfect-record-in-front-of-the-betis-2-1_283945_102.html#primaryimage\",\"url\":\"https:\\\/\\\/www.fcbarcelonanoticias.com\\\/en\\\/wp-content\\\/uploads\\\/sites\\\/2\\\/2022\\\/09\\\/vinicius-celebra-tras-marcarle-al-betis-1.jpeg\",\"contentUrl\":\"https:\\\/\\\/www.fcbarcelonanoticias.com\\\/en\\\/wp-content\\\/uploads\\\/sites\\\/2\\\/2022\\\/09\\\/vinicius-celebra-tras-marcarle-al-betis-1.jpeg\",\"width\":1200,\"height\":749},{\"@type\":\"BreadcrumbList\",\"@id\":\"https:\\\/\\\/www.fcbarcelonanoticias.com\\\/en\\\/real-madrid\\\/the-madrid-extends-his-perfect-record-in-front-of-the-betis-2-1_283945_102.html#breadcrumb\",\"itemListElement\":[{\"@type\":\"ListItem\",\"position\":1,\"name\":\"Portada\",\"item\":\"https:\\\/\\\/www.fcbarcelonanoticias.com\\\/en\\\/\"},{\"@type\":\"ListItem\",\"position\":2,\"name\":\"The Madrid carries out a fun party in front of the Betis (2-1)\"}]},{\"@type\":\"WebSite\",\"@id\":\"https:\\\/\\\/www.fcbarcelonanoticias.com\\\/en\\\/#website\",\"url\":\"https:\\\/\\\/www.fcbarcelonanoticias.com\\\/en\\\/\",\"name\":\"EN - FC Barcelona Noticias\",\"description\":\"\",\"potentialAction\":[{\"@type\":\"SearchAction\",\"target\":{\"@type\":\"EntryPoint\",\"urlTemplate\":\"https:\\\/\\\/www.fcbarcelonanoticias.com\\\/en\\\/?s={search_term_string}\"},\"query-input\":{\"@type\":\"PropertyValueSpecification\",\"valueRequired\":true,\"valueName\":\"search_term_string\"}}],\"inLanguage\":\"en-US\"},{\"@type\":\"Person\",\"@id\":\"https:\\\/\\\/www.fcbarcelonanoticias.com\\\/en\\\/#\\\/schema\\\/person\\\/af5ca539abaaa1bd2753d05ef7a706d0\",\"name\":\"user_4034\",\"image\":{\"@type\":\"ImageObject\",\"inLanguage\":\"en-US\",\"@id\":\"https:\\\/\\\/secure.gravatar.com\\\/avatar\\\/?s=96&d=mm&r=g\",\"url\":\"https:\\\/\\\/secure.gravatar.com\\\/avatar\\\/?s=96&d=mm&r=g\",\"contentUrl\":\"https:\\\/\\\/secure.gravatar.com\\\/avatar\\\/?s=96&d=mm&r=g\",\"caption\":\"user_4034\"},\"url\":\"https:\\\/\\\/www.fcbarcelonanoticias.com\\\/en\\\/user_4034.html\"}]}<\/script>\n<!-- \/ Yoast SEO plugin. -->","yoast_head_json":{"title":"The Madrid extends his perfect record in front of the Betis (2-1)","description":"The Real Madrid continues adding of to three in the tournament of the regularity; this time, imposing to the Betis. The party has been marked by the controversy with the played of Carvajal on Fekir in the area, that the referee did not sanction like penalti","robots":{"index":"index","follow":"follow","max-snippet":"max-snippet:-1","max-image-preview":"max-image-preview:large","max-video-preview":"max-video-preview:-1"},"canonical":"https:\/\/www.fcbarcelonanoticias.com\/en\/real-madrid\/the-madrid-extends-his-perfect-record-in-front-of-the-betis-2-1_283945_102.html","og_locale":"en_US","og_type":"article","og_title":"The Madrid extends his perfect record in front of the Betis (2-1)","og_description":"The Real Madrid continues adding of to three in the tournament of the regularity; this time, imposing to the Betis. The party has been marked by the controversy with the played of Carvajal on Fekir in the area, that the referee did not sanction like penalti","og_url":"https:\/\/www.fcbarcelonanoticias.com\/en\/real-madrid\/the-madrid-extends-his-perfect-record-in-front-of-the-betis-2-1_283945_102.html","og_site_name":"EN - FC Barcelona Noticias","article_published_time":"2022-09-03T16:12:00+00:00","article_modified_time":"2022-09-03T16:20:00+00:00","og_image":[{"width":1200,"height":749,"url":"https:\/\/www.fcbarcelonanoticias.com\/en\/wp-content\/uploads\/sites\/2\/2022\/09\/vinicius-celebra-tras-marcarle-al-betis-1.jpeg","type":"image\/jpeg"}],"author":"user_4034","twitter_card":"summary_large_image","twitter_misc":{"Written by":"user_4034","Est. reading time":"3 minutes"},"schema":{"@context":"https:\/\/schema.org","@graph":[{"@type":"Article","@id":"https:\/\/www.fcbarcelonanoticias.com\/en\/real-madrid\/the-madrid-extends-his-perfect-record-in-front-of-the-betis-2-1_283945_102.html#article","isPartOf":{"@id":"https:\/\/www.fcbarcelonanoticias.com\/en\/real-madrid\/the-madrid-extends-his-perfect-record-in-front-of-the-betis-2-1_283945_102.html"},"author":{"name":"user_4034","@id":"https:\/\/www.fcbarcelonanoticias.com\/en\/#\/schema\/person\/af5ca539abaaa1bd2753d05ef7a706d0"},"headline":"The Madrid carries out a fun party in front of the Betis (2-1)","datePublished":"2022-09-03T16:12:00+00:00","dateModified":"2022-09-03T16:20:00+00:00","mainEntityOfPage":{"@id":"https:\/\/www.fcbarcelonanoticias.com\/en\/real-madrid\/the-madrid-extends-his-perfect-record-in-front-of-the-betis-2-1_283945_102.html"},"wordCount":524,"image":{"@id":"https:\/\/www.fcbarcelonanoticias.com\/en\/real-madrid\/the-madrid-extends-his-perfect-record-in-front-of-the-betis-2-1_283945_102.html#primaryimage"},"thumbnailUrl":"https:\/\/www.fcbarcelonanoticias.com\/en\/wp-content\/uploads\/sites\/2\/2022\/09\/vinicius-celebra-tras-marcarle-al-betis-1.jpeg","keywords":["Real Betis"],"articleSection":["Real Madrid","Real Madrid"],"inLanguage":"en-US"},{"@type":"WebPage","@id":"https:\/\/www.fcbarcelonanoticias.com\/en\/real-madrid\/the-madrid-extends-his-perfect-record-in-front-of-the-betis-2-1_283945_102.html","url":"https:\/\/www.fcbarcelonanoticias.com\/en\/real-madrid\/the-madrid-extends-his-perfect-record-in-front-of-the-betis-2-1_283945_102.html","name":"The Madrid extends his perfect record in front of the Betis (2-1)","isPartOf":{"@id":"https:\/\/www.fcbarcelonanoticias.com\/en\/#website"},"primaryImageOfPage":{"@id":"https:\/\/www.fcbarcelonanoticias.com\/en\/real-madrid\/the-madrid-extends-his-perfect-record-in-front-of-the-betis-2-1_283945_102.html#primaryimage"},"image":{"@id":"https:\/\/www.fcbarcelonanoticias.com\/en\/real-madrid\/the-madrid-extends-his-perfect-record-in-front-of-the-betis-2-1_283945_102.html#primaryimage"},"thumbnailUrl":"https:\/\/www.fcbarcelonanoticias.com\/en\/wp-content\/uploads\/sites\/2\/2022\/09\/vinicius-celebra-tras-marcarle-al-betis-1.jpeg","datePublished":"2022-09-03T16:12:00+00:00","dateModified":"2022-09-03T16:20:00+00:00","author":{"@id":"https:\/\/www.fcbarcelonanoticias.com\/en\/#\/schema\/person\/af5ca539abaaa1bd2753d05ef7a706d0"},"description":"The Real Madrid continues adding of to three in the tournament of the regularity; this time, imposing to the Betis. The party has been marked by the controversy with the played of Carvajal on Fekir in the area, that the referee did not sanction like penalti","breadcrumb":{"@id":"https:\/\/www.fcbarcelonanoticias.com\/en\/real-madrid\/the-madrid-extends-his-perfect-record-in-front-of-the-betis-2-1_283945_102.html#breadcrumb"},"inLanguage":"en-US","potentialAction":[{"@type":"ReadAction","target":["https:\/\/www.fcbarcelonanoticias.com\/en\/real-madrid\/the-madrid-extends-his-perfect-record-in-front-of-the-betis-2-1_283945_102.html"]}]},{"@type":"ImageObject","inLanguage":"en-US","@id":"https:\/\/www.fcbarcelonanoticias.com\/en\/real-madrid\/the-madrid-extends-his-perfect-record-in-front-of-the-betis-2-1_283945_102.html#primaryimage","url":"https:\/\/www.fcbarcelonanoticias.com\/en\/wp-content\/uploads\/sites\/2\/2022\/09\/vinicius-celebra-tras-marcarle-al-betis-1.jpeg","contentUrl":"https:\/\/www.fcbarcelonanoticias.com\/en\/wp-content\/uploads\/sites\/2\/2022\/09\/vinicius-celebra-tras-marcarle-al-betis-1.jpeg","width":1200,"height":749},{"@type":"BreadcrumbList","@id":"https:\/\/www.fcbarcelonanoticias.com\/en\/real-madrid\/the-madrid-extends-his-perfect-record-in-front-of-the-betis-2-1_283945_102.html#breadcrumb","itemListElement":[{"@type":"ListItem","position":1,"name":"Portada","item":"https:\/\/www.fcbarcelonanoticias.com\/en\/"},{"@type":"ListItem","position":2,"name":"The Madrid carries out a fun party in front of the Betis (2-1)"}]},{"@type":"WebSite","@id":"https:\/\/www.fcbarcelonanoticias.com\/en\/#website","url":"https:\/\/www.fcbarcelonanoticias.com\/en\/","name":"EN - FC Barcelona Noticias","description":"","potentialAction":[{"@type":"SearchAction","target":{"@type":"EntryPoint","urlTemplate":"https:\/\/www.fcbarcelonanoticias.com\/en\/?s={search_term_string}"},"query-input":{"@type":"PropertyValueSpecification","valueRequired":true,"valueName":"search_term_string"}}],"inLanguage":"en-US"},{"@type":"Person","@id":"https:\/\/www.fcbarcelonanoticias.com\/en\/#\/schema\/person\/af5ca539abaaa1bd2753d05ef7a706d0","name":"user_4034","image":{"@type":"ImageObject","inLanguage":"en-US","@id":"https:\/\/secure.gravatar.com\/avatar\/?s=96&d=mm&r=g","url":"https:\/\/secure.gravatar.com\/avatar\/?s=96&d=mm&r=g","contentUrl":"https:\/\/secure.gravatar.com\/avatar\/?s=96&d=mm&r=g","caption":"user_4034"},"url":"https:\/\/www.fcbarcelonanoticias.com\/en\/user_4034.html"}]}},"_links":{"self":[{"href":"https:\/\/www.fcbarcelonanoticias.com\/en\/wp-json\/wp\/v2\/posts\/83936","targetHints":{"allow":["GET"]}}],"collection":[{"href":"https:\/\/www.fcbarcelonanoticias.com\/en\/wp-json\/wp\/v2\/posts"}],"about":[{"href":"https:\/\/www.fcbarcelonanoticias.com\/en\/wp-json\/wp\/v2\/types\/post"}],"author":[{"embeddable":true,"href":"https:\/\/www.fcbarcelonanoticias.com\/en\/wp-json\/wp\/v2\/users\/378"}],"replies":[{"embeddable":true,"href":"https:\/\/www.fcbarcelonanoticias.com\/en\/wp-json\/wp\/v2\/comments?post=83936"}],"version-history":[{"count":1,"href":"https:\/\/www.fcbarcelonanoticias.com\/en\/wp-json\/wp\/v2\/posts\/83936\/revisions"}],"predecessor-version":[{"id":83937,"href":"https:\/\/www.fcbarcelonanoticias.com\/en\/wp-json\/wp\/v2\/posts\/83936\/revisions\/83937"}],"wp:featuredmedia":[{"embeddable":true,"href":"https:\/\/www.fcbarcelonanoticias.com\/en\/wp-json\/wp\/v2\/media\/83945"}],"wp:attachment":[{"href":"https:\/\/www.fcbarcelonanoticias.com\/en\/wp-json\/wp\/v2\/media?parent=83936"}],"wp:term":[{"taxonomy":"category","embeddable":true,"href":"https:\/\/www.fcbarcelonanoticias.com\/en\/wp-json\/wp\/v2\/categories?post=83936"},{"taxonomy":"post_tag","embeddable":true,"href":"https:\/\/www.fcbarcelonanoticias.com\/en\/wp-json\/wp\/v2\/tags?post=83936"}],"curies":[{"name":"wp","href":"https:\/\/api.w.org\/{rel}","templated":true}]}}