{"id":83964,"date":"2022-01-29T13:39:00","date_gmt":"2022-01-29T12:39:00","guid":{"rendered":"https:\/\/weisetech.dev\/fc-barcelona-noticias\/en\/the-madrid-closes-the-staff-in-spite-of-the-descartes_277370_102\/"},"modified":"2022-01-29T15:35:00","modified_gmt":"2022-01-29T14:35:00","slug":"the-madrid-closes-the-staff-in-spite-of-the-descartes_277370_102","status":"publish","type":"post","link":"https:\/\/www.fcbarcelonanoticias.com\/en\/real-madrid\/the-madrid-closes-the-staff-in-spite-of-the-descartes_277370_102.html","title":{"rendered":"Madrid closes the squad, despite Ancelotti&#8217;s &#8216;discards&#8217;"},"content":{"rendered":"<h2 class=\"wp-block-heading\">January is usually a month of intense activity in the Market for Real Madrid, but this year the Whites have not even processed a departure. The reason? The null market of Ancelotti&#8217;s &#8216;discards&#8217;<\/h2>  \r\n<div class=\"article-addons\">\r\n    <a href=\"https:\/\/www.fcbarcelonanoticias.com\/en\/calendar-fc-barcelona.html\"\r\n       target=\"_self\"\r\n       title=\"Calendar of FC Barcelona\"\r\n       class=\"blue-gredient-btn\">\r\n       \r\n        Calendar of FC Barcelona    <\/a>\r\n<\/div>   <p>It does a year, Luka Jovic closed his cession of return to the Leipzig by six months, in search of the minutes that Zinedine Zidane would not give him. The same did \u00c1lvaro Odriozola and Andriy Lunin in 2020, still with the Frenchman in the bench. In the wintry market 2022, expected that the <a data-external=\"0\" data-intl-links-en=\"https:\/\/www.fcbarcelonanoticias.com\/en\/transfers\/endrick-and-a-new-agreement-the-strategy-of-the-palmeiras_277359_102.html\" data-intl-links-es=\"https:\/\/www.fcbarcelonanoticias.com\/fichajes\/endrick-nuevo-contrato-estrategia-palmeiras-alejar-real-madrid_277359_102.html\" href=\"https:\/\/www.fcbarcelonanoticias.com\/en\/transfers\/endrick-and-a-new-agreement-the-strategy-of-the-palmeiras_277359_102.html\" rel=\"follow\" target=\"_self\" title=\"Endrick y un nuevo contrato, la estrategia del Palmeiras para alejar al Real Madrid\">Real Madrid<\/a> concretised some exit, but <strong>the scarce participation of players like Gareth Bleat and Isco has closed any possibility of, at least, attend some call by them<\/strong>.<\/p>  <p>The physical problems of the Welsh did that recently the Sunday saw minutes, after more than four months lesionado. The midfield player, by his part, has conserved the secondary role that has exerted from the 2018-2019. <strong>10 apparitions in LaLiga and a pair in the Glass of the Re<\/strong>and<strong>, with a so much in each competition<\/strong>, have been insufficient to find an offer by the one of M\u00e1laga this month.<\/p>  <p><strong>Both players finish agreement in June, to the equal that Marcelo<\/strong>. The side has recovered leadership in the Glass of Rey and keeps like variant of Ferland Mendy. Hardly, any of the three members of the winning team of three Champions consecutive attain to remain in <a data-external=\"0\" data-intl-links-en=\"https:\/\/www.fcbarcelonanoticias.com\/en\/real-madrid\/the-madrid-aims-to-amsterdam-for-incrustar-another-jewel_277344_102.html\" data-intl-links-es=\"https:\/\/www.fcbarcelonanoticias.com\/real-madrid\/madrid-apunta-amsterdam-incrustar-otra-joya-en-su-mediocampo_277344_102.html\" href=\"https:\/\/www.fcbarcelonanoticias.com\/en\/real-madrid\/the-madrid-aims-to-amsterdam-for-incrustar-another-jewel_277344_102.html\" rel=\"follow\" target=\"_self\" title=\"El Madrid apunta a \u00c1msterdam para incrustar otra 'joya' en su mediocampo\">the Madrid<\/a> the next season.<\/p>  <p>Other players condemned to the ostracism in the present season are <strong>Jes\u00fas Vallejo and Mariano D\u00edaz<\/strong>. The central has played a party in each competition (except the Supercopa) and the forward registers five apparitions, three of them by League. <strong>The club would have listened offers<\/strong>, but the injuries have cebado with both, closing any possibility to yield them.<\/p>  <h3>Hazard And Jovic win whole<\/h3>  <p><strong>Luka Jovic Follows without shining in Chamart\u00edn, but the physical problems of Karim Benzema have opened him the door to the eleven<\/strong>. The Serbian registers a so much and two assistances in 15 apparitions during the season and, probably, will be to title next Thursday in Saint Mam\u00e9s by the quarter-finals of the Glass of Rey, in front of the inc\u00f3gnita of the &#8216;9&#8217; white.<\/p>  <p><strong>Eden Hazard also has found &#8216;redemption&#8217; in the Glass<\/strong>, after marking the so much of the traced back in front of the Elche in eighth. <strong>The injury of Marco Asensio and the irregularity of Rodrygo<\/strong> have forced to Carlo Ancelotti to give him minutes and the Belgian has answered. With the suspension of Vinicius for the next party of League, the &#8216;7&#8217; surely will be to title in both meetings, if the physicist backs him.<\/p> ","protected":false},"excerpt":{"rendered":"<p>January is usually a month of intense activity in the Market for Real Madrid, but this year the Whites have not even processed a departure. The reason? The null market of Ancelotti&#8217;s &#8216;discards&#8217; It does a year, Luka Jovic closed his cession of return to the Leipzig by six months, in search of the minutes [&hellip;]<\/p>\n","protected":false},"author":347,"featured_media":0,"comment_status":"closed","ping_status":"open","sticky":false,"template":"","format":"standard","meta":{"_acf_changed":false,"inline_featured_image":false,"_nextfly_llmd_date_locked":false,"footnotes":""},"categories":[450,119],"tags":[133,351],"class_list":["post-83964","post","type-post","status-publish","format-standard","hentry","category-real-madrid-2","category-real-madrid","tag-gareth-bleat","tag-isco"],"acf":[],"yoast_head":"<!-- This site is optimized with the Yoast SEO plugin v27.3 - https:\/\/yoast.com\/product\/yoast-seo-wordpress\/ -->\n<title>Madrid closes the squad, despite Ancelotti&#039;s &#039;discards&#039;<\/title>\n<meta name=\"description\" content=\"January is used to to be a month of intense activity in the Market for the Real Madrid, but this year the whites have not transacted at least an exit. The reason? The...\" \/>\n<meta name=\"robots\" content=\"index, follow, max-snippet:-1, max-image-preview:large, max-video-preview:-1\" \/>\n<link rel=\"canonical\" href=\"https:\/\/www.fcbarcelonanoticias.com\/en\/real-madrid\/the-madrid-closes-the-staff-in-spite-of-the-descartes_277370_102.html\" \/>\n<meta property=\"og:locale\" content=\"en_US\" \/>\n<meta property=\"og:type\" content=\"article\" \/>\n<meta property=\"og:title\" content=\"Madrid closes the squad, despite Ancelotti&#039;s &#039;discards&#039;\" \/>\n<meta property=\"og:description\" content=\"January is used to to be a month of intense activity in the Market for the Real Madrid, but this year the whites have not transacted at least an exit. The reason? The...\" \/>\n<meta property=\"og:url\" content=\"https:\/\/www.fcbarcelonanoticias.com\/en\/real-madrid\/the-madrid-closes-the-staff-in-spite-of-the-descartes_277370_102.html\" \/>\n<meta property=\"og:site_name\" content=\"EN - FC Barcelona Noticias\" \/>\n<meta property=\"article:published_time\" content=\"2022-01-29T12:39:00+00:00\" \/>\n<meta property=\"article:modified_time\" content=\"2022-01-29T14:35:00+00:00\" \/>\n<meta name=\"author\" content=\"Andr\u00e9s Quiroz\" \/>\n<meta name=\"twitter:card\" content=\"summary_large_image\" \/>\n<meta name=\"twitter:label1\" content=\"Written by\" \/>\n\t<meta name=\"twitter:data1\" content=\"Andr\u00e9s Quiroz\" \/>\n\t<meta name=\"twitter:label2\" content=\"Est. reading time\" \/>\n\t<meta name=\"twitter:data2\" content=\"2 minutes\" \/>\n<script type=\"application\/ld+json\" class=\"yoast-schema-graph\">{\"@context\":\"https:\\\/\\\/schema.org\",\"@graph\":[{\"@type\":\"Article\",\"@id\":\"https:\\\/\\\/www.fcbarcelonanoticias.com\\\/en\\\/real-madrid\\\/the-madrid-closes-the-staff-in-spite-of-the-descartes_277370_102.html#article\",\"isPartOf\":{\"@id\":\"https:\\\/\\\/www.fcbarcelonanoticias.com\\\/en\\\/real-madrid\\\/the-madrid-closes-the-staff-in-spite-of-the-descartes_277370_102.html\"},\"author\":{\"name\":\"Andr\u00e9s Quiroz\",\"@id\":\"https:\\\/\\\/www.fcbarcelonanoticias.com\\\/en\\\/#\\\/schema\\\/person\\\/c2cd9f6fa1af5c0d0eccd0fefa575c88\"},\"headline\":\"Madrid closes the squad, despite Ancelotti&#8217;s &#8216;discards&#8217;\",\"datePublished\":\"2022-01-29T12:39:00+00:00\",\"dateModified\":\"2022-01-29T14:35:00+00:00\",\"mainEntityOfPage\":{\"@id\":\"https:\\\/\\\/www.fcbarcelonanoticias.com\\\/en\\\/real-madrid\\\/the-madrid-closes-the-staff-in-spite-of-the-descartes_277370_102.html\"},\"wordCount\":448,\"keywords\":[\"Gareth Bleat\",\"Isco\"],\"articleSection\":[\"Real Madrid\",\"Real Madrid\"],\"inLanguage\":\"en-US\"},{\"@type\":\"WebPage\",\"@id\":\"https:\\\/\\\/www.fcbarcelonanoticias.com\\\/en\\\/real-madrid\\\/the-madrid-closes-the-staff-in-spite-of-the-descartes_277370_102.html\",\"url\":\"https:\\\/\\\/www.fcbarcelonanoticias.com\\\/en\\\/real-madrid\\\/the-madrid-closes-the-staff-in-spite-of-the-descartes_277370_102.html\",\"name\":\"Madrid closes the squad, despite Ancelotti's 'discards'\",\"isPartOf\":{\"@id\":\"https:\\\/\\\/www.fcbarcelonanoticias.com\\\/en\\\/#website\"},\"datePublished\":\"2022-01-29T12:39:00+00:00\",\"dateModified\":\"2022-01-29T14:35:00+00:00\",\"author\":{\"@id\":\"https:\\\/\\\/www.fcbarcelonanoticias.com\\\/en\\\/#\\\/schema\\\/person\\\/c2cd9f6fa1af5c0d0eccd0fefa575c88\"},\"description\":\"January is used to to be a month of intense activity in the Market for the Real Madrid, but this year the whites have not transacted at least an exit. The reason? The...\",\"breadcrumb\":{\"@id\":\"https:\\\/\\\/www.fcbarcelonanoticias.com\\\/en\\\/real-madrid\\\/the-madrid-closes-the-staff-in-spite-of-the-descartes_277370_102.html#breadcrumb\"},\"inLanguage\":\"en-US\",\"potentialAction\":[{\"@type\":\"ReadAction\",\"target\":[\"https:\\\/\\\/www.fcbarcelonanoticias.com\\\/en\\\/real-madrid\\\/the-madrid-closes-the-staff-in-spite-of-the-descartes_277370_102.html\"]}]},{\"@type\":\"BreadcrumbList\",\"@id\":\"https:\\\/\\\/www.fcbarcelonanoticias.com\\\/en\\\/real-madrid\\\/the-madrid-closes-the-staff-in-spite-of-the-descartes_277370_102.html#breadcrumb\",\"itemListElement\":[{\"@type\":\"ListItem\",\"position\":1,\"name\":\"Portada\",\"item\":\"https:\\\/\\\/www.fcbarcelonanoticias.com\\\/en\\\/\"},{\"@type\":\"ListItem\",\"position\":2,\"name\":\"Madrid closes the squad, despite Ancelotti&#8217;s &#8216;discards&#8217;\"}]},{\"@type\":\"WebSite\",\"@id\":\"https:\\\/\\\/www.fcbarcelonanoticias.com\\\/en\\\/#website\",\"url\":\"https:\\\/\\\/www.fcbarcelonanoticias.com\\\/en\\\/\",\"name\":\"EN - FC Barcelona Noticias\",\"description\":\"\",\"potentialAction\":[{\"@type\":\"SearchAction\",\"target\":{\"@type\":\"EntryPoint\",\"urlTemplate\":\"https:\\\/\\\/www.fcbarcelonanoticias.com\\\/en\\\/?s={search_term_string}\"},\"query-input\":{\"@type\":\"PropertyValueSpecification\",\"valueRequired\":true,\"valueName\":\"search_term_string\"}}],\"inLanguage\":\"en-US\"},{\"@type\":\"Person\",\"@id\":\"https:\\\/\\\/www.fcbarcelonanoticias.com\\\/en\\\/#\\\/schema\\\/person\\\/c2cd9f6fa1af5c0d0eccd0fefa575c88\",\"name\":\"Andr\u00e9s Quiroz\",\"image\":{\"@type\":\"ImageObject\",\"inLanguage\":\"en-US\",\"@id\":\"https:\\\/\\\/secure.gravatar.com\\\/avatar\\\/?s=96&d=mm&r=g\",\"url\":\"https:\\\/\\\/secure.gravatar.com\\\/avatar\\\/?s=96&d=mm&r=g\",\"contentUrl\":\"https:\\\/\\\/secure.gravatar.com\\\/avatar\\\/?s=96&d=mm&r=g\",\"caption\":\"Andr\u00e9s Quiroz\"},\"description\":\"Licenciado en Periodismo por la Universidad de los Andes. Me encargo de analizar y compartir los contenidos m\u00e1s destacados de la\u00a0actualidad del F\u00fatbol Club Barcelona, Mercado de Fichajes y F\u00fatbol Internacional en FCBN. La informaci\u00f3n es poder, pero tambi\u00e9n conocimiento.\",\"url\":\"https:\\\/\\\/www.fcbarcelonanoticias.com\\\/en\\\/fc-barcelona\\\/andres-quiroz_17_115.html\"}]}<\/script>\n<!-- \/ Yoast SEO plugin. -->","yoast_head_json":{"title":"Madrid closes the squad, despite Ancelotti's 'discards'","description":"January is used to to be a month of intense activity in the Market for the Real Madrid, but this year the whites have not transacted at least an exit. The reason? The...","robots":{"index":"index","follow":"follow","max-snippet":"max-snippet:-1","max-image-preview":"max-image-preview:large","max-video-preview":"max-video-preview:-1"},"canonical":"https:\/\/www.fcbarcelonanoticias.com\/en\/real-madrid\/the-madrid-closes-the-staff-in-spite-of-the-descartes_277370_102.html","og_locale":"en_US","og_type":"article","og_title":"Madrid closes the squad, despite Ancelotti's 'discards'","og_description":"January is used to to be a month of intense activity in the Market for the Real Madrid, but this year the whites have not transacted at least an exit. The reason? The...","og_url":"https:\/\/www.fcbarcelonanoticias.com\/en\/real-madrid\/the-madrid-closes-the-staff-in-spite-of-the-descartes_277370_102.html","og_site_name":"EN - FC Barcelona Noticias","article_published_time":"2022-01-29T12:39:00+00:00","article_modified_time":"2022-01-29T14:35:00+00:00","author":"Andr\u00e9s Quiroz","twitter_card":"summary_large_image","twitter_misc":{"Written by":"Andr\u00e9s Quiroz","Est. reading time":"2 minutes"},"schema":{"@context":"https:\/\/schema.org","@graph":[{"@type":"Article","@id":"https:\/\/www.fcbarcelonanoticias.com\/en\/real-madrid\/the-madrid-closes-the-staff-in-spite-of-the-descartes_277370_102.html#article","isPartOf":{"@id":"https:\/\/www.fcbarcelonanoticias.com\/en\/real-madrid\/the-madrid-closes-the-staff-in-spite-of-the-descartes_277370_102.html"},"author":{"name":"Andr\u00e9s Quiroz","@id":"https:\/\/www.fcbarcelonanoticias.com\/en\/#\/schema\/person\/c2cd9f6fa1af5c0d0eccd0fefa575c88"},"headline":"Madrid closes the squad, despite Ancelotti&#8217;s &#8216;discards&#8217;","datePublished":"2022-01-29T12:39:00+00:00","dateModified":"2022-01-29T14:35:00+00:00","mainEntityOfPage":{"@id":"https:\/\/www.fcbarcelonanoticias.com\/en\/real-madrid\/the-madrid-closes-the-staff-in-spite-of-the-descartes_277370_102.html"},"wordCount":448,"keywords":["Gareth Bleat","Isco"],"articleSection":["Real Madrid","Real Madrid"],"inLanguage":"en-US"},{"@type":"WebPage","@id":"https:\/\/www.fcbarcelonanoticias.com\/en\/real-madrid\/the-madrid-closes-the-staff-in-spite-of-the-descartes_277370_102.html","url":"https:\/\/www.fcbarcelonanoticias.com\/en\/real-madrid\/the-madrid-closes-the-staff-in-spite-of-the-descartes_277370_102.html","name":"Madrid closes the squad, despite Ancelotti's 'discards'","isPartOf":{"@id":"https:\/\/www.fcbarcelonanoticias.com\/en\/#website"},"datePublished":"2022-01-29T12:39:00+00:00","dateModified":"2022-01-29T14:35:00+00:00","author":{"@id":"https:\/\/www.fcbarcelonanoticias.com\/en\/#\/schema\/person\/c2cd9f6fa1af5c0d0eccd0fefa575c88"},"description":"January is used to to be a month of intense activity in the Market for the Real Madrid, but this year the whites have not transacted at least an exit. The reason? The...","breadcrumb":{"@id":"https:\/\/www.fcbarcelonanoticias.com\/en\/real-madrid\/the-madrid-closes-the-staff-in-spite-of-the-descartes_277370_102.html#breadcrumb"},"inLanguage":"en-US","potentialAction":[{"@type":"ReadAction","target":["https:\/\/www.fcbarcelonanoticias.com\/en\/real-madrid\/the-madrid-closes-the-staff-in-spite-of-the-descartes_277370_102.html"]}]},{"@type":"BreadcrumbList","@id":"https:\/\/www.fcbarcelonanoticias.com\/en\/real-madrid\/the-madrid-closes-the-staff-in-spite-of-the-descartes_277370_102.html#breadcrumb","itemListElement":[{"@type":"ListItem","position":1,"name":"Portada","item":"https:\/\/www.fcbarcelonanoticias.com\/en\/"},{"@type":"ListItem","position":2,"name":"Madrid closes the squad, despite Ancelotti&#8217;s &#8216;discards&#8217;"}]},{"@type":"WebSite","@id":"https:\/\/www.fcbarcelonanoticias.com\/en\/#website","url":"https:\/\/www.fcbarcelonanoticias.com\/en\/","name":"EN - FC Barcelona Noticias","description":"","potentialAction":[{"@type":"SearchAction","target":{"@type":"EntryPoint","urlTemplate":"https:\/\/www.fcbarcelonanoticias.com\/en\/?s={search_term_string}"},"query-input":{"@type":"PropertyValueSpecification","valueRequired":true,"valueName":"search_term_string"}}],"inLanguage":"en-US"},{"@type":"Person","@id":"https:\/\/www.fcbarcelonanoticias.com\/en\/#\/schema\/person\/c2cd9f6fa1af5c0d0eccd0fefa575c88","name":"Andr\u00e9s Quiroz","image":{"@type":"ImageObject","inLanguage":"en-US","@id":"https:\/\/secure.gravatar.com\/avatar\/?s=96&d=mm&r=g","url":"https:\/\/secure.gravatar.com\/avatar\/?s=96&d=mm&r=g","contentUrl":"https:\/\/secure.gravatar.com\/avatar\/?s=96&d=mm&r=g","caption":"Andr\u00e9s Quiroz"},"description":"Licenciado en Periodismo por la Universidad de los Andes. Me encargo de analizar y compartir los contenidos m\u00e1s destacados de la\u00a0actualidad del F\u00fatbol Club Barcelona, Mercado de Fichajes y F\u00fatbol Internacional en FCBN. La informaci\u00f3n es poder, pero tambi\u00e9n conocimiento.","url":"https:\/\/www.fcbarcelonanoticias.com\/en\/fc-barcelona\/andres-quiroz_17_115.html"}]}},"_links":{"self":[{"href":"https:\/\/www.fcbarcelonanoticias.com\/en\/wp-json\/wp\/v2\/posts\/83964","targetHints":{"allow":["GET"]}}],"collection":[{"href":"https:\/\/www.fcbarcelonanoticias.com\/en\/wp-json\/wp\/v2\/posts"}],"about":[{"href":"https:\/\/www.fcbarcelonanoticias.com\/en\/wp-json\/wp\/v2\/types\/post"}],"author":[{"embeddable":true,"href":"https:\/\/www.fcbarcelonanoticias.com\/en\/wp-json\/wp\/v2\/users\/347"}],"replies":[{"embeddable":true,"href":"https:\/\/www.fcbarcelonanoticias.com\/en\/wp-json\/wp\/v2\/comments?post=83964"}],"version-history":[{"count":1,"href":"https:\/\/www.fcbarcelonanoticias.com\/en\/wp-json\/wp\/v2\/posts\/83964\/revisions"}],"predecessor-version":[{"id":124583,"href":"https:\/\/www.fcbarcelonanoticias.com\/en\/wp-json\/wp\/v2\/posts\/83964\/revisions\/124583"}],"wp:attachment":[{"href":"https:\/\/www.fcbarcelonanoticias.com\/en\/wp-json\/wp\/v2\/media?parent=83964"}],"wp:term":[{"taxonomy":"category","embeddable":true,"href":"https:\/\/www.fcbarcelonanoticias.com\/en\/wp-json\/wp\/v2\/categories?post=83964"},{"taxonomy":"post_tag","embeddable":true,"href":"https:\/\/www.fcbarcelonanoticias.com\/en\/wp-json\/wp\/v2\/tags?post=83964"}],"curies":[{"name":"wp","href":"https:\/\/api.w.org\/{rel}","templated":true}]}}