{"id":84028,"date":"2015-12-22T10:02:00","date_gmt":"2015-12-22T09:02:00","guid":{"rendered":"https:\/\/weisetech.dev\/fc-barcelona-noticias\/en\/more-wood-rafa-benitez-punishes-to-isco-by-indiscipline_36818_102\/"},"modified":"2015-12-22T10:02:00","modified_gmt":"2015-12-22T09:02:00","slug":"more-wood-rafa-benitez-punishes-to-isco-by-indiscipline_36818_102","status":"publish","type":"post","link":"https:\/\/www.fcbarcelonanoticias.com\/en\/real-madrid\/more-wood-rafa-benitez-punishes-to-isco-by-indiscipline_36818_102.html","title":{"rendered":"More wood: Rafa Ben\u00edtez punishes to Isco by indiscipline"},"content":{"rendered":"\r\n<div class=\"article-addons\">\r\n    <a href=\"https:\/\/www.fcbarcelonanoticias.com\/en\/calendar-fc-barcelona.html\"\r\n       target=\"_self\"\r\n       title=\"Calendar of FC Barcelona\"\r\n       class=\"blue-gredient-btn\">\r\n       \r\n        Calendar of FC Barcelona    <\/a>\r\n<\/div>   <div class=\"separator\" style=\"clear: both; text-align: center;\"><a href=\"https:\/\/3.bp.blogspot.com\/en\/-pKwguLQJQSA\/Vnj_gQvm6QI\/AAAAAAAAFgY\/VCsI7TGMHTI\/s1600\/benitez-castiga-isco-desprecios.jpg\" imageanchor=\"1\" style=\"margin-left: 1em; margin-right: 1em;\"><\/a><\/div> <br><b>They follow the acts of indiscipline inside the white changing room to which the Madrilenian trainer does not know like answering. The last would be a supposed lack of respect of the midfield player malague\u00f1o to the reirse in the bench when the Ray Vallecano advanced  in the Bernab\u00e9u 1-2<\/b><br><br><span style=\"font-size: large;\"><b><span style=\"color: #990000;\">Ticket<\/span><\/b> &#8211; <b><u><a href=\"http:\/\/www.viagogo.es\/en\/Entradas-Deportes\/Futbol\/La-Liga-Primera-Division\/FC-Barcelona-Entradas\/E-1073690?AffiliateID=1558&amp;PCID=AFFESIAFF1558A548FCBFC6-05\" rel=\"nofollow\" target=\"_blank\">Gone in FC Barcelona vs Betis &#8211; League J17<\/a><\/u><\/b><\/span><br><span style=\"font-size: large;\"><b><span style=\"color: #990000;\">The Classical<\/span><\/b> &#8211; <b><u><a href=\"http:\/\/www.viagogo.es\/en\/Entradas-Deportes\/Futbol\/La-Liga-Primera-Division\/FC-Barcelona-Entradas\/E-1073691?AffiliateID=1558&amp;PCID=AFFESIAFF1558A548FCBFC6-05\" rel=\"nofollow\" target=\"_blank\">Gone in \/ Ticket FC Barcelona vs Real Madrid<\/a><\/u><\/b><\/span><br><span style=\"font-size: large;\"><b><span style=\"color: #990000;\">Ticket<\/span><\/b> &#8211; <b><u><a href=\"http:\/\/www.viagogo.es\/en\/Entradas-Deportes\/Futbol\/La-Liga-Primera-Division\/FC-Barcelona-Entradas?AffiliateID=1558&amp;PCID=AFFESIAFF1558A548FCBFC6-05\" rel=\"nofollow\" target=\"_blank\">Gone in for all the parties of the FC Barcelona<\/a><\/u><\/b><\/span> <br><br>A thing is that <b>Rafael Ben\u00edtez<\/b> was not managing of the all very his changing room and his forms are not the most Orthodox and another is that his subject him to an almost daily pulse. Something as the of <b>Isco Alarc\u00f3n<\/b> that, as it advanced the &#8220;Chiringuito&#8221;, committed a lack of respect to his mates in the party in front of the <b>Ray Vallecano<\/b>, where did not arrive to play any minute of the meeting.<br><br>Everything comes when the vallecanos advanced  1-2 and were hitting him a sovereign licking. According to the quoted program of television, <b>one of the assistants of Ben\u00edtez hunted to Isco laughing and kidding,<\/b> something that quickly communicated to his upper. The reaction was immediate and one of the men that are used to always go in in the second time remained  heating footpath all the meeting.<br><br>The usual change between James by the Andalusian this time varied  and the one who went in to the terrain of game was the Balkan <b>Kovacic<\/b>, the one who seems to be winning him the game in the last times. The c\u00falmen was when Ben\u00edtez changed to <b>Gareth Bleat&#8230; By Arbeloa!<\/b> Something did not have to leave well, had to think the midfield player in these moments. But the history of Isco also came of does time.<br><br>More specifically from the party in front of the <b>Villarreal in The Madrigal.<\/b> There the half ascertained that <b>Toni Kroos<\/b> would be acting beside him in the bench, what surprised to Isco that did the gesture to rub  the eyes in two occasions, also doing the grace. Something that, in this occasion, hunted of plenary the camera of &#8220;Four&#8221;. In this meeting played twelve minutes, perhaps because anybody  percat\u00f3 of the sucedido.<br><br>Now the things put him  more complicated to<b> an Isco Alarc\u00f3n that before all this had the benepl\u00e1cito of Ben\u00edtez,<\/b> that had given him more leadership in the team that to James Rodr\u00edguez. In fact the Andalusian was to title in the 80 percent of the parties of the <b>Real Madrid<\/b> this tempora <b>2015-2016 before Villarreal<\/b>.<br><br> ","protected":false},"excerpt":{"rendered":"<p>They follow the acts of indiscipline inside the white changing room to which the Madrilenian trainer does not know like answering. The last would be a supposed lack of respect of the midfield player malague\u00f1o to the reirse in the bench when the Ray Vallecano advanced in the Bernab\u00e9u 1-2 Ticket &#8211; Gone in FC [&hellip;]<\/p>\n","protected":false},"author":477,"featured_media":84034,"comment_status":"closed","ping_status":"open","sticky":false,"template":"","format":"standard","meta":{"_acf_changed":false,"inline_featured_image":false,"_nextfly_llmd_date_locked":false,"footnotes":""},"categories":[119,450],"tags":[258],"class_list":["post-84028","post","type-post","status-publish","format-standard","has-post-thumbnail","hentry","category-real-madrid","category-real-madrid-2","tag-rafa-benitez"],"acf":[],"yoast_head":"<!-- This site is optimized with the Yoast SEO plugin v27.3 - https:\/\/yoast.com\/product\/yoast-seo-wordpress\/ -->\n<title>More wood: Rafa Ben\u00edtez punishes to Isco by indiscipline<\/title>\n<meta name=\"description\" content=\"FCBarcelonaNoticias.com\" \/>\n<meta name=\"robots\" content=\"index, follow, max-snippet:-1, max-image-preview:large, max-video-preview:-1\" \/>\n<link rel=\"canonical\" href=\"https:\/\/www.fcbarcelonanoticias.com\/en\/real-madrid\/more-wood-rafa-benitez-punishes-to-isco-by-indiscipline_36818_102.html\" \/>\n<meta property=\"og:locale\" content=\"en_US\" \/>\n<meta property=\"og:type\" content=\"article\" \/>\n<meta property=\"og:title\" content=\"More wood: Rafa Ben\u00edtez punishes to Isco by indiscipline\" \/>\n<meta property=\"og:description\" content=\"FCBarcelonaNoticias.com\" \/>\n<meta property=\"og:url\" content=\"https:\/\/www.fcbarcelonanoticias.com\/en\/real-madrid\/more-wood-rafa-benitez-punishes-to-isco-by-indiscipline_36818_102.html\" \/>\n<meta property=\"og:site_name\" content=\"EN - FC Barcelona Noticias\" \/>\n<meta property=\"article:published_time\" content=\"2015-12-22T09:02:00+00:00\" \/>\n<meta property=\"og:image\" content=\"https:\/\/www.fcbarcelonanoticias.com\/en\/wp-content\/uploads\/sites\/2\/2015\/12\/benitez-castiga-isco-desprecios-36830.jpeg\" \/>\n\t<meta property=\"og:image:width\" content=\"610\" \/>\n\t<meta property=\"og:image:height\" content=\"343\" \/>\n\t<meta property=\"og:image:type\" content=\"image\/jpeg\" \/>\n<meta name=\"author\" content=\"user_4133\" \/>\n<meta name=\"twitter:card\" content=\"summary_large_image\" \/>\n<meta name=\"twitter:label1\" content=\"Written by\" \/>\n\t<meta name=\"twitter:data1\" content=\"user_4133\" \/>\n\t<meta name=\"twitter:label2\" content=\"Est. reading time\" \/>\n\t<meta name=\"twitter:data2\" content=\"2 minutes\" \/>\n<script type=\"application\/ld+json\" class=\"yoast-schema-graph\">{\"@context\":\"https:\\\/\\\/schema.org\",\"@graph\":[{\"@type\":\"Article\",\"@id\":\"https:\\\/\\\/www.fcbarcelonanoticias.com\\\/en\\\/real-madrid\\\/more-wood-rafa-benitez-punishes-to-isco-by-indiscipline_36818_102.html#article\",\"isPartOf\":{\"@id\":\"https:\\\/\\\/www.fcbarcelonanoticias.com\\\/en\\\/real-madrid\\\/more-wood-rafa-benitez-punishes-to-isco-by-indiscipline_36818_102.html\"},\"author\":{\"name\":\"user_4133\",\"@id\":\"https:\\\/\\\/www.fcbarcelonanoticias.com\\\/en\\\/#\\\/schema\\\/person\\\/ed5bb7a7aee68f98a042a7ff1a74c6dd\"},\"headline\":\"More wood: Rafa Ben\u00edtez punishes to Isco by indiscipline\",\"datePublished\":\"2015-12-22T09:02:00+00:00\",\"mainEntityOfPage\":{\"@id\":\"https:\\\/\\\/www.fcbarcelonanoticias.com\\\/en\\\/real-madrid\\\/more-wood-rafa-benitez-punishes-to-isco-by-indiscipline_36818_102.html\"},\"wordCount\":451,\"image\":{\"@id\":\"https:\\\/\\\/www.fcbarcelonanoticias.com\\\/en\\\/real-madrid\\\/more-wood-rafa-benitez-punishes-to-isco-by-indiscipline_36818_102.html#primaryimage\"},\"thumbnailUrl\":\"https:\\\/\\\/www.fcbarcelonanoticias.com\\\/en\\\/wp-content\\\/uploads\\\/sites\\\/2\\\/2015\\\/12\\\/benitez-castiga-isco-desprecios-36830.jpeg\",\"keywords\":[\"Rafa Ben\u00edtez\"],\"articleSection\":[\"Real Madrid\",\"Real Madrid\"],\"inLanguage\":\"en-US\"},{\"@type\":\"WebPage\",\"@id\":\"https:\\\/\\\/www.fcbarcelonanoticias.com\\\/en\\\/real-madrid\\\/more-wood-rafa-benitez-punishes-to-isco-by-indiscipline_36818_102.html\",\"url\":\"https:\\\/\\\/www.fcbarcelonanoticias.com\\\/en\\\/real-madrid\\\/more-wood-rafa-benitez-punishes-to-isco-by-indiscipline_36818_102.html\",\"name\":\"More wood: Rafa Ben\u00edtez punishes to Isco by indiscipline\",\"isPartOf\":{\"@id\":\"https:\\\/\\\/www.fcbarcelonanoticias.com\\\/en\\\/#website\"},\"primaryImageOfPage\":{\"@id\":\"https:\\\/\\\/www.fcbarcelonanoticias.com\\\/en\\\/real-madrid\\\/more-wood-rafa-benitez-punishes-to-isco-by-indiscipline_36818_102.html#primaryimage\"},\"image\":{\"@id\":\"https:\\\/\\\/www.fcbarcelonanoticias.com\\\/en\\\/real-madrid\\\/more-wood-rafa-benitez-punishes-to-isco-by-indiscipline_36818_102.html#primaryimage\"},\"thumbnailUrl\":\"https:\\\/\\\/www.fcbarcelonanoticias.com\\\/en\\\/wp-content\\\/uploads\\\/sites\\\/2\\\/2015\\\/12\\\/benitez-castiga-isco-desprecios-36830.jpeg\",\"datePublished\":\"2015-12-22T09:02:00+00:00\",\"author\":{\"@id\":\"https:\\\/\\\/www.fcbarcelonanoticias.com\\\/en\\\/#\\\/schema\\\/person\\\/ed5bb7a7aee68f98a042a7ff1a74c6dd\"},\"description\":\"FCBarcelonaNoticias.com\",\"breadcrumb\":{\"@id\":\"https:\\\/\\\/www.fcbarcelonanoticias.com\\\/en\\\/real-madrid\\\/more-wood-rafa-benitez-punishes-to-isco-by-indiscipline_36818_102.html#breadcrumb\"},\"inLanguage\":\"en-US\",\"potentialAction\":[{\"@type\":\"ReadAction\",\"target\":[\"https:\\\/\\\/www.fcbarcelonanoticias.com\\\/en\\\/real-madrid\\\/more-wood-rafa-benitez-punishes-to-isco-by-indiscipline_36818_102.html\"]}]},{\"@type\":\"ImageObject\",\"inLanguage\":\"en-US\",\"@id\":\"https:\\\/\\\/www.fcbarcelonanoticias.com\\\/en\\\/real-madrid\\\/more-wood-rafa-benitez-punishes-to-isco-by-indiscipline_36818_102.html#primaryimage\",\"url\":\"https:\\\/\\\/www.fcbarcelonanoticias.com\\\/en\\\/wp-content\\\/uploads\\\/sites\\\/2\\\/2015\\\/12\\\/benitez-castiga-isco-desprecios-36830.jpeg\",\"contentUrl\":\"https:\\\/\\\/www.fcbarcelonanoticias.com\\\/en\\\/wp-content\\\/uploads\\\/sites\\\/2\\\/2015\\\/12\\\/benitez-castiga-isco-desprecios-36830.jpeg\",\"width\":610,\"height\":343},{\"@type\":\"BreadcrumbList\",\"@id\":\"https:\\\/\\\/www.fcbarcelonanoticias.com\\\/en\\\/real-madrid\\\/more-wood-rafa-benitez-punishes-to-isco-by-indiscipline_36818_102.html#breadcrumb\",\"itemListElement\":[{\"@type\":\"ListItem\",\"position\":1,\"name\":\"Portada\",\"item\":\"https:\\\/\\\/www.fcbarcelonanoticias.com\\\/en\\\/\"},{\"@type\":\"ListItem\",\"position\":2,\"name\":\"More wood: Rafa Ben\u00edtez punishes to Isco by indiscipline\"}]},{\"@type\":\"WebSite\",\"@id\":\"https:\\\/\\\/www.fcbarcelonanoticias.com\\\/en\\\/#website\",\"url\":\"https:\\\/\\\/www.fcbarcelonanoticias.com\\\/en\\\/\",\"name\":\"EN - FC Barcelona Noticias\",\"description\":\"\",\"potentialAction\":[{\"@type\":\"SearchAction\",\"target\":{\"@type\":\"EntryPoint\",\"urlTemplate\":\"https:\\\/\\\/www.fcbarcelonanoticias.com\\\/en\\\/?s={search_term_string}\"},\"query-input\":{\"@type\":\"PropertyValueSpecification\",\"valueRequired\":true,\"valueName\":\"search_term_string\"}}],\"inLanguage\":\"en-US\"},{\"@type\":\"Person\",\"@id\":\"https:\\\/\\\/www.fcbarcelonanoticias.com\\\/en\\\/#\\\/schema\\\/person\\\/ed5bb7a7aee68f98a042a7ff1a74c6dd\",\"name\":\"user_4133\",\"image\":{\"@type\":\"ImageObject\",\"inLanguage\":\"en-US\",\"@id\":\"https:\\\/\\\/secure.gravatar.com\\\/avatar\\\/?s=96&d=mm&r=g\",\"url\":\"https:\\\/\\\/secure.gravatar.com\\\/avatar\\\/?s=96&d=mm&r=g\",\"contentUrl\":\"https:\\\/\\\/secure.gravatar.com\\\/avatar\\\/?s=96&d=mm&r=g\",\"caption\":\"user_4133\"},\"url\":\"https:\\\/\\\/www.fcbarcelonanoticias.com\\\/en\\\/user_4133.html\"}]}<\/script>\n<!-- \/ Yoast SEO plugin. -->","yoast_head_json":{"title":"More wood: Rafa Ben\u00edtez punishes to Isco by indiscipline","description":"FCBarcelonaNoticias.com","robots":{"index":"index","follow":"follow","max-snippet":"max-snippet:-1","max-image-preview":"max-image-preview:large","max-video-preview":"max-video-preview:-1"},"canonical":"https:\/\/www.fcbarcelonanoticias.com\/en\/real-madrid\/more-wood-rafa-benitez-punishes-to-isco-by-indiscipline_36818_102.html","og_locale":"en_US","og_type":"article","og_title":"More wood: Rafa Ben\u00edtez punishes to Isco by indiscipline","og_description":"FCBarcelonaNoticias.com","og_url":"https:\/\/www.fcbarcelonanoticias.com\/en\/real-madrid\/more-wood-rafa-benitez-punishes-to-isco-by-indiscipline_36818_102.html","og_site_name":"EN - FC Barcelona Noticias","article_published_time":"2015-12-22T09:02:00+00:00","og_image":[{"width":610,"height":343,"url":"https:\/\/www.fcbarcelonanoticias.com\/en\/wp-content\/uploads\/sites\/2\/2015\/12\/benitez-castiga-isco-desprecios-36830.jpeg","type":"image\/jpeg"}],"author":"user_4133","twitter_card":"summary_large_image","twitter_misc":{"Written by":"user_4133","Est. reading time":"2 minutes"},"schema":{"@context":"https:\/\/schema.org","@graph":[{"@type":"Article","@id":"https:\/\/www.fcbarcelonanoticias.com\/en\/real-madrid\/more-wood-rafa-benitez-punishes-to-isco-by-indiscipline_36818_102.html#article","isPartOf":{"@id":"https:\/\/www.fcbarcelonanoticias.com\/en\/real-madrid\/more-wood-rafa-benitez-punishes-to-isco-by-indiscipline_36818_102.html"},"author":{"name":"user_4133","@id":"https:\/\/www.fcbarcelonanoticias.com\/en\/#\/schema\/person\/ed5bb7a7aee68f98a042a7ff1a74c6dd"},"headline":"More wood: Rafa Ben\u00edtez punishes to Isco by indiscipline","datePublished":"2015-12-22T09:02:00+00:00","mainEntityOfPage":{"@id":"https:\/\/www.fcbarcelonanoticias.com\/en\/real-madrid\/more-wood-rafa-benitez-punishes-to-isco-by-indiscipline_36818_102.html"},"wordCount":451,"image":{"@id":"https:\/\/www.fcbarcelonanoticias.com\/en\/real-madrid\/more-wood-rafa-benitez-punishes-to-isco-by-indiscipline_36818_102.html#primaryimage"},"thumbnailUrl":"https:\/\/www.fcbarcelonanoticias.com\/en\/wp-content\/uploads\/sites\/2\/2015\/12\/benitez-castiga-isco-desprecios-36830.jpeg","keywords":["Rafa Ben\u00edtez"],"articleSection":["Real Madrid","Real Madrid"],"inLanguage":"en-US"},{"@type":"WebPage","@id":"https:\/\/www.fcbarcelonanoticias.com\/en\/real-madrid\/more-wood-rafa-benitez-punishes-to-isco-by-indiscipline_36818_102.html","url":"https:\/\/www.fcbarcelonanoticias.com\/en\/real-madrid\/more-wood-rafa-benitez-punishes-to-isco-by-indiscipline_36818_102.html","name":"More wood: Rafa Ben\u00edtez punishes to Isco by indiscipline","isPartOf":{"@id":"https:\/\/www.fcbarcelonanoticias.com\/en\/#website"},"primaryImageOfPage":{"@id":"https:\/\/www.fcbarcelonanoticias.com\/en\/real-madrid\/more-wood-rafa-benitez-punishes-to-isco-by-indiscipline_36818_102.html#primaryimage"},"image":{"@id":"https:\/\/www.fcbarcelonanoticias.com\/en\/real-madrid\/more-wood-rafa-benitez-punishes-to-isco-by-indiscipline_36818_102.html#primaryimage"},"thumbnailUrl":"https:\/\/www.fcbarcelonanoticias.com\/en\/wp-content\/uploads\/sites\/2\/2015\/12\/benitez-castiga-isco-desprecios-36830.jpeg","datePublished":"2015-12-22T09:02:00+00:00","author":{"@id":"https:\/\/www.fcbarcelonanoticias.com\/en\/#\/schema\/person\/ed5bb7a7aee68f98a042a7ff1a74c6dd"},"description":"FCBarcelonaNoticias.com","breadcrumb":{"@id":"https:\/\/www.fcbarcelonanoticias.com\/en\/real-madrid\/more-wood-rafa-benitez-punishes-to-isco-by-indiscipline_36818_102.html#breadcrumb"},"inLanguage":"en-US","potentialAction":[{"@type":"ReadAction","target":["https:\/\/www.fcbarcelonanoticias.com\/en\/real-madrid\/more-wood-rafa-benitez-punishes-to-isco-by-indiscipline_36818_102.html"]}]},{"@type":"ImageObject","inLanguage":"en-US","@id":"https:\/\/www.fcbarcelonanoticias.com\/en\/real-madrid\/more-wood-rafa-benitez-punishes-to-isco-by-indiscipline_36818_102.html#primaryimage","url":"https:\/\/www.fcbarcelonanoticias.com\/en\/wp-content\/uploads\/sites\/2\/2015\/12\/benitez-castiga-isco-desprecios-36830.jpeg","contentUrl":"https:\/\/www.fcbarcelonanoticias.com\/en\/wp-content\/uploads\/sites\/2\/2015\/12\/benitez-castiga-isco-desprecios-36830.jpeg","width":610,"height":343},{"@type":"BreadcrumbList","@id":"https:\/\/www.fcbarcelonanoticias.com\/en\/real-madrid\/more-wood-rafa-benitez-punishes-to-isco-by-indiscipline_36818_102.html#breadcrumb","itemListElement":[{"@type":"ListItem","position":1,"name":"Portada","item":"https:\/\/www.fcbarcelonanoticias.com\/en\/"},{"@type":"ListItem","position":2,"name":"More wood: Rafa Ben\u00edtez punishes to Isco by indiscipline"}]},{"@type":"WebSite","@id":"https:\/\/www.fcbarcelonanoticias.com\/en\/#website","url":"https:\/\/www.fcbarcelonanoticias.com\/en\/","name":"EN - FC Barcelona Noticias","description":"","potentialAction":[{"@type":"SearchAction","target":{"@type":"EntryPoint","urlTemplate":"https:\/\/www.fcbarcelonanoticias.com\/en\/?s={search_term_string}"},"query-input":{"@type":"PropertyValueSpecification","valueRequired":true,"valueName":"search_term_string"}}],"inLanguage":"en-US"},{"@type":"Person","@id":"https:\/\/www.fcbarcelonanoticias.com\/en\/#\/schema\/person\/ed5bb7a7aee68f98a042a7ff1a74c6dd","name":"user_4133","image":{"@type":"ImageObject","inLanguage":"en-US","@id":"https:\/\/secure.gravatar.com\/avatar\/?s=96&d=mm&r=g","url":"https:\/\/secure.gravatar.com\/avatar\/?s=96&d=mm&r=g","contentUrl":"https:\/\/secure.gravatar.com\/avatar\/?s=96&d=mm&r=g","caption":"user_4133"},"url":"https:\/\/www.fcbarcelonanoticias.com\/en\/user_4133.html"}]}},"_links":{"self":[{"href":"https:\/\/www.fcbarcelonanoticias.com\/en\/wp-json\/wp\/v2\/posts\/84028","targetHints":{"allow":["GET"]}}],"collection":[{"href":"https:\/\/www.fcbarcelonanoticias.com\/en\/wp-json\/wp\/v2\/posts"}],"about":[{"href":"https:\/\/www.fcbarcelonanoticias.com\/en\/wp-json\/wp\/v2\/types\/post"}],"author":[{"embeddable":true,"href":"https:\/\/www.fcbarcelonanoticias.com\/en\/wp-json\/wp\/v2\/users\/477"}],"replies":[{"embeddable":true,"href":"https:\/\/www.fcbarcelonanoticias.com\/en\/wp-json\/wp\/v2\/comments?post=84028"}],"version-history":[{"count":1,"href":"https:\/\/www.fcbarcelonanoticias.com\/en\/wp-json\/wp\/v2\/posts\/84028\/revisions"}],"predecessor-version":[{"id":123328,"href":"https:\/\/www.fcbarcelonanoticias.com\/en\/wp-json\/wp\/v2\/posts\/84028\/revisions\/123328"}],"wp:featuredmedia":[{"embeddable":true,"href":"https:\/\/www.fcbarcelonanoticias.com\/en\/wp-json\/wp\/v2\/media\/84034"}],"wp:attachment":[{"href":"https:\/\/www.fcbarcelonanoticias.com\/en\/wp-json\/wp\/v2\/media?parent=84028"}],"wp:term":[{"taxonomy":"category","embeddable":true,"href":"https:\/\/www.fcbarcelonanoticias.com\/en\/wp-json\/wp\/v2\/categories?post=84028"},{"taxonomy":"post_tag","embeddable":true,"href":"https:\/\/www.fcbarcelonanoticias.com\/en\/wp-json\/wp\/v2\/tags?post=84028"}],"curies":[{"name":"wp","href":"https:\/\/api.w.org\/{rel}","templated":true}]}}