{"id":84571,"date":"2023-02-18T12:29:00","date_gmt":"2023-02-18T11:29:00","guid":{"rendered":"https:\/\/weisetech.dev\/fc-barcelona-noticias\/en\/process-gripal-separates-to-tchouameni-of-the-osasuna-madrid_289740_102\/"},"modified":"2023-02-18T12:29:00","modified_gmt":"2023-02-18T11:29:00","slug":"process-gripal-separates-to-tchouameni-of-the-osasuna-madrid_289740_102","status":"publish","type":"post","link":"https:\/\/www.fcbarcelonanoticias.com\/en\/real-madrid\/process-gripal-separates-to-tchouameni-of-the-osasuna-madrid_289740_102.html","title":{"rendered":"A flu process separates Tchouam\u00e9ni from Osasuna-Madrid"},"content":{"rendered":"<h2 class=\"wp-block-heading\">Aur\u00e9lien Tchouam\u00e9ni will not travel with the Madrid expedition to Pamplona. The French international has contracted a virus that will keep him out for a few days until he returns to training with the group ahead of the match against Liverpool<\/h2>  \r\n<div class=\"article-addons\">\r\n    <a href=\"https:\/\/www.fcbarcelonanoticias.com\/en\/calendar-fc-barcelona.html\"\r\n       target=\"_self\"\r\n       title=\"Calendar of FC Barcelona\"\r\n       class=\"blue-gredient-btn\">\r\n       \r\n        Calendar of FC Barcelona    <\/a>\r\n<\/div>   <p>The Real Madrid faces a hard party <a data-external=\"0\" data-intl-links-en=\"https:\/\/www.fcbarcelonanoticias.com\/en\/laliga\/osasuna-real-madrid-on-tv-when-where-to-watch-la-liga-match_289719_102.html\" data-intl-links-es=\"https:\/\/www.fcbarcelonanoticias.com\/laliga\/osasuna-real-madrid-en-tv-cuando-donde-ver-partido-laliga_289719_102.html\" href=\"https:\/\/www.fcbarcelonanoticias.com\/en\/laliga\/osasuna-real-madrid-on-tv-when-where-to-watch-la-liga-match_289719_102.html\" rel=\"follow\" target=\"_self\" title=\"Osasuna-Real Madrid en TV: Cu\u00e1ndo y d\u00f3nde ver el partido de LaLiga\">in The Sadar in front of Osasuna<\/a> in his attempt by recortar distances in the table of classification of LaLiga regarding the FC Barcelona, or at least expecting that the Barcelona team do not follow moving away. For this will have to win to a complicated team, a work that does  even more slope up with the drop <strong>of Aur\u00e9lien Tchouam\u00e9ni, the one who will not travel to Pamplona with the team of Carlo Ancelotti<\/strong>.<\/p> <p>All is due to a process gripal that crosses the international French, as the informed by the club in a communiqu\u00e9 in which they indicate who will occupy his square: &#8220;Aur\u00e9lien Tchouameni will not play tonight the meeting between the Real Madrid and Osasuna, corresponding to the 22\u00aa day of League (21:00 h). <strong>The French is drop of last hour because of a process gripal and does not travel to Pamplona. In his place goes in Mario Mart\u00edn in the announcement<\/strong>&#8220;.<\/p> <p>It will be the canterano of the Castilla the one who finally will complete the announcement of the Italian in search of these three vital points for the whites, that could cost more if they combine  with a &#8216;prick&#8217; of the Bar\u00e7a in front of the C\u00e1diz. It is not the first drop of the Frenchman in what it goes of season: <strong>already previously it has been absent of face to five commitments in what it goes of the year<\/strong>, although for then all was due to a muscular injury.<\/p> <h4>When it could take action?<\/h4> <p>In principle, it expects  that his condition was eradicated in very few days, what would allow him reincorporarse to the sessions of physical work beside the rest of his mates, already <strong>thinking in the meeting in front of the Liverpool in the gone of the eighth of final<\/strong> of the League of Champions, in which the merengues will be reediting the decisive party of the past edition of the tournament in which they heaved his fourteenth orejona.<\/p> <p>In concrete, the Madrid will have of the following effective to measure  to Osasuna, <strong>in the list stands out the presence of two canteranos<\/strong>: like goalkeepers appear the names of Thibaut Courtois, Andriy Lunin and Luis L\u00f3pez. The defenders will be Dani Carvajal, Eder Militao, David Praises, Jes\u00fas Vallejo, Nacho Fern\u00e1ndez, \u00c1lvaro Odriozola, Lucas V\u00e1zquez and Antonio R\u00fcdiger. For the centre of the field will have Luka Modric, Eduardo Camavinga, Fede Valverde, Dani Ceballos and Mario Mart\u00edn, whereas like attackers will be available Vinicius Jr., Rodrygo Goes, Eden Hazard, Marco Asensio and \u00c1lvaro Rodr\u00edguez. <\/p> ","protected":false},"excerpt":{"rendered":"<p>Aur\u00e9lien Tchouam\u00e9ni will not travel with the Madrid expedition to Pamplona. The French international has contracted a virus that will keep him out for a few days until he returns to training with the group ahead of the match against Liverpool The Real Madrid faces a hard party in The Sadar in front of Osasuna [&hellip;]<\/p>\n","protected":false},"author":363,"featured_media":84577,"comment_status":"closed","ping_status":"open","sticky":false,"template":"","format":"standard","meta":{"_acf_changed":false,"inline_featured_image":false,"_nextfly_llmd_date_locked":false,"footnotes":""},"categories":[119,450],"tags":[],"class_list":["post-84571","post","type-post","status-publish","format-standard","has-post-thumbnail","hentry","category-real-madrid","category-real-madrid-2"],"acf":[],"yoast_head":"<!-- This site is optimized with the Yoast SEO plugin v27.3 - https:\/\/yoast.com\/product\/yoast-seo-wordpress\/ -->\n<title>A process gripal separates to Tchouam\u00e9ni of the Osasuna-Madrid<\/title>\n<meta name=\"description\" content=\"Aur\u00e9lien Tchouam\u00e9ni Will not travel with the expedition madridista to Pamplona. The international Frenchman has contracted a virus that will keep him of drop during some days until going back to train with the group of face to the party in front of the Liverpool\" \/>\n<meta name=\"robots\" content=\"index, follow, max-snippet:-1, max-image-preview:large, max-video-preview:-1\" \/>\n<link rel=\"canonical\" href=\"https:\/\/www.fcbarcelonanoticias.com\/en\/real-madrid\/process-gripal-separates-to-tchouameni-of-the-osasuna-madrid_289740_102.html\" \/>\n<meta property=\"og:locale\" content=\"en_US\" \/>\n<meta property=\"og:type\" content=\"article\" \/>\n<meta property=\"og:title\" content=\"A process gripal separates to Tchouam\u00e9ni of the Osasuna-Madrid\" \/>\n<meta property=\"og:description\" content=\"Aur\u00e9lien Tchouam\u00e9ni Will not travel with the expedition madridista to Pamplona. The international Frenchman has contracted a virus that will keep him of drop during some days until going back to train with the group of face to the party in front of the Liverpool\" \/>\n<meta property=\"og:url\" content=\"https:\/\/www.fcbarcelonanoticias.com\/en\/real-madrid\/process-gripal-separates-to-tchouameni-of-the-osasuna-madrid_289740_102.html\" \/>\n<meta property=\"og:site_name\" content=\"EN - FC Barcelona Noticias\" \/>\n<meta property=\"article:published_time\" content=\"2023-02-18T11:29:00+00:00\" \/>\n<meta property=\"og:image\" content=\"https:\/\/www.fcbarcelonanoticias.com\/en\/wp-content\/uploads\/sites\/2\/2023\/02\/fbl-wclub-real-madrid-hilal-1-1.jpeg\" \/>\n\t<meta property=\"og:image:width\" content=\"1200\" \/>\n\t<meta property=\"og:image:height\" content=\"702\" \/>\n\t<meta property=\"og:image:type\" content=\"image\/jpeg\" \/>\n<meta name=\"author\" content=\"Claudio Betancourt\" \/>\n<meta name=\"twitter:card\" content=\"summary_large_image\" \/>\n<meta name=\"twitter:label1\" content=\"Written by\" \/>\n\t<meta name=\"twitter:data1\" content=\"Claudio Betancourt\" \/>\n\t<meta name=\"twitter:label2\" content=\"Est. reading time\" \/>\n\t<meta name=\"twitter:data2\" content=\"2 minutes\" \/>\n<script type=\"application\/ld+json\" class=\"yoast-schema-graph\">{\"@context\":\"https:\\\/\\\/schema.org\",\"@graph\":[{\"@type\":\"Article\",\"@id\":\"https:\\\/\\\/www.fcbarcelonanoticias.com\\\/en\\\/real-madrid\\\/process-gripal-separates-to-tchouameni-of-the-osasuna-madrid_289740_102.html#article\",\"isPartOf\":{\"@id\":\"https:\\\/\\\/www.fcbarcelonanoticias.com\\\/en\\\/real-madrid\\\/process-gripal-separates-to-tchouameni-of-the-osasuna-madrid_289740_102.html\"},\"author\":{\"name\":\"Claudio Betancourt\",\"@id\":\"https:\\\/\\\/www.fcbarcelonanoticias.com\\\/en\\\/#\\\/schema\\\/person\\\/76c77917e39f918eb1604c571055386e\"},\"headline\":\"A flu process separates Tchouam\u00e9ni from Osasuna-Madrid\",\"datePublished\":\"2023-02-18T11:29:00+00:00\",\"mainEntityOfPage\":{\"@id\":\"https:\\\/\\\/www.fcbarcelonanoticias.com\\\/en\\\/real-madrid\\\/process-gripal-separates-to-tchouameni-of-the-osasuna-madrid_289740_102.html\"},\"wordCount\":491,\"image\":{\"@id\":\"https:\\\/\\\/www.fcbarcelonanoticias.com\\\/en\\\/real-madrid\\\/process-gripal-separates-to-tchouameni-of-the-osasuna-madrid_289740_102.html#primaryimage\"},\"thumbnailUrl\":\"https:\\\/\\\/www.fcbarcelonanoticias.com\\\/en\\\/wp-content\\\/uploads\\\/sites\\\/2\\\/2023\\\/02\\\/fbl-wclub-real-madrid-hilal-1-1.jpeg\",\"articleSection\":[\"Real Madrid\",\"Real Madrid\"],\"inLanguage\":\"en-US\"},{\"@type\":\"WebPage\",\"@id\":\"https:\\\/\\\/www.fcbarcelonanoticias.com\\\/en\\\/real-madrid\\\/process-gripal-separates-to-tchouameni-of-the-osasuna-madrid_289740_102.html\",\"url\":\"https:\\\/\\\/www.fcbarcelonanoticias.com\\\/en\\\/real-madrid\\\/process-gripal-separates-to-tchouameni-of-the-osasuna-madrid_289740_102.html\",\"name\":\"A process gripal separates to Tchouam\u00e9ni of the Osasuna-Madrid\",\"isPartOf\":{\"@id\":\"https:\\\/\\\/www.fcbarcelonanoticias.com\\\/en\\\/#website\"},\"primaryImageOfPage\":{\"@id\":\"https:\\\/\\\/www.fcbarcelonanoticias.com\\\/en\\\/real-madrid\\\/process-gripal-separates-to-tchouameni-of-the-osasuna-madrid_289740_102.html#primaryimage\"},\"image\":{\"@id\":\"https:\\\/\\\/www.fcbarcelonanoticias.com\\\/en\\\/real-madrid\\\/process-gripal-separates-to-tchouameni-of-the-osasuna-madrid_289740_102.html#primaryimage\"},\"thumbnailUrl\":\"https:\\\/\\\/www.fcbarcelonanoticias.com\\\/en\\\/wp-content\\\/uploads\\\/sites\\\/2\\\/2023\\\/02\\\/fbl-wclub-real-madrid-hilal-1-1.jpeg\",\"datePublished\":\"2023-02-18T11:29:00+00:00\",\"author\":{\"@id\":\"https:\\\/\\\/www.fcbarcelonanoticias.com\\\/en\\\/#\\\/schema\\\/person\\\/76c77917e39f918eb1604c571055386e\"},\"description\":\"Aur\u00e9lien Tchouam\u00e9ni Will not travel with the expedition madridista to Pamplona. The international Frenchman has contracted a virus that will keep him of drop during some days until going back to train with the group of face to the party in front of the Liverpool\",\"breadcrumb\":{\"@id\":\"https:\\\/\\\/www.fcbarcelonanoticias.com\\\/en\\\/real-madrid\\\/process-gripal-separates-to-tchouameni-of-the-osasuna-madrid_289740_102.html#breadcrumb\"},\"inLanguage\":\"en-US\",\"potentialAction\":[{\"@type\":\"ReadAction\",\"target\":[\"https:\\\/\\\/www.fcbarcelonanoticias.com\\\/en\\\/real-madrid\\\/process-gripal-separates-to-tchouameni-of-the-osasuna-madrid_289740_102.html\"]}]},{\"@type\":\"ImageObject\",\"inLanguage\":\"en-US\",\"@id\":\"https:\\\/\\\/www.fcbarcelonanoticias.com\\\/en\\\/real-madrid\\\/process-gripal-separates-to-tchouameni-of-the-osasuna-madrid_289740_102.html#primaryimage\",\"url\":\"https:\\\/\\\/www.fcbarcelonanoticias.com\\\/en\\\/wp-content\\\/uploads\\\/sites\\\/2\\\/2023\\\/02\\\/fbl-wclub-real-madrid-hilal-1-1.jpeg\",\"contentUrl\":\"https:\\\/\\\/www.fcbarcelonanoticias.com\\\/en\\\/wp-content\\\/uploads\\\/sites\\\/2\\\/2023\\\/02\\\/fbl-wclub-real-madrid-hilal-1-1.jpeg\",\"width\":1200,\"height\":702},{\"@type\":\"BreadcrumbList\",\"@id\":\"https:\\\/\\\/www.fcbarcelonanoticias.com\\\/en\\\/real-madrid\\\/process-gripal-separates-to-tchouameni-of-the-osasuna-madrid_289740_102.html#breadcrumb\",\"itemListElement\":[{\"@type\":\"ListItem\",\"position\":1,\"name\":\"Portada\",\"item\":\"https:\\\/\\\/www.fcbarcelonanoticias.com\\\/en\\\/\"},{\"@type\":\"ListItem\",\"position\":2,\"name\":\"A flu process separates Tchouam\u00e9ni from Osasuna-Madrid\"}]},{\"@type\":\"WebSite\",\"@id\":\"https:\\\/\\\/www.fcbarcelonanoticias.com\\\/en\\\/#website\",\"url\":\"https:\\\/\\\/www.fcbarcelonanoticias.com\\\/en\\\/\",\"name\":\"EN - FC Barcelona Noticias\",\"description\":\"\",\"potentialAction\":[{\"@type\":\"SearchAction\",\"target\":{\"@type\":\"EntryPoint\",\"urlTemplate\":\"https:\\\/\\\/www.fcbarcelonanoticias.com\\\/en\\\/?s={search_term_string}\"},\"query-input\":{\"@type\":\"PropertyValueSpecification\",\"valueRequired\":true,\"valueName\":\"search_term_string\"}}],\"inLanguage\":\"en-US\"},{\"@type\":\"Person\",\"@id\":\"https:\\\/\\\/www.fcbarcelonanoticias.com\\\/en\\\/#\\\/schema\\\/person\\\/76c77917e39f918eb1604c571055386e\",\"name\":\"Claudio Betancourt\",\"image\":{\"@type\":\"ImageObject\",\"inLanguage\":\"en-US\",\"@id\":\"https:\\\/\\\/secure.gravatar.com\\\/avatar\\\/?s=96&d=mm&r=g\",\"url\":\"https:\\\/\\\/secure.gravatar.com\\\/avatar\\\/?s=96&d=mm&r=g\",\"contentUrl\":\"https:\\\/\\\/secure.gravatar.com\\\/avatar\\\/?s=96&d=mm&r=g\",\"caption\":\"Claudio Betancourt\"},\"url\":\"https:\\\/\\\/www.fcbarcelonanoticias.com\\\/en\\\/claudio-betancourt_14_115.html\"}]}<\/script>\n<!-- \/ Yoast SEO plugin. -->","yoast_head_json":{"title":"A process gripal separates to Tchouam\u00e9ni of the Osasuna-Madrid","description":"Aur\u00e9lien Tchouam\u00e9ni Will not travel with the expedition madridista to Pamplona. The international Frenchman has contracted a virus that will keep him of drop during some days until going back to train with the group of face to the party in front of the Liverpool","robots":{"index":"index","follow":"follow","max-snippet":"max-snippet:-1","max-image-preview":"max-image-preview:large","max-video-preview":"max-video-preview:-1"},"canonical":"https:\/\/www.fcbarcelonanoticias.com\/en\/real-madrid\/process-gripal-separates-to-tchouameni-of-the-osasuna-madrid_289740_102.html","og_locale":"en_US","og_type":"article","og_title":"A process gripal separates to Tchouam\u00e9ni of the Osasuna-Madrid","og_description":"Aur\u00e9lien Tchouam\u00e9ni Will not travel with the expedition madridista to Pamplona. The international Frenchman has contracted a virus that will keep him of drop during some days until going back to train with the group of face to the party in front of the Liverpool","og_url":"https:\/\/www.fcbarcelonanoticias.com\/en\/real-madrid\/process-gripal-separates-to-tchouameni-of-the-osasuna-madrid_289740_102.html","og_site_name":"EN - FC Barcelona Noticias","article_published_time":"2023-02-18T11:29:00+00:00","og_image":[{"width":1200,"height":702,"url":"https:\/\/www.fcbarcelonanoticias.com\/en\/wp-content\/uploads\/sites\/2\/2023\/02\/fbl-wclub-real-madrid-hilal-1-1.jpeg","type":"image\/jpeg"}],"author":"Claudio Betancourt","twitter_card":"summary_large_image","twitter_misc":{"Written by":"Claudio Betancourt","Est. reading time":"2 minutes"},"schema":{"@context":"https:\/\/schema.org","@graph":[{"@type":"Article","@id":"https:\/\/www.fcbarcelonanoticias.com\/en\/real-madrid\/process-gripal-separates-to-tchouameni-of-the-osasuna-madrid_289740_102.html#article","isPartOf":{"@id":"https:\/\/www.fcbarcelonanoticias.com\/en\/real-madrid\/process-gripal-separates-to-tchouameni-of-the-osasuna-madrid_289740_102.html"},"author":{"name":"Claudio Betancourt","@id":"https:\/\/www.fcbarcelonanoticias.com\/en\/#\/schema\/person\/76c77917e39f918eb1604c571055386e"},"headline":"A flu process separates Tchouam\u00e9ni from Osasuna-Madrid","datePublished":"2023-02-18T11:29:00+00:00","mainEntityOfPage":{"@id":"https:\/\/www.fcbarcelonanoticias.com\/en\/real-madrid\/process-gripal-separates-to-tchouameni-of-the-osasuna-madrid_289740_102.html"},"wordCount":491,"image":{"@id":"https:\/\/www.fcbarcelonanoticias.com\/en\/real-madrid\/process-gripal-separates-to-tchouameni-of-the-osasuna-madrid_289740_102.html#primaryimage"},"thumbnailUrl":"https:\/\/www.fcbarcelonanoticias.com\/en\/wp-content\/uploads\/sites\/2\/2023\/02\/fbl-wclub-real-madrid-hilal-1-1.jpeg","articleSection":["Real Madrid","Real Madrid"],"inLanguage":"en-US"},{"@type":"WebPage","@id":"https:\/\/www.fcbarcelonanoticias.com\/en\/real-madrid\/process-gripal-separates-to-tchouameni-of-the-osasuna-madrid_289740_102.html","url":"https:\/\/www.fcbarcelonanoticias.com\/en\/real-madrid\/process-gripal-separates-to-tchouameni-of-the-osasuna-madrid_289740_102.html","name":"A process gripal separates to Tchouam\u00e9ni of the Osasuna-Madrid","isPartOf":{"@id":"https:\/\/www.fcbarcelonanoticias.com\/en\/#website"},"primaryImageOfPage":{"@id":"https:\/\/www.fcbarcelonanoticias.com\/en\/real-madrid\/process-gripal-separates-to-tchouameni-of-the-osasuna-madrid_289740_102.html#primaryimage"},"image":{"@id":"https:\/\/www.fcbarcelonanoticias.com\/en\/real-madrid\/process-gripal-separates-to-tchouameni-of-the-osasuna-madrid_289740_102.html#primaryimage"},"thumbnailUrl":"https:\/\/www.fcbarcelonanoticias.com\/en\/wp-content\/uploads\/sites\/2\/2023\/02\/fbl-wclub-real-madrid-hilal-1-1.jpeg","datePublished":"2023-02-18T11:29:00+00:00","author":{"@id":"https:\/\/www.fcbarcelonanoticias.com\/en\/#\/schema\/person\/76c77917e39f918eb1604c571055386e"},"description":"Aur\u00e9lien Tchouam\u00e9ni Will not travel with the expedition madridista to Pamplona. The international Frenchman has contracted a virus that will keep him of drop during some days until going back to train with the group of face to the party in front of the Liverpool","breadcrumb":{"@id":"https:\/\/www.fcbarcelonanoticias.com\/en\/real-madrid\/process-gripal-separates-to-tchouameni-of-the-osasuna-madrid_289740_102.html#breadcrumb"},"inLanguage":"en-US","potentialAction":[{"@type":"ReadAction","target":["https:\/\/www.fcbarcelonanoticias.com\/en\/real-madrid\/process-gripal-separates-to-tchouameni-of-the-osasuna-madrid_289740_102.html"]}]},{"@type":"ImageObject","inLanguage":"en-US","@id":"https:\/\/www.fcbarcelonanoticias.com\/en\/real-madrid\/process-gripal-separates-to-tchouameni-of-the-osasuna-madrid_289740_102.html#primaryimage","url":"https:\/\/www.fcbarcelonanoticias.com\/en\/wp-content\/uploads\/sites\/2\/2023\/02\/fbl-wclub-real-madrid-hilal-1-1.jpeg","contentUrl":"https:\/\/www.fcbarcelonanoticias.com\/en\/wp-content\/uploads\/sites\/2\/2023\/02\/fbl-wclub-real-madrid-hilal-1-1.jpeg","width":1200,"height":702},{"@type":"BreadcrumbList","@id":"https:\/\/www.fcbarcelonanoticias.com\/en\/real-madrid\/process-gripal-separates-to-tchouameni-of-the-osasuna-madrid_289740_102.html#breadcrumb","itemListElement":[{"@type":"ListItem","position":1,"name":"Portada","item":"https:\/\/www.fcbarcelonanoticias.com\/en\/"},{"@type":"ListItem","position":2,"name":"A flu process separates Tchouam\u00e9ni from Osasuna-Madrid"}]},{"@type":"WebSite","@id":"https:\/\/www.fcbarcelonanoticias.com\/en\/#website","url":"https:\/\/www.fcbarcelonanoticias.com\/en\/","name":"EN - FC Barcelona Noticias","description":"","potentialAction":[{"@type":"SearchAction","target":{"@type":"EntryPoint","urlTemplate":"https:\/\/www.fcbarcelonanoticias.com\/en\/?s={search_term_string}"},"query-input":{"@type":"PropertyValueSpecification","valueRequired":true,"valueName":"search_term_string"}}],"inLanguage":"en-US"},{"@type":"Person","@id":"https:\/\/www.fcbarcelonanoticias.com\/en\/#\/schema\/person\/76c77917e39f918eb1604c571055386e","name":"Claudio Betancourt","image":{"@type":"ImageObject","inLanguage":"en-US","@id":"https:\/\/secure.gravatar.com\/avatar\/?s=96&d=mm&r=g","url":"https:\/\/secure.gravatar.com\/avatar\/?s=96&d=mm&r=g","contentUrl":"https:\/\/secure.gravatar.com\/avatar\/?s=96&d=mm&r=g","caption":"Claudio Betancourt"},"url":"https:\/\/www.fcbarcelonanoticias.com\/en\/claudio-betancourt_14_115.html"}]}},"_links":{"self":[{"href":"https:\/\/www.fcbarcelonanoticias.com\/en\/wp-json\/wp\/v2\/posts\/84571","targetHints":{"allow":["GET"]}}],"collection":[{"href":"https:\/\/www.fcbarcelonanoticias.com\/en\/wp-json\/wp\/v2\/posts"}],"about":[{"href":"https:\/\/www.fcbarcelonanoticias.com\/en\/wp-json\/wp\/v2\/types\/post"}],"author":[{"embeddable":true,"href":"https:\/\/www.fcbarcelonanoticias.com\/en\/wp-json\/wp\/v2\/users\/363"}],"replies":[{"embeddable":true,"href":"https:\/\/www.fcbarcelonanoticias.com\/en\/wp-json\/wp\/v2\/comments?post=84571"}],"version-history":[{"count":1,"href":"https:\/\/www.fcbarcelonanoticias.com\/en\/wp-json\/wp\/v2\/posts\/84571\/revisions"}],"predecessor-version":[{"id":84572,"href":"https:\/\/www.fcbarcelonanoticias.com\/en\/wp-json\/wp\/v2\/posts\/84571\/revisions\/84572"}],"wp:featuredmedia":[{"embeddable":true,"href":"https:\/\/www.fcbarcelonanoticias.com\/en\/wp-json\/wp\/v2\/media\/84577"}],"wp:attachment":[{"href":"https:\/\/www.fcbarcelonanoticias.com\/en\/wp-json\/wp\/v2\/media?parent=84571"}],"wp:term":[{"taxonomy":"category","embeddable":true,"href":"https:\/\/www.fcbarcelonanoticias.com\/en\/wp-json\/wp\/v2\/categories?post=84571"},{"taxonomy":"post_tag","embeddable":true,"href":"https:\/\/www.fcbarcelonanoticias.com\/en\/wp-json\/wp\/v2\/tags?post=84571"}],"curies":[{"name":"wp","href":"https:\/\/api.w.org\/{rel}","templated":true}]}}