{"id":84603,"date":"2024-07-20T02:43:00","date_gmt":"2024-07-20T00:43:00","guid":{"rendered":"https:\/\/weisetech.dev\/fc-barcelona-noticias\/en\/the-problems-that-goes-to-generate-kylian-mbappe-in-the-real-madrid_305616_102\/"},"modified":"2024-07-20T04:23:00","modified_gmt":"2024-07-20T02:23:00","slug":"the-problems-that-goes-to-generate-kylian-mbappe-in-the-real-madrid_305616_102","status":"publish","type":"post","link":"https:\/\/www.fcbarcelonanoticias.com\/en\/real-madrid\/the-problems-that-goes-to-generate-kylian-mbappe-in-the-real-madrid_305616_102.html","title":{"rendered":"The problems that Kylian Mbapp\u00e9 is going to generate at Real Madrid"},"content":{"rendered":"<h2 class=\"wp-block-heading\">Real Madrid&#8217;s most important addition this summer could cause problems. The arrival of Kylian Mbapp\u00e9 will probably cause Ancelotti to redesign the team&#8217;s way of working, something that would affect its balance on the pitch. All this adds up to a series of disadvantages for the rest of the players<\/h2>  \r\n<div class=\"article-addons\">\r\n    <a href=\"https:\/\/www.fcbarcelonanoticias.com\/en\/calendar-fc-barcelona.html\"\r\n       target=\"_self\"\r\n       title=\"Calendar of FC Barcelona\"\r\n       class=\"blue-gredient-btn\">\r\n       \r\n        Calendar of FC Barcelona    <\/a>\r\n<\/div>   <p>Kylian Mbapp\u00e9 Was presented officially in Santiago Bernab\u00e9u the past Tuesday 16 July, the act was chaired by Florentino P\u00e9rez.<strong> The forward arrived to the club after a disappointing performance in the Eurocopa 2024<\/strong>, but now the madridistas think that his performance can be distinct with the T-shirt of his team. The merengues finally have remained with the signing after a first negotiation in 2022 that did not arrive to good port. However, the problems could begin to arise when incorporating to a player of the size of the exatacante of the PSG.<\/p>  <h2>Rodrygo, one of the affected after the signing<\/h2>  <p>Before the Champions League, the footballer glided his possible course of the team, although afterwards it denied the rumour. Now, the leadership of the French could represent a problem for the stability of the team, specifically of the Brazilian. <strong>Probably Ancelotti bet by a training with three forwards in which the one of Osasco play in the right<\/strong>.<\/p>  <p>However, to Rodrygo would like him be more in the left or in the mediapunta although it has showed a high performance by the another band. In this case,<strong> the change could finish affecting the balance in case that the technician decide to go back to the four players in the half zone<\/strong>. However, the youngster of 23 years is conscious that the arrival of Mbapp\u00e9 leaves it backwards, except to Vinicius.<\/p>  <h2>The leadership of the attacker can affect to the staff<\/h2>  <p>After the course of Toni Kross, Ancelotti has the intention that Rodrygo and Vinicius situate again in the bands. Besides, Jude Bellingham will act more in the centre of the field. <strong>Everything leaves to glimpse that the trainer looks for to leave to the attacker French like the main manager to annotate the so many<\/strong>. However, this redise\u00f1o could affect the game because all the leadership recae in the Parisian forward.<\/p>  <h2>Endrick Will not be able to accumulate a lot of minutes<\/h2>  <p>The another signing of the Real Madrid this summer is Endrick. However, <strong>the player will be unlikely to stand out, since it will not be able to accumulate a lot of minutes because of the incorporation of Mbapp\u00e9<\/strong>. Up to now it thinks that the French left very few minutes to the Brazilian. On the other hand, the attacker lucir\u00e1 the number 9, although in a first moment said that the exjugador of the Palmeiras would carry the dorsal.<\/p>  <h2>The forward creates a disequilibrium salarial<\/h2>  <p>The incorporation of the player to the white team represents a problem in the economic subject. <strong>The &#8216;crack&#8217; is the better player paid, something that can generate discomfort between his mates<\/strong>. Therefore, the merengues will have to readecuar the situation salarial of Bellingham and Vinicius. Likewise, it does some months, the PSG filtered that the ariete represented a cost of 200 millions by season, a cost that the directors merengues could not assume.<\/p>  <p>Now it knows that <strong>the Real Madrid would have respected the tope that put with this signing<\/strong>. The madridistas signed a commitment of 15 net millions by season, an inferior quantity to the 30 that promised in 2022 when the negotiation fracas\u00f3. Therefore, the club decided to leave to perceive an important economic quantity to compensate to the footballer.<\/p>  <p>In this sense, the presenter of &#8216;The Chiringuito&#8217; Josep Pedrerol said that <strong>the entity chaired by Florentino P\u00e9rez yielded 80% of the rights of image of the talentoso leading<\/strong>. It fits to remember that usually the white team and the player carry 50% each one. In any case, the signing of the attacker opens the door to a situation that could finish affecting to the staff directed by Ancelotti.<\/p> ","protected":false},"excerpt":{"rendered":"<p>Real Madrid&#8217;s most important addition this summer could cause problems. The arrival of Kylian Mbapp\u00e9 will probably cause Ancelotti to redesign the team&#8217;s way of working, something that would affect its balance on the pitch. All this adds up to a series of disadvantages for the rest of the players Kylian Mbapp\u00e9 Was presented officially [&hellip;]<\/p>\n","protected":false},"author":350,"featured_media":81995,"comment_status":"closed","ping_status":"open","sticky":false,"template":"","format":"standard","meta":{"_acf_changed":false,"inline_featured_image":false,"_nextfly_llmd_date_locked":false,"footnotes":""},"categories":[450,119],"tags":[177,171],"class_list":["post-84603","post","type-post","status-publish","format-standard","has-post-thumbnail","hentry","category-real-madrid-2","category-real-madrid","tag-florentino-perez","tag-mbappe"],"acf":[],"yoast_head":"<!-- This site is optimized with the Yoast SEO plugin v27.3 - https:\/\/yoast.com\/product\/yoast-seo-wordpress\/ -->\n<title>The problems that goes to generate Kylian Mbapp\u00e9 in the Real Madrid<\/title>\n<meta name=\"description\" content=\"The most important incorporation of the Real Madrid this summer can generate problems. The arrival of Kylian Mbapp\u00e9 probably cause that Ancelotti redise\u00f1e the form to work of the team, something that would affect his balance in the lawn. All this adds to a series of disadvantages for the rest...\" \/>\n<meta name=\"robots\" content=\"index, follow, max-snippet:-1, max-image-preview:large, max-video-preview:-1\" \/>\n<link rel=\"canonical\" href=\"https:\/\/www.fcbarcelonanoticias.com\/en\/real-madrid\/the-problems-that-goes-to-generate-kylian-mbappe-in-the-real-madrid_305616_102.html\" \/>\n<meta property=\"og:locale\" content=\"en_US\" \/>\n<meta property=\"og:type\" content=\"article\" \/>\n<meta property=\"og:title\" content=\"The problems that goes to generate Kylian Mbapp\u00e9 in the Real Madrid\" \/>\n<meta property=\"og:description\" content=\"The most important incorporation of the Real Madrid this summer can generate problems. The arrival of Kylian Mbapp\u00e9 probably cause that Ancelotti redise\u00f1e the form to work of the team, something that would affect his balance in the lawn. All this adds to a series of disadvantages for the rest...\" \/>\n<meta property=\"og:url\" content=\"https:\/\/www.fcbarcelonanoticias.com\/en\/real-madrid\/the-problems-that-goes-to-generate-kylian-mbappe-in-the-real-madrid_305616_102.html\" \/>\n<meta property=\"og:site_name\" content=\"EN - FC Barcelona Noticias\" \/>\n<meta property=\"article:published_time\" content=\"2024-07-20T00:43:00+00:00\" \/>\n<meta property=\"article:modified_time\" content=\"2024-07-20T02:23:00+00:00\" \/>\n<meta property=\"og:image\" content=\"https:\/\/www.fcbarcelonanoticias.com\/en\/wp-content\/uploads\/sites\/2\/2024\/08\/mbappe-en-un-partido.gif\" \/>\n\t<meta property=\"og:image:width\" content=\"1300\" \/>\n\t<meta property=\"og:image:height\" content=\"733\" \/>\n\t<meta property=\"og:image:type\" content=\"image\/gif\" \/>\n<meta name=\"author\" content=\"Jes\u00fas Bol\u00edvar\" \/>\n<meta name=\"twitter:card\" content=\"summary_large_image\" \/>\n<meta name=\"twitter:label1\" content=\"Written by\" \/>\n\t<meta name=\"twitter:data1\" content=\"Jes\u00fas Bol\u00edvar\" \/>\n\t<meta name=\"twitter:label2\" content=\"Est. reading time\" \/>\n\t<meta name=\"twitter:data2\" content=\"3 minutes\" \/>\n<script type=\"application\/ld+json\" class=\"yoast-schema-graph\">{\"@context\":\"https:\\\/\\\/schema.org\",\"@graph\":[{\"@type\":\"Article\",\"@id\":\"https:\\\/\\\/www.fcbarcelonanoticias.com\\\/en\\\/real-madrid\\\/the-problems-that-goes-to-generate-kylian-mbappe-in-the-real-madrid_305616_102.html#article\",\"isPartOf\":{\"@id\":\"https:\\\/\\\/www.fcbarcelonanoticias.com\\\/en\\\/real-madrid\\\/the-problems-that-goes-to-generate-kylian-mbappe-in-the-real-madrid_305616_102.html\"},\"author\":{\"name\":\"Jes\u00fas Bol\u00edvar\",\"@id\":\"https:\\\/\\\/www.fcbarcelonanoticias.com\\\/en\\\/#\\\/schema\\\/person\\\/5dbbcfa0643340852c9294383c353679\"},\"headline\":\"The problems that Kylian Mbapp\u00e9 is going to generate at Real Madrid\",\"datePublished\":\"2024-07-20T00:43:00+00:00\",\"dateModified\":\"2024-07-20T02:23:00+00:00\",\"mainEntityOfPage\":{\"@id\":\"https:\\\/\\\/www.fcbarcelonanoticias.com\\\/en\\\/real-madrid\\\/the-problems-that-goes-to-generate-kylian-mbappe-in-the-real-madrid_305616_102.html\"},\"wordCount\":666,\"image\":{\"@id\":\"https:\\\/\\\/www.fcbarcelonanoticias.com\\\/en\\\/real-madrid\\\/the-problems-that-goes-to-generate-kylian-mbappe-in-the-real-madrid_305616_102.html#primaryimage\"},\"thumbnailUrl\":\"https:\\\/\\\/www.fcbarcelonanoticias.com\\\/en\\\/wp-content\\\/uploads\\\/sites\\\/2\\\/2024\\\/08\\\/mbappe-en-un-partido.gif\",\"keywords\":[\"Florentino P\u00e9rez\",\"Mbapp\u00e9\"],\"articleSection\":[\"Real Madrid\",\"Real Madrid\"],\"inLanguage\":\"en-US\"},{\"@type\":\"WebPage\",\"@id\":\"https:\\\/\\\/www.fcbarcelonanoticias.com\\\/en\\\/real-madrid\\\/the-problems-that-goes-to-generate-kylian-mbappe-in-the-real-madrid_305616_102.html\",\"url\":\"https:\\\/\\\/www.fcbarcelonanoticias.com\\\/en\\\/real-madrid\\\/the-problems-that-goes-to-generate-kylian-mbappe-in-the-real-madrid_305616_102.html\",\"name\":\"The problems that goes to generate Kylian Mbapp\u00e9 in the Real Madrid\",\"isPartOf\":{\"@id\":\"https:\\\/\\\/www.fcbarcelonanoticias.com\\\/en\\\/#website\"},\"primaryImageOfPage\":{\"@id\":\"https:\\\/\\\/www.fcbarcelonanoticias.com\\\/en\\\/real-madrid\\\/the-problems-that-goes-to-generate-kylian-mbappe-in-the-real-madrid_305616_102.html#primaryimage\"},\"image\":{\"@id\":\"https:\\\/\\\/www.fcbarcelonanoticias.com\\\/en\\\/real-madrid\\\/the-problems-that-goes-to-generate-kylian-mbappe-in-the-real-madrid_305616_102.html#primaryimage\"},\"thumbnailUrl\":\"https:\\\/\\\/www.fcbarcelonanoticias.com\\\/en\\\/wp-content\\\/uploads\\\/sites\\\/2\\\/2024\\\/08\\\/mbappe-en-un-partido.gif\",\"datePublished\":\"2024-07-20T00:43:00+00:00\",\"dateModified\":\"2024-07-20T02:23:00+00:00\",\"author\":{\"@id\":\"https:\\\/\\\/www.fcbarcelonanoticias.com\\\/en\\\/#\\\/schema\\\/person\\\/5dbbcfa0643340852c9294383c353679\"},\"description\":\"The most important incorporation of the Real Madrid this summer can generate problems. The arrival of Kylian Mbapp\u00e9 probably cause that Ancelotti redise\u00f1e the form to work of the team, something that would affect his balance in the lawn. All this adds to a series of disadvantages for the rest...\",\"breadcrumb\":{\"@id\":\"https:\\\/\\\/www.fcbarcelonanoticias.com\\\/en\\\/real-madrid\\\/the-problems-that-goes-to-generate-kylian-mbappe-in-the-real-madrid_305616_102.html#breadcrumb\"},\"inLanguage\":\"en-US\",\"potentialAction\":[{\"@type\":\"ReadAction\",\"target\":[\"https:\\\/\\\/www.fcbarcelonanoticias.com\\\/en\\\/real-madrid\\\/the-problems-that-goes-to-generate-kylian-mbappe-in-the-real-madrid_305616_102.html\"]}]},{\"@type\":\"ImageObject\",\"inLanguage\":\"en-US\",\"@id\":\"https:\\\/\\\/www.fcbarcelonanoticias.com\\\/en\\\/real-madrid\\\/the-problems-that-goes-to-generate-kylian-mbappe-in-the-real-madrid_305616_102.html#primaryimage\",\"url\":\"https:\\\/\\\/www.fcbarcelonanoticias.com\\\/en\\\/wp-content\\\/uploads\\\/sites\\\/2\\\/2024\\\/08\\\/mbappe-en-un-partido.gif\",\"contentUrl\":\"https:\\\/\\\/www.fcbarcelonanoticias.com\\\/en\\\/wp-content\\\/uploads\\\/sites\\\/2\\\/2024\\\/08\\\/mbappe-en-un-partido.gif\",\"width\":1300,\"height\":733},{\"@type\":\"BreadcrumbList\",\"@id\":\"https:\\\/\\\/www.fcbarcelonanoticias.com\\\/en\\\/real-madrid\\\/the-problems-that-goes-to-generate-kylian-mbappe-in-the-real-madrid_305616_102.html#breadcrumb\",\"itemListElement\":[{\"@type\":\"ListItem\",\"position\":1,\"name\":\"Portada\",\"item\":\"https:\\\/\\\/www.fcbarcelonanoticias.com\\\/en\\\/\"},{\"@type\":\"ListItem\",\"position\":2,\"name\":\"The problems that Kylian Mbapp\u00e9 is going to generate at Real Madrid\"}]},{\"@type\":\"WebSite\",\"@id\":\"https:\\\/\\\/www.fcbarcelonanoticias.com\\\/en\\\/#website\",\"url\":\"https:\\\/\\\/www.fcbarcelonanoticias.com\\\/en\\\/\",\"name\":\"EN - FC Barcelona Noticias\",\"description\":\"\",\"potentialAction\":[{\"@type\":\"SearchAction\",\"target\":{\"@type\":\"EntryPoint\",\"urlTemplate\":\"https:\\\/\\\/www.fcbarcelonanoticias.com\\\/en\\\/?s={search_term_string}\"},\"query-input\":{\"@type\":\"PropertyValueSpecification\",\"valueRequired\":true,\"valueName\":\"search_term_string\"}}],\"inLanguage\":\"en-US\"},{\"@type\":\"Person\",\"@id\":\"https:\\\/\\\/www.fcbarcelonanoticias.com\\\/en\\\/#\\\/schema\\\/person\\\/5dbbcfa0643340852c9294383c353679\",\"name\":\"Jes\u00fas Bol\u00edvar\",\"image\":{\"@type\":\"ImageObject\",\"inLanguage\":\"en-US\",\"@id\":\"https:\\\/\\\/secure.gravatar.com\\\/avatar\\\/?s=96&d=mm&r=g\",\"url\":\"https:\\\/\\\/secure.gravatar.com\\\/avatar\\\/?s=96&d=mm&r=g\",\"contentUrl\":\"https:\\\/\\\/secure.gravatar.com\\\/avatar\\\/?s=96&d=mm&r=g\",\"caption\":\"Jes\u00fas Bol\u00edvar\"},\"url\":\"https:\\\/\\\/www.fcbarcelonanoticias.com\\\/en\\\/jesus-bolivar_28_115.html\"}]}<\/script>\n<!-- \/ Yoast SEO plugin. -->","yoast_head_json":{"title":"The problems that goes to generate Kylian Mbapp\u00e9 in the Real Madrid","description":"The most important incorporation of the Real Madrid this summer can generate problems. The arrival of Kylian Mbapp\u00e9 probably cause that Ancelotti redise\u00f1e the form to work of the team, something that would affect his balance in the lawn. All this adds to a series of disadvantages for the rest...","robots":{"index":"index","follow":"follow","max-snippet":"max-snippet:-1","max-image-preview":"max-image-preview:large","max-video-preview":"max-video-preview:-1"},"canonical":"https:\/\/www.fcbarcelonanoticias.com\/en\/real-madrid\/the-problems-that-goes-to-generate-kylian-mbappe-in-the-real-madrid_305616_102.html","og_locale":"en_US","og_type":"article","og_title":"The problems that goes to generate Kylian Mbapp\u00e9 in the Real Madrid","og_description":"The most important incorporation of the Real Madrid this summer can generate problems. The arrival of Kylian Mbapp\u00e9 probably cause that Ancelotti redise\u00f1e the form to work of the team, something that would affect his balance in the lawn. All this adds to a series of disadvantages for the rest...","og_url":"https:\/\/www.fcbarcelonanoticias.com\/en\/real-madrid\/the-problems-that-goes-to-generate-kylian-mbappe-in-the-real-madrid_305616_102.html","og_site_name":"EN - FC Barcelona Noticias","article_published_time":"2024-07-20T00:43:00+00:00","article_modified_time":"2024-07-20T02:23:00+00:00","og_image":[{"width":1300,"height":733,"url":"https:\/\/www.fcbarcelonanoticias.com\/en\/wp-content\/uploads\/sites\/2\/2024\/08\/mbappe-en-un-partido.gif","type":"image\/gif"}],"author":"Jes\u00fas Bol\u00edvar","twitter_card":"summary_large_image","twitter_misc":{"Written by":"Jes\u00fas Bol\u00edvar","Est. reading time":"3 minutes"},"schema":{"@context":"https:\/\/schema.org","@graph":[{"@type":"Article","@id":"https:\/\/www.fcbarcelonanoticias.com\/en\/real-madrid\/the-problems-that-goes-to-generate-kylian-mbappe-in-the-real-madrid_305616_102.html#article","isPartOf":{"@id":"https:\/\/www.fcbarcelonanoticias.com\/en\/real-madrid\/the-problems-that-goes-to-generate-kylian-mbappe-in-the-real-madrid_305616_102.html"},"author":{"name":"Jes\u00fas Bol\u00edvar","@id":"https:\/\/www.fcbarcelonanoticias.com\/en\/#\/schema\/person\/5dbbcfa0643340852c9294383c353679"},"headline":"The problems that Kylian Mbapp\u00e9 is going to generate at Real Madrid","datePublished":"2024-07-20T00:43:00+00:00","dateModified":"2024-07-20T02:23:00+00:00","mainEntityOfPage":{"@id":"https:\/\/www.fcbarcelonanoticias.com\/en\/real-madrid\/the-problems-that-goes-to-generate-kylian-mbappe-in-the-real-madrid_305616_102.html"},"wordCount":666,"image":{"@id":"https:\/\/www.fcbarcelonanoticias.com\/en\/real-madrid\/the-problems-that-goes-to-generate-kylian-mbappe-in-the-real-madrid_305616_102.html#primaryimage"},"thumbnailUrl":"https:\/\/www.fcbarcelonanoticias.com\/en\/wp-content\/uploads\/sites\/2\/2024\/08\/mbappe-en-un-partido.gif","keywords":["Florentino P\u00e9rez","Mbapp\u00e9"],"articleSection":["Real Madrid","Real Madrid"],"inLanguage":"en-US"},{"@type":"WebPage","@id":"https:\/\/www.fcbarcelonanoticias.com\/en\/real-madrid\/the-problems-that-goes-to-generate-kylian-mbappe-in-the-real-madrid_305616_102.html","url":"https:\/\/www.fcbarcelonanoticias.com\/en\/real-madrid\/the-problems-that-goes-to-generate-kylian-mbappe-in-the-real-madrid_305616_102.html","name":"The problems that goes to generate Kylian Mbapp\u00e9 in the Real Madrid","isPartOf":{"@id":"https:\/\/www.fcbarcelonanoticias.com\/en\/#website"},"primaryImageOfPage":{"@id":"https:\/\/www.fcbarcelonanoticias.com\/en\/real-madrid\/the-problems-that-goes-to-generate-kylian-mbappe-in-the-real-madrid_305616_102.html#primaryimage"},"image":{"@id":"https:\/\/www.fcbarcelonanoticias.com\/en\/real-madrid\/the-problems-that-goes-to-generate-kylian-mbappe-in-the-real-madrid_305616_102.html#primaryimage"},"thumbnailUrl":"https:\/\/www.fcbarcelonanoticias.com\/en\/wp-content\/uploads\/sites\/2\/2024\/08\/mbappe-en-un-partido.gif","datePublished":"2024-07-20T00:43:00+00:00","dateModified":"2024-07-20T02:23:00+00:00","author":{"@id":"https:\/\/www.fcbarcelonanoticias.com\/en\/#\/schema\/person\/5dbbcfa0643340852c9294383c353679"},"description":"The most important incorporation of the Real Madrid this summer can generate problems. The arrival of Kylian Mbapp\u00e9 probably cause that Ancelotti redise\u00f1e the form to work of the team, something that would affect his balance in the lawn. All this adds to a series of disadvantages for the rest...","breadcrumb":{"@id":"https:\/\/www.fcbarcelonanoticias.com\/en\/real-madrid\/the-problems-that-goes-to-generate-kylian-mbappe-in-the-real-madrid_305616_102.html#breadcrumb"},"inLanguage":"en-US","potentialAction":[{"@type":"ReadAction","target":["https:\/\/www.fcbarcelonanoticias.com\/en\/real-madrid\/the-problems-that-goes-to-generate-kylian-mbappe-in-the-real-madrid_305616_102.html"]}]},{"@type":"ImageObject","inLanguage":"en-US","@id":"https:\/\/www.fcbarcelonanoticias.com\/en\/real-madrid\/the-problems-that-goes-to-generate-kylian-mbappe-in-the-real-madrid_305616_102.html#primaryimage","url":"https:\/\/www.fcbarcelonanoticias.com\/en\/wp-content\/uploads\/sites\/2\/2024\/08\/mbappe-en-un-partido.gif","contentUrl":"https:\/\/www.fcbarcelonanoticias.com\/en\/wp-content\/uploads\/sites\/2\/2024\/08\/mbappe-en-un-partido.gif","width":1300,"height":733},{"@type":"BreadcrumbList","@id":"https:\/\/www.fcbarcelonanoticias.com\/en\/real-madrid\/the-problems-that-goes-to-generate-kylian-mbappe-in-the-real-madrid_305616_102.html#breadcrumb","itemListElement":[{"@type":"ListItem","position":1,"name":"Portada","item":"https:\/\/www.fcbarcelonanoticias.com\/en\/"},{"@type":"ListItem","position":2,"name":"The problems that Kylian Mbapp\u00e9 is going to generate at Real Madrid"}]},{"@type":"WebSite","@id":"https:\/\/www.fcbarcelonanoticias.com\/en\/#website","url":"https:\/\/www.fcbarcelonanoticias.com\/en\/","name":"EN - FC Barcelona Noticias","description":"","potentialAction":[{"@type":"SearchAction","target":{"@type":"EntryPoint","urlTemplate":"https:\/\/www.fcbarcelonanoticias.com\/en\/?s={search_term_string}"},"query-input":{"@type":"PropertyValueSpecification","valueRequired":true,"valueName":"search_term_string"}}],"inLanguage":"en-US"},{"@type":"Person","@id":"https:\/\/www.fcbarcelonanoticias.com\/en\/#\/schema\/person\/5dbbcfa0643340852c9294383c353679","name":"Jes\u00fas Bol\u00edvar","image":{"@type":"ImageObject","inLanguage":"en-US","@id":"https:\/\/secure.gravatar.com\/avatar\/?s=96&d=mm&r=g","url":"https:\/\/secure.gravatar.com\/avatar\/?s=96&d=mm&r=g","contentUrl":"https:\/\/secure.gravatar.com\/avatar\/?s=96&d=mm&r=g","caption":"Jes\u00fas Bol\u00edvar"},"url":"https:\/\/www.fcbarcelonanoticias.com\/en\/jesus-bolivar_28_115.html"}]}},"_links":{"self":[{"href":"https:\/\/www.fcbarcelonanoticias.com\/en\/wp-json\/wp\/v2\/posts\/84603","targetHints":{"allow":["GET"]}}],"collection":[{"href":"https:\/\/www.fcbarcelonanoticias.com\/en\/wp-json\/wp\/v2\/posts"}],"about":[{"href":"https:\/\/www.fcbarcelonanoticias.com\/en\/wp-json\/wp\/v2\/types\/post"}],"author":[{"embeddable":true,"href":"https:\/\/www.fcbarcelonanoticias.com\/en\/wp-json\/wp\/v2\/users\/350"}],"replies":[{"embeddable":true,"href":"https:\/\/www.fcbarcelonanoticias.com\/en\/wp-json\/wp\/v2\/comments?post=84603"}],"version-history":[{"count":1,"href":"https:\/\/www.fcbarcelonanoticias.com\/en\/wp-json\/wp\/v2\/posts\/84603\/revisions"}],"predecessor-version":[{"id":84610,"href":"https:\/\/www.fcbarcelonanoticias.com\/en\/wp-json\/wp\/v2\/posts\/84603\/revisions\/84610"}],"wp:featuredmedia":[{"embeddable":true,"href":"https:\/\/www.fcbarcelonanoticias.com\/en\/wp-json\/wp\/v2\/media\/81995"}],"wp:attachment":[{"href":"https:\/\/www.fcbarcelonanoticias.com\/en\/wp-json\/wp\/v2\/media?parent=84603"}],"wp:term":[{"taxonomy":"category","embeddable":true,"href":"https:\/\/www.fcbarcelonanoticias.com\/en\/wp-json\/wp\/v2\/categories?post=84603"},{"taxonomy":"post_tag","embeddable":true,"href":"https:\/\/www.fcbarcelonanoticias.com\/en\/wp-json\/wp\/v2\/tags?post=84603"}],"curies":[{"name":"wp","href":"https:\/\/api.w.org\/{rel}","templated":true}]}}