{"id":84707,"date":"2015-12-24T10:14:00","date_gmt":"2015-12-24T09:14:00","guid":{"rendered":"https:\/\/weisetech.dev\/fc-barcelona-noticias\/en\/the-real-madrid-does-not-deny-the-news-of-the-return-of-mou_36754_102\/"},"modified":"2015-12-24T10:14:00","modified_gmt":"2015-12-24T09:14:00","slug":"the-real-madrid-does-not-deny-the-news-of-the-return-of-mou_36754_102","status":"publish","type":"post","link":"https:\/\/www.fcbarcelonanoticias.com\/en\/real-madrid\/the-real-madrid-does-not-deny-the-news-of-the-return-of-mou_36754_102.html","title":{"rendered":"The Real Madrid does not deny the news of the return of &#8220;Mou&#8221;"},"content":{"rendered":"\r\n<div class=\"article-addons\">\r\n    <a href=\"https:\/\/www.fcbarcelonanoticias.com\/en\/calendar-fc-barcelona.html\"\r\n       target=\"_self\"\r\n       title=\"Calendar of FC Barcelona\"\r\n       class=\"blue-gredient-btn\">\r\n       \r\n        Calendar of FC Barcelona    <\/a>\r\n<\/div>   <div class=\"separator\" style=\"clear: both; text-align: center;\"><a href=\"https:\/\/1.bp.blogspot.com\/en\/-1bGVrSE85FE\/Vnu3YPUcwXI\/AAAAAAADA5U\/yEmnapVa3AQ\/s1600\/jose-mourinho.jpg\" imageanchor=\"1\" style=\"margin-left: 1em; margin-right: 1em;\"><\/a><\/div> <br><b>The journalist Jos\u00e9 Ram\u00f3n of the Dark ensured that Ben\u00edtez would not train to the Real Madrid in the following party of League BBVA against the Real Sociedad, and that the place of the Spanish technician would occupy it Jos\u00e9 Mourinho. For the moment, the Real Madrid has not denied at all<\/b><br><br><span style=\"font-size: large;\"><b><span style=\"color: #990000;\">Ticket<\/span><\/b> &#8211; <b><u><a href=\"http:\/\/www.viagogo.es\/en\/Entradas-Deportes\/Futbol\/La-Liga-Primera-Division\/FC-Barcelona-Entradas\/E-1073690?AffiliateID=1558&amp;PCID=AFFESIAFF1558A548FCBFC6-05\" rel=\"nofollow\" target=\"_blank\">Gone in FC Barcelona vs Betis &#8211; League J17<\/a><\/u><\/b><\/span><br><span style=\"font-size: large;\"><b><span style=\"color: #990000;\">The Classical<\/span><\/b> &#8211; <b><u><a href=\"http:\/\/www.viagogo.es\/en\/Entradas-Deportes\/Futbol\/La-Liga-Primera-Division\/FC-Barcelona-Entradas\/E-1073691?AffiliateID=1558&amp;PCID=AFFESIAFF1558A548FCBFC6-05\" rel=\"nofollow\" target=\"_blank\">Gone in \/ Ticket FC Barcelona vs Real Madrid<\/a><\/u><\/b><\/span><br><span style=\"font-size: large;\"><b><span style=\"color: #990000;\">Ticket<\/span><\/b> &#8211; <b><u><a href=\"http:\/\/www.viagogo.es\/en\/Entradas-Deportes\/Futbol\/La-Liga-Primera-Division\/FC-Barcelona-Entradas?AffiliateID=1558&amp;PCID=AFFESIAFF1558A548FCBFC6-05\" rel=\"nofollow\" target=\"_blank\">Gone in for all the parties of the FC Barcelona<\/a><\/u><\/b><\/span><br><br>Although <b>Florentino P\u00e9rez<\/b> has ensured in more than an interview along the last weeks that the solution of the Real Madrid to go out of the sportive crisis in which it lives  cornered from does time is Rafa Ben\u00edtez, the reality is that the dismissal of <b>Jos\u00e9 Mourinho<\/b> of Chelsea could have opened a new panorama in which the Portuguese technician would be the maximum candidate to go back to occupy the bench madridista, leaving in the ditch to the Spanish trainer.<br><br>In fact, the true is that the journalist Jos\u00e9 Ram\u00f3n of the Dark ensured does some days in the radio program &#8220;The Crossbar&#8221; that Mourinho would go back to occupy the place of trainer in the Real Madrid before finishing the present season. <b>&#8220;They see a changing room ingobernable. They think that a dictator, hand-held hard like Mourinho, could enderezarlo<\/b>. They think that follow with Ben\u00edtez is a suicide. My opinion is that it will not direct to the team in front of the Real, on 30 December, and that his imminent successor is Mou&#8221;, said the journalist in question, in statements collected by &#8220;ACE&#8221;.<br><br>For the moment, it calls the attention that the president Florentino have not gone out to deny such information, since the maximum white mandator had the very fine skin does some months when the means spoke on the possible signings for the Real Madrid of <b>Pogba and Verratti<\/b>.<br><br>The daily &#8220;ACE&#8221; ensures that <b>Florentino P\u00e9rez could be preparing already the terrain<\/b> for the dismissal of Rafa Ben\u00edtez, since the Madrilenian technician is not of the like of the majority of the white fans -at least for the moment- and this would want the signing of a new trainer that can redirect the course of the team, or the ascensi\u00f3n like technician of the first team of Zinedine Zidane that it still is not formed of the all as preparador of elite.<br><br><b>Mourinho, Zidane, Ancelotti, Guardiola, Wenger, Pellegrini&#8230; <\/b>The options are many, are here and some of them, as the one of Guardiola, are really impossible. This yes, it will be necessary to expect some days to see what is what finish sucediendo with the future of the bench of the Real Madrid.<br><br> ","protected":false},"excerpt":{"rendered":"<p>The journalist Jos\u00e9 Ram\u00f3n of the Dark ensured that Ben\u00edtez would not train to the Real Madrid in the following party of League BBVA against the Real Sociedad, and that the place of the Spanish technician would occupy it Jos\u00e9 Mourinho. For the moment, the Real Madrid has not denied at all Ticket &#8211; Gone [&hellip;]<\/p>\n","protected":false},"author":468,"featured_media":84714,"comment_status":"closed","ping_status":"open","sticky":false,"template":"","format":"standard","meta":{"_acf_changed":false,"inline_featured_image":false,"_nextfly_llmd_date_locked":false,"footnotes":""},"categories":[450,119],"tags":[176,258],"class_list":["post-84707","post","type-post","status-publish","format-standard","has-post-thumbnail","hentry","category-real-madrid-2","category-real-madrid","tag-jose-mourinho","tag-rafa-benitez"],"acf":[],"yoast_head":"<!-- This site is optimized with the Yoast SEO plugin v27.3 - https:\/\/yoast.com\/product\/yoast-seo-wordpress\/ -->\n<title>The Real Madrid does not deny the news of the return of &quot;Mou&quot;<\/title>\n<meta name=\"description\" content=\"FCBarcelonaNoticias.com\" \/>\n<meta name=\"robots\" content=\"index, follow, max-snippet:-1, max-image-preview:large, max-video-preview:-1\" \/>\n<link rel=\"canonical\" href=\"https:\/\/www.fcbarcelonanoticias.com\/en\/real-madrid\/the-real-madrid-does-not-deny-the-news-of-the-return-of-mou_36754_102.html\" \/>\n<meta property=\"og:locale\" content=\"en_US\" \/>\n<meta property=\"og:type\" content=\"article\" \/>\n<meta property=\"og:title\" content=\"The Real Madrid does not deny the news of the return of &quot;Mou&quot;\" \/>\n<meta property=\"og:description\" content=\"FCBarcelonaNoticias.com\" \/>\n<meta property=\"og:url\" content=\"https:\/\/www.fcbarcelonanoticias.com\/en\/real-madrid\/the-real-madrid-does-not-deny-the-news-of-the-return-of-mou_36754_102.html\" \/>\n<meta property=\"og:site_name\" content=\"EN - FC Barcelona Noticias\" \/>\n<meta property=\"article:published_time\" content=\"2015-12-24T09:14:00+00:00\" \/>\n<meta property=\"og:image\" content=\"https:\/\/www.fcbarcelonanoticias.com\/en\/wp-content\/uploads\/sites\/2\/2015\/12\/jose-mourinho-36766.jpeg\" \/>\n\t<meta property=\"og:image:width\" content=\"610\" \/>\n\t<meta property=\"og:image:height\" content=\"343\" \/>\n\t<meta property=\"og:image:type\" content=\"image\/jpeg\" \/>\n<meta name=\"author\" content=\"user_4124\" \/>\n<meta name=\"twitter:card\" content=\"summary_large_image\" \/>\n<meta name=\"twitter:label1\" content=\"Written by\" \/>\n\t<meta name=\"twitter:data1\" content=\"user_4124\" \/>\n\t<meta name=\"twitter:label2\" content=\"Est. reading time\" \/>\n\t<meta name=\"twitter:data2\" content=\"2 minutes\" \/>\n<script type=\"application\/ld+json\" class=\"yoast-schema-graph\">{\"@context\":\"https:\\\/\\\/schema.org\",\"@graph\":[{\"@type\":\"Article\",\"@id\":\"https:\\\/\\\/www.fcbarcelonanoticias.com\\\/en\\\/real-madrid\\\/the-real-madrid-does-not-deny-the-news-of-the-return-of-mou_36754_102.html#article\",\"isPartOf\":{\"@id\":\"https:\\\/\\\/www.fcbarcelonanoticias.com\\\/en\\\/real-madrid\\\/the-real-madrid-does-not-deny-the-news-of-the-return-of-mou_36754_102.html\"},\"author\":{\"name\":\"user_4124\",\"@id\":\"https:\\\/\\\/www.fcbarcelonanoticias.com\\\/en\\\/#\\\/schema\\\/person\\\/15ee2f54c96c350bfe0645e2cd9256a8\"},\"headline\":\"The Real Madrid does not deny the news of the return of &#8220;Mou&#8221;\",\"datePublished\":\"2015-12-24T09:14:00+00:00\",\"mainEntityOfPage\":{\"@id\":\"https:\\\/\\\/www.fcbarcelonanoticias.com\\\/en\\\/real-madrid\\\/the-real-madrid-does-not-deny-the-news-of-the-return-of-mou_36754_102.html\"},\"wordCount\":476,\"image\":{\"@id\":\"https:\\\/\\\/www.fcbarcelonanoticias.com\\\/en\\\/real-madrid\\\/the-real-madrid-does-not-deny-the-news-of-the-return-of-mou_36754_102.html#primaryimage\"},\"thumbnailUrl\":\"https:\\\/\\\/www.fcbarcelonanoticias.com\\\/en\\\/wp-content\\\/uploads\\\/sites\\\/2\\\/2015\\\/12\\\/jose-mourinho-36766.jpeg\",\"keywords\":[\"Jos\u00e9 Mourinho\",\"Rafa Ben\u00edtez\"],\"articleSection\":[\"Real Madrid\",\"Real Madrid\"],\"inLanguage\":\"en-US\"},{\"@type\":\"WebPage\",\"@id\":\"https:\\\/\\\/www.fcbarcelonanoticias.com\\\/en\\\/real-madrid\\\/the-real-madrid-does-not-deny-the-news-of-the-return-of-mou_36754_102.html\",\"url\":\"https:\\\/\\\/www.fcbarcelonanoticias.com\\\/en\\\/real-madrid\\\/the-real-madrid-does-not-deny-the-news-of-the-return-of-mou_36754_102.html\",\"name\":\"The Real Madrid does not deny the news of the return of \\\"Mou\\\"\",\"isPartOf\":{\"@id\":\"https:\\\/\\\/www.fcbarcelonanoticias.com\\\/en\\\/#website\"},\"primaryImageOfPage\":{\"@id\":\"https:\\\/\\\/www.fcbarcelonanoticias.com\\\/en\\\/real-madrid\\\/the-real-madrid-does-not-deny-the-news-of-the-return-of-mou_36754_102.html#primaryimage\"},\"image\":{\"@id\":\"https:\\\/\\\/www.fcbarcelonanoticias.com\\\/en\\\/real-madrid\\\/the-real-madrid-does-not-deny-the-news-of-the-return-of-mou_36754_102.html#primaryimage\"},\"thumbnailUrl\":\"https:\\\/\\\/www.fcbarcelonanoticias.com\\\/en\\\/wp-content\\\/uploads\\\/sites\\\/2\\\/2015\\\/12\\\/jose-mourinho-36766.jpeg\",\"datePublished\":\"2015-12-24T09:14:00+00:00\",\"author\":{\"@id\":\"https:\\\/\\\/www.fcbarcelonanoticias.com\\\/en\\\/#\\\/schema\\\/person\\\/15ee2f54c96c350bfe0645e2cd9256a8\"},\"description\":\"FCBarcelonaNoticias.com\",\"breadcrumb\":{\"@id\":\"https:\\\/\\\/www.fcbarcelonanoticias.com\\\/en\\\/real-madrid\\\/the-real-madrid-does-not-deny-the-news-of-the-return-of-mou_36754_102.html#breadcrumb\"},\"inLanguage\":\"en-US\",\"potentialAction\":[{\"@type\":\"ReadAction\",\"target\":[\"https:\\\/\\\/www.fcbarcelonanoticias.com\\\/en\\\/real-madrid\\\/the-real-madrid-does-not-deny-the-news-of-the-return-of-mou_36754_102.html\"]}]},{\"@type\":\"ImageObject\",\"inLanguage\":\"en-US\",\"@id\":\"https:\\\/\\\/www.fcbarcelonanoticias.com\\\/en\\\/real-madrid\\\/the-real-madrid-does-not-deny-the-news-of-the-return-of-mou_36754_102.html#primaryimage\",\"url\":\"https:\\\/\\\/www.fcbarcelonanoticias.com\\\/en\\\/wp-content\\\/uploads\\\/sites\\\/2\\\/2015\\\/12\\\/jose-mourinho-36766.jpeg\",\"contentUrl\":\"https:\\\/\\\/www.fcbarcelonanoticias.com\\\/en\\\/wp-content\\\/uploads\\\/sites\\\/2\\\/2015\\\/12\\\/jose-mourinho-36766.jpeg\",\"width\":610,\"height\":343},{\"@type\":\"BreadcrumbList\",\"@id\":\"https:\\\/\\\/www.fcbarcelonanoticias.com\\\/en\\\/real-madrid\\\/the-real-madrid-does-not-deny-the-news-of-the-return-of-mou_36754_102.html#breadcrumb\",\"itemListElement\":[{\"@type\":\"ListItem\",\"position\":1,\"name\":\"Portada\",\"item\":\"https:\\\/\\\/www.fcbarcelonanoticias.com\\\/en\\\/\"},{\"@type\":\"ListItem\",\"position\":2,\"name\":\"The Real Madrid does not deny the news of the return of &#8220;Mou&#8221;\"}]},{\"@type\":\"WebSite\",\"@id\":\"https:\\\/\\\/www.fcbarcelonanoticias.com\\\/en\\\/#website\",\"url\":\"https:\\\/\\\/www.fcbarcelonanoticias.com\\\/en\\\/\",\"name\":\"EN - FC Barcelona Noticias\",\"description\":\"\",\"potentialAction\":[{\"@type\":\"SearchAction\",\"target\":{\"@type\":\"EntryPoint\",\"urlTemplate\":\"https:\\\/\\\/www.fcbarcelonanoticias.com\\\/en\\\/?s={search_term_string}\"},\"query-input\":{\"@type\":\"PropertyValueSpecification\",\"valueRequired\":true,\"valueName\":\"search_term_string\"}}],\"inLanguage\":\"en-US\"},{\"@type\":\"Person\",\"@id\":\"https:\\\/\\\/www.fcbarcelonanoticias.com\\\/en\\\/#\\\/schema\\\/person\\\/15ee2f54c96c350bfe0645e2cd9256a8\",\"name\":\"user_4124\",\"image\":{\"@type\":\"ImageObject\",\"inLanguage\":\"en-US\",\"@id\":\"https:\\\/\\\/secure.gravatar.com\\\/avatar\\\/?s=96&d=mm&r=g\",\"url\":\"https:\\\/\\\/secure.gravatar.com\\\/avatar\\\/?s=96&d=mm&r=g\",\"contentUrl\":\"https:\\\/\\\/secure.gravatar.com\\\/avatar\\\/?s=96&d=mm&r=g\",\"caption\":\"user_4124\"},\"url\":\"https:\\\/\\\/www.fcbarcelonanoticias.com\\\/en\\\/user_4124.html\"}]}<\/script>\n<!-- \/ Yoast SEO plugin. -->","yoast_head_json":{"title":"The Real Madrid does not deny the news of the return of \"Mou\"","description":"FCBarcelonaNoticias.com","robots":{"index":"index","follow":"follow","max-snippet":"max-snippet:-1","max-image-preview":"max-image-preview:large","max-video-preview":"max-video-preview:-1"},"canonical":"https:\/\/www.fcbarcelonanoticias.com\/en\/real-madrid\/the-real-madrid-does-not-deny-the-news-of-the-return-of-mou_36754_102.html","og_locale":"en_US","og_type":"article","og_title":"The Real Madrid does not deny the news of the return of \"Mou\"","og_description":"FCBarcelonaNoticias.com","og_url":"https:\/\/www.fcbarcelonanoticias.com\/en\/real-madrid\/the-real-madrid-does-not-deny-the-news-of-the-return-of-mou_36754_102.html","og_site_name":"EN - FC Barcelona Noticias","article_published_time":"2015-12-24T09:14:00+00:00","og_image":[{"width":610,"height":343,"url":"https:\/\/www.fcbarcelonanoticias.com\/en\/wp-content\/uploads\/sites\/2\/2015\/12\/jose-mourinho-36766.jpeg","type":"image\/jpeg"}],"author":"user_4124","twitter_card":"summary_large_image","twitter_misc":{"Written by":"user_4124","Est. reading time":"2 minutes"},"schema":{"@context":"https:\/\/schema.org","@graph":[{"@type":"Article","@id":"https:\/\/www.fcbarcelonanoticias.com\/en\/real-madrid\/the-real-madrid-does-not-deny-the-news-of-the-return-of-mou_36754_102.html#article","isPartOf":{"@id":"https:\/\/www.fcbarcelonanoticias.com\/en\/real-madrid\/the-real-madrid-does-not-deny-the-news-of-the-return-of-mou_36754_102.html"},"author":{"name":"user_4124","@id":"https:\/\/www.fcbarcelonanoticias.com\/en\/#\/schema\/person\/15ee2f54c96c350bfe0645e2cd9256a8"},"headline":"The Real Madrid does not deny the news of the return of &#8220;Mou&#8221;","datePublished":"2015-12-24T09:14:00+00:00","mainEntityOfPage":{"@id":"https:\/\/www.fcbarcelonanoticias.com\/en\/real-madrid\/the-real-madrid-does-not-deny-the-news-of-the-return-of-mou_36754_102.html"},"wordCount":476,"image":{"@id":"https:\/\/www.fcbarcelonanoticias.com\/en\/real-madrid\/the-real-madrid-does-not-deny-the-news-of-the-return-of-mou_36754_102.html#primaryimage"},"thumbnailUrl":"https:\/\/www.fcbarcelonanoticias.com\/en\/wp-content\/uploads\/sites\/2\/2015\/12\/jose-mourinho-36766.jpeg","keywords":["Jos\u00e9 Mourinho","Rafa Ben\u00edtez"],"articleSection":["Real Madrid","Real Madrid"],"inLanguage":"en-US"},{"@type":"WebPage","@id":"https:\/\/www.fcbarcelonanoticias.com\/en\/real-madrid\/the-real-madrid-does-not-deny-the-news-of-the-return-of-mou_36754_102.html","url":"https:\/\/www.fcbarcelonanoticias.com\/en\/real-madrid\/the-real-madrid-does-not-deny-the-news-of-the-return-of-mou_36754_102.html","name":"The Real Madrid does not deny the news of the return of \"Mou\"","isPartOf":{"@id":"https:\/\/www.fcbarcelonanoticias.com\/en\/#website"},"primaryImageOfPage":{"@id":"https:\/\/www.fcbarcelonanoticias.com\/en\/real-madrid\/the-real-madrid-does-not-deny-the-news-of-the-return-of-mou_36754_102.html#primaryimage"},"image":{"@id":"https:\/\/www.fcbarcelonanoticias.com\/en\/real-madrid\/the-real-madrid-does-not-deny-the-news-of-the-return-of-mou_36754_102.html#primaryimage"},"thumbnailUrl":"https:\/\/www.fcbarcelonanoticias.com\/en\/wp-content\/uploads\/sites\/2\/2015\/12\/jose-mourinho-36766.jpeg","datePublished":"2015-12-24T09:14:00+00:00","author":{"@id":"https:\/\/www.fcbarcelonanoticias.com\/en\/#\/schema\/person\/15ee2f54c96c350bfe0645e2cd9256a8"},"description":"FCBarcelonaNoticias.com","breadcrumb":{"@id":"https:\/\/www.fcbarcelonanoticias.com\/en\/real-madrid\/the-real-madrid-does-not-deny-the-news-of-the-return-of-mou_36754_102.html#breadcrumb"},"inLanguage":"en-US","potentialAction":[{"@type":"ReadAction","target":["https:\/\/www.fcbarcelonanoticias.com\/en\/real-madrid\/the-real-madrid-does-not-deny-the-news-of-the-return-of-mou_36754_102.html"]}]},{"@type":"ImageObject","inLanguage":"en-US","@id":"https:\/\/www.fcbarcelonanoticias.com\/en\/real-madrid\/the-real-madrid-does-not-deny-the-news-of-the-return-of-mou_36754_102.html#primaryimage","url":"https:\/\/www.fcbarcelonanoticias.com\/en\/wp-content\/uploads\/sites\/2\/2015\/12\/jose-mourinho-36766.jpeg","contentUrl":"https:\/\/www.fcbarcelonanoticias.com\/en\/wp-content\/uploads\/sites\/2\/2015\/12\/jose-mourinho-36766.jpeg","width":610,"height":343},{"@type":"BreadcrumbList","@id":"https:\/\/www.fcbarcelonanoticias.com\/en\/real-madrid\/the-real-madrid-does-not-deny-the-news-of-the-return-of-mou_36754_102.html#breadcrumb","itemListElement":[{"@type":"ListItem","position":1,"name":"Portada","item":"https:\/\/www.fcbarcelonanoticias.com\/en\/"},{"@type":"ListItem","position":2,"name":"The Real Madrid does not deny the news of the return of &#8220;Mou&#8221;"}]},{"@type":"WebSite","@id":"https:\/\/www.fcbarcelonanoticias.com\/en\/#website","url":"https:\/\/www.fcbarcelonanoticias.com\/en\/","name":"EN - FC Barcelona Noticias","description":"","potentialAction":[{"@type":"SearchAction","target":{"@type":"EntryPoint","urlTemplate":"https:\/\/www.fcbarcelonanoticias.com\/en\/?s={search_term_string}"},"query-input":{"@type":"PropertyValueSpecification","valueRequired":true,"valueName":"search_term_string"}}],"inLanguage":"en-US"},{"@type":"Person","@id":"https:\/\/www.fcbarcelonanoticias.com\/en\/#\/schema\/person\/15ee2f54c96c350bfe0645e2cd9256a8","name":"user_4124","image":{"@type":"ImageObject","inLanguage":"en-US","@id":"https:\/\/secure.gravatar.com\/avatar\/?s=96&d=mm&r=g","url":"https:\/\/secure.gravatar.com\/avatar\/?s=96&d=mm&r=g","contentUrl":"https:\/\/secure.gravatar.com\/avatar\/?s=96&d=mm&r=g","caption":"user_4124"},"url":"https:\/\/www.fcbarcelonanoticias.com\/en\/user_4124.html"}]}},"_links":{"self":[{"href":"https:\/\/www.fcbarcelonanoticias.com\/en\/wp-json\/wp\/v2\/posts\/84707","targetHints":{"allow":["GET"]}}],"collection":[{"href":"https:\/\/www.fcbarcelonanoticias.com\/en\/wp-json\/wp\/v2\/posts"}],"about":[{"href":"https:\/\/www.fcbarcelonanoticias.com\/en\/wp-json\/wp\/v2\/types\/post"}],"author":[{"embeddable":true,"href":"https:\/\/www.fcbarcelonanoticias.com\/en\/wp-json\/wp\/v2\/users\/468"}],"replies":[{"embeddable":true,"href":"https:\/\/www.fcbarcelonanoticias.com\/en\/wp-json\/wp\/v2\/comments?post=84707"}],"version-history":[{"count":1,"href":"https:\/\/www.fcbarcelonanoticias.com\/en\/wp-json\/wp\/v2\/posts\/84707\/revisions"}],"predecessor-version":[{"id":124767,"href":"https:\/\/www.fcbarcelonanoticias.com\/en\/wp-json\/wp\/v2\/posts\/84707\/revisions\/124767"}],"wp:featuredmedia":[{"embeddable":true,"href":"https:\/\/www.fcbarcelonanoticias.com\/en\/wp-json\/wp\/v2\/media\/84714"}],"wp:attachment":[{"href":"https:\/\/www.fcbarcelonanoticias.com\/en\/wp-json\/wp\/v2\/media?parent=84707"}],"wp:term":[{"taxonomy":"category","embeddable":true,"href":"https:\/\/www.fcbarcelonanoticias.com\/en\/wp-json\/wp\/v2\/categories?post=84707"},{"taxonomy":"post_tag","embeddable":true,"href":"https:\/\/www.fcbarcelonanoticias.com\/en\/wp-json\/wp\/v2\/tags?post=84707"}],"curies":[{"name":"wp","href":"https:\/\/api.w.org\/{rel}","templated":true}]}}