{"id":84788,"date":"2025-12-08T19:27:00","date_gmt":"2025-12-08T18:27:00","guid":{"rendered":"https:\/\/weisetech.dev\/fc-barcelona-noticias\/en\/real-madrid-confirms-eder-militao-serious-injury_315460_102\/"},"modified":"2025-12-08T19:27:00","modified_gmt":"2025-12-08T18:27:00","slug":"real-madrid-confirms-eder-militao-serious-injury_315460_102","status":"publish","type":"post","link":"https:\/\/www.fcbarcelonanoticias.com\/en\/real-madrid\/real-madrid-confirms-eder-militao-serious-injury_315460_102.html","title":{"rendered":"More problems for Xabi Alonso: Real Madrid confirms \u00c9der Militao&#8217;s serious injury"},"content":{"rendered":"<h2 class=\"wp-block-heading\">\u00c9der Militao was injured in the 20th minute of the match against Celta. This Monday, Real Madrid confirmed that the Brazilian will be out for more than three months due to a tear in his left thigh<\/h2>  \r\n<div class=\"article-addons\">\r\n    <a href=\"https:\/\/www.fcbarcelonanoticias.com\/en\/calendar-fc-barcelona.html\"\r\n       target=\"_self\"\r\n       title=\"Calendar of FC Barcelona\"\r\n       class=\"blue-gredient-btn\">\r\n       \r\n        Calendar of FC Barcelona    <\/a>\r\n<\/div>   <p>At the Santiago Bernab\u00e9u, the rain is pouring and shows no sign of stopping after Real Madrid&#8217;s tough defeat against Celta de Vigo (0-2). On Monday, the &#8216;merengue&#8217; team&#8217;s medical services confirmed the serious injury of <strong>\u00c9der Militao<\/strong>, who only played 20 minutes against the Galicians due to a twinge in his left thigh.<\/p>  <p>The forecasts anticipated a serious injury for the defender, and it was finally confirmed that the 27-year-old player <strong>suffers from a hamstring tear, with involvement of the proximal tendon<\/strong>. For the Sao Paulo native, this is the third serious injury he has sustained since August 2023, when he tore his left ACL.<\/p>  <p>A year later, he suffered the same injury to his right knee, affecting both menisci. Despite being out for over a year, Militao managed to recover and was Real Madrid&#8217;s best center-back at the start of the 25\/26 season. However, a new injury has halted him again just as Los Blancos have most of their defenders in the infirmary.<\/p>  <h2>How long will \u00c9der Militao be out?<\/h2>  <p>The forecasts for a thigh rupture of this nature point to <strong>an absence of approximately four months<\/strong>. That is to say, \u00c9der Militao would only return in April to play the final stretch of the season and try to regain competitive rhythm with the World Cup in mind.<\/p>  <p>The Brazilian will miss almost the entire season, including the <strong><a data-external=\"0\" data-intl-links-en=\"https:\/\/www.fcbarcelonanoticias.com\/en\/copa-del-rey\/king-cup-draw-25-26-date-format-qualified-teams_315425_102.html\" data-intl-links-es=\"https:\/\/www.fcbarcelonanoticias.com\/copa-del-rey\/sorteo-dieciseisavos-final-copa-rey-2025-2026_315425_102.html\" href=\"https:\/\/www.fcbarcelonanoticias.com\/en\/copa-del-rey\/king-cup-draw-25-26-date-format-qualified-teams_315425_102.html\" rel=\"follow\" target=\"_self\" title=\"Sorteo de dieciseisavos de final de la Copa del Rey 2025-2026\">Copa del Rey<\/a><\/strong> (he would only play a hypothetical final) and the <strong><a data-external=\"0\" data-intl-links-en=\"https:\/\/www.fcbarcelonanoticias.com\/en\/spanish-super-cup\/spanish-super-cup-2026-schedule_314888_102.html\" data-intl-links-es=\"https:\/\/www.fcbarcelonanoticias.com\/supercopa-de-espana\/calendario-supercopa-espana-2026_314888_102.html\" href=\"https:\/\/www.fcbarcelonanoticias.com\/en\/spanish-super-cup\/spanish-super-cup-2026-schedule_314888_102.html\" rel=\"follow\" target=\"_self\" title=\"Calendario de la Supercopa de Espa\u00f1a 2026\">Spanish Super Cup<\/a><\/strong>, in addition to approximately 13 league matchdays and the last 3 matches of the <strong>Champions<\/strong> group stage, not counting a possible play-off for the round of 16 and the round of 16 and quarter-final ties<\/p>  <p>Militao accumulated **1,272 minutes of action in 16 matches (14 as a starter)** before getting injured against Celta. The &#8216;3&#8217; scored a goal in the victory against Espanyol (2-0) and provided an assist against Barcelona in the Cl\u00e1sico of Matchday 10 (2-1). Now, Xabi Alonso loses his best center-back, practically, for the rest of the season.<\/p>  <h2>Real Madrid to play City with 7 injured defenders<\/h2>  <p>And so, Real Madrid adds \u00c9der Militao to the list of injured defenders, which already includes 7 players. <strong>Dean Huijsen, Dani Carvajal, Trent Alexander-Arnold, David Alaba, and Ferland Mendy<\/strong> will also be unavailable for matchday 6 of the Champions League, with the former being the closest to returning.<\/p>  <p>Huijsen is still experiencing discomfort in his left leg and, along with Camavinga, is almost certainly out for the match against Pep Guardiola&#8217;s team. Kylian Mbapp\u00e9, Jude Bellingham, and Fede Valverde also left the game against Celta with physical discomfort, but they will be able to start on Wednesday.<\/p>  <p>Valverde will likely return to left-back against City, while \u00c1lvaro Carreras would be the left-sided defender. Asensio and R\u00fcdiger would complete an improvised defense once again, where Fran Garc\u00eda is, for now, the only available substitute. To make matters worse, Carreras and Garc\u00eda will be out next Sunday against Alav\u00e9s, after being sent off in league matchday 15<\/p> ","protected":false},"excerpt":{"rendered":"<p>\u00c9der Militao was injured in the 20th minute of the match against Celta. This Monday, Real Madrid confirmed that the Brazilian will be out for more than three months due to a tear in his left thigh At the Santiago Bernab\u00e9u, the rain is pouring and shows no sign of stopping after Real Madrid&#8217;s tough [&hellip;]<\/p>\n","protected":false},"author":347,"featured_media":84794,"comment_status":"closed","ping_status":"open","sticky":false,"template":"","format":"standard","meta":{"_acf_changed":false,"inline_featured_image":false,"_nextfly_llmd_date_locked":false,"footnotes":""},"categories":[119,450],"tags":[136,97],"class_list":["post-84788","post","type-post","status-publish","format-standard","has-post-thumbnail","hentry","category-real-madrid","category-real-madrid-2","tag-injured","tag-manchester-city"],"acf":[],"yoast_head":"<!-- This site is optimized with the Yoast SEO plugin v27.3 - https:\/\/yoast.com\/product\/yoast-seo-wordpress\/ -->\n<title>Real Madrid confirms \u00c9der Militao&#039;s serious injury<\/title>\n<meta name=\"description\" content=\"\u00c9der Militao was injured in the 20th minute of the match against Celta. This Monday, Real Madrid confirmed that the Brazilian will be out for more than 3 months\" \/>\n<meta name=\"robots\" content=\"index, follow, max-snippet:-1, max-image-preview:large, max-video-preview:-1\" \/>\n<link rel=\"canonical\" href=\"https:\/\/www.fcbarcelonanoticias.com\/en\/real-madrid\/real-madrid-confirms-eder-militao-serious-injury_315460_102.html\" \/>\n<meta property=\"og:locale\" content=\"en_US\" \/>\n<meta property=\"og:type\" content=\"article\" \/>\n<meta property=\"og:title\" content=\"Real Madrid confirms \u00c9der Militao&#039;s serious injury\" \/>\n<meta property=\"og:description\" content=\"\u00c9der Militao was injured in the 20th minute of the match against Celta. This Monday, Real Madrid confirmed that the Brazilian will be out for more than 3 months\" \/>\n<meta property=\"og:url\" content=\"https:\/\/www.fcbarcelonanoticias.com\/en\/real-madrid\/real-madrid-confirms-eder-militao-serious-injury_315460_102.html\" \/>\n<meta property=\"og:site_name\" content=\"EN - FC Barcelona Noticias\" \/>\n<meta property=\"article:published_time\" content=\"2025-12-08T18:27:00+00:00\" \/>\n<meta property=\"og:image\" content=\"https:\/\/www.fcbarcelonanoticias.com\/en\/wp-content\/uploads\/sites\/2\/2025\/12\/eder-militao-lesionado-real-madrid-1.jpeg\" \/>\n\t<meta property=\"og:image:width\" content=\"1200\" \/>\n\t<meta property=\"og:image:height\" content=\"675\" \/>\n\t<meta property=\"og:image:type\" content=\"image\/jpeg\" \/>\n<meta name=\"author\" content=\"Andr\u00e9s Quiroz\" \/>\n<meta name=\"twitter:card\" content=\"summary_large_image\" \/>\n<meta name=\"twitter:label1\" content=\"Written by\" \/>\n\t<meta name=\"twitter:data1\" content=\"Andr\u00e9s Quiroz\" \/>\n\t<meta name=\"twitter:label2\" content=\"Est. reading time\" \/>\n\t<meta name=\"twitter:data2\" content=\"3 minutes\" \/>\n<script type=\"application\/ld+json\" class=\"yoast-schema-graph\">{\"@context\":\"https:\\\/\\\/schema.org\",\"@graph\":[{\"@type\":\"Article\",\"@id\":\"https:\\\/\\\/www.fcbarcelonanoticias.com\\\/en\\\/real-madrid\\\/real-madrid-confirms-eder-militao-serious-injury_315460_102.html#article\",\"isPartOf\":{\"@id\":\"https:\\\/\\\/www.fcbarcelonanoticias.com\\\/en\\\/real-madrid\\\/real-madrid-confirms-eder-militao-serious-injury_315460_102.html\"},\"author\":{\"name\":\"Andr\u00e9s Quiroz\",\"@id\":\"https:\\\/\\\/www.fcbarcelonanoticias.com\\\/en\\\/#\\\/schema\\\/person\\\/c2cd9f6fa1af5c0d0eccd0fefa575c88\"},\"headline\":\"More problems for Xabi Alonso: Real Madrid confirms \u00c9der Militao&#8217;s serious injury\",\"datePublished\":\"2025-12-08T18:27:00+00:00\",\"mainEntityOfPage\":{\"@id\":\"https:\\\/\\\/www.fcbarcelonanoticias.com\\\/en\\\/real-madrid\\\/real-madrid-confirms-eder-militao-serious-injury_315460_102.html\"},\"wordCount\":544,\"image\":{\"@id\":\"https:\\\/\\\/www.fcbarcelonanoticias.com\\\/en\\\/real-madrid\\\/real-madrid-confirms-eder-militao-serious-injury_315460_102.html#primaryimage\"},\"thumbnailUrl\":\"https:\\\/\\\/www.fcbarcelonanoticias.com\\\/en\\\/wp-content\\\/uploads\\\/sites\\\/2\\\/2025\\\/12\\\/eder-militao-lesionado-real-madrid-1.jpeg\",\"keywords\":[\"injured\",\"Manchester City\"],\"articleSection\":[\"Real Madrid\",\"Real Madrid\"],\"inLanguage\":\"en-US\"},{\"@type\":\"WebPage\",\"@id\":\"https:\\\/\\\/www.fcbarcelonanoticias.com\\\/en\\\/real-madrid\\\/real-madrid-confirms-eder-militao-serious-injury_315460_102.html\",\"url\":\"https:\\\/\\\/www.fcbarcelonanoticias.com\\\/en\\\/real-madrid\\\/real-madrid-confirms-eder-militao-serious-injury_315460_102.html\",\"name\":\"Real Madrid confirms \u00c9der Militao's serious injury\",\"isPartOf\":{\"@id\":\"https:\\\/\\\/www.fcbarcelonanoticias.com\\\/en\\\/#website\"},\"primaryImageOfPage\":{\"@id\":\"https:\\\/\\\/www.fcbarcelonanoticias.com\\\/en\\\/real-madrid\\\/real-madrid-confirms-eder-militao-serious-injury_315460_102.html#primaryimage\"},\"image\":{\"@id\":\"https:\\\/\\\/www.fcbarcelonanoticias.com\\\/en\\\/real-madrid\\\/real-madrid-confirms-eder-militao-serious-injury_315460_102.html#primaryimage\"},\"thumbnailUrl\":\"https:\\\/\\\/www.fcbarcelonanoticias.com\\\/en\\\/wp-content\\\/uploads\\\/sites\\\/2\\\/2025\\\/12\\\/eder-militao-lesionado-real-madrid-1.jpeg\",\"datePublished\":\"2025-12-08T18:27:00+00:00\",\"author\":{\"@id\":\"https:\\\/\\\/www.fcbarcelonanoticias.com\\\/en\\\/#\\\/schema\\\/person\\\/c2cd9f6fa1af5c0d0eccd0fefa575c88\"},\"description\":\"\u00c9der Militao was injured in the 20th minute of the match against Celta. This Monday, Real Madrid confirmed that the Brazilian will be out for more than 3 months\",\"breadcrumb\":{\"@id\":\"https:\\\/\\\/www.fcbarcelonanoticias.com\\\/en\\\/real-madrid\\\/real-madrid-confirms-eder-militao-serious-injury_315460_102.html#breadcrumb\"},\"inLanguage\":\"en-US\",\"potentialAction\":[{\"@type\":\"ReadAction\",\"target\":[\"https:\\\/\\\/www.fcbarcelonanoticias.com\\\/en\\\/real-madrid\\\/real-madrid-confirms-eder-militao-serious-injury_315460_102.html\"]}]},{\"@type\":\"ImageObject\",\"inLanguage\":\"en-US\",\"@id\":\"https:\\\/\\\/www.fcbarcelonanoticias.com\\\/en\\\/real-madrid\\\/real-madrid-confirms-eder-militao-serious-injury_315460_102.html#primaryimage\",\"url\":\"https:\\\/\\\/www.fcbarcelonanoticias.com\\\/en\\\/wp-content\\\/uploads\\\/sites\\\/2\\\/2025\\\/12\\\/eder-militao-lesionado-real-madrid-1.jpeg\",\"contentUrl\":\"https:\\\/\\\/www.fcbarcelonanoticias.com\\\/en\\\/wp-content\\\/uploads\\\/sites\\\/2\\\/2025\\\/12\\\/eder-militao-lesionado-real-madrid-1.jpeg\",\"width\":1200,\"height\":675},{\"@type\":\"BreadcrumbList\",\"@id\":\"https:\\\/\\\/www.fcbarcelonanoticias.com\\\/en\\\/real-madrid\\\/real-madrid-confirms-eder-militao-serious-injury_315460_102.html#breadcrumb\",\"itemListElement\":[{\"@type\":\"ListItem\",\"position\":1,\"name\":\"Portada\",\"item\":\"https:\\\/\\\/www.fcbarcelonanoticias.com\\\/en\\\/\"},{\"@type\":\"ListItem\",\"position\":2,\"name\":\"More problems for Xabi Alonso: Real Madrid confirms \u00c9der Militao&#8217;s serious injury\"}]},{\"@type\":\"WebSite\",\"@id\":\"https:\\\/\\\/www.fcbarcelonanoticias.com\\\/en\\\/#website\",\"url\":\"https:\\\/\\\/www.fcbarcelonanoticias.com\\\/en\\\/\",\"name\":\"EN - FC Barcelona Noticias\",\"description\":\"\",\"potentialAction\":[{\"@type\":\"SearchAction\",\"target\":{\"@type\":\"EntryPoint\",\"urlTemplate\":\"https:\\\/\\\/www.fcbarcelonanoticias.com\\\/en\\\/?s={search_term_string}\"},\"query-input\":{\"@type\":\"PropertyValueSpecification\",\"valueRequired\":true,\"valueName\":\"search_term_string\"}}],\"inLanguage\":\"en-US\"},{\"@type\":\"Person\",\"@id\":\"https:\\\/\\\/www.fcbarcelonanoticias.com\\\/en\\\/#\\\/schema\\\/person\\\/c2cd9f6fa1af5c0d0eccd0fefa575c88\",\"name\":\"Andr\u00e9s Quiroz\",\"image\":{\"@type\":\"ImageObject\",\"inLanguage\":\"en-US\",\"@id\":\"https:\\\/\\\/secure.gravatar.com\\\/avatar\\\/?s=96&d=mm&r=g\",\"url\":\"https:\\\/\\\/secure.gravatar.com\\\/avatar\\\/?s=96&d=mm&r=g\",\"contentUrl\":\"https:\\\/\\\/secure.gravatar.com\\\/avatar\\\/?s=96&d=mm&r=g\",\"caption\":\"Andr\u00e9s Quiroz\"},\"description\":\"Licenciado en Periodismo por la Universidad de los Andes. Me encargo de analizar y compartir los contenidos m\u00e1s destacados de la\u00a0actualidad del F\u00fatbol Club Barcelona, Mercado de Fichajes y F\u00fatbol Internacional en FCBN. La informaci\u00f3n es poder, pero tambi\u00e9n conocimiento.\",\"url\":\"https:\\\/\\\/www.fcbarcelonanoticias.com\\\/en\\\/fc-barcelona\\\/andres-quiroz_17_115.html\"}]}<\/script>\n<!-- \/ Yoast SEO plugin. -->","yoast_head_json":{"title":"Real Madrid confirms \u00c9der Militao's serious injury","description":"\u00c9der Militao was injured in the 20th minute of the match against Celta. This Monday, Real Madrid confirmed that the Brazilian will be out for more than 3 months","robots":{"index":"index","follow":"follow","max-snippet":"max-snippet:-1","max-image-preview":"max-image-preview:large","max-video-preview":"max-video-preview:-1"},"canonical":"https:\/\/www.fcbarcelonanoticias.com\/en\/real-madrid\/real-madrid-confirms-eder-militao-serious-injury_315460_102.html","og_locale":"en_US","og_type":"article","og_title":"Real Madrid confirms \u00c9der Militao's serious injury","og_description":"\u00c9der Militao was injured in the 20th minute of the match against Celta. This Monday, Real Madrid confirmed that the Brazilian will be out for more than 3 months","og_url":"https:\/\/www.fcbarcelonanoticias.com\/en\/real-madrid\/real-madrid-confirms-eder-militao-serious-injury_315460_102.html","og_site_name":"EN - FC Barcelona Noticias","article_published_time":"2025-12-08T18:27:00+00:00","og_image":[{"width":1200,"height":675,"url":"https:\/\/www.fcbarcelonanoticias.com\/en\/wp-content\/uploads\/sites\/2\/2025\/12\/eder-militao-lesionado-real-madrid-1.jpeg","type":"image\/jpeg"}],"author":"Andr\u00e9s Quiroz","twitter_card":"summary_large_image","twitter_misc":{"Written by":"Andr\u00e9s Quiroz","Est. reading time":"3 minutes"},"schema":{"@context":"https:\/\/schema.org","@graph":[{"@type":"Article","@id":"https:\/\/www.fcbarcelonanoticias.com\/en\/real-madrid\/real-madrid-confirms-eder-militao-serious-injury_315460_102.html#article","isPartOf":{"@id":"https:\/\/www.fcbarcelonanoticias.com\/en\/real-madrid\/real-madrid-confirms-eder-militao-serious-injury_315460_102.html"},"author":{"name":"Andr\u00e9s Quiroz","@id":"https:\/\/www.fcbarcelonanoticias.com\/en\/#\/schema\/person\/c2cd9f6fa1af5c0d0eccd0fefa575c88"},"headline":"More problems for Xabi Alonso: Real Madrid confirms \u00c9der Militao&#8217;s serious injury","datePublished":"2025-12-08T18:27:00+00:00","mainEntityOfPage":{"@id":"https:\/\/www.fcbarcelonanoticias.com\/en\/real-madrid\/real-madrid-confirms-eder-militao-serious-injury_315460_102.html"},"wordCount":544,"image":{"@id":"https:\/\/www.fcbarcelonanoticias.com\/en\/real-madrid\/real-madrid-confirms-eder-militao-serious-injury_315460_102.html#primaryimage"},"thumbnailUrl":"https:\/\/www.fcbarcelonanoticias.com\/en\/wp-content\/uploads\/sites\/2\/2025\/12\/eder-militao-lesionado-real-madrid-1.jpeg","keywords":["injured","Manchester City"],"articleSection":["Real Madrid","Real Madrid"],"inLanguage":"en-US"},{"@type":"WebPage","@id":"https:\/\/www.fcbarcelonanoticias.com\/en\/real-madrid\/real-madrid-confirms-eder-militao-serious-injury_315460_102.html","url":"https:\/\/www.fcbarcelonanoticias.com\/en\/real-madrid\/real-madrid-confirms-eder-militao-serious-injury_315460_102.html","name":"Real Madrid confirms \u00c9der Militao's serious injury","isPartOf":{"@id":"https:\/\/www.fcbarcelonanoticias.com\/en\/#website"},"primaryImageOfPage":{"@id":"https:\/\/www.fcbarcelonanoticias.com\/en\/real-madrid\/real-madrid-confirms-eder-militao-serious-injury_315460_102.html#primaryimage"},"image":{"@id":"https:\/\/www.fcbarcelonanoticias.com\/en\/real-madrid\/real-madrid-confirms-eder-militao-serious-injury_315460_102.html#primaryimage"},"thumbnailUrl":"https:\/\/www.fcbarcelonanoticias.com\/en\/wp-content\/uploads\/sites\/2\/2025\/12\/eder-militao-lesionado-real-madrid-1.jpeg","datePublished":"2025-12-08T18:27:00+00:00","author":{"@id":"https:\/\/www.fcbarcelonanoticias.com\/en\/#\/schema\/person\/c2cd9f6fa1af5c0d0eccd0fefa575c88"},"description":"\u00c9der Militao was injured in the 20th minute of the match against Celta. This Monday, Real Madrid confirmed that the Brazilian will be out for more than 3 months","breadcrumb":{"@id":"https:\/\/www.fcbarcelonanoticias.com\/en\/real-madrid\/real-madrid-confirms-eder-militao-serious-injury_315460_102.html#breadcrumb"},"inLanguage":"en-US","potentialAction":[{"@type":"ReadAction","target":["https:\/\/www.fcbarcelonanoticias.com\/en\/real-madrid\/real-madrid-confirms-eder-militao-serious-injury_315460_102.html"]}]},{"@type":"ImageObject","inLanguage":"en-US","@id":"https:\/\/www.fcbarcelonanoticias.com\/en\/real-madrid\/real-madrid-confirms-eder-militao-serious-injury_315460_102.html#primaryimage","url":"https:\/\/www.fcbarcelonanoticias.com\/en\/wp-content\/uploads\/sites\/2\/2025\/12\/eder-militao-lesionado-real-madrid-1.jpeg","contentUrl":"https:\/\/www.fcbarcelonanoticias.com\/en\/wp-content\/uploads\/sites\/2\/2025\/12\/eder-militao-lesionado-real-madrid-1.jpeg","width":1200,"height":675},{"@type":"BreadcrumbList","@id":"https:\/\/www.fcbarcelonanoticias.com\/en\/real-madrid\/real-madrid-confirms-eder-militao-serious-injury_315460_102.html#breadcrumb","itemListElement":[{"@type":"ListItem","position":1,"name":"Portada","item":"https:\/\/www.fcbarcelonanoticias.com\/en\/"},{"@type":"ListItem","position":2,"name":"More problems for Xabi Alonso: Real Madrid confirms \u00c9der Militao&#8217;s serious injury"}]},{"@type":"WebSite","@id":"https:\/\/www.fcbarcelonanoticias.com\/en\/#website","url":"https:\/\/www.fcbarcelonanoticias.com\/en\/","name":"EN - FC Barcelona Noticias","description":"","potentialAction":[{"@type":"SearchAction","target":{"@type":"EntryPoint","urlTemplate":"https:\/\/www.fcbarcelonanoticias.com\/en\/?s={search_term_string}"},"query-input":{"@type":"PropertyValueSpecification","valueRequired":true,"valueName":"search_term_string"}}],"inLanguage":"en-US"},{"@type":"Person","@id":"https:\/\/www.fcbarcelonanoticias.com\/en\/#\/schema\/person\/c2cd9f6fa1af5c0d0eccd0fefa575c88","name":"Andr\u00e9s Quiroz","image":{"@type":"ImageObject","inLanguage":"en-US","@id":"https:\/\/secure.gravatar.com\/avatar\/?s=96&d=mm&r=g","url":"https:\/\/secure.gravatar.com\/avatar\/?s=96&d=mm&r=g","contentUrl":"https:\/\/secure.gravatar.com\/avatar\/?s=96&d=mm&r=g","caption":"Andr\u00e9s Quiroz"},"description":"Licenciado en Periodismo por la Universidad de los Andes. Me encargo de analizar y compartir los contenidos m\u00e1s destacados de la\u00a0actualidad del F\u00fatbol Club Barcelona, Mercado de Fichajes y F\u00fatbol Internacional en FCBN. La informaci\u00f3n es poder, pero tambi\u00e9n conocimiento.","url":"https:\/\/www.fcbarcelonanoticias.com\/en\/fc-barcelona\/andres-quiroz_17_115.html"}]}},"_links":{"self":[{"href":"https:\/\/www.fcbarcelonanoticias.com\/en\/wp-json\/wp\/v2\/posts\/84788","targetHints":{"allow":["GET"]}}],"collection":[{"href":"https:\/\/www.fcbarcelonanoticias.com\/en\/wp-json\/wp\/v2\/posts"}],"about":[{"href":"https:\/\/www.fcbarcelonanoticias.com\/en\/wp-json\/wp\/v2\/types\/post"}],"author":[{"embeddable":true,"href":"https:\/\/www.fcbarcelonanoticias.com\/en\/wp-json\/wp\/v2\/users\/347"}],"replies":[{"embeddable":true,"href":"https:\/\/www.fcbarcelonanoticias.com\/en\/wp-json\/wp\/v2\/comments?post=84788"}],"version-history":[{"count":1,"href":"https:\/\/www.fcbarcelonanoticias.com\/en\/wp-json\/wp\/v2\/posts\/84788\/revisions"}],"predecessor-version":[{"id":123742,"href":"https:\/\/www.fcbarcelonanoticias.com\/en\/wp-json\/wp\/v2\/posts\/84788\/revisions\/123742"}],"wp:featuredmedia":[{"embeddable":true,"href":"https:\/\/www.fcbarcelonanoticias.com\/en\/wp-json\/wp\/v2\/media\/84794"}],"wp:attachment":[{"href":"https:\/\/www.fcbarcelonanoticias.com\/en\/wp-json\/wp\/v2\/media?parent=84788"}],"wp:term":[{"taxonomy":"category","embeddable":true,"href":"https:\/\/www.fcbarcelonanoticias.com\/en\/wp-json\/wp\/v2\/categories?post=84788"},{"taxonomy":"post_tag","embeddable":true,"href":"https:\/\/www.fcbarcelonanoticias.com\/en\/wp-json\/wp\/v2\/tags?post=84788"}],"curies":[{"name":"wp","href":"https:\/\/api.w.org\/{rel}","templated":true}]}}