{"id":8480,"date":"2023-02-28T23:49:00","date_gmt":"2023-02-28T22:49:00","guid":{"rendered":"https:\/\/weisetech.dev\/fc-barcelona-noticias\/en\/xavi-take-care-to-busquets-sergi-roberto-kessie-and-ronald-araujo-of-face-clasico_290086_102\/"},"modified":"2023-03-01T13:44:00","modified_gmt":"2023-03-01T12:44:00","slug":"xavi-take-care-to-busquets-sergi-roberto-kessie-and-ronald-araujo-of-face-clasico_290086_102","status":"publish","type":"post","link":"https:\/\/www.fcbarcelonanoticias.com\/en\/players\/xavi-take-care-to-busquets-sergi-roberto-kessie-and-ronald-araujo-of-face-clasico_290086_102.html","title":{"rendered":"Xavi &#8216;takes care&#8217; of Busquets, Sergi Roberto, Kessi\u00e9 and Ronald Ara\u00fajo for the Classic"},"content":{"rendered":"<h2 class=\"wp-block-heading\">With the risk of injury at the last minute, FC Barcelona continues to prepare the first leg of the Copa del Rey semifinal against Real Madrid, so at Can Bar\u00e7a they do not want to take any risks with their players<\/h2>  \r\n<div class=\"article-addons\">\r\n    <a href=\"https:\/\/www.fcbarcelonanoticias.com\/en\/calendar-fc-barcelona.html\"\r\n       target=\"_self\"\r\n       title=\"Calendar of FC Barcelona\"\r\n       class=\"blue-gredient-btn\">\r\n       \r\n        Calendar of FC Barcelona    <\/a>\r\n<\/div>   <p>The FC Barcelona completed one of his last trainings <a data-external=\"0\" data-intl-links-en=\"https:\/\/www.fcbarcelonanoticias.com\/en\/copa-del-rey\/real-madrid-fc-barcelona-on-tv-when-where-to-watch-semifinals-copa-rey_290049_102.html\" data-intl-links-es=\"https:\/\/www.fcbarcelonanoticias.com\/copa-del-rey\/real-madrid-fc-barcelona-en-tv-cuando-donde-ver-semifinales-copa-rey_290049_102.html\" href=\"https:\/\/www.fcbarcelonanoticias.com\/en\/copa-del-rey\/real-madrid-fc-barcelona-on-tv-when-where-to-watch-semifinals-copa-rey_290049_102.html\" rel=\"follow\" target=\"_self\" title=\"Real Madrid-FC Barcelona en TV: Cu\u00e1ndo y d\u00f3nde ver las semifinales de la Copa del Rey de F\u00fatbol\">to measure to the Real Madrid<\/a> in the Glass of the King of this Thursday. The cul\u00e9s will visit Santiago Bernab\u00e9u with drops very important, <strong>as the ones of Lewandowski and Pedri, <\/strong>by what in the works of this week there are several footballers that are not training with the complete load to avoid any injury of last hour.<\/p>  <p>The own images that published the Barcelona club in his distinct platforms, showed the distinct levels that the technical body handled during this Tuesday, accompanied in addition to a climate complicated by the European winter that still does not culminate. <strong>The Ciutat Esportiva Joan Gamper had to an Ansu Fati training differentiating and following his process of recovery, in addition to another cuatros footballers &#8216;between cottons&#8217;.<\/strong><\/p>  <p>Xavi Hern\u00e1ndez wanted to be accurate with Ronald Ara\u00fajo, Sergio Busquets, Sergi Roberto and Franck Kessi\u00e9, those who only limited to trotar on the lawn in zapatillas sportive, without boots and without touching balloon. This, <strong>like preventive measure for footballers that in the last two weeks had a lot of minutes, or in the case of the captain, went out of an injury recently. <\/strong><\/p>  <blockquote class=\"twitter-tweet\"> <p dir=\"ltr\" lang=\"es\">Tuesday completed. Previous morning of <a href=\"https:\/\/twitter.com\/en\/hashtag\/ElClasico?src=hash&amp;ref_src=twsrc%5Etfw\">#ElClasico<\/a> \ud83d\udcaa <a href=\"https:\/\/t.co\/en\/KTUwBrV7l6\">pic.twitter.com\/ktuwbrv7l6<\/a><\/p> \u2014 FC Barcelona (@FCBarcelona_is) <a href=\"https:\/\/twitter.com\/en\/FCBarcelona_es\/status\/1630689721960497153?ref_src=twsrc%5Etfw\">February 28, 2023<\/a> <\/blockquote> <p>In the images yes observes working with boots and balloon, although in a &#8216;fut-tennis&#8217;, to ten footballers. The list, as it showed the own material published by the Bar\u00e7a, <strong>included to the goalkeepers Ter Stegen, I\u00f1aki Crag and Arnau Tenas in addition to the players Jules Kound\u00e9, Eric Garcia, Pablo Tower, Raphinha, Alejandro Balde, \u00c1ngel Alarc\u00f3n and Marcos Alonso.<\/strong><\/p>  <h3>Several names did not show<\/h3>  <p>By his part, there was not audiovisual backrest of the works that executed on the lawn the footballers Gavi, Jordi Alba, Andreas Christensen, Frenkie of Jong and Ferran Torres. With a training that was compulsory for all the staff, <strong>this last group of players could have completed his work in the gymnasium or doing some specific work <a data-external=\"0\" data-intl-links-en=\"https:\/\/www.fcbarcelonanoticias.com\/en\/copa-del-rey\/real-madrid-fc-barcelona-possible-line-ups-semi-copa-rey_290052_102.html\" data-intl-links-es=\"https:\/\/www.fcbarcelonanoticias.com\/copa-del-rey\/real-madrid-fc-barcelona-posibles-alineaciones-semis-copa-rey_290052_102.html\" href=\"https:\/\/www.fcbarcelonanoticias.com\/en\/copa-del-rey\/real-madrid-fc-barcelona-possible-line-ups-semi-copa-rey_290052_102.html\" rel=\"follow\" target=\"_self\" title=\"Real Madrid-FC Barcelona: Las posibles alineaciones de las 'semis' de la Copa del Rey 2022-2023\">thinking in the crash in front of the club madridista<\/a>. <\/strong><\/p> ","protected":false},"excerpt":{"rendered":"<p>With the risk of injury at the last minute, FC Barcelona continues to prepare the first leg of the Copa del Rey semifinal against Real Madrid, so at Can Bar\u00e7a they do not want to take any risks with their players The FC Barcelona completed one of his last trainings to measure to the Real [&hellip;]<\/p>\n","protected":false},"author":345,"featured_media":8481,"comment_status":"closed","ping_status":"open","sticky":false,"template":"","format":"standard","meta":{"_acf_changed":false,"inline_featured_image":false,"_nextfly_llmd_date_locked":false,"footnotes":""},"categories":[446,118],"tags":[53,305,136,166,48],"class_list":["post-8480","post","type-post","status-publish","format-standard","has-post-thumbnail","hentry","category-copa-del-rey-2","category-copa-del-rey","tag-el-clasico","tag-frank-kessie","tag-injured","tag-sergio-busquets","tag-xavi-hernandez"],"acf":[],"yoast_head":"<!-- This site is optimized with the Yoast SEO plugin v27.3 - https:\/\/yoast.com\/product\/yoast-seo-wordpress\/ -->\n<title>Xavi &#039;takes care&#039; of Busquets, Sergi Roberto, Kessi\u00e9 and Ronald Ara\u00fajo for the Classic<\/title>\n<meta name=\"description\" content=\"With the risk of injury at the last minute, FC Barcelona continues to prepare the first leg of the Copa del Rey semifinal against Real Madrid, so at Can Bar\u00e7a they do not want to take any risks with their players\" \/>\n<meta name=\"robots\" content=\"index, follow, max-snippet:-1, max-image-preview:large, max-video-preview:-1\" \/>\n<link rel=\"canonical\" href=\"https:\/\/www.fcbarcelonanoticias.com\/en\/players\/xavi-take-care-to-busquets-sergi-roberto-kessie-and-ronald-araujo-of-face-clasico_290086_102.html\" \/>\n<meta property=\"og:locale\" content=\"en_US\" \/>\n<meta property=\"og:type\" content=\"article\" \/>\n<meta property=\"og:title\" content=\"Xavi &#039;takes care&#039; of Busquets, Sergi Roberto, Kessi\u00e9 and Ronald Ara\u00fajo for the Classic\" \/>\n<meta property=\"og:description\" content=\"With the risk of injury at the last minute, FC Barcelona continues to prepare the first leg of the Copa del Rey semifinal against Real Madrid, so at Can Bar\u00e7a they do not want to take any risks with their players\" \/>\n<meta property=\"og:url\" content=\"https:\/\/www.fcbarcelonanoticias.com\/en\/players\/xavi-take-care-to-busquets-sergi-roberto-kessie-and-ronald-araujo-of-face-clasico_290086_102.html\" \/>\n<meta property=\"og:site_name\" content=\"EN - FC Barcelona Noticias\" \/>\n<meta property=\"article:published_time\" content=\"2023-02-28T22:49:00+00:00\" \/>\n<meta property=\"article:modified_time\" content=\"2023-03-01T12:44:00+00:00\" \/>\n<meta property=\"og:image\" content=\"https:\/\/www.fcbarcelonanoticias.com\/en\/wp-content\/uploads\/sites\/2\/2023\/02\/xavi-dirige-un-entrenamiento-del-barca.jpeg\" \/>\n\t<meta property=\"og:image:width\" content=\"1200\" \/>\n\t<meta property=\"og:image:height\" content=\"740\" \/>\n\t<meta property=\"og:image:type\" content=\"image\/jpeg\" \/>\n<meta name=\"author\" content=\"Carlos Montenegro\" \/>\n<meta name=\"twitter:card\" content=\"summary_large_image\" \/>\n<meta name=\"twitter:label1\" content=\"Written by\" \/>\n\t<meta name=\"twitter:data1\" content=\"Carlos Montenegro\" \/>\n\t<meta name=\"twitter:label2\" content=\"Est. reading time\" \/>\n\t<meta name=\"twitter:data2\" content=\"2 minutes\" \/>\n<script type=\"application\/ld+json\" class=\"yoast-schema-graph\">{\"@context\":\"https:\\\/\\\/schema.org\",\"@graph\":[{\"@type\":\"Article\",\"@id\":\"https:\\\/\\\/www.fcbarcelonanoticias.com\\\/en\\\/players\\\/xavi-take-care-to-busquets-sergi-roberto-kessie-and-ronald-araujo-of-face-clasico_290086_102.html#article\",\"isPartOf\":{\"@id\":\"https:\\\/\\\/www.fcbarcelonanoticias.com\\\/en\\\/players\\\/xavi-take-care-to-busquets-sergi-roberto-kessie-and-ronald-araujo-of-face-clasico_290086_102.html\"},\"author\":{\"name\":\"Carlos Montenegro\",\"@id\":\"https:\\\/\\\/www.fcbarcelonanoticias.com\\\/en\\\/#\\\/schema\\\/person\\\/aa1d038709c262cb247e240f6b39bbf5\"},\"headline\":\"Xavi &#8216;takes care&#8217; of Busquets, Sergi Roberto, Kessi\u00e9 and Ronald Ara\u00fajo for the Classic\",\"datePublished\":\"2023-02-28T22:49:00+00:00\",\"dateModified\":\"2023-03-01T12:44:00+00:00\",\"mainEntityOfPage\":{\"@id\":\"https:\\\/\\\/www.fcbarcelonanoticias.com\\\/en\\\/players\\\/xavi-take-care-to-busquets-sergi-roberto-kessie-and-ronald-araujo-of-face-clasico_290086_102.html\"},\"wordCount\":409,\"image\":{\"@id\":\"https:\\\/\\\/www.fcbarcelonanoticias.com\\\/en\\\/players\\\/xavi-take-care-to-busquets-sergi-roberto-kessie-and-ronald-araujo-of-face-clasico_290086_102.html#primaryimage\"},\"thumbnailUrl\":\"https:\\\/\\\/www.fcbarcelonanoticias.com\\\/en\\\/wp-content\\\/uploads\\\/sites\\\/2\\\/2023\\\/02\\\/xavi-dirige-un-entrenamiento-del-barca.jpeg\",\"keywords\":[\"El Cl\u00e1sico\",\"Frank Kessi\u00e9\",\"injured\",\"Sergio Busquets\",\"Xavi Hern\u00e1ndez\"],\"articleSection\":[\"Copa del Rey\",\"Copa del Rey\"],\"inLanguage\":\"en-US\"},{\"@type\":\"WebPage\",\"@id\":\"https:\\\/\\\/www.fcbarcelonanoticias.com\\\/en\\\/players\\\/xavi-take-care-to-busquets-sergi-roberto-kessie-and-ronald-araujo-of-face-clasico_290086_102.html\",\"url\":\"https:\\\/\\\/www.fcbarcelonanoticias.com\\\/en\\\/players\\\/xavi-take-care-to-busquets-sergi-roberto-kessie-and-ronald-araujo-of-face-clasico_290086_102.html\",\"name\":\"Xavi 'takes care' of Busquets, Sergi Roberto, Kessi\u00e9 and Ronald Ara\u00fajo for the Classic\",\"isPartOf\":{\"@id\":\"https:\\\/\\\/www.fcbarcelonanoticias.com\\\/en\\\/#website\"},\"primaryImageOfPage\":{\"@id\":\"https:\\\/\\\/www.fcbarcelonanoticias.com\\\/en\\\/players\\\/xavi-take-care-to-busquets-sergi-roberto-kessie-and-ronald-araujo-of-face-clasico_290086_102.html#primaryimage\"},\"image\":{\"@id\":\"https:\\\/\\\/www.fcbarcelonanoticias.com\\\/en\\\/players\\\/xavi-take-care-to-busquets-sergi-roberto-kessie-and-ronald-araujo-of-face-clasico_290086_102.html#primaryimage\"},\"thumbnailUrl\":\"https:\\\/\\\/www.fcbarcelonanoticias.com\\\/en\\\/wp-content\\\/uploads\\\/sites\\\/2\\\/2023\\\/02\\\/xavi-dirige-un-entrenamiento-del-barca.jpeg\",\"datePublished\":\"2023-02-28T22:49:00+00:00\",\"dateModified\":\"2023-03-01T12:44:00+00:00\",\"author\":{\"@id\":\"https:\\\/\\\/www.fcbarcelonanoticias.com\\\/en\\\/#\\\/schema\\\/person\\\/aa1d038709c262cb247e240f6b39bbf5\"},\"description\":\"With the risk of injury at the last minute, FC Barcelona continues to prepare the first leg of the Copa del Rey semifinal against Real Madrid, so at Can Bar\u00e7a they do not want to take any risks with their players\",\"breadcrumb\":{\"@id\":\"https:\\\/\\\/www.fcbarcelonanoticias.com\\\/en\\\/players\\\/xavi-take-care-to-busquets-sergi-roberto-kessie-and-ronald-araujo-of-face-clasico_290086_102.html#breadcrumb\"},\"inLanguage\":\"en-US\",\"potentialAction\":[{\"@type\":\"ReadAction\",\"target\":[\"https:\\\/\\\/www.fcbarcelonanoticias.com\\\/en\\\/players\\\/xavi-take-care-to-busquets-sergi-roberto-kessie-and-ronald-araujo-of-face-clasico_290086_102.html\"]}]},{\"@type\":\"ImageObject\",\"inLanguage\":\"en-US\",\"@id\":\"https:\\\/\\\/www.fcbarcelonanoticias.com\\\/en\\\/players\\\/xavi-take-care-to-busquets-sergi-roberto-kessie-and-ronald-araujo-of-face-clasico_290086_102.html#primaryimage\",\"url\":\"https:\\\/\\\/www.fcbarcelonanoticias.com\\\/en\\\/wp-content\\\/uploads\\\/sites\\\/2\\\/2023\\\/02\\\/xavi-dirige-un-entrenamiento-del-barca.jpeg\",\"contentUrl\":\"https:\\\/\\\/www.fcbarcelonanoticias.com\\\/en\\\/wp-content\\\/uploads\\\/sites\\\/2\\\/2023\\\/02\\\/xavi-dirige-un-entrenamiento-del-barca.jpeg\",\"width\":1200,\"height\":740},{\"@type\":\"BreadcrumbList\",\"@id\":\"https:\\\/\\\/www.fcbarcelonanoticias.com\\\/en\\\/players\\\/xavi-take-care-to-busquets-sergi-roberto-kessie-and-ronald-araujo-of-face-clasico_290086_102.html#breadcrumb\",\"itemListElement\":[{\"@type\":\"ListItem\",\"position\":1,\"name\":\"Portada\",\"item\":\"https:\\\/\\\/www.fcbarcelonanoticias.com\\\/en\\\/\"},{\"@type\":\"ListItem\",\"position\":2,\"name\":\"Xavi &#8216;takes care&#8217; of Busquets, Sergi Roberto, Kessi\u00e9 and Ronald Ara\u00fajo for the Classic\"}]},{\"@type\":\"WebSite\",\"@id\":\"https:\\\/\\\/www.fcbarcelonanoticias.com\\\/en\\\/#website\",\"url\":\"https:\\\/\\\/www.fcbarcelonanoticias.com\\\/en\\\/\",\"name\":\"EN - FC Barcelona Noticias\",\"description\":\"\",\"potentialAction\":[{\"@type\":\"SearchAction\",\"target\":{\"@type\":\"EntryPoint\",\"urlTemplate\":\"https:\\\/\\\/www.fcbarcelonanoticias.com\\\/en\\\/?s={search_term_string}\"},\"query-input\":{\"@type\":\"PropertyValueSpecification\",\"valueRequired\":true,\"valueName\":\"search_term_string\"}}],\"inLanguage\":\"en-US\"},{\"@type\":\"Person\",\"@id\":\"https:\\\/\\\/www.fcbarcelonanoticias.com\\\/en\\\/#\\\/schema\\\/person\\\/aa1d038709c262cb247e240f6b39bbf5\",\"name\":\"Carlos Montenegro\",\"image\":{\"@type\":\"ImageObject\",\"inLanguage\":\"en-US\",\"@id\":\"https:\\\/\\\/secure.gravatar.com\\\/avatar\\\/?s=96&d=mm&r=g\",\"url\":\"https:\\\/\\\/secure.gravatar.com\\\/avatar\\\/?s=96&d=mm&r=g\",\"contentUrl\":\"https:\\\/\\\/secure.gravatar.com\\\/avatar\\\/?s=96&d=mm&r=g\",\"caption\":\"Carlos Montenegro\"},\"url\":\"https:\\\/\\\/www.fcbarcelonanoticias.com\\\/en\\\/carlos-montenegro_20_115.html\"}]}<\/script>\n<!-- \/ Yoast SEO plugin. -->","yoast_head_json":{"title":"Xavi 'takes care' of Busquets, Sergi Roberto, Kessi\u00e9 and Ronald Ara\u00fajo for the Classic","description":"With the risk of injury at the last minute, FC Barcelona continues to prepare the first leg of the Copa del Rey semifinal against Real Madrid, so at Can Bar\u00e7a they do not want to take any risks with their players","robots":{"index":"index","follow":"follow","max-snippet":"max-snippet:-1","max-image-preview":"max-image-preview:large","max-video-preview":"max-video-preview:-1"},"canonical":"https:\/\/www.fcbarcelonanoticias.com\/en\/players\/xavi-take-care-to-busquets-sergi-roberto-kessie-and-ronald-araujo-of-face-clasico_290086_102.html","og_locale":"en_US","og_type":"article","og_title":"Xavi 'takes care' of Busquets, Sergi Roberto, Kessi\u00e9 and Ronald Ara\u00fajo for the Classic","og_description":"With the risk of injury at the last minute, FC Barcelona continues to prepare the first leg of the Copa del Rey semifinal against Real Madrid, so at Can Bar\u00e7a they do not want to take any risks with their players","og_url":"https:\/\/www.fcbarcelonanoticias.com\/en\/players\/xavi-take-care-to-busquets-sergi-roberto-kessie-and-ronald-araujo-of-face-clasico_290086_102.html","og_site_name":"EN - FC Barcelona Noticias","article_published_time":"2023-02-28T22:49:00+00:00","article_modified_time":"2023-03-01T12:44:00+00:00","og_image":[{"width":1200,"height":740,"url":"https:\/\/www.fcbarcelonanoticias.com\/en\/wp-content\/uploads\/sites\/2\/2023\/02\/xavi-dirige-un-entrenamiento-del-barca.jpeg","type":"image\/jpeg"}],"author":"Carlos Montenegro","twitter_card":"summary_large_image","twitter_misc":{"Written by":"Carlos Montenegro","Est. reading time":"2 minutes"},"schema":{"@context":"https:\/\/schema.org","@graph":[{"@type":"Article","@id":"https:\/\/www.fcbarcelonanoticias.com\/en\/players\/xavi-take-care-to-busquets-sergi-roberto-kessie-and-ronald-araujo-of-face-clasico_290086_102.html#article","isPartOf":{"@id":"https:\/\/www.fcbarcelonanoticias.com\/en\/players\/xavi-take-care-to-busquets-sergi-roberto-kessie-and-ronald-araujo-of-face-clasico_290086_102.html"},"author":{"name":"Carlos Montenegro","@id":"https:\/\/www.fcbarcelonanoticias.com\/en\/#\/schema\/person\/aa1d038709c262cb247e240f6b39bbf5"},"headline":"Xavi &#8216;takes care&#8217; of Busquets, Sergi Roberto, Kessi\u00e9 and Ronald Ara\u00fajo for the Classic","datePublished":"2023-02-28T22:49:00+00:00","dateModified":"2023-03-01T12:44:00+00:00","mainEntityOfPage":{"@id":"https:\/\/www.fcbarcelonanoticias.com\/en\/players\/xavi-take-care-to-busquets-sergi-roberto-kessie-and-ronald-araujo-of-face-clasico_290086_102.html"},"wordCount":409,"image":{"@id":"https:\/\/www.fcbarcelonanoticias.com\/en\/players\/xavi-take-care-to-busquets-sergi-roberto-kessie-and-ronald-araujo-of-face-clasico_290086_102.html#primaryimage"},"thumbnailUrl":"https:\/\/www.fcbarcelonanoticias.com\/en\/wp-content\/uploads\/sites\/2\/2023\/02\/xavi-dirige-un-entrenamiento-del-barca.jpeg","keywords":["El Cl\u00e1sico","Frank Kessi\u00e9","injured","Sergio Busquets","Xavi Hern\u00e1ndez"],"articleSection":["Copa del Rey","Copa del Rey"],"inLanguage":"en-US"},{"@type":"WebPage","@id":"https:\/\/www.fcbarcelonanoticias.com\/en\/players\/xavi-take-care-to-busquets-sergi-roberto-kessie-and-ronald-araujo-of-face-clasico_290086_102.html","url":"https:\/\/www.fcbarcelonanoticias.com\/en\/players\/xavi-take-care-to-busquets-sergi-roberto-kessie-and-ronald-araujo-of-face-clasico_290086_102.html","name":"Xavi 'takes care' of Busquets, Sergi Roberto, Kessi\u00e9 and Ronald Ara\u00fajo for the Classic","isPartOf":{"@id":"https:\/\/www.fcbarcelonanoticias.com\/en\/#website"},"primaryImageOfPage":{"@id":"https:\/\/www.fcbarcelonanoticias.com\/en\/players\/xavi-take-care-to-busquets-sergi-roberto-kessie-and-ronald-araujo-of-face-clasico_290086_102.html#primaryimage"},"image":{"@id":"https:\/\/www.fcbarcelonanoticias.com\/en\/players\/xavi-take-care-to-busquets-sergi-roberto-kessie-and-ronald-araujo-of-face-clasico_290086_102.html#primaryimage"},"thumbnailUrl":"https:\/\/www.fcbarcelonanoticias.com\/en\/wp-content\/uploads\/sites\/2\/2023\/02\/xavi-dirige-un-entrenamiento-del-barca.jpeg","datePublished":"2023-02-28T22:49:00+00:00","dateModified":"2023-03-01T12:44:00+00:00","author":{"@id":"https:\/\/www.fcbarcelonanoticias.com\/en\/#\/schema\/person\/aa1d038709c262cb247e240f6b39bbf5"},"description":"With the risk of injury at the last minute, FC Barcelona continues to prepare the first leg of the Copa del Rey semifinal against Real Madrid, so at Can Bar\u00e7a they do not want to take any risks with their players","breadcrumb":{"@id":"https:\/\/www.fcbarcelonanoticias.com\/en\/players\/xavi-take-care-to-busquets-sergi-roberto-kessie-and-ronald-araujo-of-face-clasico_290086_102.html#breadcrumb"},"inLanguage":"en-US","potentialAction":[{"@type":"ReadAction","target":["https:\/\/www.fcbarcelonanoticias.com\/en\/players\/xavi-take-care-to-busquets-sergi-roberto-kessie-and-ronald-araujo-of-face-clasico_290086_102.html"]}]},{"@type":"ImageObject","inLanguage":"en-US","@id":"https:\/\/www.fcbarcelonanoticias.com\/en\/players\/xavi-take-care-to-busquets-sergi-roberto-kessie-and-ronald-araujo-of-face-clasico_290086_102.html#primaryimage","url":"https:\/\/www.fcbarcelonanoticias.com\/en\/wp-content\/uploads\/sites\/2\/2023\/02\/xavi-dirige-un-entrenamiento-del-barca.jpeg","contentUrl":"https:\/\/www.fcbarcelonanoticias.com\/en\/wp-content\/uploads\/sites\/2\/2023\/02\/xavi-dirige-un-entrenamiento-del-barca.jpeg","width":1200,"height":740},{"@type":"BreadcrumbList","@id":"https:\/\/www.fcbarcelonanoticias.com\/en\/players\/xavi-take-care-to-busquets-sergi-roberto-kessie-and-ronald-araujo-of-face-clasico_290086_102.html#breadcrumb","itemListElement":[{"@type":"ListItem","position":1,"name":"Portada","item":"https:\/\/www.fcbarcelonanoticias.com\/en\/"},{"@type":"ListItem","position":2,"name":"Xavi &#8216;takes care&#8217; of Busquets, Sergi Roberto, Kessi\u00e9 and Ronald Ara\u00fajo for the Classic"}]},{"@type":"WebSite","@id":"https:\/\/www.fcbarcelonanoticias.com\/en\/#website","url":"https:\/\/www.fcbarcelonanoticias.com\/en\/","name":"EN - FC Barcelona Noticias","description":"","potentialAction":[{"@type":"SearchAction","target":{"@type":"EntryPoint","urlTemplate":"https:\/\/www.fcbarcelonanoticias.com\/en\/?s={search_term_string}"},"query-input":{"@type":"PropertyValueSpecification","valueRequired":true,"valueName":"search_term_string"}}],"inLanguage":"en-US"},{"@type":"Person","@id":"https:\/\/www.fcbarcelonanoticias.com\/en\/#\/schema\/person\/aa1d038709c262cb247e240f6b39bbf5","name":"Carlos Montenegro","image":{"@type":"ImageObject","inLanguage":"en-US","@id":"https:\/\/secure.gravatar.com\/avatar\/?s=96&d=mm&r=g","url":"https:\/\/secure.gravatar.com\/avatar\/?s=96&d=mm&r=g","contentUrl":"https:\/\/secure.gravatar.com\/avatar\/?s=96&d=mm&r=g","caption":"Carlos Montenegro"},"url":"https:\/\/www.fcbarcelonanoticias.com\/en\/carlos-montenegro_20_115.html"}]}},"_links":{"self":[{"href":"https:\/\/www.fcbarcelonanoticias.com\/en\/wp-json\/wp\/v2\/posts\/8480","targetHints":{"allow":["GET"]}}],"collection":[{"href":"https:\/\/www.fcbarcelonanoticias.com\/en\/wp-json\/wp\/v2\/posts"}],"about":[{"href":"https:\/\/www.fcbarcelonanoticias.com\/en\/wp-json\/wp\/v2\/types\/post"}],"author":[{"embeddable":true,"href":"https:\/\/www.fcbarcelonanoticias.com\/en\/wp-json\/wp\/v2\/users\/345"}],"replies":[{"embeddable":true,"href":"https:\/\/www.fcbarcelonanoticias.com\/en\/wp-json\/wp\/v2\/comments?post=8480"}],"version-history":[{"count":1,"href":"https:\/\/www.fcbarcelonanoticias.com\/en\/wp-json\/wp\/v2\/posts\/8480\/revisions"}],"predecessor-version":[{"id":9745,"href":"https:\/\/www.fcbarcelonanoticias.com\/en\/wp-json\/wp\/v2\/posts\/8480\/revisions\/9745"}],"wp:featuredmedia":[{"embeddable":true,"href":"https:\/\/www.fcbarcelonanoticias.com\/en\/wp-json\/wp\/v2\/media\/8481"}],"wp:attachment":[{"href":"https:\/\/www.fcbarcelonanoticias.com\/en\/wp-json\/wp\/v2\/media?parent=8480"}],"wp:term":[{"taxonomy":"category","embeddable":true,"href":"https:\/\/www.fcbarcelonanoticias.com\/en\/wp-json\/wp\/v2\/categories?post=8480"},{"taxonomy":"post_tag","embeddable":true,"href":"https:\/\/www.fcbarcelonanoticias.com\/en\/wp-json\/wp\/v2\/tags?post=8480"}],"curies":[{"name":"wp","href":"https:\/\/api.w.org\/{rel}","templated":true}]}}