{"id":84825,"date":"2023-07-29T19:18:00","date_gmt":"2023-07-29T17:18:00","guid":{"rendered":"https:\/\/weisetech.dev\/fc-barcelona-noticias\/en\/real-madrid-confirms-arda-guler-injury_294587_102\/"},"modified":"2023-07-29T19:18:00","modified_gmt":"2023-07-29T17:18:00","slug":"real-madrid-confirms-arda-guler-injury_294587_102","status":"publish","type":"post","link":"https:\/\/www.fcbarcelonanoticias.com\/en\/real-madrid\/real-madrid-confirms-arda-guler-injury_294587_102.html","title":{"rendered":"Real Madrid confirm Arda G\u00fcler&#8217;s injury!"},"content":{"rendered":"<h2 class=\"wp-block-heading\">Through a statement, Real Madrid has confirmed that Arda G\u00fcler suffers an injury to the internal meniscus of her right knee and that she will leave the team&#8217;s concentration in the United States to begin her recovery process in Madrid<\/h2>  \r\n<div class=\"article-addons\">\r\n    <a href=\"https:\/\/www.fcbarcelonanoticias.com\/en\/calendar-fc-barcelona.html\"\r\n       target=\"_self\"\r\n       title=\"Calendar of FC Barcelona\"\r\n       class=\"blue-gredient-btn\">\r\n       \r\n        Calendar of FC Barcelona    <\/a>\r\n<\/div>   <p><strong>First incinveniente of Burn G\u00fcler in <a data-external=\"0\" data-intl-links-en=\"https:\/\/www.fcbarcelonanoticias.com\/en\/real-madrid\" data-intl-links-es=\"https:\/\/www.fcbarcelonanoticias.com\/real-madrid\" href=\"https:\/\/www.fcbarcelonanoticias.com\/en\/football-soccer\/real-madrid.html\" rel=\"follow\" target=\"_self\" title=\"Real Madrid\">the Real Madrid<\/a>. <\/strong>After remaining out of the first parties in turns it of pre-season in United States, the Turkish footballer will see forced to abandon the concentration of the entity madridista in Dallas, Texas, to begin to treat an injury in the internal meniscus of his right knee, as it has confirmed the club.<\/p>  <p>The player of 18 years had not formed part of the announcement for the crashes against AC Milan and Manchester United.<strong> In the previous of the Classical, Carlo Ancelotti already had him descartado by physical problems. <\/strong>After subjecting to different proofs, has diagnosed the injury and is expecting of more proofs -that will make in Madrid- to know the definite scope and the time estimated of drop.<\/p>  <h2>The communiqu\u00e9 of the Real Madrid on Burn G\u00fcler<\/h2>  <p>The injury of Burn has sida confirmed by the Real Madrid in the last hours. The medical part prays: <strong>&#8220;After the proofs made to our player Burn G\u00fcler has diagnosed him an injury in the internal meniscus of his right knee<\/strong>. The player will move to Madrid in the next hours to continue with specific treatment&#8221;.<\/p>  <p>Asi Then , the Turkish player will follow without debuting as new player madridista. It is worth it to remember that it landed in Chamart\u00edn during this summer, pertinent of the Fenerbah\u00e7e, at a rate of 30 million euros apr\u00f3ximadamente.<strong> It had left very good feelings in the first trainings under the orders of Carlo Ancelotti, <\/strong>but since it began the pre-season in United States grieve and has been able to accompany to his mates in the sessions of train. In the last weeks has been making work the solitary, until finally they have confirmed his ailments.<\/p> ","protected":false},"excerpt":{"rendered":"<p>Through a statement, Real Madrid has confirmed that Arda G\u00fcler suffers an injury to the internal meniscus of her right knee and that she will leave the team&#8217;s concentration in the United States to begin her recovery process in Madrid First incinveniente of Burn G\u00fcler in the Real Madrid. After remaining out of the first [&hellip;]<\/p>\n","protected":false},"author":0,"featured_media":84834,"comment_status":"closed","ping_status":"open","sticky":false,"template":"","format":"standard","meta":{"_acf_changed":false,"inline_featured_image":false,"_nextfly_llmd_date_locked":false,"footnotes":""},"categories":[119,450],"tags":[136],"class_list":["post-84825","post","type-post","status-publish","format-standard","has-post-thumbnail","hentry","category-real-madrid","category-real-madrid-2","tag-injured"],"acf":[],"yoast_head":"<!-- This site is optimized with the Yoast SEO plugin v27.3 - https:\/\/yoast.com\/product\/yoast-seo-wordpress\/ -->\n<title>Real Madrid confirm Arda G\u00fcler&#039;s injury!<\/title>\n<meta name=\"description\" content=\"Through a communiqu\u00e9, the Real Madrid has confirmed that it Burn G\u00fcler suffers an injury in the internal meniscus of his right knee and that will abandon the concentration of the team in United States to begin his process of recovery in Madrid\" \/>\n<meta name=\"robots\" content=\"index, follow, max-snippet:-1, max-image-preview:large, max-video-preview:-1\" \/>\n<link rel=\"canonical\" href=\"https:\/\/www.fcbarcelonanoticias.com\/en\/real-madrid\/real-madrid-confirms-arda-guler-injury_294587_102.html\" \/>\n<meta property=\"og:locale\" content=\"en_US\" \/>\n<meta property=\"og:type\" content=\"article\" \/>\n<meta property=\"og:title\" content=\"Real Madrid confirm Arda G\u00fcler&#039;s injury!\" \/>\n<meta property=\"og:description\" content=\"Through a communiqu\u00e9, the Real Madrid has confirmed that it Burn G\u00fcler suffers an injury in the internal meniscus of his right knee and that will abandon the concentration of the team in United States to begin his process of recovery in Madrid\" \/>\n<meta property=\"og:url\" content=\"https:\/\/www.fcbarcelonanoticias.com\/en\/real-madrid\/real-madrid-confirms-arda-guler-injury_294587_102.html\" \/>\n<meta property=\"og:site_name\" content=\"EN - FC Barcelona Noticias\" \/>\n<meta property=\"article:published_time\" content=\"2023-07-29T17:18:00+00:00\" \/>\n<meta property=\"og:image\" content=\"https:\/\/www.fcbarcelonanoticias.com\/en\/wp-content\/uploads\/sites\/2\/2023\/07\/arda-guler-acto-1.jpeg\" \/>\n\t<meta property=\"og:image:width\" content=\"1300\" \/>\n\t<meta property=\"og:image:height\" content=\"736\" \/>\n\t<meta property=\"og:image:type\" content=\"image\/jpeg\" \/>\n<meta name=\"twitter:card\" content=\"summary_large_image\" \/>\n<meta name=\"twitter:label1\" content=\"Est. reading time\" \/>\n\t<meta name=\"twitter:data1\" content=\"2 minutes\" \/>\n<script type=\"application\/ld+json\" class=\"yoast-schema-graph\">{\"@context\":\"https:\\\/\\\/schema.org\",\"@graph\":[{\"@type\":\"Article\",\"@id\":\"https:\\\/\\\/www.fcbarcelonanoticias.com\\\/en\\\/real-madrid\\\/real-madrid-confirms-arda-guler-injury_294587_102.html#article\",\"isPartOf\":{\"@id\":\"https:\\\/\\\/www.fcbarcelonanoticias.com\\\/en\\\/real-madrid\\\/real-madrid-confirms-arda-guler-injury_294587_102.html\"},\"author\":{\"name\":\"\",\"@id\":\"\"},\"headline\":\"Real Madrid confirm Arda G\u00fcler&#8217;s injury!\",\"datePublished\":\"2023-07-29T17:18:00+00:00\",\"mainEntityOfPage\":{\"@id\":\"https:\\\/\\\/www.fcbarcelonanoticias.com\\\/en\\\/real-madrid\\\/real-madrid-confirms-arda-guler-injury_294587_102.html\"},\"wordCount\":343,\"image\":{\"@id\":\"https:\\\/\\\/www.fcbarcelonanoticias.com\\\/en\\\/real-madrid\\\/real-madrid-confirms-arda-guler-injury_294587_102.html#primaryimage\"},\"thumbnailUrl\":\"https:\\\/\\\/www.fcbarcelonanoticias.com\\\/en\\\/wp-content\\\/uploads\\\/sites\\\/2\\\/2023\\\/07\\\/arda-guler-acto-1.jpeg\",\"keywords\":[\"injured\"],\"articleSection\":[\"Real Madrid\",\"Real Madrid\"],\"inLanguage\":\"en-US\"},{\"@type\":\"WebPage\",\"@id\":\"https:\\\/\\\/www.fcbarcelonanoticias.com\\\/en\\\/real-madrid\\\/real-madrid-confirms-arda-guler-injury_294587_102.html\",\"url\":\"https:\\\/\\\/www.fcbarcelonanoticias.com\\\/en\\\/real-madrid\\\/real-madrid-confirms-arda-guler-injury_294587_102.html\",\"name\":\"Real Madrid confirm Arda G\u00fcler's injury!\",\"isPartOf\":{\"@id\":\"https:\\\/\\\/www.fcbarcelonanoticias.com\\\/en\\\/#website\"},\"primaryImageOfPage\":{\"@id\":\"https:\\\/\\\/www.fcbarcelonanoticias.com\\\/en\\\/real-madrid\\\/real-madrid-confirms-arda-guler-injury_294587_102.html#primaryimage\"},\"image\":{\"@id\":\"https:\\\/\\\/www.fcbarcelonanoticias.com\\\/en\\\/real-madrid\\\/real-madrid-confirms-arda-guler-injury_294587_102.html#primaryimage\"},\"thumbnailUrl\":\"https:\\\/\\\/www.fcbarcelonanoticias.com\\\/en\\\/wp-content\\\/uploads\\\/sites\\\/2\\\/2023\\\/07\\\/arda-guler-acto-1.jpeg\",\"datePublished\":\"2023-07-29T17:18:00+00:00\",\"author\":{\"@id\":\"\"},\"description\":\"Through a communiqu\u00e9, the Real Madrid has confirmed that it Burn G\u00fcler suffers an injury in the internal meniscus of his right knee and that will abandon the concentration of the team in United States to begin his process of recovery in Madrid\",\"breadcrumb\":{\"@id\":\"https:\\\/\\\/www.fcbarcelonanoticias.com\\\/en\\\/real-madrid\\\/real-madrid-confirms-arda-guler-injury_294587_102.html#breadcrumb\"},\"inLanguage\":\"en-US\",\"potentialAction\":[{\"@type\":\"ReadAction\",\"target\":[\"https:\\\/\\\/www.fcbarcelonanoticias.com\\\/en\\\/real-madrid\\\/real-madrid-confirms-arda-guler-injury_294587_102.html\"]}]},{\"@type\":\"ImageObject\",\"inLanguage\":\"en-US\",\"@id\":\"https:\\\/\\\/www.fcbarcelonanoticias.com\\\/en\\\/real-madrid\\\/real-madrid-confirms-arda-guler-injury_294587_102.html#primaryimage\",\"url\":\"https:\\\/\\\/www.fcbarcelonanoticias.com\\\/en\\\/wp-content\\\/uploads\\\/sites\\\/2\\\/2023\\\/07\\\/arda-guler-acto-1.jpeg\",\"contentUrl\":\"https:\\\/\\\/www.fcbarcelonanoticias.com\\\/en\\\/wp-content\\\/uploads\\\/sites\\\/2\\\/2023\\\/07\\\/arda-guler-acto-1.jpeg\",\"width\":1300,\"height\":736},{\"@type\":\"BreadcrumbList\",\"@id\":\"https:\\\/\\\/www.fcbarcelonanoticias.com\\\/en\\\/real-madrid\\\/real-madrid-confirms-arda-guler-injury_294587_102.html#breadcrumb\",\"itemListElement\":[{\"@type\":\"ListItem\",\"position\":1,\"name\":\"Portada\",\"item\":\"https:\\\/\\\/www.fcbarcelonanoticias.com\\\/en\\\/\"},{\"@type\":\"ListItem\",\"position\":2,\"name\":\"Real Madrid confirm Arda G\u00fcler&#8217;s injury!\"}]},{\"@type\":\"WebSite\",\"@id\":\"https:\\\/\\\/www.fcbarcelonanoticias.com\\\/en\\\/#website\",\"url\":\"https:\\\/\\\/www.fcbarcelonanoticias.com\\\/en\\\/\",\"name\":\"EN - FC Barcelona Noticias\",\"description\":\"\",\"potentialAction\":[{\"@type\":\"SearchAction\",\"target\":{\"@type\":\"EntryPoint\",\"urlTemplate\":\"https:\\\/\\\/www.fcbarcelonanoticias.com\\\/en\\\/?s={search_term_string}\"},\"query-input\":{\"@type\":\"PropertyValueSpecification\",\"valueRequired\":true,\"valueName\":\"search_term_string\"}}],\"inLanguage\":\"en-US\"}]}<\/script>\n<!-- \/ Yoast SEO plugin. -->","yoast_head_json":{"title":"Real Madrid confirm Arda G\u00fcler's injury!","description":"Through a communiqu\u00e9, the Real Madrid has confirmed that it Burn G\u00fcler suffers an injury in the internal meniscus of his right knee and that will abandon the concentration of the team in United States to begin his process of recovery in Madrid","robots":{"index":"index","follow":"follow","max-snippet":"max-snippet:-1","max-image-preview":"max-image-preview:large","max-video-preview":"max-video-preview:-1"},"canonical":"https:\/\/www.fcbarcelonanoticias.com\/en\/real-madrid\/real-madrid-confirms-arda-guler-injury_294587_102.html","og_locale":"en_US","og_type":"article","og_title":"Real Madrid confirm Arda G\u00fcler's injury!","og_description":"Through a communiqu\u00e9, the Real Madrid has confirmed that it Burn G\u00fcler suffers an injury in the internal meniscus of his right knee and that will abandon the concentration of the team in United States to begin his process of recovery in Madrid","og_url":"https:\/\/www.fcbarcelonanoticias.com\/en\/real-madrid\/real-madrid-confirms-arda-guler-injury_294587_102.html","og_site_name":"EN - FC Barcelona Noticias","article_published_time":"2023-07-29T17:18:00+00:00","og_image":[{"width":1300,"height":736,"url":"https:\/\/www.fcbarcelonanoticias.com\/en\/wp-content\/uploads\/sites\/2\/2023\/07\/arda-guler-acto-1.jpeg","type":"image\/jpeg"}],"twitter_card":"summary_large_image","twitter_misc":{"Est. reading time":"2 minutes"},"schema":{"@context":"https:\/\/schema.org","@graph":[{"@type":"Article","@id":"https:\/\/www.fcbarcelonanoticias.com\/en\/real-madrid\/real-madrid-confirms-arda-guler-injury_294587_102.html#article","isPartOf":{"@id":"https:\/\/www.fcbarcelonanoticias.com\/en\/real-madrid\/real-madrid-confirms-arda-guler-injury_294587_102.html"},"author":{"name":"","@id":""},"headline":"Real Madrid confirm Arda G\u00fcler&#8217;s injury!","datePublished":"2023-07-29T17:18:00+00:00","mainEntityOfPage":{"@id":"https:\/\/www.fcbarcelonanoticias.com\/en\/real-madrid\/real-madrid-confirms-arda-guler-injury_294587_102.html"},"wordCount":343,"image":{"@id":"https:\/\/www.fcbarcelonanoticias.com\/en\/real-madrid\/real-madrid-confirms-arda-guler-injury_294587_102.html#primaryimage"},"thumbnailUrl":"https:\/\/www.fcbarcelonanoticias.com\/en\/wp-content\/uploads\/sites\/2\/2023\/07\/arda-guler-acto-1.jpeg","keywords":["injured"],"articleSection":["Real Madrid","Real Madrid"],"inLanguage":"en-US"},{"@type":"WebPage","@id":"https:\/\/www.fcbarcelonanoticias.com\/en\/real-madrid\/real-madrid-confirms-arda-guler-injury_294587_102.html","url":"https:\/\/www.fcbarcelonanoticias.com\/en\/real-madrid\/real-madrid-confirms-arda-guler-injury_294587_102.html","name":"Real Madrid confirm Arda G\u00fcler's injury!","isPartOf":{"@id":"https:\/\/www.fcbarcelonanoticias.com\/en\/#website"},"primaryImageOfPage":{"@id":"https:\/\/www.fcbarcelonanoticias.com\/en\/real-madrid\/real-madrid-confirms-arda-guler-injury_294587_102.html#primaryimage"},"image":{"@id":"https:\/\/www.fcbarcelonanoticias.com\/en\/real-madrid\/real-madrid-confirms-arda-guler-injury_294587_102.html#primaryimage"},"thumbnailUrl":"https:\/\/www.fcbarcelonanoticias.com\/en\/wp-content\/uploads\/sites\/2\/2023\/07\/arda-guler-acto-1.jpeg","datePublished":"2023-07-29T17:18:00+00:00","author":{"@id":""},"description":"Through a communiqu\u00e9, the Real Madrid has confirmed that it Burn G\u00fcler suffers an injury in the internal meniscus of his right knee and that will abandon the concentration of the team in United States to begin his process of recovery in Madrid","breadcrumb":{"@id":"https:\/\/www.fcbarcelonanoticias.com\/en\/real-madrid\/real-madrid-confirms-arda-guler-injury_294587_102.html#breadcrumb"},"inLanguage":"en-US","potentialAction":[{"@type":"ReadAction","target":["https:\/\/www.fcbarcelonanoticias.com\/en\/real-madrid\/real-madrid-confirms-arda-guler-injury_294587_102.html"]}]},{"@type":"ImageObject","inLanguage":"en-US","@id":"https:\/\/www.fcbarcelonanoticias.com\/en\/real-madrid\/real-madrid-confirms-arda-guler-injury_294587_102.html#primaryimage","url":"https:\/\/www.fcbarcelonanoticias.com\/en\/wp-content\/uploads\/sites\/2\/2023\/07\/arda-guler-acto-1.jpeg","contentUrl":"https:\/\/www.fcbarcelonanoticias.com\/en\/wp-content\/uploads\/sites\/2\/2023\/07\/arda-guler-acto-1.jpeg","width":1300,"height":736},{"@type":"BreadcrumbList","@id":"https:\/\/www.fcbarcelonanoticias.com\/en\/real-madrid\/real-madrid-confirms-arda-guler-injury_294587_102.html#breadcrumb","itemListElement":[{"@type":"ListItem","position":1,"name":"Portada","item":"https:\/\/www.fcbarcelonanoticias.com\/en\/"},{"@type":"ListItem","position":2,"name":"Real Madrid confirm Arda G\u00fcler&#8217;s injury!"}]},{"@type":"WebSite","@id":"https:\/\/www.fcbarcelonanoticias.com\/en\/#website","url":"https:\/\/www.fcbarcelonanoticias.com\/en\/","name":"EN - FC Barcelona Noticias","description":"","potentialAction":[{"@type":"SearchAction","target":{"@type":"EntryPoint","urlTemplate":"https:\/\/www.fcbarcelonanoticias.com\/en\/?s={search_term_string}"},"query-input":{"@type":"PropertyValueSpecification","valueRequired":true,"valueName":"search_term_string"}}],"inLanguage":"en-US"}]}},"_links":{"self":[{"href":"https:\/\/www.fcbarcelonanoticias.com\/en\/wp-json\/wp\/v2\/posts\/84825","targetHints":{"allow":["GET"]}}],"collection":[{"href":"https:\/\/www.fcbarcelonanoticias.com\/en\/wp-json\/wp\/v2\/posts"}],"about":[{"href":"https:\/\/www.fcbarcelonanoticias.com\/en\/wp-json\/wp\/v2\/types\/post"}],"replies":[{"embeddable":true,"href":"https:\/\/www.fcbarcelonanoticias.com\/en\/wp-json\/wp\/v2\/comments?post=84825"}],"version-history":[{"count":1,"href":"https:\/\/www.fcbarcelonanoticias.com\/en\/wp-json\/wp\/v2\/posts\/84825\/revisions"}],"predecessor-version":[{"id":84826,"href":"https:\/\/www.fcbarcelonanoticias.com\/en\/wp-json\/wp\/v2\/posts\/84825\/revisions\/84826"}],"wp:featuredmedia":[{"embeddable":true,"href":"https:\/\/www.fcbarcelonanoticias.com\/en\/wp-json\/wp\/v2\/media\/84834"}],"wp:attachment":[{"href":"https:\/\/www.fcbarcelonanoticias.com\/en\/wp-json\/wp\/v2\/media?parent=84825"}],"wp:term":[{"taxonomy":"category","embeddable":true,"href":"https:\/\/www.fcbarcelonanoticias.com\/en\/wp-json\/wp\/v2\/categories?post=84825"},{"taxonomy":"post_tag","embeddable":true,"href":"https:\/\/www.fcbarcelonanoticias.com\/en\/wp-json\/wp\/v2\/tags?post=84825"}],"curies":[{"name":"wp","href":"https:\/\/api.w.org\/{rel}","templated":true}]}}