{"id":8507,"date":"2022-12-14T16:52:00","date_gmt":"2022-12-14T15:52:00","guid":{"rendered":"https:\/\/weisetech.dev\/fc-barcelona-noticias\/en\/argentina-breathes-messi-presence-in-the-final-is-assured_287624_102\/"},"modified":"2022-12-14T16:53:00","modified_gmt":"2022-12-14T15:53:00","slug":"argentina-breathes-messi-presence-in-the-final-is-assured_287624_102","status":"publish","type":"post","link":"https:\/\/www.fcbarcelonanoticias.com\/en\/copa-mundial-futbol\/argentina-breathes-messi-presence-in-the-final-is-assured_287624_102.html","title":{"rendered":"Argentina &#8216;breathes&#8217;: Messi&#8217;s presence in the final is assured"},"content":{"rendered":"<h2 class=\"wp-block-heading\">The concern arose in Argentina when Lionel Messi felt discomfort in his left hamstring in the match against Croatia. However, from the medical staff they confirmed their participation in the final<\/h2>  \r\n<div class=\"article-addons\">\r\n    <a href=\"https:\/\/www.fcbarcelonanoticias.com\/en\/calendar-fc-barcelona.html\"\r\n       target=\"_self\"\r\n       title=\"Calendar of FC Barcelona\"\r\n       class=\"blue-gredient-btn\">\r\n       \r\n        Calendar of FC Barcelona    <\/a>\r\n<\/div>   <p>The selection of Argentina achieved the so longed for pass to the final of <a data-external=\"0\" data-intl-links-es=\"https:\/\/www.fcbarcelonanoticias.com\/copa-mundial-futbol\" href=\"https:\/\/www.fcbarcelonanoticias.com\/en\/copa-mundial-futbol\" rel=\"follow\" target=\"_self\" title=\"Copa Mundial de F\u00fatbol\">the World-wide Glass of Qatar 2022<\/a> when defeating of conclusive way to the combined of Croatia. In spite of that the Balkan arrived to the meeting after giving a &#8216;golpazo&#8217; to delete to Brazil in the batch of penal, the &#8216;albiceleste&#8217; gave a hit of authority and, after bearing 30 minutes of &#8216;siege&#8217; constant of his rivals, <strong>attained to impose thanks to a &#8216;enormous&#8217; Juli\u00e1n \u00c1lvarez and a &#8216;magic&#8217; Lionel Messi to seal his pass to the last crash of the tournament<\/strong>.<\/p>  <p>However, the victory by 3-0 generated a big fright in all the fans sudamericana. <strong>And it is that along the party, Messi touched in reiterated occasions the isquiotibial left<\/strong>. This situation carried the fear to the body of all the Argentinians, those who feared the absence of his maximum figure in one of the most important duels of all his history. Even Scaloni feared by the physicist of the player, but east decided to follow on the terrain of game and finished being the MVP.<\/p>  <p>When finalising the meeting, Lionel commissioned to transmit calm when being asked after how of worrisome were the annoyances to 5 days of the final. <strong>The rosarino answered without doubting &#8220;well, well, am well&#8221;, relieving like this to all those that concerned by his physical state<\/strong>.<\/p>  <p>Of the same way, the technical body of the selection also showed optimistic, although if they recognised that they will have to do specific work in the zone affected. &#8220;<strong>It is well, it goes to have to do kinesiolog\u00eda, but is well. It does not go to have problems in playing it<\/strong>&#8220;, went the words of a member of the staff technical to the Argentinian newspaper &#8216;Ol\u00e9&#8217;.<\/p>  <h3>Waiting for a rival<\/h3>  <p>Like this the things, will remain for seeing as they evolve the annoyances of the &#8216;flea&#8217; before the Sunday, <strong>but what if it is true is that the presence of the rosarino in the eleven headline does not argue <\/strong>. This Wednesday will define who will accompany to the &#8216;albiceleste&#8217; the next 18 December in Lusail, when France and Morocco see the faces in research to achieve the pass to the final of the competition.<\/p> ","protected":false},"excerpt":{"rendered":"<p>The concern arose in Argentina when Lionel Messi felt discomfort in his left hamstring in the match against Croatia. However, from the medical staff they confirmed their participation in the final The selection of Argentina achieved the so longed for pass to the final of the World-wide Glass of Qatar 2022 when defeating of conclusive [&hellip;]<\/p>\n","protected":false},"author":358,"featured_media":8508,"comment_status":"closed","ping_status":"open","sticky":false,"template":"","format":"standard","meta":{"_acf_changed":false,"inline_featured_image":false,"_nextfly_llmd_date_locked":false,"footnotes":""},"categories":[115,451],"tags":[],"class_list":["post-8507","post","type-post","status-publish","format-standard","has-post-thumbnail","hentry","category-lionel-messi","category-lionel-messi-2"],"acf":[],"yoast_head":"<!-- This site is optimized with the Yoast SEO plugin v27.3 - https:\/\/yoast.com\/product\/yoast-seo-wordpress\/ -->\n<title>Argentina &#039;breathes&#039;: Messi&#039;s presence in the final is assured<\/title>\n<meta name=\"description\" content=\"The worry was born in Argentina when Lionel Messi felt annoyances in the isquiotibial left in the duel in front of Croatia. However, from the body m...\" \/>\n<meta name=\"robots\" content=\"index, follow, max-snippet:-1, max-image-preview:large, max-video-preview:-1\" \/>\n<link rel=\"canonical\" href=\"https:\/\/www.fcbarcelonanoticias.com\/en\/copa-mundial-futbol\/argentina-breathes-messi-presence-in-the-final-is-assured_287624_102.html\" \/>\n<meta property=\"og:locale\" content=\"en_US\" \/>\n<meta property=\"og:type\" content=\"article\" \/>\n<meta property=\"og:title\" content=\"Argentina &#039;breathes&#039;: Messi&#039;s presence in the final is assured\" \/>\n<meta property=\"og:description\" content=\"The worry was born in Argentina when Lionel Messi felt annoyances in the isquiotibial left in the duel in front of Croatia. However, from the body m...\" \/>\n<meta property=\"og:url\" content=\"https:\/\/www.fcbarcelonanoticias.com\/en\/copa-mundial-futbol\/argentina-breathes-messi-presence-in-the-final-is-assured_287624_102.html\" \/>\n<meta property=\"og:site_name\" content=\"EN - FC Barcelona Noticias\" \/>\n<meta property=\"article:published_time\" content=\"2022-12-14T15:52:00+00:00\" \/>\n<meta property=\"article:modified_time\" content=\"2022-12-14T15:53:00+00:00\" \/>\n<meta property=\"og:image\" content=\"https:\/\/www.fcbarcelonanoticias.com\/en\/wp-content\/uploads\/sites\/2\/2022\/12\/leo-messi-en-el-argentina-vs-australia.jpeg\" \/>\n\t<meta property=\"og:image:width\" content=\"1200\" \/>\n\t<meta property=\"og:image:height\" content=\"675\" \/>\n\t<meta property=\"og:image:type\" content=\"image\/jpeg\" \/>\n<meta name=\"author\" content=\"Juan Pablo Berdugo\" \/>\n<meta name=\"twitter:card\" content=\"summary_large_image\" \/>\n<meta name=\"twitter:label1\" content=\"Written by\" \/>\n\t<meta name=\"twitter:data1\" content=\"Juan Pablo Berdugo\" \/>\n\t<meta name=\"twitter:label2\" content=\"Est. reading time\" \/>\n\t<meta name=\"twitter:data2\" content=\"2 minutes\" \/>\n<script type=\"application\/ld+json\" class=\"yoast-schema-graph\">{\"@context\":\"https:\\\/\\\/schema.org\",\"@graph\":[{\"@type\":\"Article\",\"@id\":\"https:\\\/\\\/www.fcbarcelonanoticias.com\\\/en\\\/copa-mundial-futbol\\\/argentina-breathes-messi-presence-in-the-final-is-assured_287624_102.html#article\",\"isPartOf\":{\"@id\":\"https:\\\/\\\/www.fcbarcelonanoticias.com\\\/en\\\/copa-mundial-futbol\\\/argentina-breathes-messi-presence-in-the-final-is-assured_287624_102.html\"},\"author\":{\"name\":\"Juan Pablo Berdugo\",\"@id\":\"https:\\\/\\\/www.fcbarcelonanoticias.com\\\/en\\\/#\\\/schema\\\/person\\\/88d756918a0a1ae9fa593b5edddd1815\"},\"headline\":\"Argentina &#8216;breathes&#8217;: Messi&#8217;s presence in the final is assured\",\"datePublished\":\"2022-12-14T15:52:00+00:00\",\"dateModified\":\"2022-12-14T15:53:00+00:00\",\"mainEntityOfPage\":{\"@id\":\"https:\\\/\\\/www.fcbarcelonanoticias.com\\\/en\\\/copa-mundial-futbol\\\/argentina-breathes-messi-presence-in-the-final-is-assured_287624_102.html\"},\"wordCount\":411,\"image\":{\"@id\":\"https:\\\/\\\/www.fcbarcelonanoticias.com\\\/en\\\/copa-mundial-futbol\\\/argentina-breathes-messi-presence-in-the-final-is-assured_287624_102.html#primaryimage\"},\"thumbnailUrl\":\"https:\\\/\\\/www.fcbarcelonanoticias.com\\\/en\\\/wp-content\\\/uploads\\\/sites\\\/2\\\/2022\\\/12\\\/leo-messi-en-el-argentina-vs-australia.jpeg\",\"articleSection\":[\"Lionel Messi\",\"Lionel Messi\"],\"inLanguage\":\"en-US\"},{\"@type\":\"WebPage\",\"@id\":\"https:\\\/\\\/www.fcbarcelonanoticias.com\\\/en\\\/copa-mundial-futbol\\\/argentina-breathes-messi-presence-in-the-final-is-assured_287624_102.html\",\"url\":\"https:\\\/\\\/www.fcbarcelonanoticias.com\\\/en\\\/copa-mundial-futbol\\\/argentina-breathes-messi-presence-in-the-final-is-assured_287624_102.html\",\"name\":\"Argentina 'breathes': Messi's presence in the final is assured\",\"isPartOf\":{\"@id\":\"https:\\\/\\\/www.fcbarcelonanoticias.com\\\/en\\\/#website\"},\"primaryImageOfPage\":{\"@id\":\"https:\\\/\\\/www.fcbarcelonanoticias.com\\\/en\\\/copa-mundial-futbol\\\/argentina-breathes-messi-presence-in-the-final-is-assured_287624_102.html#primaryimage\"},\"image\":{\"@id\":\"https:\\\/\\\/www.fcbarcelonanoticias.com\\\/en\\\/copa-mundial-futbol\\\/argentina-breathes-messi-presence-in-the-final-is-assured_287624_102.html#primaryimage\"},\"thumbnailUrl\":\"https:\\\/\\\/www.fcbarcelonanoticias.com\\\/en\\\/wp-content\\\/uploads\\\/sites\\\/2\\\/2022\\\/12\\\/leo-messi-en-el-argentina-vs-australia.jpeg\",\"datePublished\":\"2022-12-14T15:52:00+00:00\",\"dateModified\":\"2022-12-14T15:53:00+00:00\",\"author\":{\"@id\":\"https:\\\/\\\/www.fcbarcelonanoticias.com\\\/en\\\/#\\\/schema\\\/person\\\/88d756918a0a1ae9fa593b5edddd1815\"},\"description\":\"The worry was born in Argentina when Lionel Messi felt annoyances in the isquiotibial left in the duel in front of Croatia. However, from the body m...\",\"breadcrumb\":{\"@id\":\"https:\\\/\\\/www.fcbarcelonanoticias.com\\\/en\\\/copa-mundial-futbol\\\/argentina-breathes-messi-presence-in-the-final-is-assured_287624_102.html#breadcrumb\"},\"inLanguage\":\"en-US\",\"potentialAction\":[{\"@type\":\"ReadAction\",\"target\":[\"https:\\\/\\\/www.fcbarcelonanoticias.com\\\/en\\\/copa-mundial-futbol\\\/argentina-breathes-messi-presence-in-the-final-is-assured_287624_102.html\"]}]},{\"@type\":\"ImageObject\",\"inLanguage\":\"en-US\",\"@id\":\"https:\\\/\\\/www.fcbarcelonanoticias.com\\\/en\\\/copa-mundial-futbol\\\/argentina-breathes-messi-presence-in-the-final-is-assured_287624_102.html#primaryimage\",\"url\":\"https:\\\/\\\/www.fcbarcelonanoticias.com\\\/en\\\/wp-content\\\/uploads\\\/sites\\\/2\\\/2022\\\/12\\\/leo-messi-en-el-argentina-vs-australia.jpeg\",\"contentUrl\":\"https:\\\/\\\/www.fcbarcelonanoticias.com\\\/en\\\/wp-content\\\/uploads\\\/sites\\\/2\\\/2022\\\/12\\\/leo-messi-en-el-argentina-vs-australia.jpeg\",\"width\":1200,\"height\":675},{\"@type\":\"BreadcrumbList\",\"@id\":\"https:\\\/\\\/www.fcbarcelonanoticias.com\\\/en\\\/copa-mundial-futbol\\\/argentina-breathes-messi-presence-in-the-final-is-assured_287624_102.html#breadcrumb\",\"itemListElement\":[{\"@type\":\"ListItem\",\"position\":1,\"name\":\"Portada\",\"item\":\"https:\\\/\\\/www.fcbarcelonanoticias.com\\\/en\\\/\"},{\"@type\":\"ListItem\",\"position\":2,\"name\":\"Argentina &#8216;breathes&#8217;: Messi&#8217;s presence in the final is assured\"}]},{\"@type\":\"WebSite\",\"@id\":\"https:\\\/\\\/www.fcbarcelonanoticias.com\\\/en\\\/#website\",\"url\":\"https:\\\/\\\/www.fcbarcelonanoticias.com\\\/en\\\/\",\"name\":\"EN - FC Barcelona Noticias\",\"description\":\"\",\"potentialAction\":[{\"@type\":\"SearchAction\",\"target\":{\"@type\":\"EntryPoint\",\"urlTemplate\":\"https:\\\/\\\/www.fcbarcelonanoticias.com\\\/en\\\/?s={search_term_string}\"},\"query-input\":{\"@type\":\"PropertyValueSpecification\",\"valueRequired\":true,\"valueName\":\"search_term_string\"}}],\"inLanguage\":\"en-US\"},{\"@type\":\"Person\",\"@id\":\"https:\\\/\\\/www.fcbarcelonanoticias.com\\\/en\\\/#\\\/schema\\\/person\\\/88d756918a0a1ae9fa593b5edddd1815\",\"name\":\"Juan Pablo Berdugo\",\"image\":{\"@type\":\"ImageObject\",\"inLanguage\":\"en-US\",\"@id\":\"https:\\\/\\\/secure.gravatar.com\\\/avatar\\\/?s=96&d=mm&r=g\",\"url\":\"https:\\\/\\\/secure.gravatar.com\\\/avatar\\\/?s=96&d=mm&r=g\",\"contentUrl\":\"https:\\\/\\\/secure.gravatar.com\\\/avatar\\\/?s=96&d=mm&r=g\",\"caption\":\"Juan Pablo Berdugo\"},\"description\":\"Juan Pablo Berdugo es graduado en Periodismo. Colabora con FCBN como especialista en informaci\u00f3n del primer equipo del FC Barcelona, f\u00fatbol internacional y mercado de fichajes. Destaca por su enfoque anal\u00edtico, su rigor informativo y su capacidad para detectar tendencias emergentes en el f\u00fatbol global.\",\"url\":\"https:\\\/\\\/www.fcbarcelonanoticias.com\\\/en\\\/fc-barcelona\\\/juan-pablo-berdugo_18_115.html\"}]}<\/script>\n<!-- \/ Yoast SEO plugin. -->","yoast_head_json":{"title":"Argentina 'breathes': Messi's presence in the final is assured","description":"The worry was born in Argentina when Lionel Messi felt annoyances in the isquiotibial left in the duel in front of Croatia. However, from the body m...","robots":{"index":"index","follow":"follow","max-snippet":"max-snippet:-1","max-image-preview":"max-image-preview:large","max-video-preview":"max-video-preview:-1"},"canonical":"https:\/\/www.fcbarcelonanoticias.com\/en\/copa-mundial-futbol\/argentina-breathes-messi-presence-in-the-final-is-assured_287624_102.html","og_locale":"en_US","og_type":"article","og_title":"Argentina 'breathes': Messi's presence in the final is assured","og_description":"The worry was born in Argentina when Lionel Messi felt annoyances in the isquiotibial left in the duel in front of Croatia. However, from the body m...","og_url":"https:\/\/www.fcbarcelonanoticias.com\/en\/copa-mundial-futbol\/argentina-breathes-messi-presence-in-the-final-is-assured_287624_102.html","og_site_name":"EN - FC Barcelona Noticias","article_published_time":"2022-12-14T15:52:00+00:00","article_modified_time":"2022-12-14T15:53:00+00:00","og_image":[{"width":1200,"height":675,"url":"https:\/\/www.fcbarcelonanoticias.com\/en\/wp-content\/uploads\/sites\/2\/2022\/12\/leo-messi-en-el-argentina-vs-australia.jpeg","type":"image\/jpeg"}],"author":"Juan Pablo Berdugo","twitter_card":"summary_large_image","twitter_misc":{"Written by":"Juan Pablo Berdugo","Est. reading time":"2 minutes"},"schema":{"@context":"https:\/\/schema.org","@graph":[{"@type":"Article","@id":"https:\/\/www.fcbarcelonanoticias.com\/en\/copa-mundial-futbol\/argentina-breathes-messi-presence-in-the-final-is-assured_287624_102.html#article","isPartOf":{"@id":"https:\/\/www.fcbarcelonanoticias.com\/en\/copa-mundial-futbol\/argentina-breathes-messi-presence-in-the-final-is-assured_287624_102.html"},"author":{"name":"Juan Pablo Berdugo","@id":"https:\/\/www.fcbarcelonanoticias.com\/en\/#\/schema\/person\/88d756918a0a1ae9fa593b5edddd1815"},"headline":"Argentina &#8216;breathes&#8217;: Messi&#8217;s presence in the final is assured","datePublished":"2022-12-14T15:52:00+00:00","dateModified":"2022-12-14T15:53:00+00:00","mainEntityOfPage":{"@id":"https:\/\/www.fcbarcelonanoticias.com\/en\/copa-mundial-futbol\/argentina-breathes-messi-presence-in-the-final-is-assured_287624_102.html"},"wordCount":411,"image":{"@id":"https:\/\/www.fcbarcelonanoticias.com\/en\/copa-mundial-futbol\/argentina-breathes-messi-presence-in-the-final-is-assured_287624_102.html#primaryimage"},"thumbnailUrl":"https:\/\/www.fcbarcelonanoticias.com\/en\/wp-content\/uploads\/sites\/2\/2022\/12\/leo-messi-en-el-argentina-vs-australia.jpeg","articleSection":["Lionel Messi","Lionel Messi"],"inLanguage":"en-US"},{"@type":"WebPage","@id":"https:\/\/www.fcbarcelonanoticias.com\/en\/copa-mundial-futbol\/argentina-breathes-messi-presence-in-the-final-is-assured_287624_102.html","url":"https:\/\/www.fcbarcelonanoticias.com\/en\/copa-mundial-futbol\/argentina-breathes-messi-presence-in-the-final-is-assured_287624_102.html","name":"Argentina 'breathes': Messi's presence in the final is assured","isPartOf":{"@id":"https:\/\/www.fcbarcelonanoticias.com\/en\/#website"},"primaryImageOfPage":{"@id":"https:\/\/www.fcbarcelonanoticias.com\/en\/copa-mundial-futbol\/argentina-breathes-messi-presence-in-the-final-is-assured_287624_102.html#primaryimage"},"image":{"@id":"https:\/\/www.fcbarcelonanoticias.com\/en\/copa-mundial-futbol\/argentina-breathes-messi-presence-in-the-final-is-assured_287624_102.html#primaryimage"},"thumbnailUrl":"https:\/\/www.fcbarcelonanoticias.com\/en\/wp-content\/uploads\/sites\/2\/2022\/12\/leo-messi-en-el-argentina-vs-australia.jpeg","datePublished":"2022-12-14T15:52:00+00:00","dateModified":"2022-12-14T15:53:00+00:00","author":{"@id":"https:\/\/www.fcbarcelonanoticias.com\/en\/#\/schema\/person\/88d756918a0a1ae9fa593b5edddd1815"},"description":"The worry was born in Argentina when Lionel Messi felt annoyances in the isquiotibial left in the duel in front of Croatia. However, from the body m...","breadcrumb":{"@id":"https:\/\/www.fcbarcelonanoticias.com\/en\/copa-mundial-futbol\/argentina-breathes-messi-presence-in-the-final-is-assured_287624_102.html#breadcrumb"},"inLanguage":"en-US","potentialAction":[{"@type":"ReadAction","target":["https:\/\/www.fcbarcelonanoticias.com\/en\/copa-mundial-futbol\/argentina-breathes-messi-presence-in-the-final-is-assured_287624_102.html"]}]},{"@type":"ImageObject","inLanguage":"en-US","@id":"https:\/\/www.fcbarcelonanoticias.com\/en\/copa-mundial-futbol\/argentina-breathes-messi-presence-in-the-final-is-assured_287624_102.html#primaryimage","url":"https:\/\/www.fcbarcelonanoticias.com\/en\/wp-content\/uploads\/sites\/2\/2022\/12\/leo-messi-en-el-argentina-vs-australia.jpeg","contentUrl":"https:\/\/www.fcbarcelonanoticias.com\/en\/wp-content\/uploads\/sites\/2\/2022\/12\/leo-messi-en-el-argentina-vs-australia.jpeg","width":1200,"height":675},{"@type":"BreadcrumbList","@id":"https:\/\/www.fcbarcelonanoticias.com\/en\/copa-mundial-futbol\/argentina-breathes-messi-presence-in-the-final-is-assured_287624_102.html#breadcrumb","itemListElement":[{"@type":"ListItem","position":1,"name":"Portada","item":"https:\/\/www.fcbarcelonanoticias.com\/en\/"},{"@type":"ListItem","position":2,"name":"Argentina &#8216;breathes&#8217;: Messi&#8217;s presence in the final is assured"}]},{"@type":"WebSite","@id":"https:\/\/www.fcbarcelonanoticias.com\/en\/#website","url":"https:\/\/www.fcbarcelonanoticias.com\/en\/","name":"EN - FC Barcelona Noticias","description":"","potentialAction":[{"@type":"SearchAction","target":{"@type":"EntryPoint","urlTemplate":"https:\/\/www.fcbarcelonanoticias.com\/en\/?s={search_term_string}"},"query-input":{"@type":"PropertyValueSpecification","valueRequired":true,"valueName":"search_term_string"}}],"inLanguage":"en-US"},{"@type":"Person","@id":"https:\/\/www.fcbarcelonanoticias.com\/en\/#\/schema\/person\/88d756918a0a1ae9fa593b5edddd1815","name":"Juan Pablo Berdugo","image":{"@type":"ImageObject","inLanguage":"en-US","@id":"https:\/\/secure.gravatar.com\/avatar\/?s=96&d=mm&r=g","url":"https:\/\/secure.gravatar.com\/avatar\/?s=96&d=mm&r=g","contentUrl":"https:\/\/secure.gravatar.com\/avatar\/?s=96&d=mm&r=g","caption":"Juan Pablo Berdugo"},"description":"Juan Pablo Berdugo es graduado en Periodismo. Colabora con FCBN como especialista en informaci\u00f3n del primer equipo del FC Barcelona, f\u00fatbol internacional y mercado de fichajes. Destaca por su enfoque anal\u00edtico, su rigor informativo y su capacidad para detectar tendencias emergentes en el f\u00fatbol global.","url":"https:\/\/www.fcbarcelonanoticias.com\/en\/fc-barcelona\/juan-pablo-berdugo_18_115.html"}]}},"_links":{"self":[{"href":"https:\/\/www.fcbarcelonanoticias.com\/en\/wp-json\/wp\/v2\/posts\/8507","targetHints":{"allow":["GET"]}}],"collection":[{"href":"https:\/\/www.fcbarcelonanoticias.com\/en\/wp-json\/wp\/v2\/posts"}],"about":[{"href":"https:\/\/www.fcbarcelonanoticias.com\/en\/wp-json\/wp\/v2\/types\/post"}],"author":[{"embeddable":true,"href":"https:\/\/www.fcbarcelonanoticias.com\/en\/wp-json\/wp\/v2\/users\/358"}],"replies":[{"embeddable":true,"href":"https:\/\/www.fcbarcelonanoticias.com\/en\/wp-json\/wp\/v2\/comments?post=8507"}],"version-history":[{"count":1,"href":"https:\/\/www.fcbarcelonanoticias.com\/en\/wp-json\/wp\/v2\/posts\/8507\/revisions"}],"predecessor-version":[{"id":9759,"href":"https:\/\/www.fcbarcelonanoticias.com\/en\/wp-json\/wp\/v2\/posts\/8507\/revisions\/9759"}],"wp:featuredmedia":[{"embeddable":true,"href":"https:\/\/www.fcbarcelonanoticias.com\/en\/wp-json\/wp\/v2\/media\/8508"}],"wp:attachment":[{"href":"https:\/\/www.fcbarcelonanoticias.com\/en\/wp-json\/wp\/v2\/media?parent=8507"}],"wp:term":[{"taxonomy":"category","embeddable":true,"href":"https:\/\/www.fcbarcelonanoticias.com\/en\/wp-json\/wp\/v2\/categories?post=8507"},{"taxonomy":"post_tag","embeddable":true,"href":"https:\/\/www.fcbarcelonanoticias.com\/en\/wp-json\/wp\/v2\/tags?post=8507"}],"curies":[{"name":"wp","href":"https:\/\/api.w.org\/{rel}","templated":true}]}}