{"id":85189,"date":"2023-03-01T16:20:00","date_gmt":"2023-03-01T15:20:00","guid":{"rendered":"https:\/\/weisetech.dev\/fc-barcelona-noticias\/en\/real-madrid-rodrygo-sensation_290107_102\/"},"modified":"2023-03-01T16:35:00","modified_gmt":"2023-03-01T15:35:00","slug":"real-madrid-rodrygo-sensation_290107_102","status":"publish","type":"post","link":"https:\/\/www.fcbarcelonanoticias.com\/en\/real-madrid\/real-madrid-rodrygo-sensation_290107_102.html","title":{"rendered":"The call of Real Madrid, with Rodrygo and the great white sensation of the moment"},"content":{"rendered":"<h2 class=\"wp-block-heading\">Carlo Ancelotti has already defined his squad for the first leg of the Copa semis against Bar\u00e7a. Alaba and Mendy continue in the infirmary, while Rodrygo and \u00c1lvaro Rodr\u00edguez join the squad<\/h2>  \r\n<div class=\"article-addons\">\r\n    <a href=\"https:\/\/www.fcbarcelonanoticias.com\/en\/calendar-fc-barcelona.html\"\r\n       target=\"_self\"\r\n       title=\"Calendar of FC Barcelona\"\r\n       class=\"blue-gredient-btn\">\r\n       \r\n        Calendar of FC Barcelona    <\/a>\r\n<\/div>   <p>After the Classical in the Supercopa of Spain, in which the FC Barcelona broke his drought of titles in front of the Real Madrid, the table is served for a new edition of the party that paralyses to the world. This time, the actions will develop in the frame of the <a data-external=\"0\" data-intl-links-en=\"https:\/\/www.fcbarcelonanoticias.com\/en\/real-madrid\/ancelotti-wets-clasico-referees-best_290102_102.html\" data-intl-links-es=\"https:\/\/www.fcbarcelonanoticias.com\/real-madrid\/ancelotti-se-moja-cara-clasico-ausencias-arbitros-the-best_290102_102.html\" href=\"https:\/\/www.fcbarcelonanoticias.com\/en\/real-madrid\/ancelotti-wets-clasico-referees-best_290102_102.html\" rel=\"follow\" target=\"_self\" title=\"Ancelotti 'se moja' de cara al Cl\u00e1sico: Las ausencias, los \u00e1rbitros, el The Best\u2026\">semifinals of the Glass of Rey<\/a>, where <strong>both teams will look for to go with advantage to decide the eliminatory in the Spotify Camp Nou<\/strong>.<\/p>  <p>In the middle of a moment difficult for the Barcelona owing to the injuries, what has left by out names like the ones of Robert Lewandowski, Pedri Gonz\u00e1lez and Ousmane Demb\u00e9l\u00e9, the whites already have defined the names of those who will be jumping to the field. <strong>In the white announcement stands out<a data-external=\"0\" data-intl-links-en=\"https:\/\/www.fcbarcelonanoticias.com\/en\/real-madrid\/rosrygo-returns-training-group-madrid-barcelona_290068_102.html\" data-intl-links-es=\"https:\/\/www.fcbarcelonanoticias.com\/real-madrid\/rodrygo-vuelve-entrenarse-con-grupo-espera-estar-en-madrid-barca_290068_102.html\" href=\"https:\/\/www.fcbarcelonanoticias.com\/en\/real-madrid\/rosrygo-returns-training-group-madrid-barcelona_290068_102.html\" rel=\"follow\" target=\"_self\" title=\"Rodrygo vuelve a entrenarse con el grupo y espera estar en el Madrid-Bar\u00e7a\"> the case of Rodrygo Goes<\/a><\/strong>, the one who there was not present state in the last party in front of the Athletic after going out &#8216;touched&#8217; of the crash in front of the Liverpool.<\/p>  <p><strong>The most notorious absences will be the ones of David Praises and Ferland Mendy<\/strong>, both key pieces in the saga merengue. By his part, \u00c1lvaro Rodr\u00edguez, the one who comes to be the author of the so much that rescued the point in front of the colchoneros, will be present for the duel in Santiago Bernab\u00e9u, that could be decisive for the eliminatory between both clubs. The Madrilenian do not reach the decisive party of the Glass from the season 2013\/14, casually the first of Ancelotti at the front.<\/p>  <h4>The list of summoned of Ancelotti<\/h4>  <p>In such sense,<strong> the Italian already has defined his list of summoned to face up to the cul\u00e9s<\/strong>. Like goalkeepers, accompanying to the almost immovable Thibaut Courtois, will be Andriy Lunin and Luis L\u00f3pez. To conform his defensive line, the trainer will have the names of Dani Carvajal, Eder Milit\u00e3or, Jes\u00fas Vallejo, Nacho Fern\u00e1ndez, \u00c1lvaro Odriozola, Lucas V\u00e1zquez and Antonio R\u00fcdiger.<\/p>  <p>For the &#8216;room of machines&#8217;, the called have been Toni Kroos, Luka Modric, Eduardo Camavinga, Fede Valverde, Aurelien Tchouam\u00e9ni and Dani Ceballos. Whereas for the forward will have the following effective, that will be the attendants to try hurt to the goal cul\u00e9:<strong> Eden Hazard, Karim Benzema, Marco Asensio, Vinicius, Rodrygo, Mariano and \u00c1lvaro Rodr\u00edguez<\/strong>&#8220;.<\/p> ","protected":false},"excerpt":{"rendered":"<p>Carlo Ancelotti has already defined his squad for the first leg of the Copa semis against Bar\u00e7a. Alaba and Mendy continue in the infirmary, while Rodrygo and \u00c1lvaro Rodr\u00edguez join the squad After the Classical in the Supercopa of Spain, in which the FC Barcelona broke his drought of titles in front of the Real [&hellip;]<\/p>\n","protected":false},"author":363,"featured_media":123803,"comment_status":"closed","ping_status":"open","sticky":false,"template":"","format":"standard","meta":{"_acf_changed":false,"inline_featured_image":false,"_nextfly_llmd_date_locked":false,"footnotes":""},"categories":[450,119],"tags":[53],"class_list":["post-85189","post","type-post","status-publish","format-standard","has-post-thumbnail","hentry","category-real-madrid-2","category-real-madrid","tag-el-clasico"],"acf":[],"yoast_head":"<!-- This site is optimized with the Yoast SEO plugin v27.3 - https:\/\/yoast.com\/product\/yoast-seo-wordpress\/ -->\n<title>The announcement of the Real Madrid, with Rodrygo and the big white feeling of the moment<\/title>\n<meta name=\"description\" content=\"Carlo Ancelotti already has defined his list of summoned for the gone of the &#039;semis&#039; of Glass in front of the Bar\u00e7a. It praises and Mendy are still in the infirmary, whereas Rodrygo and \u00c1lvaro Rodr\u00edguez add to the announcement\" \/>\n<meta name=\"robots\" content=\"index, follow, max-snippet:-1, max-image-preview:large, max-video-preview:-1\" \/>\n<link rel=\"canonical\" href=\"https:\/\/www.fcbarcelonanoticias.com\/en\/real-madrid\/real-madrid-rodrygo-sensation_290107_102.html\" \/>\n<meta property=\"og:locale\" content=\"en_US\" \/>\n<meta property=\"og:type\" content=\"article\" \/>\n<meta property=\"og:title\" content=\"The announcement of the Real Madrid, with Rodrygo and the big white feeling of the moment\" \/>\n<meta property=\"og:description\" content=\"Carlo Ancelotti already has defined his list of summoned for the gone of the &#039;semis&#039; of Glass in front of the Bar\u00e7a. It praises and Mendy are still in the infirmary, whereas Rodrygo and \u00c1lvaro Rodr\u00edguez add to the announcement\" \/>\n<meta property=\"og:url\" content=\"https:\/\/www.fcbarcelonanoticias.com\/en\/real-madrid\/real-madrid-rodrygo-sensation_290107_102.html\" \/>\n<meta property=\"og:site_name\" content=\"EN - FC Barcelona Noticias\" \/>\n<meta property=\"article:published_time\" content=\"2023-03-01T15:20:00+00:00\" \/>\n<meta property=\"article:modified_time\" content=\"2023-03-01T15:35:00+00:00\" \/>\n<meta property=\"og:image\" content=\"https:\/\/www.fcbarcelonanoticias.com\/en\/wp-content\/uploads\/sites\/2\/2023\/03\/fbl-esp-cup-real-madrid-training-1-2.jpeg\" \/>\n\t<meta property=\"og:image:width\" content=\"1200\" \/>\n\t<meta property=\"og:image:height\" content=\"704\" \/>\n\t<meta property=\"og:image:type\" content=\"image\/jpeg\" \/>\n<meta name=\"author\" content=\"Claudio Betancourt\" \/>\n<meta name=\"twitter:card\" content=\"summary_large_image\" \/>\n<meta name=\"twitter:label1\" content=\"Written by\" \/>\n\t<meta name=\"twitter:data1\" content=\"Claudio Betancourt\" \/>\n\t<meta name=\"twitter:label2\" content=\"Est. reading time\" \/>\n\t<meta name=\"twitter:data2\" content=\"2 minutes\" \/>\n<script type=\"application\/ld+json\" class=\"yoast-schema-graph\">{\"@context\":\"https:\\\/\\\/schema.org\",\"@graph\":[{\"@type\":\"Article\",\"@id\":\"https:\\\/\\\/www.fcbarcelonanoticias.com\\\/en\\\/real-madrid\\\/real-madrid-rodrygo-sensation_290107_102.html#article\",\"isPartOf\":{\"@id\":\"https:\\\/\\\/www.fcbarcelonanoticias.com\\\/en\\\/real-madrid\\\/real-madrid-rodrygo-sensation_290107_102.html\"},\"author\":{\"name\":\"Claudio Betancourt\",\"@id\":\"https:\\\/\\\/www.fcbarcelonanoticias.com\\\/en\\\/#\\\/schema\\\/person\\\/76c77917e39f918eb1604c571055386e\"},\"headline\":\"The call of Real Madrid, with Rodrygo and the great white sensation of the moment\",\"datePublished\":\"2023-03-01T15:20:00+00:00\",\"dateModified\":\"2023-03-01T15:35:00+00:00\",\"mainEntityOfPage\":{\"@id\":\"https:\\\/\\\/www.fcbarcelonanoticias.com\\\/en\\\/real-madrid\\\/real-madrid-rodrygo-sensation_290107_102.html\"},\"wordCount\":435,\"image\":{\"@id\":\"https:\\\/\\\/www.fcbarcelonanoticias.com\\\/en\\\/real-madrid\\\/real-madrid-rodrygo-sensation_290107_102.html#primaryimage\"},\"thumbnailUrl\":\"https:\\\/\\\/www.fcbarcelonanoticias.com\\\/en\\\/wp-content\\\/uploads\\\/sites\\\/2\\\/2023\\\/03\\\/fbl-esp-cup-real-madrid-training-1-2.jpeg\",\"keywords\":[\"El Cl\u00e1sico\"],\"articleSection\":[\"Real Madrid\",\"Real Madrid\"],\"inLanguage\":\"en-US\"},{\"@type\":\"WebPage\",\"@id\":\"https:\\\/\\\/www.fcbarcelonanoticias.com\\\/en\\\/real-madrid\\\/real-madrid-rodrygo-sensation_290107_102.html\",\"url\":\"https:\\\/\\\/www.fcbarcelonanoticias.com\\\/en\\\/real-madrid\\\/real-madrid-rodrygo-sensation_290107_102.html\",\"name\":\"The announcement of the Real Madrid, with Rodrygo and the big white feeling of the moment\",\"isPartOf\":{\"@id\":\"https:\\\/\\\/www.fcbarcelonanoticias.com\\\/en\\\/#website\"},\"primaryImageOfPage\":{\"@id\":\"https:\\\/\\\/www.fcbarcelonanoticias.com\\\/en\\\/real-madrid\\\/real-madrid-rodrygo-sensation_290107_102.html#primaryimage\"},\"image\":{\"@id\":\"https:\\\/\\\/www.fcbarcelonanoticias.com\\\/en\\\/real-madrid\\\/real-madrid-rodrygo-sensation_290107_102.html#primaryimage\"},\"thumbnailUrl\":\"https:\\\/\\\/www.fcbarcelonanoticias.com\\\/en\\\/wp-content\\\/uploads\\\/sites\\\/2\\\/2023\\\/03\\\/fbl-esp-cup-real-madrid-training-1-2.jpeg\",\"datePublished\":\"2023-03-01T15:20:00+00:00\",\"dateModified\":\"2023-03-01T15:35:00+00:00\",\"author\":{\"@id\":\"https:\\\/\\\/www.fcbarcelonanoticias.com\\\/en\\\/#\\\/schema\\\/person\\\/76c77917e39f918eb1604c571055386e\"},\"description\":\"Carlo Ancelotti already has defined his list of summoned for the gone of the 'semis' of Glass in front of the Bar\u00e7a. It praises and Mendy are still in the infirmary, whereas Rodrygo and \u00c1lvaro Rodr\u00edguez add to the announcement\",\"breadcrumb\":{\"@id\":\"https:\\\/\\\/www.fcbarcelonanoticias.com\\\/en\\\/real-madrid\\\/real-madrid-rodrygo-sensation_290107_102.html#breadcrumb\"},\"inLanguage\":\"en-US\",\"potentialAction\":[{\"@type\":\"ReadAction\",\"target\":[\"https:\\\/\\\/www.fcbarcelonanoticias.com\\\/en\\\/real-madrid\\\/real-madrid-rodrygo-sensation_290107_102.html\"]}]},{\"@type\":\"ImageObject\",\"inLanguage\":\"en-US\",\"@id\":\"https:\\\/\\\/www.fcbarcelonanoticias.com\\\/en\\\/real-madrid\\\/real-madrid-rodrygo-sensation_290107_102.html#primaryimage\",\"url\":\"https:\\\/\\\/www.fcbarcelonanoticias.com\\\/en\\\/wp-content\\\/uploads\\\/sites\\\/2\\\/2023\\\/03\\\/fbl-esp-cup-real-madrid-training-1-2.jpeg\",\"contentUrl\":\"https:\\\/\\\/www.fcbarcelonanoticias.com\\\/en\\\/wp-content\\\/uploads\\\/sites\\\/2\\\/2023\\\/03\\\/fbl-esp-cup-real-madrid-training-1-2.jpeg\",\"width\":1200,\"height\":704},{\"@type\":\"BreadcrumbList\",\"@id\":\"https:\\\/\\\/www.fcbarcelonanoticias.com\\\/en\\\/real-madrid\\\/real-madrid-rodrygo-sensation_290107_102.html#breadcrumb\",\"itemListElement\":[{\"@type\":\"ListItem\",\"position\":1,\"name\":\"Portada\",\"item\":\"https:\\\/\\\/www.fcbarcelonanoticias.com\\\/en\\\/\"},{\"@type\":\"ListItem\",\"position\":2,\"name\":\"The call of Real Madrid, with Rodrygo and the great white sensation of the moment\"}]},{\"@type\":\"WebSite\",\"@id\":\"https:\\\/\\\/www.fcbarcelonanoticias.com\\\/en\\\/#website\",\"url\":\"https:\\\/\\\/www.fcbarcelonanoticias.com\\\/en\\\/\",\"name\":\"EN - FC Barcelona Noticias\",\"description\":\"\",\"potentialAction\":[{\"@type\":\"SearchAction\",\"target\":{\"@type\":\"EntryPoint\",\"urlTemplate\":\"https:\\\/\\\/www.fcbarcelonanoticias.com\\\/en\\\/?s={search_term_string}\"},\"query-input\":{\"@type\":\"PropertyValueSpecification\",\"valueRequired\":true,\"valueName\":\"search_term_string\"}}],\"inLanguage\":\"en-US\"},{\"@type\":\"Person\",\"@id\":\"https:\\\/\\\/www.fcbarcelonanoticias.com\\\/en\\\/#\\\/schema\\\/person\\\/76c77917e39f918eb1604c571055386e\",\"name\":\"Claudio Betancourt\",\"image\":{\"@type\":\"ImageObject\",\"inLanguage\":\"en-US\",\"@id\":\"https:\\\/\\\/secure.gravatar.com\\\/avatar\\\/?s=96&d=mm&r=g\",\"url\":\"https:\\\/\\\/secure.gravatar.com\\\/avatar\\\/?s=96&d=mm&r=g\",\"contentUrl\":\"https:\\\/\\\/secure.gravatar.com\\\/avatar\\\/?s=96&d=mm&r=g\",\"caption\":\"Claudio Betancourt\"},\"url\":\"https:\\\/\\\/www.fcbarcelonanoticias.com\\\/en\\\/claudio-betancourt_14_115.html\"}]}<\/script>\n<!-- \/ Yoast SEO plugin. -->","yoast_head_json":{"title":"The announcement of the Real Madrid, with Rodrygo and the big white feeling of the moment","description":"Carlo Ancelotti already has defined his list of summoned for the gone of the 'semis' of Glass in front of the Bar\u00e7a. It praises and Mendy are still in the infirmary, whereas Rodrygo and \u00c1lvaro Rodr\u00edguez add to the announcement","robots":{"index":"index","follow":"follow","max-snippet":"max-snippet:-1","max-image-preview":"max-image-preview:large","max-video-preview":"max-video-preview:-1"},"canonical":"https:\/\/www.fcbarcelonanoticias.com\/en\/real-madrid\/real-madrid-rodrygo-sensation_290107_102.html","og_locale":"en_US","og_type":"article","og_title":"The announcement of the Real Madrid, with Rodrygo and the big white feeling of the moment","og_description":"Carlo Ancelotti already has defined his list of summoned for the gone of the 'semis' of Glass in front of the Bar\u00e7a. It praises and Mendy are still in the infirmary, whereas Rodrygo and \u00c1lvaro Rodr\u00edguez add to the announcement","og_url":"https:\/\/www.fcbarcelonanoticias.com\/en\/real-madrid\/real-madrid-rodrygo-sensation_290107_102.html","og_site_name":"EN - FC Barcelona Noticias","article_published_time":"2023-03-01T15:20:00+00:00","article_modified_time":"2023-03-01T15:35:00+00:00","og_image":[{"width":1200,"height":704,"url":"https:\/\/www.fcbarcelonanoticias.com\/en\/wp-content\/uploads\/sites\/2\/2023\/03\/fbl-esp-cup-real-madrid-training-1-2.jpeg","type":"image\/jpeg"}],"author":"Claudio Betancourt","twitter_card":"summary_large_image","twitter_misc":{"Written by":"Claudio Betancourt","Est. reading time":"2 minutes"},"schema":{"@context":"https:\/\/schema.org","@graph":[{"@type":"Article","@id":"https:\/\/www.fcbarcelonanoticias.com\/en\/real-madrid\/real-madrid-rodrygo-sensation_290107_102.html#article","isPartOf":{"@id":"https:\/\/www.fcbarcelonanoticias.com\/en\/real-madrid\/real-madrid-rodrygo-sensation_290107_102.html"},"author":{"name":"Claudio Betancourt","@id":"https:\/\/www.fcbarcelonanoticias.com\/en\/#\/schema\/person\/76c77917e39f918eb1604c571055386e"},"headline":"The call of Real Madrid, with Rodrygo and the great white sensation of the moment","datePublished":"2023-03-01T15:20:00+00:00","dateModified":"2023-03-01T15:35:00+00:00","mainEntityOfPage":{"@id":"https:\/\/www.fcbarcelonanoticias.com\/en\/real-madrid\/real-madrid-rodrygo-sensation_290107_102.html"},"wordCount":435,"image":{"@id":"https:\/\/www.fcbarcelonanoticias.com\/en\/real-madrid\/real-madrid-rodrygo-sensation_290107_102.html#primaryimage"},"thumbnailUrl":"https:\/\/www.fcbarcelonanoticias.com\/en\/wp-content\/uploads\/sites\/2\/2023\/03\/fbl-esp-cup-real-madrid-training-1-2.jpeg","keywords":["El Cl\u00e1sico"],"articleSection":["Real Madrid","Real Madrid"],"inLanguage":"en-US"},{"@type":"WebPage","@id":"https:\/\/www.fcbarcelonanoticias.com\/en\/real-madrid\/real-madrid-rodrygo-sensation_290107_102.html","url":"https:\/\/www.fcbarcelonanoticias.com\/en\/real-madrid\/real-madrid-rodrygo-sensation_290107_102.html","name":"The announcement of the Real Madrid, with Rodrygo and the big white feeling of the moment","isPartOf":{"@id":"https:\/\/www.fcbarcelonanoticias.com\/en\/#website"},"primaryImageOfPage":{"@id":"https:\/\/www.fcbarcelonanoticias.com\/en\/real-madrid\/real-madrid-rodrygo-sensation_290107_102.html#primaryimage"},"image":{"@id":"https:\/\/www.fcbarcelonanoticias.com\/en\/real-madrid\/real-madrid-rodrygo-sensation_290107_102.html#primaryimage"},"thumbnailUrl":"https:\/\/www.fcbarcelonanoticias.com\/en\/wp-content\/uploads\/sites\/2\/2023\/03\/fbl-esp-cup-real-madrid-training-1-2.jpeg","datePublished":"2023-03-01T15:20:00+00:00","dateModified":"2023-03-01T15:35:00+00:00","author":{"@id":"https:\/\/www.fcbarcelonanoticias.com\/en\/#\/schema\/person\/76c77917e39f918eb1604c571055386e"},"description":"Carlo Ancelotti already has defined his list of summoned for the gone of the 'semis' of Glass in front of the Bar\u00e7a. It praises and Mendy are still in the infirmary, whereas Rodrygo and \u00c1lvaro Rodr\u00edguez add to the announcement","breadcrumb":{"@id":"https:\/\/www.fcbarcelonanoticias.com\/en\/real-madrid\/real-madrid-rodrygo-sensation_290107_102.html#breadcrumb"},"inLanguage":"en-US","potentialAction":[{"@type":"ReadAction","target":["https:\/\/www.fcbarcelonanoticias.com\/en\/real-madrid\/real-madrid-rodrygo-sensation_290107_102.html"]}]},{"@type":"ImageObject","inLanguage":"en-US","@id":"https:\/\/www.fcbarcelonanoticias.com\/en\/real-madrid\/real-madrid-rodrygo-sensation_290107_102.html#primaryimage","url":"https:\/\/www.fcbarcelonanoticias.com\/en\/wp-content\/uploads\/sites\/2\/2023\/03\/fbl-esp-cup-real-madrid-training-1-2.jpeg","contentUrl":"https:\/\/www.fcbarcelonanoticias.com\/en\/wp-content\/uploads\/sites\/2\/2023\/03\/fbl-esp-cup-real-madrid-training-1-2.jpeg","width":1200,"height":704},{"@type":"BreadcrumbList","@id":"https:\/\/www.fcbarcelonanoticias.com\/en\/real-madrid\/real-madrid-rodrygo-sensation_290107_102.html#breadcrumb","itemListElement":[{"@type":"ListItem","position":1,"name":"Portada","item":"https:\/\/www.fcbarcelonanoticias.com\/en\/"},{"@type":"ListItem","position":2,"name":"The call of Real Madrid, with Rodrygo and the great white sensation of the moment"}]},{"@type":"WebSite","@id":"https:\/\/www.fcbarcelonanoticias.com\/en\/#website","url":"https:\/\/www.fcbarcelonanoticias.com\/en\/","name":"EN - FC Barcelona Noticias","description":"","potentialAction":[{"@type":"SearchAction","target":{"@type":"EntryPoint","urlTemplate":"https:\/\/www.fcbarcelonanoticias.com\/en\/?s={search_term_string}"},"query-input":{"@type":"PropertyValueSpecification","valueRequired":true,"valueName":"search_term_string"}}],"inLanguage":"en-US"},{"@type":"Person","@id":"https:\/\/www.fcbarcelonanoticias.com\/en\/#\/schema\/person\/76c77917e39f918eb1604c571055386e","name":"Claudio Betancourt","image":{"@type":"ImageObject","inLanguage":"en-US","@id":"https:\/\/secure.gravatar.com\/avatar\/?s=96&d=mm&r=g","url":"https:\/\/secure.gravatar.com\/avatar\/?s=96&d=mm&r=g","contentUrl":"https:\/\/secure.gravatar.com\/avatar\/?s=96&d=mm&r=g","caption":"Claudio Betancourt"},"url":"https:\/\/www.fcbarcelonanoticias.com\/en\/claudio-betancourt_14_115.html"}]}},"_links":{"self":[{"href":"https:\/\/www.fcbarcelonanoticias.com\/en\/wp-json\/wp\/v2\/posts\/85189","targetHints":{"allow":["GET"]}}],"collection":[{"href":"https:\/\/www.fcbarcelonanoticias.com\/en\/wp-json\/wp\/v2\/posts"}],"about":[{"href":"https:\/\/www.fcbarcelonanoticias.com\/en\/wp-json\/wp\/v2\/types\/post"}],"author":[{"embeddable":true,"href":"https:\/\/www.fcbarcelonanoticias.com\/en\/wp-json\/wp\/v2\/users\/363"}],"replies":[{"embeddable":true,"href":"https:\/\/www.fcbarcelonanoticias.com\/en\/wp-json\/wp\/v2\/comments?post=85189"}],"version-history":[{"count":1,"href":"https:\/\/www.fcbarcelonanoticias.com\/en\/wp-json\/wp\/v2\/posts\/85189\/revisions"}],"predecessor-version":[{"id":123802,"href":"https:\/\/www.fcbarcelonanoticias.com\/en\/wp-json\/wp\/v2\/posts\/85189\/revisions\/123802"}],"wp:featuredmedia":[{"embeddable":true,"href":"https:\/\/www.fcbarcelonanoticias.com\/en\/wp-json\/wp\/v2\/media\/123803"}],"wp:attachment":[{"href":"https:\/\/www.fcbarcelonanoticias.com\/en\/wp-json\/wp\/v2\/media?parent=85189"}],"wp:term":[{"taxonomy":"category","embeddable":true,"href":"https:\/\/www.fcbarcelonanoticias.com\/en\/wp-json\/wp\/v2\/categories?post=85189"},{"taxonomy":"post_tag","embeddable":true,"href":"https:\/\/www.fcbarcelonanoticias.com\/en\/wp-json\/wp\/v2\/tags?post=85189"}],"curies":[{"name":"wp","href":"https:\/\/api.w.org\/{rel}","templated":true}]}}