{"id":85227,"date":"2023-09-25T12:19:00","date_gmt":"2023-09-25T10:19:00","guid":{"rendered":"https:\/\/weisetech.dev\/fc-barcelona-noticias\/en\/reinier-returns-to-brazil-without-being-able-to-debut-with-real-madrid_313877_102\/"},"modified":"2023-09-25T12:19:00","modified_gmt":"2023-09-25T10:19:00","slug":"real-madrid-passes-self-criticism-attacks-against-refereeing_296470_102","status":"publish","type":"post","link":"https:\/\/www.fcbarcelonanoticias.com\/en\/real-madrid\/real-madrid-passes-self-criticism-attacks-against-refereeing_296470_102.html","title":{"rendered":"Real Madrid &#8216;passes&#8217; from self-criticism and attacks the refereeing"},"content":{"rendered":"<h2 class=\"wp-block-heading\">In the derby between Atl\u00e9tico and Real Madrid there were many refereeing controversies, especially in the first half. From the White House, where they do not finish making self-criticism, they have &#8216;charged&#8217; against the arbitration to justify their defeat<\/h2>  \r\n<div class=\"article-addons\">\r\n    <a href=\"https:\/\/www.fcbarcelonanoticias.com\/en\/calendar-fc-barcelona.html\"\r\n       target=\"_self\"\r\n       title=\"Calendar of FC Barcelona\"\r\n       class=\"blue-gredient-btn\">\r\n       \r\n        Calendar of FC Barcelona    <\/a>\r\n<\/div>   <p>In the Real Madrid have not remained satisfied with the performance of Alberoja Rojas in the derbi against the Athletic of Madrid and him &#8216;hold responsible&#8217; of his defeat of this Sunday, that has condemned them with the loss of the leadership of LaLiga. Few hours pu\u00e9s of the clash,<strong> from the televisora official of the group madridista have regretted the &#8220;errors garrafales&#8221; of the referee&#8217;s referee in the party. <\/strong><\/p>  <h2>&#8216;RMTV&#8217; Load against the arbitration<\/h2>  <p>The White House has reported a fault to Jude Bellingham in the played that gave beginning to the contragolpe of the picture &#8216;colchonero&#8217; with which \u00c1lvaro Morata opened the marker after connecting an unappealable head butt for Kepa. Likewise, they stood out that it did not hit in the yellow cardboard to Jos\u00e9 Mar\u00eda Gim\u00e9nez after an entrance to Rodrygo Goes<strong> or a no distinguished hand, of Mario Beautiful, in the area, or the goal cancelled to Eduardo Camavinga.<\/strong><\/p>  <p>In Real Madrid TV have aimed that the infringement on the English midfield player &#8220;did not review the goal in the VAR and went up to the marker. Of a fault in the frontal in favour of the Real Madrid to a goal against&#8221;, whereas of the so much cancelled that it could suppose the tie in the closing of the first-half have reported that &#8220;an offside non-existent of R\u00fcdiger, that does not take part in the played, <strong>caused a goal cancelled to Camavinga just before arriving to the rest.<\/strong> Another clear error of Alberola that prejudices to the same team and from the VAR without intervention of Clos G\u00f3mez&#8221;.<\/p>  <h2>Red &#8216;forgiven&#8217; to Gim\u00e9nez, possible hand&#8230;<\/h2>  <p>Of the same way, signal that the fault of Gim\u00e9nez on Rodrygo deserved more than a yellow cardboard, because the Brazilian was last man and went in direct career to the area of Jan Oblak without opposition. They rescue that <strong>&#8220;it only was sanctioned with yellow cardboard in a red forgiven&#8221;,<\/strong> whereas finally they highlight a &#8220;centre of Nacho was controlled with the hand by Mario Beautiful without that pitase penalti and anybody reviewed it&#8221;.<\/p> ","protected":false},"excerpt":{"rendered":"<p>In the derby between Atl\u00e9tico and Real Madrid there were many refereeing controversies, especially in the first half. From the White House, where they do not finish making self-criticism, they have &#8216;charged&#8217; against the arbitration to justify their defeat In the Real Madrid have not remained satisfied with the performance of Alberoja Rojas in the [&hellip;]<\/p>\n","protected":false},"author":353,"featured_media":85235,"comment_status":"closed","ping_status":"open","sticky":false,"template":"","format":"standard","meta":{"_acf_changed":false,"inline_featured_image":false,"_nextfly_llmd_date_locked":false,"footnotes":""},"categories":[119,450],"tags":[59,190,194],"class_list":["post-85227","post","type-post","status-publish","format-standard","has-post-thumbnail","hentry","category-real-madrid","category-real-madrid-2","tag-atletico-de-madrid","tag-referees","tag-var"],"acf":[],"yoast_head":"<!-- This site is optimized with the Yoast SEO plugin v27.3 - https:\/\/yoast.com\/product\/yoast-seo-wordpress\/ -->\n<title>Real Madrid &#039;passes&#039; from self-criticism and attacks the refereeing<\/title>\n<meta name=\"description\" content=\"In the derbi between Athletic and Real Madrid were many the referee&#039;s controversies, especially in the first-half. From the White House, where do not finish to do self-criticism, have &#039;loaded&#039; against the arbitration to justify his defeat\" \/>\n<meta name=\"robots\" content=\"index, follow, max-snippet:-1, max-image-preview:large, max-video-preview:-1\" \/>\n<link rel=\"canonical\" href=\"https:\/\/www.fcbarcelonanoticias.com\/en\/real-madrid\/real-madrid-passes-self-criticism-attacks-against-refereeing_296470_102.html\" \/>\n<meta property=\"og:locale\" content=\"en_US\" \/>\n<meta property=\"og:type\" content=\"article\" \/>\n<meta property=\"og:title\" content=\"Real Madrid &#039;passes&#039; from self-criticism and attacks the refereeing\" \/>\n<meta property=\"og:description\" content=\"In the derbi between Athletic and Real Madrid were many the referee&#039;s controversies, especially in the first-half. From the White House, where do not finish to do self-criticism, have &#039;loaded&#039; against the arbitration to justify his defeat\" \/>\n<meta property=\"og:url\" content=\"https:\/\/www.fcbarcelonanoticias.com\/en\/real-madrid\/real-madrid-passes-self-criticism-attacks-against-refereeing_296470_102.html\" \/>\n<meta property=\"og:site_name\" content=\"EN - FC Barcelona Noticias\" \/>\n<meta property=\"article:published_time\" content=\"2023-09-25T10:19:00+00:00\" \/>\n<meta property=\"og:image\" content=\"https:\/\/www.fcbarcelonanoticias.com\/en\/wp-content\/uploads\/sites\/2\/2023\/09\/alberola-roja-con-los-jugadores-del-real-madrid.jpeg\" \/>\n\t<meta property=\"og:image:width\" content=\"1200\" \/>\n\t<meta property=\"og:image:height\" content=\"675\" \/>\n\t<meta property=\"og:image:type\" content=\"image\/jpeg\" \/>\n<meta name=\"author\" content=\"FC Barcelona Noticias\" \/>\n<meta name=\"twitter:card\" content=\"summary_large_image\" \/>\n<meta name=\"twitter:label1\" content=\"Written by\" \/>\n\t<meta name=\"twitter:data1\" content=\"FC Barcelona Noticias\" \/>\n\t<meta name=\"twitter:label2\" content=\"Est. reading time\" \/>\n\t<meta name=\"twitter:data2\" content=\"2 minutes\" \/>\n<script type=\"application\/ld+json\" class=\"yoast-schema-graph\">{\"@context\":\"https:\\\/\\\/schema.org\",\"@graph\":[{\"@type\":\"Article\",\"@id\":\"https:\\\/\\\/www.fcbarcelonanoticias.com\\\/en\\\/real-madrid\\\/real-madrid-passes-self-criticism-attacks-against-refereeing_296470_102.html#article\",\"isPartOf\":{\"@id\":\"https:\\\/\\\/www.fcbarcelonanoticias.com\\\/en\\\/real-madrid\\\/real-madrid-passes-self-criticism-attacks-against-refereeing_296470_102.html\"},\"author\":{\"name\":\"FC Barcelona Noticias\",\"@id\":\"https:\\\/\\\/www.fcbarcelonanoticias.com\\\/en\\\/#\\\/schema\\\/person\\\/0f2810101d27606974cdb8edb54fa54b\"},\"headline\":\"Real Madrid &#8216;passes&#8217; from self-criticism and attacks the refereeing\",\"datePublished\":\"2023-09-25T10:19:00+00:00\",\"mainEntityOfPage\":{\"@id\":\"https:\\\/\\\/www.fcbarcelonanoticias.com\\\/en\\\/real-madrid\\\/real-madrid-passes-self-criticism-attacks-against-refereeing_296470_102.html\"},\"wordCount\":402,\"image\":{\"@id\":\"https:\\\/\\\/www.fcbarcelonanoticias.com\\\/en\\\/real-madrid\\\/real-madrid-passes-self-criticism-attacks-against-refereeing_296470_102.html#primaryimage\"},\"thumbnailUrl\":\"https:\\\/\\\/www.fcbarcelonanoticias.com\\\/en\\\/wp-content\\\/uploads\\\/sites\\\/2\\\/2023\\\/09\\\/alberola-roja-con-los-jugadores-del-real-madrid.jpeg\",\"keywords\":[\"Atl\u00e9tico de Madrid\",\"Referees\",\"VAR\"],\"articleSection\":[\"Real Madrid\",\"Real Madrid\"],\"inLanguage\":\"en-US\"},{\"@type\":\"WebPage\",\"@id\":\"https:\\\/\\\/www.fcbarcelonanoticias.com\\\/en\\\/real-madrid\\\/real-madrid-passes-self-criticism-attacks-against-refereeing_296470_102.html\",\"url\":\"https:\\\/\\\/www.fcbarcelonanoticias.com\\\/en\\\/real-madrid\\\/real-madrid-passes-self-criticism-attacks-against-refereeing_296470_102.html\",\"name\":\"Real Madrid 'passes' from self-criticism and attacks the refereeing\",\"isPartOf\":{\"@id\":\"https:\\\/\\\/www.fcbarcelonanoticias.com\\\/en\\\/#website\"},\"primaryImageOfPage\":{\"@id\":\"https:\\\/\\\/www.fcbarcelonanoticias.com\\\/en\\\/real-madrid\\\/real-madrid-passes-self-criticism-attacks-against-refereeing_296470_102.html#primaryimage\"},\"image\":{\"@id\":\"https:\\\/\\\/www.fcbarcelonanoticias.com\\\/en\\\/real-madrid\\\/real-madrid-passes-self-criticism-attacks-against-refereeing_296470_102.html#primaryimage\"},\"thumbnailUrl\":\"https:\\\/\\\/www.fcbarcelonanoticias.com\\\/en\\\/wp-content\\\/uploads\\\/sites\\\/2\\\/2023\\\/09\\\/alberola-roja-con-los-jugadores-del-real-madrid.jpeg\",\"datePublished\":\"2023-09-25T10:19:00+00:00\",\"author\":{\"@id\":\"https:\\\/\\\/www.fcbarcelonanoticias.com\\\/en\\\/#\\\/schema\\\/person\\\/0f2810101d27606974cdb8edb54fa54b\"},\"description\":\"In the derbi between Athletic and Real Madrid were many the referee's controversies, especially in the first-half. From the White House, where do not finish to do self-criticism, have 'loaded' against the arbitration to justify his defeat\",\"breadcrumb\":{\"@id\":\"https:\\\/\\\/www.fcbarcelonanoticias.com\\\/en\\\/real-madrid\\\/real-madrid-passes-self-criticism-attacks-against-refereeing_296470_102.html#breadcrumb\"},\"inLanguage\":\"en-US\",\"potentialAction\":[{\"@type\":\"ReadAction\",\"target\":[\"https:\\\/\\\/www.fcbarcelonanoticias.com\\\/en\\\/real-madrid\\\/real-madrid-passes-self-criticism-attacks-against-refereeing_296470_102.html\"]}]},{\"@type\":\"ImageObject\",\"inLanguage\":\"en-US\",\"@id\":\"https:\\\/\\\/www.fcbarcelonanoticias.com\\\/en\\\/real-madrid\\\/real-madrid-passes-self-criticism-attacks-against-refereeing_296470_102.html#primaryimage\",\"url\":\"https:\\\/\\\/www.fcbarcelonanoticias.com\\\/en\\\/wp-content\\\/uploads\\\/sites\\\/2\\\/2023\\\/09\\\/alberola-roja-con-los-jugadores-del-real-madrid.jpeg\",\"contentUrl\":\"https:\\\/\\\/www.fcbarcelonanoticias.com\\\/en\\\/wp-content\\\/uploads\\\/sites\\\/2\\\/2023\\\/09\\\/alberola-roja-con-los-jugadores-del-real-madrid.jpeg\",\"width\":1200,\"height\":675},{\"@type\":\"BreadcrumbList\",\"@id\":\"https:\\\/\\\/www.fcbarcelonanoticias.com\\\/en\\\/real-madrid\\\/real-madrid-passes-self-criticism-attacks-against-refereeing_296470_102.html#breadcrumb\",\"itemListElement\":[{\"@type\":\"ListItem\",\"position\":1,\"name\":\"Portada\",\"item\":\"https:\\\/\\\/www.fcbarcelonanoticias.com\\\/en\\\/\"},{\"@type\":\"ListItem\",\"position\":2,\"name\":\"Real Madrid &#8216;passes&#8217; from self-criticism and attacks the refereeing\"}]},{\"@type\":\"WebSite\",\"@id\":\"https:\\\/\\\/www.fcbarcelonanoticias.com\\\/en\\\/#website\",\"url\":\"https:\\\/\\\/www.fcbarcelonanoticias.com\\\/en\\\/\",\"name\":\"EN - FC Barcelona Noticias\",\"description\":\"\",\"potentialAction\":[{\"@type\":\"SearchAction\",\"target\":{\"@type\":\"EntryPoint\",\"urlTemplate\":\"https:\\\/\\\/www.fcbarcelonanoticias.com\\\/en\\\/?s={search_term_string}\"},\"query-input\":{\"@type\":\"PropertyValueSpecification\",\"valueRequired\":true,\"valueName\":\"search_term_string\"}}],\"inLanguage\":\"en-US\"},{\"@type\":\"Person\",\"@id\":\"https:\\\/\\\/www.fcbarcelonanoticias.com\\\/en\\\/#\\\/schema\\\/person\\\/0f2810101d27606974cdb8edb54fa54b\",\"name\":\"FC Barcelona Noticias\",\"image\":{\"@type\":\"ImageObject\",\"inLanguage\":\"en-US\",\"@id\":\"https:\\\/\\\/secure.gravatar.com\\\/avatar\\\/?s=96&d=mm&r=g\",\"url\":\"https:\\\/\\\/secure.gravatar.com\\\/avatar\\\/?s=96&d=mm&r=g\",\"contentUrl\":\"https:\\\/\\\/secure.gravatar.com\\\/avatar\\\/?s=96&d=mm&r=g\",\"caption\":\"FC Barcelona Noticias\"},\"url\":\"https:\\\/\\\/www.fcbarcelonanoticias.com\\\/en\\\/fc-barcelona\\\/fcbn-writing-fc-barcelona-news_6_115.html\"}]}<\/script>\n<!-- \/ Yoast SEO plugin. -->","yoast_head_json":{"title":"Real Madrid 'passes' from self-criticism and attacks the refereeing","description":"In the derbi between Athletic and Real Madrid were many the referee's controversies, especially in the first-half. From the White House, where do not finish to do self-criticism, have 'loaded' against the arbitration to justify his defeat","robots":{"index":"index","follow":"follow","max-snippet":"max-snippet:-1","max-image-preview":"max-image-preview:large","max-video-preview":"max-video-preview:-1"},"canonical":"https:\/\/www.fcbarcelonanoticias.com\/en\/real-madrid\/real-madrid-passes-self-criticism-attacks-against-refereeing_296470_102.html","og_locale":"en_US","og_type":"article","og_title":"Real Madrid 'passes' from self-criticism and attacks the refereeing","og_description":"In the derbi between Athletic and Real Madrid were many the referee's controversies, especially in the first-half. From the White House, where do not finish to do self-criticism, have 'loaded' against the arbitration to justify his defeat","og_url":"https:\/\/www.fcbarcelonanoticias.com\/en\/real-madrid\/real-madrid-passes-self-criticism-attacks-against-refereeing_296470_102.html","og_site_name":"EN - FC Barcelona Noticias","article_published_time":"2023-09-25T10:19:00+00:00","og_image":[{"width":1200,"height":675,"url":"https:\/\/www.fcbarcelonanoticias.com\/en\/wp-content\/uploads\/sites\/2\/2023\/09\/alberola-roja-con-los-jugadores-del-real-madrid.jpeg","type":"image\/jpeg"}],"author":"FC Barcelona Noticias","twitter_card":"summary_large_image","twitter_misc":{"Written by":"FC Barcelona Noticias","Est. reading time":"2 minutes"},"schema":{"@context":"https:\/\/schema.org","@graph":[{"@type":"Article","@id":"https:\/\/www.fcbarcelonanoticias.com\/en\/real-madrid\/real-madrid-passes-self-criticism-attacks-against-refereeing_296470_102.html#article","isPartOf":{"@id":"https:\/\/www.fcbarcelonanoticias.com\/en\/real-madrid\/real-madrid-passes-self-criticism-attacks-against-refereeing_296470_102.html"},"author":{"name":"FC Barcelona Noticias","@id":"https:\/\/www.fcbarcelonanoticias.com\/en\/#\/schema\/person\/0f2810101d27606974cdb8edb54fa54b"},"headline":"Real Madrid &#8216;passes&#8217; from self-criticism and attacks the refereeing","datePublished":"2023-09-25T10:19:00+00:00","mainEntityOfPage":{"@id":"https:\/\/www.fcbarcelonanoticias.com\/en\/real-madrid\/real-madrid-passes-self-criticism-attacks-against-refereeing_296470_102.html"},"wordCount":402,"image":{"@id":"https:\/\/www.fcbarcelonanoticias.com\/en\/real-madrid\/real-madrid-passes-self-criticism-attacks-against-refereeing_296470_102.html#primaryimage"},"thumbnailUrl":"https:\/\/www.fcbarcelonanoticias.com\/en\/wp-content\/uploads\/sites\/2\/2023\/09\/alberola-roja-con-los-jugadores-del-real-madrid.jpeg","keywords":["Atl\u00e9tico de Madrid","Referees","VAR"],"articleSection":["Real Madrid","Real Madrid"],"inLanguage":"en-US"},{"@type":"WebPage","@id":"https:\/\/www.fcbarcelonanoticias.com\/en\/real-madrid\/real-madrid-passes-self-criticism-attacks-against-refereeing_296470_102.html","url":"https:\/\/www.fcbarcelonanoticias.com\/en\/real-madrid\/real-madrid-passes-self-criticism-attacks-against-refereeing_296470_102.html","name":"Real Madrid 'passes' from self-criticism and attacks the refereeing","isPartOf":{"@id":"https:\/\/www.fcbarcelonanoticias.com\/en\/#website"},"primaryImageOfPage":{"@id":"https:\/\/www.fcbarcelonanoticias.com\/en\/real-madrid\/real-madrid-passes-self-criticism-attacks-against-refereeing_296470_102.html#primaryimage"},"image":{"@id":"https:\/\/www.fcbarcelonanoticias.com\/en\/real-madrid\/real-madrid-passes-self-criticism-attacks-against-refereeing_296470_102.html#primaryimage"},"thumbnailUrl":"https:\/\/www.fcbarcelonanoticias.com\/en\/wp-content\/uploads\/sites\/2\/2023\/09\/alberola-roja-con-los-jugadores-del-real-madrid.jpeg","datePublished":"2023-09-25T10:19:00+00:00","author":{"@id":"https:\/\/www.fcbarcelonanoticias.com\/en\/#\/schema\/person\/0f2810101d27606974cdb8edb54fa54b"},"description":"In the derbi between Athletic and Real Madrid were many the referee's controversies, especially in the first-half. From the White House, where do not finish to do self-criticism, have 'loaded' against the arbitration to justify his defeat","breadcrumb":{"@id":"https:\/\/www.fcbarcelonanoticias.com\/en\/real-madrid\/real-madrid-passes-self-criticism-attacks-against-refereeing_296470_102.html#breadcrumb"},"inLanguage":"en-US","potentialAction":[{"@type":"ReadAction","target":["https:\/\/www.fcbarcelonanoticias.com\/en\/real-madrid\/real-madrid-passes-self-criticism-attacks-against-refereeing_296470_102.html"]}]},{"@type":"ImageObject","inLanguage":"en-US","@id":"https:\/\/www.fcbarcelonanoticias.com\/en\/real-madrid\/real-madrid-passes-self-criticism-attacks-against-refereeing_296470_102.html#primaryimage","url":"https:\/\/www.fcbarcelonanoticias.com\/en\/wp-content\/uploads\/sites\/2\/2023\/09\/alberola-roja-con-los-jugadores-del-real-madrid.jpeg","contentUrl":"https:\/\/www.fcbarcelonanoticias.com\/en\/wp-content\/uploads\/sites\/2\/2023\/09\/alberola-roja-con-los-jugadores-del-real-madrid.jpeg","width":1200,"height":675},{"@type":"BreadcrumbList","@id":"https:\/\/www.fcbarcelonanoticias.com\/en\/real-madrid\/real-madrid-passes-self-criticism-attacks-against-refereeing_296470_102.html#breadcrumb","itemListElement":[{"@type":"ListItem","position":1,"name":"Portada","item":"https:\/\/www.fcbarcelonanoticias.com\/en\/"},{"@type":"ListItem","position":2,"name":"Real Madrid &#8216;passes&#8217; from self-criticism and attacks the refereeing"}]},{"@type":"WebSite","@id":"https:\/\/www.fcbarcelonanoticias.com\/en\/#website","url":"https:\/\/www.fcbarcelonanoticias.com\/en\/","name":"EN - FC Barcelona Noticias","description":"","potentialAction":[{"@type":"SearchAction","target":{"@type":"EntryPoint","urlTemplate":"https:\/\/www.fcbarcelonanoticias.com\/en\/?s={search_term_string}"},"query-input":{"@type":"PropertyValueSpecification","valueRequired":true,"valueName":"search_term_string"}}],"inLanguage":"en-US"},{"@type":"Person","@id":"https:\/\/www.fcbarcelonanoticias.com\/en\/#\/schema\/person\/0f2810101d27606974cdb8edb54fa54b","name":"FC Barcelona Noticias","image":{"@type":"ImageObject","inLanguage":"en-US","@id":"https:\/\/secure.gravatar.com\/avatar\/?s=96&d=mm&r=g","url":"https:\/\/secure.gravatar.com\/avatar\/?s=96&d=mm&r=g","contentUrl":"https:\/\/secure.gravatar.com\/avatar\/?s=96&d=mm&r=g","caption":"FC Barcelona Noticias"},"url":"https:\/\/www.fcbarcelonanoticias.com\/en\/fc-barcelona\/fcbn-writing-fc-barcelona-news_6_115.html"}]}},"_links":{"self":[{"href":"https:\/\/www.fcbarcelonanoticias.com\/en\/wp-json\/wp\/v2\/posts\/85227","targetHints":{"allow":["GET"]}}],"collection":[{"href":"https:\/\/www.fcbarcelonanoticias.com\/en\/wp-json\/wp\/v2\/posts"}],"about":[{"href":"https:\/\/www.fcbarcelonanoticias.com\/en\/wp-json\/wp\/v2\/types\/post"}],"author":[{"embeddable":true,"href":"https:\/\/www.fcbarcelonanoticias.com\/en\/wp-json\/wp\/v2\/users\/353"}],"replies":[{"embeddable":true,"href":"https:\/\/www.fcbarcelonanoticias.com\/en\/wp-json\/wp\/v2\/comments?post=85227"}],"version-history":[{"count":2,"href":"https:\/\/www.fcbarcelonanoticias.com\/en\/wp-json\/wp\/v2\/posts\/85227\/revisions"}],"predecessor-version":[{"id":85232,"href":"https:\/\/www.fcbarcelonanoticias.com\/en\/wp-json\/wp\/v2\/posts\/85227\/revisions\/85232"}],"wp:featuredmedia":[{"embeddable":true,"href":"https:\/\/www.fcbarcelonanoticias.com\/en\/wp-json\/wp\/v2\/media\/85235"}],"wp:attachment":[{"href":"https:\/\/www.fcbarcelonanoticias.com\/en\/wp-json\/wp\/v2\/media?parent=85227"}],"wp:term":[{"taxonomy":"category","embeddable":true,"href":"https:\/\/www.fcbarcelonanoticias.com\/en\/wp-json\/wp\/v2\/categories?post=85227"},{"taxonomy":"post_tag","embeddable":true,"href":"https:\/\/www.fcbarcelonanoticias.com\/en\/wp-json\/wp\/v2\/tags?post=85227"}],"curies":[{"name":"wp","href":"https:\/\/api.w.org\/{rel}","templated":true}]}}