{"id":85532,"date":"2015-12-17T09:47:00","date_gmt":"2015-12-17T08:47:00","guid":{"rendered":"https:\/\/weisetech.dev\/fc-barcelona-noticias\/en\/the-staff-of-the-real-madrid-happens-of-rafa-benitez-in-his-dinner_36986_102\/"},"modified":"2015-12-17T09:47:00","modified_gmt":"2015-12-17T08:47:00","slug":"the-staff-of-the-real-madrid-happens-of-rafa-benitez-in-his-dinner_36986_102","status":"publish","type":"post","link":"https:\/\/www.fcbarcelonanoticias.com\/en\/real-madrid\/the-staff-of-the-real-madrid-happens-of-rafa-benitez-in-his-dinner_36986_102.html","title":{"rendered":"The staff of the Real Madrid &#8220;happens&#8221; of Rafa Ben\u00edtez in his dinner"},"content":{"rendered":"\r\n<div class=\"article-addons\">\r\n    <a href=\"https:\/\/www.fcbarcelonanoticias.com\/en\/calendar-fc-barcelona.html\"\r\n       target=\"_self\"\r\n       title=\"Calendar of FC Barcelona\"\r\n       class=\"blue-gredient-btn\">\r\n       \r\n        Calendar of FC Barcelona    <\/a>\r\n<\/div>   <div class=\"separator\" style=\"clear: both; text-align: center;\"><a href=\"https:\/\/4.bp.blogspot.com\/en\/-MDJoYvWkw-o\/VnJqYFqF3XI\/AAAAAAAAFMY\/bcOIf2oxkns\/s1600\/plantilla-real-madrid-pasa-benitez-no-invita-cena-navidad.jpg\" imageanchor=\"1\" style=\"margin-left: 1em; margin-right: 1em;\"><\/a><\/div> <br><b>The plantel white does not want to know at all of his trainer far of the terrain and game and decided to not to invite him neither to him neither to the rest of the technical body to the dinner that annually prepare for these dates. Jos\u00e9 Mourinho and Carlo Ancelotti neither were invited in his day<\/b><br><br><span style=\"font-size: large;\"><b><span style=\"color: #990000;\">Ticket<\/span><\/b> &#8211; <b><u><a href=\"http:\/\/www.viagogo.es\/en\/Entradas-Deportes\/Futbol\/La-Liga-Primera-Division\/FC-Barcelona-Entradas\/E-1073690?AffiliateID=1558&amp;PCID=AFFESIAFF1558A548FCBFC6-05\" rel=\"nofollow\" target=\"_blank\">Gone in FC Barcelona vs Betis &#8211; League J17<\/a><\/u><\/b><\/span><br><span style=\"font-size: large;\"><b><span style=\"color: #990000;\">The Classical<\/span><\/b> &#8211; <b><u><a href=\"http:\/\/www.viagogo.es\/en\/Entradas-Deportes\/Futbol\/La-Liga-Primera-Division\/FC-Barcelona-Entradas\/E-1073691?AffiliateID=1558&amp;PCID=AFFESIAFF1558A548FCBFC6-05\" rel=\"nofollow\" target=\"_blank\">Gone in \/ Ticket FC Barcelona vs Real Madrid<\/a><\/u><\/b><\/span><br><span style=\"font-size: large;\"><b><span style=\"color: #990000;\">Ticket<\/span><\/b> &#8211; <b><u><a href=\"http:\/\/www.viagogo.es\/en\/Entradas-Deportes\/Futbol\/La-Liga-Primera-Division\/FC-Barcelona-Entradas?AffiliateID=1558&amp;PCID=AFFESIAFF1558A548FCBFC6-05\" rel=\"nofollow\" target=\"_blank\">Gone in for all the parties of the FC Barcelona<\/a><\/u><\/b><\/span><br><br>As it indicates the Madrilenian newspaper &#8220;ACE&#8221;, <b>the staff of the Real Madrid organised the past Wednesday the traditional dinner of Christmas<\/b> to wish  the parties in a centrical restaurant of the capital of Spain. In this event did not find  neither the trainer <b>Rafael Ben\u00edtez<\/b> neither anybody of his &#8220;staff&#8221; technical after the own players decided to not to invite them.<br><br>A sample more than that the relation between ones and others is very taut and that it can influence on the terrain of game. From it does time in the white changing room are creating  edicts that can go against the trainer at first. However the one who the technicians do not participate in the traditional dinner is something that did not happen in the periplo of <b>Carlo Ancelotti,<\/b> that in spite of having very good relations with all and &nbsp;that siemrpe struggled for having to all the staff joined, never attended.<br><br>Precisely Ancelotti, to the equal that <b>Moruinho<\/b> previously, neither were these appointments with his staff. However the existent tightnesses\/tightnesss inside the staff for with Ben\u00edtez have done that it never have been an option the invite him. The defeat in front of the <b>Villarreal<\/b>, or the sucedidas in front of the <b>Seville<\/b> in <b>the S\u00e1nchez Pizju\u00e1n and the FC Barcelona in the Bernab\u00e9u<\/b> still escuecen in the staff.<br><br>Several players like <b>James Rodr\u00edguez, Sergio Bouquets or Jes\u00e9 Rodr\u00edguez<\/b> already have showed publicly that his relation with the trainer is not the all good, that say. Beside them other heavy weights like <b>Cristiano Ronaldo blame him of derives it of the team<\/b> and of his low personal performance.<br><br> ","protected":false},"excerpt":{"rendered":"<p>The plantel white does not want to know at all of his trainer far of the terrain and game and decided to not to invite him neither to him neither to the rest of the technical body to the dinner that annually prepare for these dates. Jos\u00e9 Mourinho and Carlo Ancelotti neither were invited in [&hellip;]<\/p>\n","protected":false},"author":477,"featured_media":85538,"comment_status":"closed","ping_status":"open","sticky":false,"template":"","format":"standard","meta":{"_acf_changed":false,"inline_featured_image":false,"_nextfly_llmd_date_locked":false,"footnotes":""},"categories":[450,119],"tags":[258],"class_list":["post-85532","post","type-post","status-publish","format-standard","has-post-thumbnail","hentry","category-real-madrid-2","category-real-madrid","tag-rafa-benitez"],"acf":[],"yoast_head":"<!-- This site is optimized with the Yoast SEO plugin v27.3 - https:\/\/yoast.com\/product\/yoast-seo-wordpress\/ -->\n<title>The staff of the Real Madrid &quot;happens&quot; of Rafa Ben\u00edtez in his dinner<\/title>\n<meta name=\"description\" content=\"FCBarcelonaNoticias.com\" \/>\n<meta name=\"robots\" content=\"index, follow, max-snippet:-1, max-image-preview:large, max-video-preview:-1\" \/>\n<link rel=\"canonical\" href=\"https:\/\/www.fcbarcelonanoticias.com\/en\/real-madrid\/the-staff-of-the-real-madrid-happens-of-rafa-benitez-in-his-dinner_36986_102.html\" \/>\n<meta property=\"og:locale\" content=\"en_US\" \/>\n<meta property=\"og:type\" content=\"article\" \/>\n<meta property=\"og:title\" content=\"The staff of the Real Madrid &quot;happens&quot; of Rafa Ben\u00edtez in his dinner\" \/>\n<meta property=\"og:description\" content=\"FCBarcelonaNoticias.com\" \/>\n<meta property=\"og:url\" content=\"https:\/\/www.fcbarcelonanoticias.com\/en\/real-madrid\/the-staff-of-the-real-madrid-happens-of-rafa-benitez-in-his-dinner_36986_102.html\" \/>\n<meta property=\"og:site_name\" content=\"EN - FC Barcelona Noticias\" \/>\n<meta property=\"article:published_time\" content=\"2015-12-17T08:47:00+00:00\" \/>\n<meta property=\"og:image\" content=\"https:\/\/www.fcbarcelonanoticias.com\/en\/wp-content\/uploads\/sites\/2\/2015\/12\/plantilla-real-madrid-pasa-benitez-no-invita-cena-navidad-36998.jpeg\" \/>\n\t<meta property=\"og:image:width\" content=\"610\" \/>\n\t<meta property=\"og:image:height\" content=\"343\" \/>\n\t<meta property=\"og:image:type\" content=\"image\/jpeg\" \/>\n<meta name=\"author\" content=\"user_4133\" \/>\n<meta name=\"twitter:card\" content=\"summary_large_image\" \/>\n<meta name=\"twitter:label1\" content=\"Written by\" \/>\n\t<meta name=\"twitter:data1\" content=\"user_4133\" \/>\n\t<meta name=\"twitter:label2\" content=\"Est. reading time\" \/>\n\t<meta name=\"twitter:data2\" content=\"2 minutes\" \/>\n<script type=\"application\/ld+json\" class=\"yoast-schema-graph\">{\"@context\":\"https:\\\/\\\/schema.org\",\"@graph\":[{\"@type\":\"Article\",\"@id\":\"https:\\\/\\\/www.fcbarcelonanoticias.com\\\/en\\\/real-madrid\\\/the-staff-of-the-real-madrid-happens-of-rafa-benitez-in-his-dinner_36986_102.html#article\",\"isPartOf\":{\"@id\":\"https:\\\/\\\/www.fcbarcelonanoticias.com\\\/en\\\/real-madrid\\\/the-staff-of-the-real-madrid-happens-of-rafa-benitez-in-his-dinner_36986_102.html\"},\"author\":{\"name\":\"user_4133\",\"@id\":\"https:\\\/\\\/www.fcbarcelonanoticias.com\\\/en\\\/#\\\/schema\\\/person\\\/ed5bb7a7aee68f98a042a7ff1a74c6dd\"},\"headline\":\"The staff of the Real Madrid &#8220;happens&#8221; of Rafa Ben\u00edtez in his dinner\",\"datePublished\":\"2015-12-17T08:47:00+00:00\",\"mainEntityOfPage\":{\"@id\":\"https:\\\/\\\/www.fcbarcelonanoticias.com\\\/en\\\/real-madrid\\\/the-staff-of-the-real-madrid-happens-of-rafa-benitez-in-his-dinner_36986_102.html\"},\"wordCount\":385,\"image\":{\"@id\":\"https:\\\/\\\/www.fcbarcelonanoticias.com\\\/en\\\/real-madrid\\\/the-staff-of-the-real-madrid-happens-of-rafa-benitez-in-his-dinner_36986_102.html#primaryimage\"},\"thumbnailUrl\":\"https:\\\/\\\/www.fcbarcelonanoticias.com\\\/en\\\/wp-content\\\/uploads\\\/sites\\\/2\\\/2015\\\/12\\\/plantilla-real-madrid-pasa-benitez-no-invita-cena-navidad-36998.jpeg\",\"keywords\":[\"Rafa Ben\u00edtez\"],\"articleSection\":[\"Real Madrid\",\"Real Madrid\"],\"inLanguage\":\"en-US\"},{\"@type\":\"WebPage\",\"@id\":\"https:\\\/\\\/www.fcbarcelonanoticias.com\\\/en\\\/real-madrid\\\/the-staff-of-the-real-madrid-happens-of-rafa-benitez-in-his-dinner_36986_102.html\",\"url\":\"https:\\\/\\\/www.fcbarcelonanoticias.com\\\/en\\\/real-madrid\\\/the-staff-of-the-real-madrid-happens-of-rafa-benitez-in-his-dinner_36986_102.html\",\"name\":\"The staff of the Real Madrid \\\"happens\\\" of Rafa Ben\u00edtez in his dinner\",\"isPartOf\":{\"@id\":\"https:\\\/\\\/www.fcbarcelonanoticias.com\\\/en\\\/#website\"},\"primaryImageOfPage\":{\"@id\":\"https:\\\/\\\/www.fcbarcelonanoticias.com\\\/en\\\/real-madrid\\\/the-staff-of-the-real-madrid-happens-of-rafa-benitez-in-his-dinner_36986_102.html#primaryimage\"},\"image\":{\"@id\":\"https:\\\/\\\/www.fcbarcelonanoticias.com\\\/en\\\/real-madrid\\\/the-staff-of-the-real-madrid-happens-of-rafa-benitez-in-his-dinner_36986_102.html#primaryimage\"},\"thumbnailUrl\":\"https:\\\/\\\/www.fcbarcelonanoticias.com\\\/en\\\/wp-content\\\/uploads\\\/sites\\\/2\\\/2015\\\/12\\\/plantilla-real-madrid-pasa-benitez-no-invita-cena-navidad-36998.jpeg\",\"datePublished\":\"2015-12-17T08:47:00+00:00\",\"author\":{\"@id\":\"https:\\\/\\\/www.fcbarcelonanoticias.com\\\/en\\\/#\\\/schema\\\/person\\\/ed5bb7a7aee68f98a042a7ff1a74c6dd\"},\"description\":\"FCBarcelonaNoticias.com\",\"breadcrumb\":{\"@id\":\"https:\\\/\\\/www.fcbarcelonanoticias.com\\\/en\\\/real-madrid\\\/the-staff-of-the-real-madrid-happens-of-rafa-benitez-in-his-dinner_36986_102.html#breadcrumb\"},\"inLanguage\":\"en-US\",\"potentialAction\":[{\"@type\":\"ReadAction\",\"target\":[\"https:\\\/\\\/www.fcbarcelonanoticias.com\\\/en\\\/real-madrid\\\/the-staff-of-the-real-madrid-happens-of-rafa-benitez-in-his-dinner_36986_102.html\"]}]},{\"@type\":\"ImageObject\",\"inLanguage\":\"en-US\",\"@id\":\"https:\\\/\\\/www.fcbarcelonanoticias.com\\\/en\\\/real-madrid\\\/the-staff-of-the-real-madrid-happens-of-rafa-benitez-in-his-dinner_36986_102.html#primaryimage\",\"url\":\"https:\\\/\\\/www.fcbarcelonanoticias.com\\\/en\\\/wp-content\\\/uploads\\\/sites\\\/2\\\/2015\\\/12\\\/plantilla-real-madrid-pasa-benitez-no-invita-cena-navidad-36998.jpeg\",\"contentUrl\":\"https:\\\/\\\/www.fcbarcelonanoticias.com\\\/en\\\/wp-content\\\/uploads\\\/sites\\\/2\\\/2015\\\/12\\\/plantilla-real-madrid-pasa-benitez-no-invita-cena-navidad-36998.jpeg\",\"width\":610,\"height\":343},{\"@type\":\"BreadcrumbList\",\"@id\":\"https:\\\/\\\/www.fcbarcelonanoticias.com\\\/en\\\/real-madrid\\\/the-staff-of-the-real-madrid-happens-of-rafa-benitez-in-his-dinner_36986_102.html#breadcrumb\",\"itemListElement\":[{\"@type\":\"ListItem\",\"position\":1,\"name\":\"Portada\",\"item\":\"https:\\\/\\\/www.fcbarcelonanoticias.com\\\/en\\\/\"},{\"@type\":\"ListItem\",\"position\":2,\"name\":\"The staff of the Real Madrid &#8220;happens&#8221; of Rafa Ben\u00edtez in his dinner\"}]},{\"@type\":\"WebSite\",\"@id\":\"https:\\\/\\\/www.fcbarcelonanoticias.com\\\/en\\\/#website\",\"url\":\"https:\\\/\\\/www.fcbarcelonanoticias.com\\\/en\\\/\",\"name\":\"EN - FC Barcelona Noticias\",\"description\":\"\",\"potentialAction\":[{\"@type\":\"SearchAction\",\"target\":{\"@type\":\"EntryPoint\",\"urlTemplate\":\"https:\\\/\\\/www.fcbarcelonanoticias.com\\\/en\\\/?s={search_term_string}\"},\"query-input\":{\"@type\":\"PropertyValueSpecification\",\"valueRequired\":true,\"valueName\":\"search_term_string\"}}],\"inLanguage\":\"en-US\"},{\"@type\":\"Person\",\"@id\":\"https:\\\/\\\/www.fcbarcelonanoticias.com\\\/en\\\/#\\\/schema\\\/person\\\/ed5bb7a7aee68f98a042a7ff1a74c6dd\",\"name\":\"user_4133\",\"image\":{\"@type\":\"ImageObject\",\"inLanguage\":\"en-US\",\"@id\":\"https:\\\/\\\/secure.gravatar.com\\\/avatar\\\/?s=96&d=mm&r=g\",\"url\":\"https:\\\/\\\/secure.gravatar.com\\\/avatar\\\/?s=96&d=mm&r=g\",\"contentUrl\":\"https:\\\/\\\/secure.gravatar.com\\\/avatar\\\/?s=96&d=mm&r=g\",\"caption\":\"user_4133\"},\"url\":\"https:\\\/\\\/www.fcbarcelonanoticias.com\\\/en\\\/user_4133.html\"}]}<\/script>\n<!-- \/ Yoast SEO plugin. -->","yoast_head_json":{"title":"The staff of the Real Madrid \"happens\" of Rafa Ben\u00edtez in his dinner","description":"FCBarcelonaNoticias.com","robots":{"index":"index","follow":"follow","max-snippet":"max-snippet:-1","max-image-preview":"max-image-preview:large","max-video-preview":"max-video-preview:-1"},"canonical":"https:\/\/www.fcbarcelonanoticias.com\/en\/real-madrid\/the-staff-of-the-real-madrid-happens-of-rafa-benitez-in-his-dinner_36986_102.html","og_locale":"en_US","og_type":"article","og_title":"The staff of the Real Madrid \"happens\" of Rafa Ben\u00edtez in his dinner","og_description":"FCBarcelonaNoticias.com","og_url":"https:\/\/www.fcbarcelonanoticias.com\/en\/real-madrid\/the-staff-of-the-real-madrid-happens-of-rafa-benitez-in-his-dinner_36986_102.html","og_site_name":"EN - FC Barcelona Noticias","article_published_time":"2015-12-17T08:47:00+00:00","og_image":[{"width":610,"height":343,"url":"https:\/\/www.fcbarcelonanoticias.com\/en\/wp-content\/uploads\/sites\/2\/2015\/12\/plantilla-real-madrid-pasa-benitez-no-invita-cena-navidad-36998.jpeg","type":"image\/jpeg"}],"author":"user_4133","twitter_card":"summary_large_image","twitter_misc":{"Written by":"user_4133","Est. reading time":"2 minutes"},"schema":{"@context":"https:\/\/schema.org","@graph":[{"@type":"Article","@id":"https:\/\/www.fcbarcelonanoticias.com\/en\/real-madrid\/the-staff-of-the-real-madrid-happens-of-rafa-benitez-in-his-dinner_36986_102.html#article","isPartOf":{"@id":"https:\/\/www.fcbarcelonanoticias.com\/en\/real-madrid\/the-staff-of-the-real-madrid-happens-of-rafa-benitez-in-his-dinner_36986_102.html"},"author":{"name":"user_4133","@id":"https:\/\/www.fcbarcelonanoticias.com\/en\/#\/schema\/person\/ed5bb7a7aee68f98a042a7ff1a74c6dd"},"headline":"The staff of the Real Madrid &#8220;happens&#8221; of Rafa Ben\u00edtez in his dinner","datePublished":"2015-12-17T08:47:00+00:00","mainEntityOfPage":{"@id":"https:\/\/www.fcbarcelonanoticias.com\/en\/real-madrid\/the-staff-of-the-real-madrid-happens-of-rafa-benitez-in-his-dinner_36986_102.html"},"wordCount":385,"image":{"@id":"https:\/\/www.fcbarcelonanoticias.com\/en\/real-madrid\/the-staff-of-the-real-madrid-happens-of-rafa-benitez-in-his-dinner_36986_102.html#primaryimage"},"thumbnailUrl":"https:\/\/www.fcbarcelonanoticias.com\/en\/wp-content\/uploads\/sites\/2\/2015\/12\/plantilla-real-madrid-pasa-benitez-no-invita-cena-navidad-36998.jpeg","keywords":["Rafa Ben\u00edtez"],"articleSection":["Real Madrid","Real Madrid"],"inLanguage":"en-US"},{"@type":"WebPage","@id":"https:\/\/www.fcbarcelonanoticias.com\/en\/real-madrid\/the-staff-of-the-real-madrid-happens-of-rafa-benitez-in-his-dinner_36986_102.html","url":"https:\/\/www.fcbarcelonanoticias.com\/en\/real-madrid\/the-staff-of-the-real-madrid-happens-of-rafa-benitez-in-his-dinner_36986_102.html","name":"The staff of the Real Madrid \"happens\" of Rafa Ben\u00edtez in his dinner","isPartOf":{"@id":"https:\/\/www.fcbarcelonanoticias.com\/en\/#website"},"primaryImageOfPage":{"@id":"https:\/\/www.fcbarcelonanoticias.com\/en\/real-madrid\/the-staff-of-the-real-madrid-happens-of-rafa-benitez-in-his-dinner_36986_102.html#primaryimage"},"image":{"@id":"https:\/\/www.fcbarcelonanoticias.com\/en\/real-madrid\/the-staff-of-the-real-madrid-happens-of-rafa-benitez-in-his-dinner_36986_102.html#primaryimage"},"thumbnailUrl":"https:\/\/www.fcbarcelonanoticias.com\/en\/wp-content\/uploads\/sites\/2\/2015\/12\/plantilla-real-madrid-pasa-benitez-no-invita-cena-navidad-36998.jpeg","datePublished":"2015-12-17T08:47:00+00:00","author":{"@id":"https:\/\/www.fcbarcelonanoticias.com\/en\/#\/schema\/person\/ed5bb7a7aee68f98a042a7ff1a74c6dd"},"description":"FCBarcelonaNoticias.com","breadcrumb":{"@id":"https:\/\/www.fcbarcelonanoticias.com\/en\/real-madrid\/the-staff-of-the-real-madrid-happens-of-rafa-benitez-in-his-dinner_36986_102.html#breadcrumb"},"inLanguage":"en-US","potentialAction":[{"@type":"ReadAction","target":["https:\/\/www.fcbarcelonanoticias.com\/en\/real-madrid\/the-staff-of-the-real-madrid-happens-of-rafa-benitez-in-his-dinner_36986_102.html"]}]},{"@type":"ImageObject","inLanguage":"en-US","@id":"https:\/\/www.fcbarcelonanoticias.com\/en\/real-madrid\/the-staff-of-the-real-madrid-happens-of-rafa-benitez-in-his-dinner_36986_102.html#primaryimage","url":"https:\/\/www.fcbarcelonanoticias.com\/en\/wp-content\/uploads\/sites\/2\/2015\/12\/plantilla-real-madrid-pasa-benitez-no-invita-cena-navidad-36998.jpeg","contentUrl":"https:\/\/www.fcbarcelonanoticias.com\/en\/wp-content\/uploads\/sites\/2\/2015\/12\/plantilla-real-madrid-pasa-benitez-no-invita-cena-navidad-36998.jpeg","width":610,"height":343},{"@type":"BreadcrumbList","@id":"https:\/\/www.fcbarcelonanoticias.com\/en\/real-madrid\/the-staff-of-the-real-madrid-happens-of-rafa-benitez-in-his-dinner_36986_102.html#breadcrumb","itemListElement":[{"@type":"ListItem","position":1,"name":"Portada","item":"https:\/\/www.fcbarcelonanoticias.com\/en\/"},{"@type":"ListItem","position":2,"name":"The staff of the Real Madrid &#8220;happens&#8221; of Rafa Ben\u00edtez in his dinner"}]},{"@type":"WebSite","@id":"https:\/\/www.fcbarcelonanoticias.com\/en\/#website","url":"https:\/\/www.fcbarcelonanoticias.com\/en\/","name":"EN - FC Barcelona Noticias","description":"","potentialAction":[{"@type":"SearchAction","target":{"@type":"EntryPoint","urlTemplate":"https:\/\/www.fcbarcelonanoticias.com\/en\/?s={search_term_string}"},"query-input":{"@type":"PropertyValueSpecification","valueRequired":true,"valueName":"search_term_string"}}],"inLanguage":"en-US"},{"@type":"Person","@id":"https:\/\/www.fcbarcelonanoticias.com\/en\/#\/schema\/person\/ed5bb7a7aee68f98a042a7ff1a74c6dd","name":"user_4133","image":{"@type":"ImageObject","inLanguage":"en-US","@id":"https:\/\/secure.gravatar.com\/avatar\/?s=96&d=mm&r=g","url":"https:\/\/secure.gravatar.com\/avatar\/?s=96&d=mm&r=g","contentUrl":"https:\/\/secure.gravatar.com\/avatar\/?s=96&d=mm&r=g","caption":"user_4133"},"url":"https:\/\/www.fcbarcelonanoticias.com\/en\/user_4133.html"}]}},"_links":{"self":[{"href":"https:\/\/www.fcbarcelonanoticias.com\/en\/wp-json\/wp\/v2\/posts\/85532","targetHints":{"allow":["GET"]}}],"collection":[{"href":"https:\/\/www.fcbarcelonanoticias.com\/en\/wp-json\/wp\/v2\/posts"}],"about":[{"href":"https:\/\/www.fcbarcelonanoticias.com\/en\/wp-json\/wp\/v2\/types\/post"}],"author":[{"embeddable":true,"href":"https:\/\/www.fcbarcelonanoticias.com\/en\/wp-json\/wp\/v2\/users\/477"}],"replies":[{"embeddable":true,"href":"https:\/\/www.fcbarcelonanoticias.com\/en\/wp-json\/wp\/v2\/comments?post=85532"}],"version-history":[{"count":1,"href":"https:\/\/www.fcbarcelonanoticias.com\/en\/wp-json\/wp\/v2\/posts\/85532\/revisions"}],"predecessor-version":[{"id":124862,"href":"https:\/\/www.fcbarcelonanoticias.com\/en\/wp-json\/wp\/v2\/posts\/85532\/revisions\/124862"}],"wp:featuredmedia":[{"embeddable":true,"href":"https:\/\/www.fcbarcelonanoticias.com\/en\/wp-json\/wp\/v2\/media\/85538"}],"wp:attachment":[{"href":"https:\/\/www.fcbarcelonanoticias.com\/en\/wp-json\/wp\/v2\/media?parent=85532"}],"wp:term":[{"taxonomy":"category","embeddable":true,"href":"https:\/\/www.fcbarcelonanoticias.com\/en\/wp-json\/wp\/v2\/categories?post=85532"},{"taxonomy":"post_tag","embeddable":true,"href":"https:\/\/www.fcbarcelonanoticias.com\/en\/wp-json\/wp\/v2\/tags?post=85532"}],"curies":[{"name":"wp","href":"https:\/\/api.w.org\/{rel}","templated":true}]}}