{"id":85691,"date":"2015-11-15T22:31:00","date_gmt":"2015-11-15T21:31:00","guid":{"rendered":"https:\/\/weisetech.dev\/fc-barcelona-noticias\/en\/ten-reasons-by-which-fracasa-rafa-benitez-in-the-real-madrid_38017_102\/"},"modified":"2015-11-15T22:31:00","modified_gmt":"2015-11-15T21:31:00","slug":"ten-reasons-by-which-fracasa-rafa-benitez-in-the-real-madrid_38017_102","status":"publish","type":"post","link":"https:\/\/www.fcbarcelonanoticias.com\/en\/real-madrid\/ten-reasons-by-which-fracasa-rafa-benitez-in-the-real-madrid_38017_102.html","title":{"rendered":"Ten reasons by which fracasa Rafa Ben\u00edtez in the Real Madrid"},"content":{"rendered":"\r\n<div class=\"article-addons\">\r\n    <a href=\"https:\/\/www.fcbarcelonanoticias.com\/en\/calendar-fc-barcelona.html\"\r\n       target=\"_self\"\r\n       title=\"Calendar of FC Barcelona\"\r\n       class=\"blue-gredient-btn\">\r\n       \r\n        Calendar of FC Barcelona    <\/a>\r\n<\/div>   <div class=\"separator\" style=\"clear: both; text-align: center;\"><a href=\"https:\/\/2.bp.blogspot.com\/en\/-T-9HmkkgkBk\/VkjrhxiWMDI\/AAAAAAAADuo\/nEJ-YR-9bd0\/s1600\/rafa-benitez-se%C3%83%C2%B1alado-mal-juego-madrid.jpg\" imageanchor=\"1\" style=\"margin-left: 1em; margin-right: 1em;\"><\/a><\/div> <br><b>A thing is clear in this start of season in the White House: Rafael Ben\u00edtez does not seem the ideal technician for lidiar with the responsibility to manage so many egos in the changing room. Three months after beginning the League BBVA already has to half bench in his against<\/b><br><br><span style=\"font-size: large;\"><b><span style=\"color: #990000;\">The Classical<\/span><\/b> &#8211; <b><u><a href=\"http:\/\/www.viagogo.es\/en\/Entradas-Deportes\/Futbol\/La-Liga-Primera-Division\/FC-Barcelona-Entradas\/E-1073691?AffiliateID=1558&amp;PCID=AFFESIAFF1558A548FCBFC6-05\" rel=\"nofollow\" target=\"_blank\">Gone in \/ Ticket FC Barcelona vs Real Madrid<\/a><\/u><\/b><\/span><br><span style=\"font-size: large;\"><b><span style=\"color: #990000;\">The Classical<\/span><\/b> &#8211; <b><u><a href=\"http:\/\/www.viagogo.es\/en\/Entradas-Deportes\/Futbol\/La-Liga-Primera-Division\/Real-Madrid-FC-Entradas\/E-1073836?AffiliateID=1558&amp;PCID=AFFESIAFF1558A548FCBFC6-05\" rel=\"nofollow\" target=\"_blank\">Gone in \/ Ticket Real Madrid vs FC Barcelona<\/a><\/u><\/b><\/span><br><span style=\"font-size: large;\"><b><span style=\"color: #990000;\">Ticket<\/span><\/b> &#8211; <b><u><a href=\"http:\/\/www.viagogo.es\/en\/Entradas-Deportes\/Futbol\/La-Liga-Primera-Division\/FC-Barcelona-Entradas?AffiliateID=1558&amp;PCID=AFFESIAFF1558A548FCBFC6-05\" rel=\"nofollow\" target=\"_blank\">Gone in for all the parties of the FC Barcelona<\/a><\/u><\/b><\/span> <br><br>If there is somebody that is suffering in silence in this start of season that is the trainer of the<b> Real Madrid Rafael Ben\u00edtez<\/b>. The Madrilenian trainer went in in Valdebebas like a hurricane and is finish for turning into  a simple marine breeze that goes of a side to another of the soplido that suelte <b>Cristiano Ronaldo. <\/b>Quieriendo Content to the Portuguese has finish for angering to the rest of the staff&#8230; And to the own crack luso.<br><br>Recently it has filtered  a conversation in which<b> CR7 would have said him to Florentino P\u00e9rez that with Ben\u00edtez his will not win at all,<\/b> an opinion generalised in the terracings of Santiago Bernab\u00e9. But, why? From the newspaper &#8220;Sport&#8221; have launched ten keys to explain the crisis that are living the merengues, increased after the defeat in the Pizju\u00e1n where even the m\u00edster finish &#8220;rajando&#8221; of varied of his men.<br><br><br><b>1- The system commands, the player obeys<\/b><br><br>Since it arrived to the team had clear that wanted to play of a determinate way and that his pupilos would have to adapt to this style of game. Something of what three months afterwards seems that the team  resiente and has created a lot of unrest in several players that do not find his place.<br><br><b>2- Win first, play afterwards<\/b><br><br>They have been able to  see this season <b>in Santiago Bernab\u00e9u authentic tostones <\/b>like the party in front of the <b>M\u00e1laga and the one of the Granada.<\/b> Something of what the fans is  hartando and finish whistling to his own players.<br><br><b>3- it Deprives the talent by in front of the efficiency<\/b><br><br><b>To the trainer of the Real Madrid only concern him the three points<\/b>, is him equal as it achieve  and if it is without engaging the result, much better. The florituras and the football of quality do not seem to go in his DNA.<br><br><b>4- Defence by accumulation and no by pressure<\/b><br><br>The whites <b>defend  like cat panza up by behind the ball <\/b>without going out in the pressure neither exert this fast game to the contragolpe that so good results had given him in the last times with <b>Mourinho and Ancelotti.<\/b><br><br><b>5- No  comuncia with his players<\/b><br><br>There is not anybody inside the changing room that right now put the hand in the fire by the trainer. To anybody has arrived him his speech and does not have any ally inside this. His fault of comunciaci\u00f3n with stars and young values<b> is carrying him to star scenes dantescas like the lived with James Rodr\u00edguez <\/b>in press conference the recent complaints of <b>Denis Cheryshev<\/b> on the fault of communication.<br><br><b>6- it does not defend to which do not follow his style<\/b><br><br>it is happening Him To James Rodr\u00edguez and in his day suffered it Jes\u00e9 and &#8220;Chery&#8221;, to Ben\u00edtez or follow him the roll or remain you in the bench. The trainer has to think that, although it was lie, the players will leave  the skin in the field by his strategy and that receive communion with his ideals.<br><br><b>7- it defends  by means of the statistics<\/b><br><br>Whenever somebody questions him in a press conference or an interview <b>takes out the statistics and the numbers to defend his ideas<\/b>. A number that in determinate moments also hides, as be the Madrid to the that more have shot him to door from does several seasons. What would be of him without<b> Keylor Navas<\/b>&#8230;<br><br><b>8- it Defends in front of what dictates the club that to his players<\/b><br><br>From the first moment has seen him  like the <b>dog faldero of Florentino P\u00e9rez.<\/b> It is his spy inside the changing room, something that does not like to any of his players. <b>It capitulated with the changes in the medical service <\/b>that did not like at all in the breast of the group and neither likes that it defend to layer and sword to <b>Gareth Bleat<\/b>, the relief of Christian for Florentino.<br><br><b>9- it does not have words of alago for his<\/b><br><br>It is missing him left hand and this caracter that had <b>Carlo Ancelotti <\/b>to approach  to his men one by one and congratulate them when they deserved it to him. In the research to reinforce the collective to the individual, is him  going a changing room that does not stand out, as his main star, by the collectivity and if by the vanity.<br><br><b>10- it goes him  the strength by the mouth<\/b><br><br>Never there has been in <b>the Real Madrid<\/b>,<b> to exception of Jos\u00e9 Mourinho<\/b>, a trainer that criticise openly to his own pupilos in interviews or that leave true pu\u00f1ales in the room of press without coming to tale. His form to be does him<b> create authentic wars that the only that serve is to discredit him<\/b>.<br><br> ","protected":false},"excerpt":{"rendered":"<p>A thing is clear in this start of season in the White House: Rafael Ben\u00edtez does not seem the ideal technician for lidiar with the responsibility to manage so many egos in the changing room. Three months after beginning the League BBVA already has to half bench in his against The Classical &#8211; Gone in [&hellip;]<\/p>\n","protected":false},"author":477,"featured_media":85695,"comment_status":"closed","ping_status":"open","sticky":false,"template":"","format":"standard","meta":{"_acf_changed":false,"inline_featured_image":false,"_nextfly_llmd_date_locked":false,"footnotes":""},"categories":[119,450],"tags":[258],"class_list":["post-85691","post","type-post","status-publish","format-standard","has-post-thumbnail","hentry","category-real-madrid","category-real-madrid-2","tag-rafa-benitez"],"acf":[],"yoast_head":"<!-- This site is optimized with the Yoast SEO plugin v27.3 - https:\/\/yoast.com\/product\/yoast-seo-wordpress\/ -->\n<title>Ten reasons by which fracasa Rafa Ben\u00edtez in the Real Madrid<\/title>\n<meta name=\"description\" content=\"FCBarcelonaNoticias.com\" \/>\n<meta name=\"robots\" content=\"index, follow, max-snippet:-1, max-image-preview:large, max-video-preview:-1\" \/>\n<link rel=\"canonical\" href=\"https:\/\/www.fcbarcelonanoticias.com\/en\/real-madrid\/ten-reasons-by-which-fracasa-rafa-benitez-in-the-real-madrid_38017_102.html\" \/>\n<meta property=\"og:locale\" content=\"en_US\" \/>\n<meta property=\"og:type\" content=\"article\" \/>\n<meta property=\"og:title\" content=\"Ten reasons by which fracasa Rafa Ben\u00edtez in the Real Madrid\" \/>\n<meta property=\"og:description\" content=\"FCBarcelonaNoticias.com\" \/>\n<meta property=\"og:url\" content=\"https:\/\/www.fcbarcelonanoticias.com\/en\/real-madrid\/ten-reasons-by-which-fracasa-rafa-benitez-in-the-real-madrid_38017_102.html\" \/>\n<meta property=\"og:site_name\" content=\"EN - FC Barcelona Noticias\" \/>\n<meta property=\"article:published_time\" content=\"2015-11-15T21:31:00+00:00\" \/>\n<meta property=\"og:image\" content=\"https:\/\/www.fcbarcelonanoticias.com\/en\/wp-content\/uploads\/sites\/2\/2015\/11\/rafa-benitez-se-25c3-25b1alado-mal-juego-madrid-38029.jpeg\" \/>\n\t<meta property=\"og:image:width\" content=\"610\" \/>\n\t<meta property=\"og:image:height\" content=\"343\" \/>\n\t<meta property=\"og:image:type\" content=\"image\/jpeg\" \/>\n<meta name=\"author\" content=\"user_4133\" \/>\n<meta name=\"twitter:card\" content=\"summary_large_image\" \/>\n<meta name=\"twitter:label1\" content=\"Written by\" \/>\n\t<meta name=\"twitter:data1\" content=\"user_4133\" \/>\n\t<meta name=\"twitter:label2\" content=\"Est. reading time\" \/>\n\t<meta name=\"twitter:data2\" content=\"4 minutes\" \/>\n<script type=\"application\/ld+json\" class=\"yoast-schema-graph\">{\"@context\":\"https:\\\/\\\/schema.org\",\"@graph\":[{\"@type\":\"Article\",\"@id\":\"https:\\\/\\\/www.fcbarcelonanoticias.com\\\/en\\\/real-madrid\\\/ten-reasons-by-which-fracasa-rafa-benitez-in-the-real-madrid_38017_102.html#article\",\"isPartOf\":{\"@id\":\"https:\\\/\\\/www.fcbarcelonanoticias.com\\\/en\\\/real-madrid\\\/ten-reasons-by-which-fracasa-rafa-benitez-in-the-real-madrid_38017_102.html\"},\"author\":{\"name\":\"user_4133\",\"@id\":\"https:\\\/\\\/www.fcbarcelonanoticias.com\\\/en\\\/#\\\/schema\\\/person\\\/ed5bb7a7aee68f98a042a7ff1a74c6dd\"},\"headline\":\"Ten reasons by which fracasa Rafa Ben\u00edtez in the Real Madrid\",\"datePublished\":\"2015-11-15T21:31:00+00:00\",\"mainEntityOfPage\":{\"@id\":\"https:\\\/\\\/www.fcbarcelonanoticias.com\\\/en\\\/real-madrid\\\/ten-reasons-by-which-fracasa-rafa-benitez-in-the-real-madrid_38017_102.html\"},\"wordCount\":906,\"image\":{\"@id\":\"https:\\\/\\\/www.fcbarcelonanoticias.com\\\/en\\\/real-madrid\\\/ten-reasons-by-which-fracasa-rafa-benitez-in-the-real-madrid_38017_102.html#primaryimage\"},\"thumbnailUrl\":\"https:\\\/\\\/www.fcbarcelonanoticias.com\\\/en\\\/wp-content\\\/uploads\\\/sites\\\/2\\\/2015\\\/11\\\/rafa-benitez-se-25c3-25b1alado-mal-juego-madrid-38029.jpeg\",\"keywords\":[\"Rafa Ben\u00edtez\"],\"articleSection\":[\"Real Madrid\",\"Real Madrid\"],\"inLanguage\":\"en-US\"},{\"@type\":\"WebPage\",\"@id\":\"https:\\\/\\\/www.fcbarcelonanoticias.com\\\/en\\\/real-madrid\\\/ten-reasons-by-which-fracasa-rafa-benitez-in-the-real-madrid_38017_102.html\",\"url\":\"https:\\\/\\\/www.fcbarcelonanoticias.com\\\/en\\\/real-madrid\\\/ten-reasons-by-which-fracasa-rafa-benitez-in-the-real-madrid_38017_102.html\",\"name\":\"Ten reasons by which fracasa Rafa Ben\u00edtez in the Real Madrid\",\"isPartOf\":{\"@id\":\"https:\\\/\\\/www.fcbarcelonanoticias.com\\\/en\\\/#website\"},\"primaryImageOfPage\":{\"@id\":\"https:\\\/\\\/www.fcbarcelonanoticias.com\\\/en\\\/real-madrid\\\/ten-reasons-by-which-fracasa-rafa-benitez-in-the-real-madrid_38017_102.html#primaryimage\"},\"image\":{\"@id\":\"https:\\\/\\\/www.fcbarcelonanoticias.com\\\/en\\\/real-madrid\\\/ten-reasons-by-which-fracasa-rafa-benitez-in-the-real-madrid_38017_102.html#primaryimage\"},\"thumbnailUrl\":\"https:\\\/\\\/www.fcbarcelonanoticias.com\\\/en\\\/wp-content\\\/uploads\\\/sites\\\/2\\\/2015\\\/11\\\/rafa-benitez-se-25c3-25b1alado-mal-juego-madrid-38029.jpeg\",\"datePublished\":\"2015-11-15T21:31:00+00:00\",\"author\":{\"@id\":\"https:\\\/\\\/www.fcbarcelonanoticias.com\\\/en\\\/#\\\/schema\\\/person\\\/ed5bb7a7aee68f98a042a7ff1a74c6dd\"},\"description\":\"FCBarcelonaNoticias.com\",\"breadcrumb\":{\"@id\":\"https:\\\/\\\/www.fcbarcelonanoticias.com\\\/en\\\/real-madrid\\\/ten-reasons-by-which-fracasa-rafa-benitez-in-the-real-madrid_38017_102.html#breadcrumb\"},\"inLanguage\":\"en-US\",\"potentialAction\":[{\"@type\":\"ReadAction\",\"target\":[\"https:\\\/\\\/www.fcbarcelonanoticias.com\\\/en\\\/real-madrid\\\/ten-reasons-by-which-fracasa-rafa-benitez-in-the-real-madrid_38017_102.html\"]}]},{\"@type\":\"ImageObject\",\"inLanguage\":\"en-US\",\"@id\":\"https:\\\/\\\/www.fcbarcelonanoticias.com\\\/en\\\/real-madrid\\\/ten-reasons-by-which-fracasa-rafa-benitez-in-the-real-madrid_38017_102.html#primaryimage\",\"url\":\"https:\\\/\\\/www.fcbarcelonanoticias.com\\\/en\\\/wp-content\\\/uploads\\\/sites\\\/2\\\/2015\\\/11\\\/rafa-benitez-se-25c3-25b1alado-mal-juego-madrid-38029.jpeg\",\"contentUrl\":\"https:\\\/\\\/www.fcbarcelonanoticias.com\\\/en\\\/wp-content\\\/uploads\\\/sites\\\/2\\\/2015\\\/11\\\/rafa-benitez-se-25c3-25b1alado-mal-juego-madrid-38029.jpeg\",\"width\":610,\"height\":343},{\"@type\":\"BreadcrumbList\",\"@id\":\"https:\\\/\\\/www.fcbarcelonanoticias.com\\\/en\\\/real-madrid\\\/ten-reasons-by-which-fracasa-rafa-benitez-in-the-real-madrid_38017_102.html#breadcrumb\",\"itemListElement\":[{\"@type\":\"ListItem\",\"position\":1,\"name\":\"Portada\",\"item\":\"https:\\\/\\\/www.fcbarcelonanoticias.com\\\/en\\\/\"},{\"@type\":\"ListItem\",\"position\":2,\"name\":\"Ten reasons by which fracasa Rafa Ben\u00edtez in the Real Madrid\"}]},{\"@type\":\"WebSite\",\"@id\":\"https:\\\/\\\/www.fcbarcelonanoticias.com\\\/en\\\/#website\",\"url\":\"https:\\\/\\\/www.fcbarcelonanoticias.com\\\/en\\\/\",\"name\":\"EN - FC Barcelona Noticias\",\"description\":\"\",\"potentialAction\":[{\"@type\":\"SearchAction\",\"target\":{\"@type\":\"EntryPoint\",\"urlTemplate\":\"https:\\\/\\\/www.fcbarcelonanoticias.com\\\/en\\\/?s={search_term_string}\"},\"query-input\":{\"@type\":\"PropertyValueSpecification\",\"valueRequired\":true,\"valueName\":\"search_term_string\"}}],\"inLanguage\":\"en-US\"},{\"@type\":\"Person\",\"@id\":\"https:\\\/\\\/www.fcbarcelonanoticias.com\\\/en\\\/#\\\/schema\\\/person\\\/ed5bb7a7aee68f98a042a7ff1a74c6dd\",\"name\":\"user_4133\",\"image\":{\"@type\":\"ImageObject\",\"inLanguage\":\"en-US\",\"@id\":\"https:\\\/\\\/secure.gravatar.com\\\/avatar\\\/?s=96&d=mm&r=g\",\"url\":\"https:\\\/\\\/secure.gravatar.com\\\/avatar\\\/?s=96&d=mm&r=g\",\"contentUrl\":\"https:\\\/\\\/secure.gravatar.com\\\/avatar\\\/?s=96&d=mm&r=g\",\"caption\":\"user_4133\"},\"url\":\"https:\\\/\\\/www.fcbarcelonanoticias.com\\\/en\\\/user_4133.html\"}]}<\/script>\n<!-- \/ Yoast SEO plugin. -->","yoast_head_json":{"title":"Ten reasons by which fracasa Rafa Ben\u00edtez in the Real Madrid","description":"FCBarcelonaNoticias.com","robots":{"index":"index","follow":"follow","max-snippet":"max-snippet:-1","max-image-preview":"max-image-preview:large","max-video-preview":"max-video-preview:-1"},"canonical":"https:\/\/www.fcbarcelonanoticias.com\/en\/real-madrid\/ten-reasons-by-which-fracasa-rafa-benitez-in-the-real-madrid_38017_102.html","og_locale":"en_US","og_type":"article","og_title":"Ten reasons by which fracasa Rafa Ben\u00edtez in the Real Madrid","og_description":"FCBarcelonaNoticias.com","og_url":"https:\/\/www.fcbarcelonanoticias.com\/en\/real-madrid\/ten-reasons-by-which-fracasa-rafa-benitez-in-the-real-madrid_38017_102.html","og_site_name":"EN - FC Barcelona Noticias","article_published_time":"2015-11-15T21:31:00+00:00","og_image":[{"width":610,"height":343,"url":"https:\/\/www.fcbarcelonanoticias.com\/en\/wp-content\/uploads\/sites\/2\/2015\/11\/rafa-benitez-se-25c3-25b1alado-mal-juego-madrid-38029.jpeg","type":"image\/jpeg"}],"author":"user_4133","twitter_card":"summary_large_image","twitter_misc":{"Written by":"user_4133","Est. reading time":"4 minutes"},"schema":{"@context":"https:\/\/schema.org","@graph":[{"@type":"Article","@id":"https:\/\/www.fcbarcelonanoticias.com\/en\/real-madrid\/ten-reasons-by-which-fracasa-rafa-benitez-in-the-real-madrid_38017_102.html#article","isPartOf":{"@id":"https:\/\/www.fcbarcelonanoticias.com\/en\/real-madrid\/ten-reasons-by-which-fracasa-rafa-benitez-in-the-real-madrid_38017_102.html"},"author":{"name":"user_4133","@id":"https:\/\/www.fcbarcelonanoticias.com\/en\/#\/schema\/person\/ed5bb7a7aee68f98a042a7ff1a74c6dd"},"headline":"Ten reasons by which fracasa Rafa Ben\u00edtez in the Real Madrid","datePublished":"2015-11-15T21:31:00+00:00","mainEntityOfPage":{"@id":"https:\/\/www.fcbarcelonanoticias.com\/en\/real-madrid\/ten-reasons-by-which-fracasa-rafa-benitez-in-the-real-madrid_38017_102.html"},"wordCount":906,"image":{"@id":"https:\/\/www.fcbarcelonanoticias.com\/en\/real-madrid\/ten-reasons-by-which-fracasa-rafa-benitez-in-the-real-madrid_38017_102.html#primaryimage"},"thumbnailUrl":"https:\/\/www.fcbarcelonanoticias.com\/en\/wp-content\/uploads\/sites\/2\/2015\/11\/rafa-benitez-se-25c3-25b1alado-mal-juego-madrid-38029.jpeg","keywords":["Rafa Ben\u00edtez"],"articleSection":["Real Madrid","Real Madrid"],"inLanguage":"en-US"},{"@type":"WebPage","@id":"https:\/\/www.fcbarcelonanoticias.com\/en\/real-madrid\/ten-reasons-by-which-fracasa-rafa-benitez-in-the-real-madrid_38017_102.html","url":"https:\/\/www.fcbarcelonanoticias.com\/en\/real-madrid\/ten-reasons-by-which-fracasa-rafa-benitez-in-the-real-madrid_38017_102.html","name":"Ten reasons by which fracasa Rafa Ben\u00edtez in the Real Madrid","isPartOf":{"@id":"https:\/\/www.fcbarcelonanoticias.com\/en\/#website"},"primaryImageOfPage":{"@id":"https:\/\/www.fcbarcelonanoticias.com\/en\/real-madrid\/ten-reasons-by-which-fracasa-rafa-benitez-in-the-real-madrid_38017_102.html#primaryimage"},"image":{"@id":"https:\/\/www.fcbarcelonanoticias.com\/en\/real-madrid\/ten-reasons-by-which-fracasa-rafa-benitez-in-the-real-madrid_38017_102.html#primaryimage"},"thumbnailUrl":"https:\/\/www.fcbarcelonanoticias.com\/en\/wp-content\/uploads\/sites\/2\/2015\/11\/rafa-benitez-se-25c3-25b1alado-mal-juego-madrid-38029.jpeg","datePublished":"2015-11-15T21:31:00+00:00","author":{"@id":"https:\/\/www.fcbarcelonanoticias.com\/en\/#\/schema\/person\/ed5bb7a7aee68f98a042a7ff1a74c6dd"},"description":"FCBarcelonaNoticias.com","breadcrumb":{"@id":"https:\/\/www.fcbarcelonanoticias.com\/en\/real-madrid\/ten-reasons-by-which-fracasa-rafa-benitez-in-the-real-madrid_38017_102.html#breadcrumb"},"inLanguage":"en-US","potentialAction":[{"@type":"ReadAction","target":["https:\/\/www.fcbarcelonanoticias.com\/en\/real-madrid\/ten-reasons-by-which-fracasa-rafa-benitez-in-the-real-madrid_38017_102.html"]}]},{"@type":"ImageObject","inLanguage":"en-US","@id":"https:\/\/www.fcbarcelonanoticias.com\/en\/real-madrid\/ten-reasons-by-which-fracasa-rafa-benitez-in-the-real-madrid_38017_102.html#primaryimage","url":"https:\/\/www.fcbarcelonanoticias.com\/en\/wp-content\/uploads\/sites\/2\/2015\/11\/rafa-benitez-se-25c3-25b1alado-mal-juego-madrid-38029.jpeg","contentUrl":"https:\/\/www.fcbarcelonanoticias.com\/en\/wp-content\/uploads\/sites\/2\/2015\/11\/rafa-benitez-se-25c3-25b1alado-mal-juego-madrid-38029.jpeg","width":610,"height":343},{"@type":"BreadcrumbList","@id":"https:\/\/www.fcbarcelonanoticias.com\/en\/real-madrid\/ten-reasons-by-which-fracasa-rafa-benitez-in-the-real-madrid_38017_102.html#breadcrumb","itemListElement":[{"@type":"ListItem","position":1,"name":"Portada","item":"https:\/\/www.fcbarcelonanoticias.com\/en\/"},{"@type":"ListItem","position":2,"name":"Ten reasons by which fracasa Rafa Ben\u00edtez in the Real Madrid"}]},{"@type":"WebSite","@id":"https:\/\/www.fcbarcelonanoticias.com\/en\/#website","url":"https:\/\/www.fcbarcelonanoticias.com\/en\/","name":"EN - FC Barcelona Noticias","description":"","potentialAction":[{"@type":"SearchAction","target":{"@type":"EntryPoint","urlTemplate":"https:\/\/www.fcbarcelonanoticias.com\/en\/?s={search_term_string}"},"query-input":{"@type":"PropertyValueSpecification","valueRequired":true,"valueName":"search_term_string"}}],"inLanguage":"en-US"},{"@type":"Person","@id":"https:\/\/www.fcbarcelonanoticias.com\/en\/#\/schema\/person\/ed5bb7a7aee68f98a042a7ff1a74c6dd","name":"user_4133","image":{"@type":"ImageObject","inLanguage":"en-US","@id":"https:\/\/secure.gravatar.com\/avatar\/?s=96&d=mm&r=g","url":"https:\/\/secure.gravatar.com\/avatar\/?s=96&d=mm&r=g","contentUrl":"https:\/\/secure.gravatar.com\/avatar\/?s=96&d=mm&r=g","caption":"user_4133"},"url":"https:\/\/www.fcbarcelonanoticias.com\/en\/user_4133.html"}]}},"_links":{"self":[{"href":"https:\/\/www.fcbarcelonanoticias.com\/en\/wp-json\/wp\/v2\/posts\/85691","targetHints":{"allow":["GET"]}}],"collection":[{"href":"https:\/\/www.fcbarcelonanoticias.com\/en\/wp-json\/wp\/v2\/posts"}],"about":[{"href":"https:\/\/www.fcbarcelonanoticias.com\/en\/wp-json\/wp\/v2\/types\/post"}],"author":[{"embeddable":true,"href":"https:\/\/www.fcbarcelonanoticias.com\/en\/wp-json\/wp\/v2\/users\/477"}],"replies":[{"embeddable":true,"href":"https:\/\/www.fcbarcelonanoticias.com\/en\/wp-json\/wp\/v2\/comments?post=85691"}],"version-history":[{"count":3,"href":"https:\/\/www.fcbarcelonanoticias.com\/en\/wp-json\/wp\/v2\/posts\/85691\/revisions"}],"predecessor-version":[{"id":85694,"href":"https:\/\/www.fcbarcelonanoticias.com\/en\/wp-json\/wp\/v2\/posts\/85691\/revisions\/85694"}],"wp:featuredmedia":[{"embeddable":true,"href":"https:\/\/www.fcbarcelonanoticias.com\/en\/wp-json\/wp\/v2\/media\/85695"}],"wp:attachment":[{"href":"https:\/\/www.fcbarcelonanoticias.com\/en\/wp-json\/wp\/v2\/media?parent=85691"}],"wp:term":[{"taxonomy":"category","embeddable":true,"href":"https:\/\/www.fcbarcelonanoticias.com\/en\/wp-json\/wp\/v2\/categories?post=85691"},{"taxonomy":"post_tag","embeddable":true,"href":"https:\/\/www.fcbarcelonanoticias.com\/en\/wp-json\/wp\/v2\/tags?post=85691"}],"curies":[{"name":"wp","href":"https:\/\/api.w.org\/{rel}","templated":true}]}}