{"id":86196,"date":"2022-04-26T20:45:00","date_gmt":"2022-04-26T18:45:00","guid":{"rendered":"https:\/\/weisetech.dev\/fc-barcelona-noticias\/en\/after-araujo-barcelona-points-gavi-dembele_279761_102\/"},"modified":"2022-04-26T20:45:00","modified_gmt":"2022-04-26T18:45:00","slug":"after-araujo-barcelona-points-gavi-dembele_279761_102","status":"publish","type":"post","link":"https:\/\/www.fcbarcelonanoticias.com\/en\/transfers\/after-araujo-barcelona-points-gavi-dembele_279761_102.html","title":{"rendered":"After Ara\u00fajo, Bar\u00e7a points to Gavi and Demb\u00e9l\u00e9"},"content":{"rendered":"<h2 class=\"wp-block-heading\">FC Barcelona expects to resolve the situation of the pending contracts in the following weeks. The cul\u00e9s closed the contract extensions of Ara\u00fajo and Sergi Roberto, and now they will go for those of Gavi and Demb\u00e9l\u00e9<\/h2>  \r\n<div class=\"article-addons\">\r\n    <a href=\"https:\/\/www.fcbarcelonanoticias.com\/en\/calendar-fc-barcelona.html\"\r\n       target=\"_self\"\r\n       title=\"Calendar of FC Barcelona\"\r\n       class=\"blue-gredient-btn\">\r\n       \r\n        Calendar of FC Barcelona    <\/a>\r\n<\/div>   <p>From the offices of the <a data-external=\"0\" data-intl-links-en=\"https:\/\/www.fcbarcelonanoticias.com\/en\/fc-barcelona\" data-intl-links-es=\"https:\/\/www.fcbarcelonanoticias.com\/fc-barcelona\" href=\"https:\/\/www.fcbarcelonanoticias.com\/en\/football-soccer\/fc-barcelona.html\" rel=\"follow\" target=\"_self\" title=\"FC Barcelona\">FC Barcelona<\/a> do not leave to work in the pending subjects of the club regarding renewals refers . The Barcelona group expect close the extensions the agreements that are for expiring of the players that Xavi and the entity consider necessary for the club. Of this way, the Catalans have announced during the afternoon of the Monday <a data-external=\"0\" data-intl-links-en=\"https:\/\/www.fcbarcelonanoticias.com\/en\/transfers\/ronald-araujo-renovation-fundamental-future-barcelona_279760_102.html\" data-intl-links-es=\"https:\/\/www.fcbarcelonanoticias.com\/fichajes\/ronald-araujo-renovacion-fundamental-futuro-barcelona_279760_102.html\" href=\"https:\/\/www.fcbarcelonanoticias.com\/en\/transfers\/ronald-araujo-renovation-fundamental-future-barcelona_279760_102.html\" rel=\"follow\" target=\"_self\" title=\"Ronald Ara\u00fajo, una renovaci\u00f3n fundamental para el futuro del Bar\u00e7a\">the renewal of Ronald Ara\u00fajo<\/a>, that will be still in Can Bar\u00e7a until 2026, <strong>and after this, will be still in his work to concretise the other operations<\/strong>.<\/p>  <p>In the case of <strong>Sergi Roberto, the informations ensure that the footballer would have accepted the last offer presented by the Bar\u00e7a<\/strong>. The player would be near to confirm his continuity in the City Condal after doing a big sacrifice and recess considerably his wage. The wish of the veteran cul\u00e9 was to be still in the rows of the barcelonistas, to which belongs from the 2005, and everything aims to will achieve them. Xavi played an essential paper in the negotiations, since the egarense wanted to follow having the one who went his mate in his stage like player.<\/p>  <p>Likewise, <strong>the Barcelona institution expects to concretise, with the greater prontitud possible, the extension of the agreement of Gavi<\/strong>. The youngster &#8216;perla&#8217; of the Farm, that still has index card of juvenile, wants to follow playing in the Camp Nou, but the negotiations for his renewal are &#8216;aground&#8217; from does a time backwards. However, the Catalans are not by the work to lose to one of his bigger promises and expect to do him arrive a new offer to the midfield player and his surroundings during the next week to approach postures.<\/p>  <h3>The &#8216;operation Demb\u00e9l\u00e9&#8217;, a bit more complex<\/h3>  <p>The case of the French extreme aims to be a bit more difficult for the entity blaugrana. The negotiations between the club and the ex of the Dortmund &#8216;broke&#8217; in December, and from the City Condal tried to look for a traspaso by the footballer. However, and in front of the refusal of the &#8216;mosquito&#8217; for going out, to Xavi Hern\u00e1ndez did not remain him of another that follow having the forward, and go that it has gone out him well the bet. The &#8216;7&#8217; cul\u00e9 is one of the most stood out players of the staff, winning the titularity and being fundamental in the series of 15 parties without losing of the cul\u00e9s.<\/p>  <p>Now, the attacker has done him know to his surroundings and to the changing room his wish to continue in Can Bar\u00e7a, <strong>but the postures between the institution and Demb\u00e9l\u00e9 follow being moved away because of the big economic requirements of the French<\/strong>. Nevertheless, the barcelonistas no &#8216;will throw the towel&#8217; easily, sabedores that they will not achieve to a player that offer the same provision that Ousmane by a low price. Thus, and after having gathered with his representative does some weeks, the Catalans could go back to find with Moussa Sissoko during the following week to follow arguing the continuity of the forward.<\/p> ","protected":false},"excerpt":{"rendered":"<p>FC Barcelona expects to resolve the situation of the pending contracts in the following weeks. The cul\u00e9s closed the contract extensions of Ara\u00fajo and Sergi Roberto, and now they will go for those of Gavi and Demb\u00e9l\u00e9 From the offices of the FC Barcelona do not leave to work in the pending subjects of the [&hellip;]<\/p>\n","protected":false},"author":358,"featured_media":86202,"comment_status":"closed","ping_status":"open","sticky":false,"template":"","format":"standard","meta":{"_acf_changed":false,"inline_featured_image":false,"_nextfly_llmd_date_locked":false,"footnotes":""},"categories":[106,449],"tags":[146,240],"class_list":["post-86196","post","type-post","status-publish","format-standard","has-post-thumbnail","hentry","category-transfers","category-transfers-2","tag-dembele","tag-sergi-roberto"],"acf":[],"yoast_head":"<!-- This site is optimized with the Yoast SEO plugin v27.3 - https:\/\/yoast.com\/product\/yoast-seo-wordpress\/ -->\n<title>After Ara\u00fajo, the Bar\u00e7a aims to Gavi and Demb\u00e9l\u00e9<\/title>\n<meta name=\"description\" content=\"The FC Barcelona expects to resolve the situation of the pending agreements in the following weeks. The cul\u00e9s closed the extensions of agreement of Ara\u00fajo...\" \/>\n<meta name=\"robots\" content=\"index, follow, max-snippet:-1, max-image-preview:large, max-video-preview:-1\" \/>\n<link rel=\"canonical\" href=\"https:\/\/www.fcbarcelonanoticias.com\/en\/transfers\/after-araujo-barcelona-points-gavi-dembele_279761_102.html\" \/>\n<meta property=\"og:locale\" content=\"en_US\" \/>\n<meta property=\"og:type\" content=\"article\" \/>\n<meta property=\"og:title\" content=\"After Ara\u00fajo, the Bar\u00e7a aims to Gavi and Demb\u00e9l\u00e9\" \/>\n<meta property=\"og:description\" content=\"The FC Barcelona expects to resolve the situation of the pending agreements in the following weeks. The cul\u00e9s closed the extensions of agreement of Ara\u00fajo...\" \/>\n<meta property=\"og:url\" content=\"https:\/\/www.fcbarcelonanoticias.com\/en\/transfers\/after-araujo-barcelona-points-gavi-dembele_279761_102.html\" \/>\n<meta property=\"og:site_name\" content=\"EN - FC Barcelona Noticias\" \/>\n<meta property=\"article:published_time\" content=\"2022-04-26T18:45:00+00:00\" \/>\n<meta property=\"og:image\" content=\"https:\/\/www.fcbarcelonanoticias.com\/en\/wp-content\/uploads\/sites\/2\/2022\/04\/ousmane-dembele-ante-el-rayo-1.jpeg\" \/>\n\t<meta property=\"og:image:width\" content=\"1300\" \/>\n\t<meta property=\"og:image:height\" content=\"731\" \/>\n\t<meta property=\"og:image:type\" content=\"image\/jpeg\" \/>\n<meta name=\"author\" content=\"Juan Pablo Berdugo\" \/>\n<meta name=\"twitter:card\" content=\"summary_large_image\" \/>\n<meta name=\"twitter:label1\" content=\"Written by\" \/>\n\t<meta name=\"twitter:data1\" content=\"Juan Pablo Berdugo\" \/>\n\t<meta name=\"twitter:label2\" content=\"Est. reading time\" \/>\n\t<meta name=\"twitter:data2\" content=\"3 minutes\" \/>\n<script type=\"application\/ld+json\" class=\"yoast-schema-graph\">{\"@context\":\"https:\\\/\\\/schema.org\",\"@graph\":[{\"@type\":\"Article\",\"@id\":\"https:\\\/\\\/www.fcbarcelonanoticias.com\\\/en\\\/transfers\\\/after-araujo-barcelona-points-gavi-dembele_279761_102.html#article\",\"isPartOf\":{\"@id\":\"https:\\\/\\\/www.fcbarcelonanoticias.com\\\/en\\\/transfers\\\/after-araujo-barcelona-points-gavi-dembele_279761_102.html\"},\"author\":{\"name\":\"Juan Pablo Berdugo\",\"@id\":\"https:\\\/\\\/www.fcbarcelonanoticias.com\\\/en\\\/#\\\/schema\\\/person\\\/88d756918a0a1ae9fa593b5edddd1815\"},\"headline\":\"After Ara\u00fajo, Bar\u00e7a points to Gavi and Demb\u00e9l\u00e9\",\"datePublished\":\"2022-04-26T18:45:00+00:00\",\"mainEntityOfPage\":{\"@id\":\"https:\\\/\\\/www.fcbarcelonanoticias.com\\\/en\\\/transfers\\\/after-araujo-barcelona-points-gavi-dembele_279761_102.html\"},\"wordCount\":562,\"image\":{\"@id\":\"https:\\\/\\\/www.fcbarcelonanoticias.com\\\/en\\\/transfers\\\/after-araujo-barcelona-points-gavi-dembele_279761_102.html#primaryimage\"},\"thumbnailUrl\":\"https:\\\/\\\/www.fcbarcelonanoticias.com\\\/en\\\/wp-content\\\/uploads\\\/sites\\\/2\\\/2022\\\/04\\\/ousmane-dembele-ante-el-rayo-1.jpeg\",\"keywords\":[\"Demb\u00e9l\u00e9\",\"Sergi Roberto\"],\"articleSection\":[\"Transfers\",\"Transfers\"],\"inLanguage\":\"en-US\"},{\"@type\":\"WebPage\",\"@id\":\"https:\\\/\\\/www.fcbarcelonanoticias.com\\\/en\\\/transfers\\\/after-araujo-barcelona-points-gavi-dembele_279761_102.html\",\"url\":\"https:\\\/\\\/www.fcbarcelonanoticias.com\\\/en\\\/transfers\\\/after-araujo-barcelona-points-gavi-dembele_279761_102.html\",\"name\":\"After Ara\u00fajo, the Bar\u00e7a aims to Gavi and Demb\u00e9l\u00e9\",\"isPartOf\":{\"@id\":\"https:\\\/\\\/www.fcbarcelonanoticias.com\\\/en\\\/#website\"},\"primaryImageOfPage\":{\"@id\":\"https:\\\/\\\/www.fcbarcelonanoticias.com\\\/en\\\/transfers\\\/after-araujo-barcelona-points-gavi-dembele_279761_102.html#primaryimage\"},\"image\":{\"@id\":\"https:\\\/\\\/www.fcbarcelonanoticias.com\\\/en\\\/transfers\\\/after-araujo-barcelona-points-gavi-dembele_279761_102.html#primaryimage\"},\"thumbnailUrl\":\"https:\\\/\\\/www.fcbarcelonanoticias.com\\\/en\\\/wp-content\\\/uploads\\\/sites\\\/2\\\/2022\\\/04\\\/ousmane-dembele-ante-el-rayo-1.jpeg\",\"datePublished\":\"2022-04-26T18:45:00+00:00\",\"author\":{\"@id\":\"https:\\\/\\\/www.fcbarcelonanoticias.com\\\/en\\\/#\\\/schema\\\/person\\\/88d756918a0a1ae9fa593b5edddd1815\"},\"description\":\"The FC Barcelona expects to resolve the situation of the pending agreements in the following weeks. The cul\u00e9s closed the extensions of agreement of Ara\u00fajo...\",\"breadcrumb\":{\"@id\":\"https:\\\/\\\/www.fcbarcelonanoticias.com\\\/en\\\/transfers\\\/after-araujo-barcelona-points-gavi-dembele_279761_102.html#breadcrumb\"},\"inLanguage\":\"en-US\",\"potentialAction\":[{\"@type\":\"ReadAction\",\"target\":[\"https:\\\/\\\/www.fcbarcelonanoticias.com\\\/en\\\/transfers\\\/after-araujo-barcelona-points-gavi-dembele_279761_102.html\"]}]},{\"@type\":\"ImageObject\",\"inLanguage\":\"en-US\",\"@id\":\"https:\\\/\\\/www.fcbarcelonanoticias.com\\\/en\\\/transfers\\\/after-araujo-barcelona-points-gavi-dembele_279761_102.html#primaryimage\",\"url\":\"https:\\\/\\\/www.fcbarcelonanoticias.com\\\/en\\\/wp-content\\\/uploads\\\/sites\\\/2\\\/2022\\\/04\\\/ousmane-dembele-ante-el-rayo-1.jpeg\",\"contentUrl\":\"https:\\\/\\\/www.fcbarcelonanoticias.com\\\/en\\\/wp-content\\\/uploads\\\/sites\\\/2\\\/2022\\\/04\\\/ousmane-dembele-ante-el-rayo-1.jpeg\",\"width\":1300,\"height\":731},{\"@type\":\"BreadcrumbList\",\"@id\":\"https:\\\/\\\/www.fcbarcelonanoticias.com\\\/en\\\/transfers\\\/after-araujo-barcelona-points-gavi-dembele_279761_102.html#breadcrumb\",\"itemListElement\":[{\"@type\":\"ListItem\",\"position\":1,\"name\":\"Portada\",\"item\":\"https:\\\/\\\/www.fcbarcelonanoticias.com\\\/en\\\/\"},{\"@type\":\"ListItem\",\"position\":2,\"name\":\"After Ara\u00fajo, Bar\u00e7a points to Gavi and Demb\u00e9l\u00e9\"}]},{\"@type\":\"WebSite\",\"@id\":\"https:\\\/\\\/www.fcbarcelonanoticias.com\\\/en\\\/#website\",\"url\":\"https:\\\/\\\/www.fcbarcelonanoticias.com\\\/en\\\/\",\"name\":\"EN - FC Barcelona Noticias\",\"description\":\"\",\"potentialAction\":[{\"@type\":\"SearchAction\",\"target\":{\"@type\":\"EntryPoint\",\"urlTemplate\":\"https:\\\/\\\/www.fcbarcelonanoticias.com\\\/en\\\/?s={search_term_string}\"},\"query-input\":{\"@type\":\"PropertyValueSpecification\",\"valueRequired\":true,\"valueName\":\"search_term_string\"}}],\"inLanguage\":\"en-US\"},{\"@type\":\"Person\",\"@id\":\"https:\\\/\\\/www.fcbarcelonanoticias.com\\\/en\\\/#\\\/schema\\\/person\\\/88d756918a0a1ae9fa593b5edddd1815\",\"name\":\"Juan Pablo Berdugo\",\"image\":{\"@type\":\"ImageObject\",\"inLanguage\":\"en-US\",\"@id\":\"https:\\\/\\\/secure.gravatar.com\\\/avatar\\\/?s=96&d=mm&r=g\",\"url\":\"https:\\\/\\\/secure.gravatar.com\\\/avatar\\\/?s=96&d=mm&r=g\",\"contentUrl\":\"https:\\\/\\\/secure.gravatar.com\\\/avatar\\\/?s=96&d=mm&r=g\",\"caption\":\"Juan Pablo Berdugo\"},\"description\":\"Juan Pablo Berdugo es graduado en Periodismo. Colabora con FCBN como especialista en informaci\u00f3n del primer equipo del FC Barcelona, f\u00fatbol internacional y mercado de fichajes. Destaca por su enfoque anal\u00edtico, su rigor informativo y su capacidad para detectar tendencias emergentes en el f\u00fatbol global.\",\"url\":\"https:\\\/\\\/www.fcbarcelonanoticias.com\\\/en\\\/fc-barcelona\\\/juan-pablo-berdugo_18_115.html\"}]}<\/script>\n<!-- \/ Yoast SEO plugin. -->","yoast_head_json":{"title":"After Ara\u00fajo, the Bar\u00e7a aims to Gavi and Demb\u00e9l\u00e9","description":"The FC Barcelona expects to resolve the situation of the pending agreements in the following weeks. The cul\u00e9s closed the extensions of agreement of Ara\u00fajo...","robots":{"index":"index","follow":"follow","max-snippet":"max-snippet:-1","max-image-preview":"max-image-preview:large","max-video-preview":"max-video-preview:-1"},"canonical":"https:\/\/www.fcbarcelonanoticias.com\/en\/transfers\/after-araujo-barcelona-points-gavi-dembele_279761_102.html","og_locale":"en_US","og_type":"article","og_title":"After Ara\u00fajo, the Bar\u00e7a aims to Gavi and Demb\u00e9l\u00e9","og_description":"The FC Barcelona expects to resolve the situation of the pending agreements in the following weeks. The cul\u00e9s closed the extensions of agreement of Ara\u00fajo...","og_url":"https:\/\/www.fcbarcelonanoticias.com\/en\/transfers\/after-araujo-barcelona-points-gavi-dembele_279761_102.html","og_site_name":"EN - FC Barcelona Noticias","article_published_time":"2022-04-26T18:45:00+00:00","og_image":[{"width":1300,"height":731,"url":"https:\/\/www.fcbarcelonanoticias.com\/en\/wp-content\/uploads\/sites\/2\/2022\/04\/ousmane-dembele-ante-el-rayo-1.jpeg","type":"image\/jpeg"}],"author":"Juan Pablo Berdugo","twitter_card":"summary_large_image","twitter_misc":{"Written by":"Juan Pablo Berdugo","Est. reading time":"3 minutes"},"schema":{"@context":"https:\/\/schema.org","@graph":[{"@type":"Article","@id":"https:\/\/www.fcbarcelonanoticias.com\/en\/transfers\/after-araujo-barcelona-points-gavi-dembele_279761_102.html#article","isPartOf":{"@id":"https:\/\/www.fcbarcelonanoticias.com\/en\/transfers\/after-araujo-barcelona-points-gavi-dembele_279761_102.html"},"author":{"name":"Juan Pablo Berdugo","@id":"https:\/\/www.fcbarcelonanoticias.com\/en\/#\/schema\/person\/88d756918a0a1ae9fa593b5edddd1815"},"headline":"After Ara\u00fajo, Bar\u00e7a points to Gavi and Demb\u00e9l\u00e9","datePublished":"2022-04-26T18:45:00+00:00","mainEntityOfPage":{"@id":"https:\/\/www.fcbarcelonanoticias.com\/en\/transfers\/after-araujo-barcelona-points-gavi-dembele_279761_102.html"},"wordCount":562,"image":{"@id":"https:\/\/www.fcbarcelonanoticias.com\/en\/transfers\/after-araujo-barcelona-points-gavi-dembele_279761_102.html#primaryimage"},"thumbnailUrl":"https:\/\/www.fcbarcelonanoticias.com\/en\/wp-content\/uploads\/sites\/2\/2022\/04\/ousmane-dembele-ante-el-rayo-1.jpeg","keywords":["Demb\u00e9l\u00e9","Sergi Roberto"],"articleSection":["Transfers","Transfers"],"inLanguage":"en-US"},{"@type":"WebPage","@id":"https:\/\/www.fcbarcelonanoticias.com\/en\/transfers\/after-araujo-barcelona-points-gavi-dembele_279761_102.html","url":"https:\/\/www.fcbarcelonanoticias.com\/en\/transfers\/after-araujo-barcelona-points-gavi-dembele_279761_102.html","name":"After Ara\u00fajo, the Bar\u00e7a aims to Gavi and Demb\u00e9l\u00e9","isPartOf":{"@id":"https:\/\/www.fcbarcelonanoticias.com\/en\/#website"},"primaryImageOfPage":{"@id":"https:\/\/www.fcbarcelonanoticias.com\/en\/transfers\/after-araujo-barcelona-points-gavi-dembele_279761_102.html#primaryimage"},"image":{"@id":"https:\/\/www.fcbarcelonanoticias.com\/en\/transfers\/after-araujo-barcelona-points-gavi-dembele_279761_102.html#primaryimage"},"thumbnailUrl":"https:\/\/www.fcbarcelonanoticias.com\/en\/wp-content\/uploads\/sites\/2\/2022\/04\/ousmane-dembele-ante-el-rayo-1.jpeg","datePublished":"2022-04-26T18:45:00+00:00","author":{"@id":"https:\/\/www.fcbarcelonanoticias.com\/en\/#\/schema\/person\/88d756918a0a1ae9fa593b5edddd1815"},"description":"The FC Barcelona expects to resolve the situation of the pending agreements in the following weeks. The cul\u00e9s closed the extensions of agreement of Ara\u00fajo...","breadcrumb":{"@id":"https:\/\/www.fcbarcelonanoticias.com\/en\/transfers\/after-araujo-barcelona-points-gavi-dembele_279761_102.html#breadcrumb"},"inLanguage":"en-US","potentialAction":[{"@type":"ReadAction","target":["https:\/\/www.fcbarcelonanoticias.com\/en\/transfers\/after-araujo-barcelona-points-gavi-dembele_279761_102.html"]}]},{"@type":"ImageObject","inLanguage":"en-US","@id":"https:\/\/www.fcbarcelonanoticias.com\/en\/transfers\/after-araujo-barcelona-points-gavi-dembele_279761_102.html#primaryimage","url":"https:\/\/www.fcbarcelonanoticias.com\/en\/wp-content\/uploads\/sites\/2\/2022\/04\/ousmane-dembele-ante-el-rayo-1.jpeg","contentUrl":"https:\/\/www.fcbarcelonanoticias.com\/en\/wp-content\/uploads\/sites\/2\/2022\/04\/ousmane-dembele-ante-el-rayo-1.jpeg","width":1300,"height":731},{"@type":"BreadcrumbList","@id":"https:\/\/www.fcbarcelonanoticias.com\/en\/transfers\/after-araujo-barcelona-points-gavi-dembele_279761_102.html#breadcrumb","itemListElement":[{"@type":"ListItem","position":1,"name":"Portada","item":"https:\/\/www.fcbarcelonanoticias.com\/en\/"},{"@type":"ListItem","position":2,"name":"After Ara\u00fajo, Bar\u00e7a points to Gavi and Demb\u00e9l\u00e9"}]},{"@type":"WebSite","@id":"https:\/\/www.fcbarcelonanoticias.com\/en\/#website","url":"https:\/\/www.fcbarcelonanoticias.com\/en\/","name":"EN - FC Barcelona Noticias","description":"","potentialAction":[{"@type":"SearchAction","target":{"@type":"EntryPoint","urlTemplate":"https:\/\/www.fcbarcelonanoticias.com\/en\/?s={search_term_string}"},"query-input":{"@type":"PropertyValueSpecification","valueRequired":true,"valueName":"search_term_string"}}],"inLanguage":"en-US"},{"@type":"Person","@id":"https:\/\/www.fcbarcelonanoticias.com\/en\/#\/schema\/person\/88d756918a0a1ae9fa593b5edddd1815","name":"Juan Pablo Berdugo","image":{"@type":"ImageObject","inLanguage":"en-US","@id":"https:\/\/secure.gravatar.com\/avatar\/?s=96&d=mm&r=g","url":"https:\/\/secure.gravatar.com\/avatar\/?s=96&d=mm&r=g","contentUrl":"https:\/\/secure.gravatar.com\/avatar\/?s=96&d=mm&r=g","caption":"Juan Pablo Berdugo"},"description":"Juan Pablo Berdugo es graduado en Periodismo. Colabora con FCBN como especialista en informaci\u00f3n del primer equipo del FC Barcelona, f\u00fatbol internacional y mercado de fichajes. Destaca por su enfoque anal\u00edtico, su rigor informativo y su capacidad para detectar tendencias emergentes en el f\u00fatbol global.","url":"https:\/\/www.fcbarcelonanoticias.com\/en\/fc-barcelona\/juan-pablo-berdugo_18_115.html"}]}},"_links":{"self":[{"href":"https:\/\/www.fcbarcelonanoticias.com\/en\/wp-json\/wp\/v2\/posts\/86196","targetHints":{"allow":["GET"]}}],"collection":[{"href":"https:\/\/www.fcbarcelonanoticias.com\/en\/wp-json\/wp\/v2\/posts"}],"about":[{"href":"https:\/\/www.fcbarcelonanoticias.com\/en\/wp-json\/wp\/v2\/types\/post"}],"author":[{"embeddable":true,"href":"https:\/\/www.fcbarcelonanoticias.com\/en\/wp-json\/wp\/v2\/users\/358"}],"replies":[{"embeddable":true,"href":"https:\/\/www.fcbarcelonanoticias.com\/en\/wp-json\/wp\/v2\/comments?post=86196"}],"version-history":[{"count":1,"href":"https:\/\/www.fcbarcelonanoticias.com\/en\/wp-json\/wp\/v2\/posts\/86196\/revisions"}],"predecessor-version":[{"id":86199,"href":"https:\/\/www.fcbarcelonanoticias.com\/en\/wp-json\/wp\/v2\/posts\/86196\/revisions\/86199"}],"wp:featuredmedia":[{"embeddable":true,"href":"https:\/\/www.fcbarcelonanoticias.com\/en\/wp-json\/wp\/v2\/media\/86202"}],"wp:attachment":[{"href":"https:\/\/www.fcbarcelonanoticias.com\/en\/wp-json\/wp\/v2\/media?parent=86196"}],"wp:term":[{"taxonomy":"category","embeddable":true,"href":"https:\/\/www.fcbarcelonanoticias.com\/en\/wp-json\/wp\/v2\/categories?post=86196"},{"taxonomy":"post_tag","embeddable":true,"href":"https:\/\/www.fcbarcelonanoticias.com\/en\/wp-json\/wp\/v2\/tags?post=86196"}],"curies":[{"name":"wp","href":"https:\/\/api.w.org\/{rel}","templated":true}]}}