{"id":86367,"date":"2015-10-15T11:05:00","date_gmt":"2015-10-15T09:05:00","guid":{"rendered":"https:\/\/weisetech.dev\/fc-barcelona-noticias\/en\/when-they-ask-me-if-christian-is-the-best-will-say-yes-and-yes_39058_102\/"},"modified":"2015-10-15T11:05:00","modified_gmt":"2015-10-15T09:05:00","slug":"when-they-ask-me-if-christian-is-the-best-will-say-yes-and-yes_39058_102","status":"publish","type":"post","link":"https:\/\/www.fcbarcelonanoticias.com\/en\/real-madrid\/when-they-ask-me-if-christian-is-the-best-will-say-yes-and-yes_39058_102.html","title":{"rendered":"&#8220;When they ask me if Christian is the best, will say yes and yes&#8221;"},"content":{"rendered":"\r\n<div class=\"article-addons\">\r\n    <a href=\"https:\/\/www.fcbarcelonanoticias.com\/en\/calendar-fc-barcelona.html\"\r\n       target=\"_self\"\r\n       title=\"Calendar of FC Barcelona\"\r\n       class=\"blue-gredient-btn\">\r\n       \r\n        Calendar of FC Barcelona    <\/a>\r\n<\/div>   <div class=\"separator\" style=\"clear: both; text-align: center;\"><a href=\"https:\/\/4.bp.blogspot.com\/en\/-T1diWh-HSYw\/Vh_RFzKKgII\/AAAAAAAC79Q\/BXgmBkKQBZ0\/s1600\/rafa-benitez.jpg\" imageanchor=\"1\" style=\"margin-left: 1em; margin-right: 1em;\"><\/a><\/div> <br><b>The trainer of the Real Madrid, Rafa Ben\u00edtez, has conceded an interview in which it has spoken on multiple subjects of the white actuality like the plague of lesionados, the relation go in Bleat and Cristiano Ronaldo, the titles, the style of game and some proper names<\/b><br><br><span style=\"font-size: large;\"><b><span style=\"color: #990000;\">Ticket<\/span><\/b> &#8211; <b><u><a href=\"http:\/\/www.viagogo.es\/en\/Entradas-Deportes\/Futbol\/La-Liga-Primera-Division\/FC-Barcelona-Entradas\/E-1073697?AffiliateID=1558&amp;PCID=AFFESIAFF1558A548FCBFC6-05\" rel=\"nofollow\" target=\"_blank\">Gone in FC Barcelona vs Villarreal &#8211; League J11<\/a><\/u><\/b><\/span><br><span style=\"font-size: large;\"><b><span style=\"color: #990000;\">The Classical<\/span><\/b> &#8211; <b><u><a href=\"http:\/\/www.viagogo.es\/en\/Entradas-Deportes\/Futbol\/La-Liga-Primera-Division\/FC-Barcelona-Entradas\/E-1073691?AffiliateID=1558&amp;PCID=AFFESIAFF1558A548FCBFC6-05\" rel=\"nofollow\" target=\"_blank\">Gone in \/ Ticket FC Barcelona vs Real Madrid<\/a><\/u><\/b><\/span><br><span style=\"font-size: large;\"><b><span style=\"color: #990000;\">Ticket<\/span><\/b> &#8211; <b><u><a href=\"http:\/\/www.viagogo.es\/en\/Entradas-Deportes\/Futbol\/La-Liga-Primera-Division\/FC-Barcelona-Entradas?AffiliateID=1558&amp;PCID=AFFESIAFF1558A548FCBFC6-05\" rel=\"nofollow\" target=\"_blank\">Gone in for all the parties of the FC Barcelona<\/a><\/u><\/b><\/span><br><br>In an interview conceded to the radio program &#8216;To the First Touch&#8217; of Wave ZERO, <b>Rafa Ben\u00edtez <\/b>has answered to multiple controversial questions on the actuality of the Real Madrid and especially on the relation that is supported by some members of the white staff, as Cristiano Ronaldo, Jes\u00e9 Rodr\u00edguez and Sergio Bouquets. <b>&#8220;It surprises me the quantity of histories that invent <\/b>, have a very good changing room, surprised me the competitiveness that have between them, hammer  for winning all the partidillos. The relation between them is quite good, a very good environment between the players, relaxed and healthy&#8221;, has begun the Spanish technician.<br><br><b>&#8220;I do not have problems with any footballer of the staff, yesterday threw me a good while speaking with Cristiano<\/b>. Have a habit that is to happen me to greet them when they are treating  and ask him how are. I greet them one by one. I have had changing rooms more complicated that east. Sometimes they have said that I have litigated me with any. All the changing rooms have some that are more or less happy, that have bad day and any can be worse, but there has not been at all exceptional&#8221;.<br><br>Ben\u00edtez Has subtracted importance also to the &#8216;ultimatum&#8217; of the agent of Jes\u00e9. <b>&#8220;Today it kidded with Jes\u00e9<\/b>. In the Madrid there is more environment futbolero of what the people thinks, but can not control the surroundings. The trainers have to control a group of professionals but no what say the representatives. I speak with the footballers and when it can have a conflict, solves &#8220;. Now it says that Cristiano Ronaldo is the best of the world. &#8220;Hamsik Was the captain of the Naples, wanted to buy him and said that it did not have price. Always praise to my footballers, the Madrid is the best staff that have had, if you give me to choose there is not colour. <b>Already I have decided that when they ask me if Christian is the best player that have trained, will say that yes and yes&#8221;<\/b>.<br><br>With Sergio Bouquets neither has any problem. <b>&#8220;The one who more has litigated so that Bouquets remained  have been I<\/b>. Have problems zero between us, is the captain and a phenomenon and has to show it permanently, and today already has trained&#8221;. And already it wanted to fichar to Gareth Bleat when it trained to the Liverpool. &#8220;Already in 3 February of the 2006 were to see a Bolton- Southampton to see to Bleat. We yielded to a player to the Southampton, but did not want to us leave to Bleat. Afterwards we try to buy him, we could not. We know of it does time that is a big player&#8221;.<br><br>Ben\u00edtez Has affirmed also that keeps a big relation with Javier Mascherano. &#8220;Recently I spoke with him and the two know that we are rival but this no repercute in the respect and affection that have us. Being in the Liverpool, went me to speak with him and convinced him speaking him of football with the stones of a vase and a centre of table. By then he did not play neither in the reservation of the West Ham, something incredible. <b>I was about to ficharlo for the Naples and for the Inter&#8221;<\/b>.<br><br>And, finally, also it has subtracted importance to the injuries. <b>&#8220;Have a lot of injuries, but by circumstances very clear<\/b>. That the fans are calm, do a big work of prevention, but play twice by week to a lot of intensity, have a lot of international? They are not so many injuries like which say, to day of today have 9. It is not the same an injury that one overloads&#8221;.<br><br> ","protected":false},"excerpt":{"rendered":"<p>The trainer of the Real Madrid, Rafa Ben\u00edtez, has conceded an interview in which it has spoken on multiple subjects of the white actuality like the plague of lesionados, the relation go in Bleat and Cristiano Ronaldo, the titles, the style of game and some proper names Ticket &#8211; Gone in FC Barcelona vs Villarreal [&hellip;]<\/p>\n","protected":false},"author":468,"featured_media":86373,"comment_status":"closed","ping_status":"open","sticky":false,"template":"","format":"standard","meta":{"_acf_changed":false,"inline_featured_image":false,"_nextfly_llmd_date_locked":false,"footnotes":""},"categories":[450,119],"tags":[138,258],"class_list":["post-86367","post","type-post","status-publish","format-standard","has-post-thumbnail","hentry","category-real-madrid-2","category-real-madrid","tag-cristiano-ronaldo","tag-rafa-benitez"],"acf":[],"yoast_head":"<!-- This site is optimized with the Yoast SEO plugin v27.3 - https:\/\/yoast.com\/product\/yoast-seo-wordpress\/ -->\n<title>&quot;When they ask me if Christian is the best, will say yes and yes&quot;<\/title>\n<meta name=\"description\" content=\"FCBarcelonaNoticias.com\" \/>\n<meta name=\"robots\" content=\"index, follow, max-snippet:-1, max-image-preview:large, max-video-preview:-1\" \/>\n<link rel=\"canonical\" href=\"https:\/\/www.fcbarcelonanoticias.com\/en\/real-madrid\/when-they-ask-me-if-christian-is-the-best-will-say-yes-and-yes_39058_102.html\" \/>\n<meta property=\"og:locale\" content=\"en_US\" \/>\n<meta property=\"og:type\" content=\"article\" \/>\n<meta property=\"og:title\" content=\"&quot;When they ask me if Christian is the best, will say yes and yes&quot;\" \/>\n<meta property=\"og:description\" content=\"FCBarcelonaNoticias.com\" \/>\n<meta property=\"og:url\" content=\"https:\/\/www.fcbarcelonanoticias.com\/en\/real-madrid\/when-they-ask-me-if-christian-is-the-best-will-say-yes-and-yes_39058_102.html\" \/>\n<meta property=\"og:site_name\" content=\"EN - FC Barcelona Noticias\" \/>\n<meta property=\"article:published_time\" content=\"2015-10-15T09:05:00+00:00\" \/>\n<meta property=\"og:image\" content=\"https:\/\/www.fcbarcelonanoticias.com\/en\/wp-content\/uploads\/sites\/2\/2015\/10\/rafa-benitez-39070-1.jpeg\" \/>\n\t<meta property=\"og:image:width\" content=\"610\" \/>\n\t<meta property=\"og:image:height\" content=\"343\" \/>\n\t<meta property=\"og:image:type\" content=\"image\/jpeg\" \/>\n<meta name=\"author\" content=\"user_4124\" \/>\n<meta name=\"twitter:card\" content=\"summary_large_image\" \/>\n<meta name=\"twitter:label1\" content=\"Written by\" \/>\n\t<meta name=\"twitter:data1\" content=\"user_4124\" \/>\n\t<meta name=\"twitter:label2\" content=\"Est. reading time\" \/>\n\t<meta name=\"twitter:data2\" content=\"3 minutes\" \/>\n<script type=\"application\/ld+json\" class=\"yoast-schema-graph\">{\"@context\":\"https:\\\/\\\/schema.org\",\"@graph\":[{\"@type\":\"Article\",\"@id\":\"https:\\\/\\\/www.fcbarcelonanoticias.com\\\/en\\\/real-madrid\\\/when-they-ask-me-if-christian-is-the-best-will-say-yes-and-yes_39058_102.html#article\",\"isPartOf\":{\"@id\":\"https:\\\/\\\/www.fcbarcelonanoticias.com\\\/en\\\/real-madrid\\\/when-they-ask-me-if-christian-is-the-best-will-say-yes-and-yes_39058_102.html\"},\"author\":{\"name\":\"user_4124\",\"@id\":\"https:\\\/\\\/www.fcbarcelonanoticias.com\\\/en\\\/#\\\/schema\\\/person\\\/15ee2f54c96c350bfe0645e2cd9256a8\"},\"headline\":\"&#8220;When they ask me if Christian is the best, will say yes and yes&#8221;\",\"datePublished\":\"2015-10-15T09:05:00+00:00\",\"mainEntityOfPage\":{\"@id\":\"https:\\\/\\\/www.fcbarcelonanoticias.com\\\/en\\\/real-madrid\\\/when-they-ask-me-if-christian-is-the-best-will-say-yes-and-yes_39058_102.html\"},\"wordCount\":715,\"image\":{\"@id\":\"https:\\\/\\\/www.fcbarcelonanoticias.com\\\/en\\\/real-madrid\\\/when-they-ask-me-if-christian-is-the-best-will-say-yes-and-yes_39058_102.html#primaryimage\"},\"thumbnailUrl\":\"https:\\\/\\\/www.fcbarcelonanoticias.com\\\/en\\\/wp-content\\\/uploads\\\/sites\\\/2\\\/2015\\\/10\\\/rafa-benitez-39070-1.jpeg\",\"keywords\":[\"Cristiano Ronaldo\",\"Rafa Ben\u00edtez\"],\"articleSection\":[\"Real Madrid\",\"Real Madrid\"],\"inLanguage\":\"en-US\"},{\"@type\":\"WebPage\",\"@id\":\"https:\\\/\\\/www.fcbarcelonanoticias.com\\\/en\\\/real-madrid\\\/when-they-ask-me-if-christian-is-the-best-will-say-yes-and-yes_39058_102.html\",\"url\":\"https:\\\/\\\/www.fcbarcelonanoticias.com\\\/en\\\/real-madrid\\\/when-they-ask-me-if-christian-is-the-best-will-say-yes-and-yes_39058_102.html\",\"name\":\"\\\"When they ask me if Christian is the best, will say yes and yes\\\"\",\"isPartOf\":{\"@id\":\"https:\\\/\\\/www.fcbarcelonanoticias.com\\\/en\\\/#website\"},\"primaryImageOfPage\":{\"@id\":\"https:\\\/\\\/www.fcbarcelonanoticias.com\\\/en\\\/real-madrid\\\/when-they-ask-me-if-christian-is-the-best-will-say-yes-and-yes_39058_102.html#primaryimage\"},\"image\":{\"@id\":\"https:\\\/\\\/www.fcbarcelonanoticias.com\\\/en\\\/real-madrid\\\/when-they-ask-me-if-christian-is-the-best-will-say-yes-and-yes_39058_102.html#primaryimage\"},\"thumbnailUrl\":\"https:\\\/\\\/www.fcbarcelonanoticias.com\\\/en\\\/wp-content\\\/uploads\\\/sites\\\/2\\\/2015\\\/10\\\/rafa-benitez-39070-1.jpeg\",\"datePublished\":\"2015-10-15T09:05:00+00:00\",\"author\":{\"@id\":\"https:\\\/\\\/www.fcbarcelonanoticias.com\\\/en\\\/#\\\/schema\\\/person\\\/15ee2f54c96c350bfe0645e2cd9256a8\"},\"description\":\"FCBarcelonaNoticias.com\",\"breadcrumb\":{\"@id\":\"https:\\\/\\\/www.fcbarcelonanoticias.com\\\/en\\\/real-madrid\\\/when-they-ask-me-if-christian-is-the-best-will-say-yes-and-yes_39058_102.html#breadcrumb\"},\"inLanguage\":\"en-US\",\"potentialAction\":[{\"@type\":\"ReadAction\",\"target\":[\"https:\\\/\\\/www.fcbarcelonanoticias.com\\\/en\\\/real-madrid\\\/when-they-ask-me-if-christian-is-the-best-will-say-yes-and-yes_39058_102.html\"]}]},{\"@type\":\"ImageObject\",\"inLanguage\":\"en-US\",\"@id\":\"https:\\\/\\\/www.fcbarcelonanoticias.com\\\/en\\\/real-madrid\\\/when-they-ask-me-if-christian-is-the-best-will-say-yes-and-yes_39058_102.html#primaryimage\",\"url\":\"https:\\\/\\\/www.fcbarcelonanoticias.com\\\/en\\\/wp-content\\\/uploads\\\/sites\\\/2\\\/2015\\\/10\\\/rafa-benitez-39070-1.jpeg\",\"contentUrl\":\"https:\\\/\\\/www.fcbarcelonanoticias.com\\\/en\\\/wp-content\\\/uploads\\\/sites\\\/2\\\/2015\\\/10\\\/rafa-benitez-39070-1.jpeg\",\"width\":610,\"height\":343},{\"@type\":\"BreadcrumbList\",\"@id\":\"https:\\\/\\\/www.fcbarcelonanoticias.com\\\/en\\\/real-madrid\\\/when-they-ask-me-if-christian-is-the-best-will-say-yes-and-yes_39058_102.html#breadcrumb\",\"itemListElement\":[{\"@type\":\"ListItem\",\"position\":1,\"name\":\"Portada\",\"item\":\"https:\\\/\\\/www.fcbarcelonanoticias.com\\\/en\\\/\"},{\"@type\":\"ListItem\",\"position\":2,\"name\":\"&#8220;When they ask me if Christian is the best, will say yes and yes&#8221;\"}]},{\"@type\":\"WebSite\",\"@id\":\"https:\\\/\\\/www.fcbarcelonanoticias.com\\\/en\\\/#website\",\"url\":\"https:\\\/\\\/www.fcbarcelonanoticias.com\\\/en\\\/\",\"name\":\"EN - FC Barcelona Noticias\",\"description\":\"\",\"potentialAction\":[{\"@type\":\"SearchAction\",\"target\":{\"@type\":\"EntryPoint\",\"urlTemplate\":\"https:\\\/\\\/www.fcbarcelonanoticias.com\\\/en\\\/?s={search_term_string}\"},\"query-input\":{\"@type\":\"PropertyValueSpecification\",\"valueRequired\":true,\"valueName\":\"search_term_string\"}}],\"inLanguage\":\"en-US\"},{\"@type\":\"Person\",\"@id\":\"https:\\\/\\\/www.fcbarcelonanoticias.com\\\/en\\\/#\\\/schema\\\/person\\\/15ee2f54c96c350bfe0645e2cd9256a8\",\"name\":\"user_4124\",\"image\":{\"@type\":\"ImageObject\",\"inLanguage\":\"en-US\",\"@id\":\"https:\\\/\\\/secure.gravatar.com\\\/avatar\\\/?s=96&d=mm&r=g\",\"url\":\"https:\\\/\\\/secure.gravatar.com\\\/avatar\\\/?s=96&d=mm&r=g\",\"contentUrl\":\"https:\\\/\\\/secure.gravatar.com\\\/avatar\\\/?s=96&d=mm&r=g\",\"caption\":\"user_4124\"},\"url\":\"https:\\\/\\\/www.fcbarcelonanoticias.com\\\/en\\\/user_4124.html\"}]}<\/script>\n<!-- \/ Yoast SEO plugin. -->","yoast_head_json":{"title":"\"When they ask me if Christian is the best, will say yes and yes\"","description":"FCBarcelonaNoticias.com","robots":{"index":"index","follow":"follow","max-snippet":"max-snippet:-1","max-image-preview":"max-image-preview:large","max-video-preview":"max-video-preview:-1"},"canonical":"https:\/\/www.fcbarcelonanoticias.com\/en\/real-madrid\/when-they-ask-me-if-christian-is-the-best-will-say-yes-and-yes_39058_102.html","og_locale":"en_US","og_type":"article","og_title":"\"When they ask me if Christian is the best, will say yes and yes\"","og_description":"FCBarcelonaNoticias.com","og_url":"https:\/\/www.fcbarcelonanoticias.com\/en\/real-madrid\/when-they-ask-me-if-christian-is-the-best-will-say-yes-and-yes_39058_102.html","og_site_name":"EN - FC Barcelona Noticias","article_published_time":"2015-10-15T09:05:00+00:00","og_image":[{"width":610,"height":343,"url":"https:\/\/www.fcbarcelonanoticias.com\/en\/wp-content\/uploads\/sites\/2\/2015\/10\/rafa-benitez-39070-1.jpeg","type":"image\/jpeg"}],"author":"user_4124","twitter_card":"summary_large_image","twitter_misc":{"Written by":"user_4124","Est. reading time":"3 minutes"},"schema":{"@context":"https:\/\/schema.org","@graph":[{"@type":"Article","@id":"https:\/\/www.fcbarcelonanoticias.com\/en\/real-madrid\/when-they-ask-me-if-christian-is-the-best-will-say-yes-and-yes_39058_102.html#article","isPartOf":{"@id":"https:\/\/www.fcbarcelonanoticias.com\/en\/real-madrid\/when-they-ask-me-if-christian-is-the-best-will-say-yes-and-yes_39058_102.html"},"author":{"name":"user_4124","@id":"https:\/\/www.fcbarcelonanoticias.com\/en\/#\/schema\/person\/15ee2f54c96c350bfe0645e2cd9256a8"},"headline":"&#8220;When they ask me if Christian is the best, will say yes and yes&#8221;","datePublished":"2015-10-15T09:05:00+00:00","mainEntityOfPage":{"@id":"https:\/\/www.fcbarcelonanoticias.com\/en\/real-madrid\/when-they-ask-me-if-christian-is-the-best-will-say-yes-and-yes_39058_102.html"},"wordCount":715,"image":{"@id":"https:\/\/www.fcbarcelonanoticias.com\/en\/real-madrid\/when-they-ask-me-if-christian-is-the-best-will-say-yes-and-yes_39058_102.html#primaryimage"},"thumbnailUrl":"https:\/\/www.fcbarcelonanoticias.com\/en\/wp-content\/uploads\/sites\/2\/2015\/10\/rafa-benitez-39070-1.jpeg","keywords":["Cristiano Ronaldo","Rafa Ben\u00edtez"],"articleSection":["Real Madrid","Real Madrid"],"inLanguage":"en-US"},{"@type":"WebPage","@id":"https:\/\/www.fcbarcelonanoticias.com\/en\/real-madrid\/when-they-ask-me-if-christian-is-the-best-will-say-yes-and-yes_39058_102.html","url":"https:\/\/www.fcbarcelonanoticias.com\/en\/real-madrid\/when-they-ask-me-if-christian-is-the-best-will-say-yes-and-yes_39058_102.html","name":"\"When they ask me if Christian is the best, will say yes and yes\"","isPartOf":{"@id":"https:\/\/www.fcbarcelonanoticias.com\/en\/#website"},"primaryImageOfPage":{"@id":"https:\/\/www.fcbarcelonanoticias.com\/en\/real-madrid\/when-they-ask-me-if-christian-is-the-best-will-say-yes-and-yes_39058_102.html#primaryimage"},"image":{"@id":"https:\/\/www.fcbarcelonanoticias.com\/en\/real-madrid\/when-they-ask-me-if-christian-is-the-best-will-say-yes-and-yes_39058_102.html#primaryimage"},"thumbnailUrl":"https:\/\/www.fcbarcelonanoticias.com\/en\/wp-content\/uploads\/sites\/2\/2015\/10\/rafa-benitez-39070-1.jpeg","datePublished":"2015-10-15T09:05:00+00:00","author":{"@id":"https:\/\/www.fcbarcelonanoticias.com\/en\/#\/schema\/person\/15ee2f54c96c350bfe0645e2cd9256a8"},"description":"FCBarcelonaNoticias.com","breadcrumb":{"@id":"https:\/\/www.fcbarcelonanoticias.com\/en\/real-madrid\/when-they-ask-me-if-christian-is-the-best-will-say-yes-and-yes_39058_102.html#breadcrumb"},"inLanguage":"en-US","potentialAction":[{"@type":"ReadAction","target":["https:\/\/www.fcbarcelonanoticias.com\/en\/real-madrid\/when-they-ask-me-if-christian-is-the-best-will-say-yes-and-yes_39058_102.html"]}]},{"@type":"ImageObject","inLanguage":"en-US","@id":"https:\/\/www.fcbarcelonanoticias.com\/en\/real-madrid\/when-they-ask-me-if-christian-is-the-best-will-say-yes-and-yes_39058_102.html#primaryimage","url":"https:\/\/www.fcbarcelonanoticias.com\/en\/wp-content\/uploads\/sites\/2\/2015\/10\/rafa-benitez-39070-1.jpeg","contentUrl":"https:\/\/www.fcbarcelonanoticias.com\/en\/wp-content\/uploads\/sites\/2\/2015\/10\/rafa-benitez-39070-1.jpeg","width":610,"height":343},{"@type":"BreadcrumbList","@id":"https:\/\/www.fcbarcelonanoticias.com\/en\/real-madrid\/when-they-ask-me-if-christian-is-the-best-will-say-yes-and-yes_39058_102.html#breadcrumb","itemListElement":[{"@type":"ListItem","position":1,"name":"Portada","item":"https:\/\/www.fcbarcelonanoticias.com\/en\/"},{"@type":"ListItem","position":2,"name":"&#8220;When they ask me if Christian is the best, will say yes and yes&#8221;"}]},{"@type":"WebSite","@id":"https:\/\/www.fcbarcelonanoticias.com\/en\/#website","url":"https:\/\/www.fcbarcelonanoticias.com\/en\/","name":"EN - FC Barcelona Noticias","description":"","potentialAction":[{"@type":"SearchAction","target":{"@type":"EntryPoint","urlTemplate":"https:\/\/www.fcbarcelonanoticias.com\/en\/?s={search_term_string}"},"query-input":{"@type":"PropertyValueSpecification","valueRequired":true,"valueName":"search_term_string"}}],"inLanguage":"en-US"},{"@type":"Person","@id":"https:\/\/www.fcbarcelonanoticias.com\/en\/#\/schema\/person\/15ee2f54c96c350bfe0645e2cd9256a8","name":"user_4124","image":{"@type":"ImageObject","inLanguage":"en-US","@id":"https:\/\/secure.gravatar.com\/avatar\/?s=96&d=mm&r=g","url":"https:\/\/secure.gravatar.com\/avatar\/?s=96&d=mm&r=g","contentUrl":"https:\/\/secure.gravatar.com\/avatar\/?s=96&d=mm&r=g","caption":"user_4124"},"url":"https:\/\/www.fcbarcelonanoticias.com\/en\/user_4124.html"}]}},"_links":{"self":[{"href":"https:\/\/www.fcbarcelonanoticias.com\/en\/wp-json\/wp\/v2\/posts\/86367","targetHints":{"allow":["GET"]}}],"collection":[{"href":"https:\/\/www.fcbarcelonanoticias.com\/en\/wp-json\/wp\/v2\/posts"}],"about":[{"href":"https:\/\/www.fcbarcelonanoticias.com\/en\/wp-json\/wp\/v2\/types\/post"}],"author":[{"embeddable":true,"href":"https:\/\/www.fcbarcelonanoticias.com\/en\/wp-json\/wp\/v2\/users\/468"}],"replies":[{"embeddable":true,"href":"https:\/\/www.fcbarcelonanoticias.com\/en\/wp-json\/wp\/v2\/comments?post=86367"}],"version-history":[{"count":1,"href":"https:\/\/www.fcbarcelonanoticias.com\/en\/wp-json\/wp\/v2\/posts\/86367\/revisions"}],"predecessor-version":[{"id":125245,"href":"https:\/\/www.fcbarcelonanoticias.com\/en\/wp-json\/wp\/v2\/posts\/86367\/revisions\/125245"}],"wp:featuredmedia":[{"embeddable":true,"href":"https:\/\/www.fcbarcelonanoticias.com\/en\/wp-json\/wp\/v2\/media\/86373"}],"wp:attachment":[{"href":"https:\/\/www.fcbarcelonanoticias.com\/en\/wp-json\/wp\/v2\/media?parent=86367"}],"wp:term":[{"taxonomy":"category","embeddable":true,"href":"https:\/\/www.fcbarcelonanoticias.com\/en\/wp-json\/wp\/v2\/categories?post=86367"},{"taxonomy":"post_tag","embeddable":true,"href":"https:\/\/www.fcbarcelonanoticias.com\/en\/wp-json\/wp\/v2\/tags?post=86367"}],"curies":[{"name":"wp","href":"https:\/\/api.w.org\/{rel}","templated":true}]}}