{"id":86683,"date":"2023-07-31T21:50:00","date_gmt":"2023-07-31T19:50:00","guid":{"rendered":"https:\/\/weisetech.dev\/fc-barcelona-noticias\/en\/vinicius-jr-the-madridista-with-more-win-of-the-signing-of-kylian-mbappe_294653_102\/"},"modified":"2023-07-31T21:50:00","modified_gmt":"2023-07-31T19:50:00","slug":"vinicius-jr-the-madridista-with-more-win-of-the-signing-of-kylian-mbappe_294653_102","status":"publish","type":"post","link":"https:\/\/www.fcbarcelonanoticias.com\/en\/real-madrid\/vinicius-jr-the-madridista-with-more-win-of-the-signing-of-kylian-mbappe_294653_102.html","title":{"rendered":"Vinicius Jr, el madridista con m\u00e1s ganas del fichaje de Kylian\u00a0Mbapp\u00e9"},"content":{"rendered":"<h2 class=\"wp-block-heading\">The Real Madrid does not take into account, when seeming, his sportive needs to the hour to schedule a complete season. Like this, they have left &#8216;orphan&#8217; to a Vinicius that every time seems to be more interested in the signing of Mbapp\u00e9<\/h2>  \r\n<div class=\"article-addons\">\r\n    <a href=\"https:\/\/www.fcbarcelonanoticias.com\/en\/calendar-fc-barcelona.html\"\r\n       target=\"_self\"\r\n       title=\"Calendar of FC Barcelona\"\r\n       class=\"blue-gredient-btn\">\r\n       \r\n        Calendar of FC Barcelona    <\/a>\r\n<\/div>   <p>Of doors to inside <a data-external=\"0\" data-intl-links-en=\"https:\/\/www.fcbarcelonanoticias.com\/en\/transfers\/real-madrid-could-momentarily-do-without-the-arda-guler-file_294637_102.html\" data-intl-links-es=\"https:\/\/www.fcbarcelonanoticias.com\/fichajes\/real-madrid-podria-prescindir-momentaneamente-ficha-arda-guler_294637_102.html\" href=\"https:\/\/www.fcbarcelonanoticias.com\/en\/transfers\/real-madrid-could-momentarily-do-without-the-arda-guler-file_294637_102.html\" rel=\"follow\" target=\"_self\" title=\"El Real Madrid podr\u00eda prescindir moment\u00e1neamente de la ficha de Arda G\u00fcler\">the Real Madrid<\/a> follows keeping that it needs a &#8216;9&#8217; this 2023 to be able to compete in all the competitions this next season, but especially keep to Vinicius like a player determinant in the band, <strong>because for now Carlo Ancelotti is focused in &#8216;copy&#8217; the system of four mediocampistas of the FC Barcelona, positioning to the Brazilian and to his compatriot Rodrygo like the references of the attack.<\/strong><\/p>  <p>Like this, the arrival of Kylian Mbapp\u00e9, or of any another goleador of first level, is what more want to and asks Vini. The new &#8216;7&#8217; madridista needs to install in the left sector of the attack of the Italian, as it has done it the last two seasons, <strong>by what clearly seems to be the elder interested in the staff in that the goleador can dress of white what before. <\/strong><\/p>  <h2>Florentino has to decide which are the priorities of his Madrid<\/h2>  <p>For now the situation of Kylian has not changed, further that this Monday the player earns in his payroll 40 millions more, that correspond to the half of his premium of fidelity. <strong>The Madrid glides, by strategy or with sincerity, that does not go to move index card by a footballer that finish agreement in 2024 and that has manifested that it wants to fulfil it, but the abysmal sportive planning in attack. <\/strong><\/p>  <p>Vinicius Has seen displaced, at least for now, to some surroundings that moves him away of his potential elder, in profit of the rival clubs, as it was the case of the FC Barcelona the past Saturday in a lot of moments of the party. Without depth and without desborde, <strong>Vini escaped of the &#8216;new ecosystem&#8217; that conditions him in the second time and could surpass in several opportunities to Dest, a very deficient rival for any extreme of his characteristics. <\/strong><\/p> ","protected":false},"excerpt":{"rendered":"<p>The Real Madrid does not take into account, when seeming, his sportive needs to the hour to schedule a complete season. Like this, they have left &#8216;orphan&#8217; to a Vinicius that every time seems to be more interested in the signing of Mbapp\u00e9 Of doors to inside the Real Madrid follows keeping that it needs [&hellip;]<\/p>\n","protected":false},"author":345,"featured_media":7630,"comment_status":"closed","ping_status":"open","sticky":false,"template":"","format":"standard","meta":{"_acf_changed":false,"inline_featured_image":false,"_nextfly_llmd_date_locked":false,"footnotes":""},"categories":[119,450],"tags":[177,171,88],"class_list":["post-86683","post","type-post","status-publish","format-standard","has-post-thumbnail","hentry","category-real-madrid","category-real-madrid-2","tag-florentino-perez","tag-mbappe","tag-paris-saint-germain"],"acf":[],"yoast_head":"<!-- This site is optimized with the Yoast SEO plugin v27.3 - https:\/\/yoast.com\/product\/yoast-seo-wordpress\/ -->\n<title>Vinicius Jr, el madridista con m\u00e1s ganas del fichaje de Kylian\u00a0Mbapp\u00e9<\/title>\n<meta name=\"description\" content=\"The Real Madrid does not take into account, when seeming, his sportive needs to the hour to schedule a complete season. Like this, they have left &#039;huerfano&#039; to a Vinicius that every time seems to be more interested in the signing of Mbapp\u00e9\" \/>\n<meta name=\"robots\" content=\"index, follow, max-snippet:-1, max-image-preview:large, max-video-preview:-1\" \/>\n<link rel=\"canonical\" href=\"https:\/\/www.fcbarcelonanoticias.com\/en\/real-madrid\/vinicius-jr-the-madridista-with-more-win-of-the-signing-of-kylian-mbappe_294653_102.html\" \/>\n<meta property=\"og:locale\" content=\"en_US\" \/>\n<meta property=\"og:type\" content=\"article\" \/>\n<meta property=\"og:title\" content=\"Vinicius Jr, el madridista con m\u00e1s ganas del fichaje de Kylian\u00a0Mbapp\u00e9\" \/>\n<meta property=\"og:description\" content=\"The Real Madrid does not take into account, when seeming, his sportive needs to the hour to schedule a complete season. Like this, they have left &#039;huerfano&#039; to a Vinicius that every time seems to be more interested in the signing of Mbapp\u00e9\" \/>\n<meta property=\"og:url\" content=\"https:\/\/www.fcbarcelonanoticias.com\/en\/real-madrid\/vinicius-jr-the-madridista-with-more-win-of-the-signing-of-kylian-mbappe_294653_102.html\" \/>\n<meta property=\"og:site_name\" content=\"EN - FC Barcelona Noticias\" \/>\n<meta property=\"article:published_time\" content=\"2023-07-31T19:50:00+00:00\" \/>\n<meta property=\"og:image\" content=\"https:\/\/www.fcbarcelonanoticias.com\/en\/wp-content\/uploads\/sites\/2\/2023\/05\/vinicius-jr-v-osasuna.jpeg\" \/>\n\t<meta property=\"og:image:width\" content=\"1300\" \/>\n\t<meta property=\"og:image:height\" content=\"732\" \/>\n\t<meta property=\"og:image:type\" content=\"image\/jpeg\" \/>\n<meta name=\"author\" content=\"Carlos Montenegro\" \/>\n<meta name=\"twitter:card\" content=\"summary_large_image\" \/>\n<meta name=\"twitter:label1\" content=\"Written by\" \/>\n\t<meta name=\"twitter:data1\" content=\"Carlos Montenegro\" \/>\n\t<meta name=\"twitter:label2\" content=\"Est. reading time\" \/>\n\t<meta name=\"twitter:data2\" content=\"2 minutes\" \/>\n<script type=\"application\/ld+json\" class=\"yoast-schema-graph\">{\"@context\":\"https:\\\/\\\/schema.org\",\"@graph\":[{\"@type\":\"Article\",\"@id\":\"https:\\\/\\\/www.fcbarcelonanoticias.com\\\/en\\\/real-madrid\\\/vinicius-jr-the-madridista-with-more-win-of-the-signing-of-kylian-mbappe_294653_102.html#article\",\"isPartOf\":{\"@id\":\"https:\\\/\\\/www.fcbarcelonanoticias.com\\\/en\\\/real-madrid\\\/vinicius-jr-the-madridista-with-more-win-of-the-signing-of-kylian-mbappe_294653_102.html\"},\"author\":{\"name\":\"Carlos Montenegro\",\"@id\":\"https:\\\/\\\/www.fcbarcelonanoticias.com\\\/en\\\/#\\\/schema\\\/person\\\/aa1d038709c262cb247e240f6b39bbf5\"},\"headline\":\"Vinicius Jr, el madridista con m\u00e1s ganas del fichaje de Kylian\u00a0Mbapp\u00e9\",\"datePublished\":\"2023-07-31T19:50:00+00:00\",\"mainEntityOfPage\":{\"@id\":\"https:\\\/\\\/www.fcbarcelonanoticias.com\\\/en\\\/real-madrid\\\/vinicius-jr-the-madridista-with-more-win-of-the-signing-of-kylian-mbappe_294653_102.html\"},\"wordCount\":360,\"image\":{\"@id\":\"https:\\\/\\\/www.fcbarcelonanoticias.com\\\/en\\\/real-madrid\\\/vinicius-jr-the-madridista-with-more-win-of-the-signing-of-kylian-mbappe_294653_102.html#primaryimage\"},\"thumbnailUrl\":\"https:\\\/\\\/www.fcbarcelonanoticias.com\\\/en\\\/wp-content\\\/uploads\\\/sites\\\/2\\\/2023\\\/05\\\/vinicius-jr-v-osasuna.jpeg\",\"keywords\":[\"Florentino P\u00e9rez\",\"Mbapp\u00e9\",\"Paris Saint-Germain\"],\"articleSection\":[\"Real Madrid\",\"Real Madrid\"],\"inLanguage\":\"en-US\"},{\"@type\":\"WebPage\",\"@id\":\"https:\\\/\\\/www.fcbarcelonanoticias.com\\\/en\\\/real-madrid\\\/vinicius-jr-the-madridista-with-more-win-of-the-signing-of-kylian-mbappe_294653_102.html\",\"url\":\"https:\\\/\\\/www.fcbarcelonanoticias.com\\\/en\\\/real-madrid\\\/vinicius-jr-the-madridista-with-more-win-of-the-signing-of-kylian-mbappe_294653_102.html\",\"name\":\"Vinicius Jr, el madridista con m\u00e1s ganas del fichaje de Kylian\u00a0Mbapp\u00e9\",\"isPartOf\":{\"@id\":\"https:\\\/\\\/www.fcbarcelonanoticias.com\\\/en\\\/#website\"},\"primaryImageOfPage\":{\"@id\":\"https:\\\/\\\/www.fcbarcelonanoticias.com\\\/en\\\/real-madrid\\\/vinicius-jr-the-madridista-with-more-win-of-the-signing-of-kylian-mbappe_294653_102.html#primaryimage\"},\"image\":{\"@id\":\"https:\\\/\\\/www.fcbarcelonanoticias.com\\\/en\\\/real-madrid\\\/vinicius-jr-the-madridista-with-more-win-of-the-signing-of-kylian-mbappe_294653_102.html#primaryimage\"},\"thumbnailUrl\":\"https:\\\/\\\/www.fcbarcelonanoticias.com\\\/en\\\/wp-content\\\/uploads\\\/sites\\\/2\\\/2023\\\/05\\\/vinicius-jr-v-osasuna.jpeg\",\"datePublished\":\"2023-07-31T19:50:00+00:00\",\"author\":{\"@id\":\"https:\\\/\\\/www.fcbarcelonanoticias.com\\\/en\\\/#\\\/schema\\\/person\\\/aa1d038709c262cb247e240f6b39bbf5\"},\"description\":\"The Real Madrid does not take into account, when seeming, his sportive needs to the hour to schedule a complete season. Like this, they have left 'huerfano' to a Vinicius that every time seems to be more interested in the signing of Mbapp\u00e9\",\"breadcrumb\":{\"@id\":\"https:\\\/\\\/www.fcbarcelonanoticias.com\\\/en\\\/real-madrid\\\/vinicius-jr-the-madridista-with-more-win-of-the-signing-of-kylian-mbappe_294653_102.html#breadcrumb\"},\"inLanguage\":\"en-US\",\"potentialAction\":[{\"@type\":\"ReadAction\",\"target\":[\"https:\\\/\\\/www.fcbarcelonanoticias.com\\\/en\\\/real-madrid\\\/vinicius-jr-the-madridista-with-more-win-of-the-signing-of-kylian-mbappe_294653_102.html\"]}]},{\"@type\":\"ImageObject\",\"inLanguage\":\"en-US\",\"@id\":\"https:\\\/\\\/www.fcbarcelonanoticias.com\\\/en\\\/real-madrid\\\/vinicius-jr-the-madridista-with-more-win-of-the-signing-of-kylian-mbappe_294653_102.html#primaryimage\",\"url\":\"https:\\\/\\\/www.fcbarcelonanoticias.com\\\/en\\\/wp-content\\\/uploads\\\/sites\\\/2\\\/2023\\\/05\\\/vinicius-jr-v-osasuna.jpeg\",\"contentUrl\":\"https:\\\/\\\/www.fcbarcelonanoticias.com\\\/en\\\/wp-content\\\/uploads\\\/sites\\\/2\\\/2023\\\/05\\\/vinicius-jr-v-osasuna.jpeg\",\"width\":1300,\"height\":732},{\"@type\":\"BreadcrumbList\",\"@id\":\"https:\\\/\\\/www.fcbarcelonanoticias.com\\\/en\\\/real-madrid\\\/vinicius-jr-the-madridista-with-more-win-of-the-signing-of-kylian-mbappe_294653_102.html#breadcrumb\",\"itemListElement\":[{\"@type\":\"ListItem\",\"position\":1,\"name\":\"Portada\",\"item\":\"https:\\\/\\\/www.fcbarcelonanoticias.com\\\/en\\\/\"},{\"@type\":\"ListItem\",\"position\":2,\"name\":\"Vinicius Jr, el madridista con m\u00e1s ganas del fichaje de Kylian\u00a0Mbapp\u00e9\"}]},{\"@type\":\"WebSite\",\"@id\":\"https:\\\/\\\/www.fcbarcelonanoticias.com\\\/en\\\/#website\",\"url\":\"https:\\\/\\\/www.fcbarcelonanoticias.com\\\/en\\\/\",\"name\":\"EN - FC Barcelona Noticias\",\"description\":\"\",\"potentialAction\":[{\"@type\":\"SearchAction\",\"target\":{\"@type\":\"EntryPoint\",\"urlTemplate\":\"https:\\\/\\\/www.fcbarcelonanoticias.com\\\/en\\\/?s={search_term_string}\"},\"query-input\":{\"@type\":\"PropertyValueSpecification\",\"valueRequired\":true,\"valueName\":\"search_term_string\"}}],\"inLanguage\":\"en-US\"},{\"@type\":\"Person\",\"@id\":\"https:\\\/\\\/www.fcbarcelonanoticias.com\\\/en\\\/#\\\/schema\\\/person\\\/aa1d038709c262cb247e240f6b39bbf5\",\"name\":\"Carlos Montenegro\",\"image\":{\"@type\":\"ImageObject\",\"inLanguage\":\"en-US\",\"@id\":\"https:\\\/\\\/secure.gravatar.com\\\/avatar\\\/?s=96&d=mm&r=g\",\"url\":\"https:\\\/\\\/secure.gravatar.com\\\/avatar\\\/?s=96&d=mm&r=g\",\"contentUrl\":\"https:\\\/\\\/secure.gravatar.com\\\/avatar\\\/?s=96&d=mm&r=g\",\"caption\":\"Carlos Montenegro\"},\"url\":\"https:\\\/\\\/www.fcbarcelonanoticias.com\\\/en\\\/carlos-montenegro_20_115.html\"}]}<\/script>\n<!-- \/ Yoast SEO plugin. -->","yoast_head_json":{"title":"Vinicius Jr, el madridista con m\u00e1s ganas del fichaje de Kylian\u00a0Mbapp\u00e9","description":"The Real Madrid does not take into account, when seeming, his sportive needs to the hour to schedule a complete season. Like this, they have left 'huerfano' to a Vinicius that every time seems to be more interested in the signing of Mbapp\u00e9","robots":{"index":"index","follow":"follow","max-snippet":"max-snippet:-1","max-image-preview":"max-image-preview:large","max-video-preview":"max-video-preview:-1"},"canonical":"https:\/\/www.fcbarcelonanoticias.com\/en\/real-madrid\/vinicius-jr-the-madridista-with-more-win-of-the-signing-of-kylian-mbappe_294653_102.html","og_locale":"en_US","og_type":"article","og_title":"Vinicius Jr, el madridista con m\u00e1s ganas del fichaje de Kylian\u00a0Mbapp\u00e9","og_description":"The Real Madrid does not take into account, when seeming, his sportive needs to the hour to schedule a complete season. Like this, they have left 'huerfano' to a Vinicius that every time seems to be more interested in the signing of Mbapp\u00e9","og_url":"https:\/\/www.fcbarcelonanoticias.com\/en\/real-madrid\/vinicius-jr-the-madridista-with-more-win-of-the-signing-of-kylian-mbappe_294653_102.html","og_site_name":"EN - FC Barcelona Noticias","article_published_time":"2023-07-31T19:50:00+00:00","og_image":[{"width":1300,"height":732,"url":"https:\/\/www.fcbarcelonanoticias.com\/en\/wp-content\/uploads\/sites\/2\/2023\/05\/vinicius-jr-v-osasuna.jpeg","type":"image\/jpeg"}],"author":"Carlos Montenegro","twitter_card":"summary_large_image","twitter_misc":{"Written by":"Carlos Montenegro","Est. reading time":"2 minutes"},"schema":{"@context":"https:\/\/schema.org","@graph":[{"@type":"Article","@id":"https:\/\/www.fcbarcelonanoticias.com\/en\/real-madrid\/vinicius-jr-the-madridista-with-more-win-of-the-signing-of-kylian-mbappe_294653_102.html#article","isPartOf":{"@id":"https:\/\/www.fcbarcelonanoticias.com\/en\/real-madrid\/vinicius-jr-the-madridista-with-more-win-of-the-signing-of-kylian-mbappe_294653_102.html"},"author":{"name":"Carlos Montenegro","@id":"https:\/\/www.fcbarcelonanoticias.com\/en\/#\/schema\/person\/aa1d038709c262cb247e240f6b39bbf5"},"headline":"Vinicius Jr, el madridista con m\u00e1s ganas del fichaje de Kylian\u00a0Mbapp\u00e9","datePublished":"2023-07-31T19:50:00+00:00","mainEntityOfPage":{"@id":"https:\/\/www.fcbarcelonanoticias.com\/en\/real-madrid\/vinicius-jr-the-madridista-with-more-win-of-the-signing-of-kylian-mbappe_294653_102.html"},"wordCount":360,"image":{"@id":"https:\/\/www.fcbarcelonanoticias.com\/en\/real-madrid\/vinicius-jr-the-madridista-with-more-win-of-the-signing-of-kylian-mbappe_294653_102.html#primaryimage"},"thumbnailUrl":"https:\/\/www.fcbarcelonanoticias.com\/en\/wp-content\/uploads\/sites\/2\/2023\/05\/vinicius-jr-v-osasuna.jpeg","keywords":["Florentino P\u00e9rez","Mbapp\u00e9","Paris Saint-Germain"],"articleSection":["Real Madrid","Real Madrid"],"inLanguage":"en-US"},{"@type":"WebPage","@id":"https:\/\/www.fcbarcelonanoticias.com\/en\/real-madrid\/vinicius-jr-the-madridista-with-more-win-of-the-signing-of-kylian-mbappe_294653_102.html","url":"https:\/\/www.fcbarcelonanoticias.com\/en\/real-madrid\/vinicius-jr-the-madridista-with-more-win-of-the-signing-of-kylian-mbappe_294653_102.html","name":"Vinicius Jr, el madridista con m\u00e1s ganas del fichaje de Kylian\u00a0Mbapp\u00e9","isPartOf":{"@id":"https:\/\/www.fcbarcelonanoticias.com\/en\/#website"},"primaryImageOfPage":{"@id":"https:\/\/www.fcbarcelonanoticias.com\/en\/real-madrid\/vinicius-jr-the-madridista-with-more-win-of-the-signing-of-kylian-mbappe_294653_102.html#primaryimage"},"image":{"@id":"https:\/\/www.fcbarcelonanoticias.com\/en\/real-madrid\/vinicius-jr-the-madridista-with-more-win-of-the-signing-of-kylian-mbappe_294653_102.html#primaryimage"},"thumbnailUrl":"https:\/\/www.fcbarcelonanoticias.com\/en\/wp-content\/uploads\/sites\/2\/2023\/05\/vinicius-jr-v-osasuna.jpeg","datePublished":"2023-07-31T19:50:00+00:00","author":{"@id":"https:\/\/www.fcbarcelonanoticias.com\/en\/#\/schema\/person\/aa1d038709c262cb247e240f6b39bbf5"},"description":"The Real Madrid does not take into account, when seeming, his sportive needs to the hour to schedule a complete season. Like this, they have left 'huerfano' to a Vinicius that every time seems to be more interested in the signing of Mbapp\u00e9","breadcrumb":{"@id":"https:\/\/www.fcbarcelonanoticias.com\/en\/real-madrid\/vinicius-jr-the-madridista-with-more-win-of-the-signing-of-kylian-mbappe_294653_102.html#breadcrumb"},"inLanguage":"en-US","potentialAction":[{"@type":"ReadAction","target":["https:\/\/www.fcbarcelonanoticias.com\/en\/real-madrid\/vinicius-jr-the-madridista-with-more-win-of-the-signing-of-kylian-mbappe_294653_102.html"]}]},{"@type":"ImageObject","inLanguage":"en-US","@id":"https:\/\/www.fcbarcelonanoticias.com\/en\/real-madrid\/vinicius-jr-the-madridista-with-more-win-of-the-signing-of-kylian-mbappe_294653_102.html#primaryimage","url":"https:\/\/www.fcbarcelonanoticias.com\/en\/wp-content\/uploads\/sites\/2\/2023\/05\/vinicius-jr-v-osasuna.jpeg","contentUrl":"https:\/\/www.fcbarcelonanoticias.com\/en\/wp-content\/uploads\/sites\/2\/2023\/05\/vinicius-jr-v-osasuna.jpeg","width":1300,"height":732},{"@type":"BreadcrumbList","@id":"https:\/\/www.fcbarcelonanoticias.com\/en\/real-madrid\/vinicius-jr-the-madridista-with-more-win-of-the-signing-of-kylian-mbappe_294653_102.html#breadcrumb","itemListElement":[{"@type":"ListItem","position":1,"name":"Portada","item":"https:\/\/www.fcbarcelonanoticias.com\/en\/"},{"@type":"ListItem","position":2,"name":"Vinicius Jr, el madridista con m\u00e1s ganas del fichaje de Kylian\u00a0Mbapp\u00e9"}]},{"@type":"WebSite","@id":"https:\/\/www.fcbarcelonanoticias.com\/en\/#website","url":"https:\/\/www.fcbarcelonanoticias.com\/en\/","name":"EN - FC Barcelona Noticias","description":"","potentialAction":[{"@type":"SearchAction","target":{"@type":"EntryPoint","urlTemplate":"https:\/\/www.fcbarcelonanoticias.com\/en\/?s={search_term_string}"},"query-input":{"@type":"PropertyValueSpecification","valueRequired":true,"valueName":"search_term_string"}}],"inLanguage":"en-US"},{"@type":"Person","@id":"https:\/\/www.fcbarcelonanoticias.com\/en\/#\/schema\/person\/aa1d038709c262cb247e240f6b39bbf5","name":"Carlos Montenegro","image":{"@type":"ImageObject","inLanguage":"en-US","@id":"https:\/\/secure.gravatar.com\/avatar\/?s=96&d=mm&r=g","url":"https:\/\/secure.gravatar.com\/avatar\/?s=96&d=mm&r=g","contentUrl":"https:\/\/secure.gravatar.com\/avatar\/?s=96&d=mm&r=g","caption":"Carlos Montenegro"},"url":"https:\/\/www.fcbarcelonanoticias.com\/en\/carlos-montenegro_20_115.html"}]}},"_links":{"self":[{"href":"https:\/\/www.fcbarcelonanoticias.com\/en\/wp-json\/wp\/v2\/posts\/86683","targetHints":{"allow":["GET"]}}],"collection":[{"href":"https:\/\/www.fcbarcelonanoticias.com\/en\/wp-json\/wp\/v2\/posts"}],"about":[{"href":"https:\/\/www.fcbarcelonanoticias.com\/en\/wp-json\/wp\/v2\/types\/post"}],"author":[{"embeddable":true,"href":"https:\/\/www.fcbarcelonanoticias.com\/en\/wp-json\/wp\/v2\/users\/345"}],"replies":[{"embeddable":true,"href":"https:\/\/www.fcbarcelonanoticias.com\/en\/wp-json\/wp\/v2\/comments?post=86683"}],"version-history":[{"count":2,"href":"https:\/\/www.fcbarcelonanoticias.com\/en\/wp-json\/wp\/v2\/posts\/86683\/revisions"}],"predecessor-version":[{"id":86690,"href":"https:\/\/www.fcbarcelonanoticias.com\/en\/wp-json\/wp\/v2\/posts\/86683\/revisions\/86690"}],"wp:featuredmedia":[{"embeddable":true,"href":"https:\/\/www.fcbarcelonanoticias.com\/en\/wp-json\/wp\/v2\/media\/7630"}],"wp:attachment":[{"href":"https:\/\/www.fcbarcelonanoticias.com\/en\/wp-json\/wp\/v2\/media?parent=86683"}],"wp:term":[{"taxonomy":"category","embeddable":true,"href":"https:\/\/www.fcbarcelonanoticias.com\/en\/wp-json\/wp\/v2\/categories?post=86683"},{"taxonomy":"post_tag","embeddable":true,"href":"https:\/\/www.fcbarcelonanoticias.com\/en\/wp-json\/wp\/v2\/tags?post=86683"}],"curies":[{"name":"wp","href":"https:\/\/api.w.org\/{rel}","templated":true}]}}