{"id":86706,"date":"2015-12-20T09:15:00","date_gmt":"2015-12-20T08:15:00","guid":{"rendered":"https:\/\/weisetech.dev\/fc-barcelona-noticias\/en\/zidane-i-am-conscious-of-what-happens-but-am-calm_36895_102\/"},"modified":"2015-12-20T09:15:00","modified_gmt":"2015-12-20T08:15:00","slug":"zidane-i-am-conscious-of-what-happens-but-am-calm_36895_102","status":"publish","type":"post","link":"https:\/\/www.fcbarcelonanoticias.com\/en\/real-madrid\/zidane-i-am-conscious-of-what-happens-but-am-calm_36895_102.html","title":{"rendered":"Zidane: &#8220;I Am conscious of what happens, but am calm&#8221;"},"content":{"rendered":"\r\n<div class=\"article-addons\">\r\n    <a href=\"https:\/\/www.fcbarcelonanoticias.com\/en\/calendar-fc-barcelona.html\"\r\n       target=\"_self\"\r\n       title=\"Calendar of FC Barcelona\"\r\n       class=\"blue-gredient-btn\">\r\n       \r\n        Calendar of FC Barcelona    <\/a>\r\n<\/div>   <div class=\"separator\" style=\"clear: both; text-align: center;\"><a href=\"https:\/\/1.bp.blogspot.com\/en\/-S--L4qtlRgc\/VnZm8DcJPVI\/AAAAAAADAos\/oMzNeVlM0Tc\/s1600\/zinedine-zidane.jpg\" imageanchor=\"1\" style=\"margin-left: 1em; margin-right: 1em;\"><\/a><\/div> <br><b>The technician of the Real Madrid Castilla, Zinedine Zidane, has carried out some statements in which it ensures that it is conscious of the current situation in the first white team, although by the moment only is centred in the Castilla and does not think in the possible dismissal of Ben\u00edtez<\/b><br><br><span style=\"font-size: large;\"><b><span style=\"color: #990000;\">Ticket<\/span><\/b> &#8211; <b><u><a href=\"http:\/\/www.viagogo.es\/en\/Entradas-Deportes\/Futbol\/La-Liga-Primera-Division\/FC-Barcelona-Entradas\/E-1073690?AffiliateID=1558&amp;PCID=AFFESIAFF1558A548FCBFC6-05\" rel=\"nofollow\" target=\"_blank\">Gone in FC Barcelona vs Betis &#8211; League J17<\/a><\/u><\/b><\/span><br><span style=\"font-size: large;\"><b><span style=\"color: #990000;\">The Classical<\/span><\/b> &#8211; <b><u><a href=\"http:\/\/www.viagogo.es\/en\/Entradas-Deportes\/Futbol\/La-Liga-Primera-Division\/FC-Barcelona-Entradas\/E-1073691?AffiliateID=1558&amp;PCID=AFFESIAFF1558A548FCBFC6-05\" rel=\"nofollow\" target=\"_blank\">Gone in \/ Ticket FC Barcelona vs Real Madrid<\/a><\/u><\/b><\/span><br><span style=\"font-size: large;\"><b><span style=\"color: #990000;\">Ticket<\/span><\/b> &#8211; <b><u><a href=\"http:\/\/www.viagogo.es\/en\/Entradas-Deportes\/Futbol\/La-Liga-Primera-Division\/FC-Barcelona-Entradas?AffiliateID=1558&amp;PCID=AFFESIAFF1558A548FCBFC6-05\" rel=\"nofollow\" target=\"_blank\">Gone in for all the parties of the FC Barcelona<\/a><\/u><\/b><\/span><br><br>In some statements conceded in just press conference after the party contested this past weekend by the Real Madrid-Castilla, <b>Zinedine Zidane<\/b> ensured that it is perfectly conscious of the tension that breathes  in the environment of the first team because of his bad recent results and to some that another controversy, although it left clear that for the time being only is centred in the filial white, and that <b>supports firmly to Rafa Ben\u00edtez<\/b> at the head of the staff of the first team, wishing that the Real Madrid can enjoy prompt of a greater regularity of good results.<br><br><b>&#8220;I am here with the Castilla and only think this. The important today is the effort that did the players and that go to be followed&#8221;<\/b>, asever\u00f3 Zidane. It is extraneous to the news that plant him like main candidate to relieve to Rafa Ben\u00edtez in the bench of the Real Madrid in the case that the things twist . &#8220;I am concentrated in the Castilla and do not read what writes  on me. I am conscious of what happens, but at the same time am calm because what think and what do is everything only for the Castilla and no other things, that all the world know it&#8221;.<br><br>And it showed besides his maximum support to Rafa Ben\u00edtez, that does not face an easy situation since it landed in Santiago Bernab\u00e9u when having to do forget to Ancelotti. <b>&#8220;I support to Ben\u00edtez, is doing it very well<\/b>. The first team is doing a formidable work with his trainer. It is normal that when they lose  one or two parties there is critical&#8221;.<br><br>For the moment, therefore, Zidane only thinks in attaining good results with the Castilla and follow forming like trainer of elite. <b>&#8220;It has been a normal week for me and for the players<\/b>. To me it matters me the day in day out. I have to work with my team and think only in this to play the playoff&#8221;. The Real Madrid-Castilla is in places of playoff of promotion to Second Division To.<br><br> ","protected":false},"excerpt":{"rendered":"<p>The technician of the Real Madrid Castilla, Zinedine Zidane, has carried out some statements in which it ensures that it is conscious of the current situation in the first white team, although by the moment only is centred in the Castilla and does not think in the possible dismissal of Ben\u00edtez Ticket &#8211; Gone in [&hellip;]<\/p>\n","protected":false},"author":468,"featured_media":86717,"comment_status":"closed","ping_status":"open","sticky":false,"template":"","format":"standard","meta":{"_acf_changed":false,"inline_featured_image":false,"_nextfly_llmd_date_locked":false,"footnotes":""},"categories":[119,450],"tags":[258,306],"class_list":["post-86706","post","type-post","status-publish","format-standard","has-post-thumbnail","hentry","category-real-madrid","category-real-madrid-2","tag-rafa-benitez","tag-zinedine-zidane"],"acf":[],"yoast_head":"<!-- This site is optimized with the Yoast SEO plugin v27.3 - https:\/\/yoast.com\/product\/yoast-seo-wordpress\/ -->\n<title>Zidane: &quot;I Am conscious of what happens, but am calm&quot;<\/title>\n<meta name=\"description\" content=\"FCBarcelonaNoticias.com\" \/>\n<meta name=\"robots\" content=\"index, follow, max-snippet:-1, max-image-preview:large, max-video-preview:-1\" \/>\n<link rel=\"canonical\" href=\"https:\/\/www.fcbarcelonanoticias.com\/en\/real-madrid\/zidane-i-am-conscious-of-what-happens-but-am-calm_36895_102.html\" \/>\n<meta property=\"og:locale\" content=\"en_US\" \/>\n<meta property=\"og:type\" content=\"article\" \/>\n<meta property=\"og:title\" content=\"Zidane: &quot;I Am conscious of what happens, but am calm&quot;\" \/>\n<meta property=\"og:description\" content=\"FCBarcelonaNoticias.com\" \/>\n<meta property=\"og:url\" content=\"https:\/\/www.fcbarcelonanoticias.com\/en\/real-madrid\/zidane-i-am-conscious-of-what-happens-but-am-calm_36895_102.html\" \/>\n<meta property=\"og:site_name\" content=\"EN - FC Barcelona Noticias\" \/>\n<meta property=\"article:published_time\" content=\"2015-12-20T08:15:00+00:00\" \/>\n<meta property=\"og:image\" content=\"https:\/\/www.fcbarcelonanoticias.com\/en\/wp-content\/uploads\/sites\/2\/2015\/12\/zinedine-zidane-36907-2.jpeg\" \/>\n\t<meta property=\"og:image:width\" content=\"610\" \/>\n\t<meta property=\"og:image:height\" content=\"343\" \/>\n\t<meta property=\"og:image:type\" content=\"image\/jpeg\" \/>\n<meta name=\"author\" content=\"user_4124\" \/>\n<meta name=\"twitter:card\" content=\"summary_large_image\" \/>\n<meta name=\"twitter:label1\" content=\"Written by\" \/>\n\t<meta name=\"twitter:data1\" content=\"user_4124\" \/>\n\t<meta name=\"twitter:label2\" content=\"Est. reading time\" \/>\n\t<meta name=\"twitter:data2\" content=\"2 minutes\" \/>\n<script type=\"application\/ld+json\" class=\"yoast-schema-graph\">{\"@context\":\"https:\\\/\\\/schema.org\",\"@graph\":[{\"@type\":\"Article\",\"@id\":\"https:\\\/\\\/www.fcbarcelonanoticias.com\\\/en\\\/real-madrid\\\/zidane-i-am-conscious-of-what-happens-but-am-calm_36895_102.html#article\",\"isPartOf\":{\"@id\":\"https:\\\/\\\/www.fcbarcelonanoticias.com\\\/en\\\/real-madrid\\\/zidane-i-am-conscious-of-what-happens-but-am-calm_36895_102.html\"},\"author\":{\"name\":\"user_4124\",\"@id\":\"https:\\\/\\\/www.fcbarcelonanoticias.com\\\/en\\\/#\\\/schema\\\/person\\\/15ee2f54c96c350bfe0645e2cd9256a8\"},\"headline\":\"Zidane: &#8220;I Am conscious of what happens, but am calm&#8221;\",\"datePublished\":\"2015-12-20T08:15:00+00:00\",\"mainEntityOfPage\":{\"@id\":\"https:\\\/\\\/www.fcbarcelonanoticias.com\\\/en\\\/real-madrid\\\/zidane-i-am-conscious-of-what-happens-but-am-calm_36895_102.html\"},\"wordCount\":445,\"image\":{\"@id\":\"https:\\\/\\\/www.fcbarcelonanoticias.com\\\/en\\\/real-madrid\\\/zidane-i-am-conscious-of-what-happens-but-am-calm_36895_102.html#primaryimage\"},\"thumbnailUrl\":\"https:\\\/\\\/www.fcbarcelonanoticias.com\\\/en\\\/wp-content\\\/uploads\\\/sites\\\/2\\\/2015\\\/12\\\/zinedine-zidane-36907-2.jpeg\",\"keywords\":[\"Rafa Ben\u00edtez\",\"Zinedine Zidane\"],\"articleSection\":[\"Real Madrid\",\"Real Madrid\"],\"inLanguage\":\"en-US\"},{\"@type\":\"WebPage\",\"@id\":\"https:\\\/\\\/www.fcbarcelonanoticias.com\\\/en\\\/real-madrid\\\/zidane-i-am-conscious-of-what-happens-but-am-calm_36895_102.html\",\"url\":\"https:\\\/\\\/www.fcbarcelonanoticias.com\\\/en\\\/real-madrid\\\/zidane-i-am-conscious-of-what-happens-but-am-calm_36895_102.html\",\"name\":\"Zidane: \\\"I Am conscious of what happens, but am calm\\\"\",\"isPartOf\":{\"@id\":\"https:\\\/\\\/www.fcbarcelonanoticias.com\\\/en\\\/#website\"},\"primaryImageOfPage\":{\"@id\":\"https:\\\/\\\/www.fcbarcelonanoticias.com\\\/en\\\/real-madrid\\\/zidane-i-am-conscious-of-what-happens-but-am-calm_36895_102.html#primaryimage\"},\"image\":{\"@id\":\"https:\\\/\\\/www.fcbarcelonanoticias.com\\\/en\\\/real-madrid\\\/zidane-i-am-conscious-of-what-happens-but-am-calm_36895_102.html#primaryimage\"},\"thumbnailUrl\":\"https:\\\/\\\/www.fcbarcelonanoticias.com\\\/en\\\/wp-content\\\/uploads\\\/sites\\\/2\\\/2015\\\/12\\\/zinedine-zidane-36907-2.jpeg\",\"datePublished\":\"2015-12-20T08:15:00+00:00\",\"author\":{\"@id\":\"https:\\\/\\\/www.fcbarcelonanoticias.com\\\/en\\\/#\\\/schema\\\/person\\\/15ee2f54c96c350bfe0645e2cd9256a8\"},\"description\":\"FCBarcelonaNoticias.com\",\"breadcrumb\":{\"@id\":\"https:\\\/\\\/www.fcbarcelonanoticias.com\\\/en\\\/real-madrid\\\/zidane-i-am-conscious-of-what-happens-but-am-calm_36895_102.html#breadcrumb\"},\"inLanguage\":\"en-US\",\"potentialAction\":[{\"@type\":\"ReadAction\",\"target\":[\"https:\\\/\\\/www.fcbarcelonanoticias.com\\\/en\\\/real-madrid\\\/zidane-i-am-conscious-of-what-happens-but-am-calm_36895_102.html\"]}]},{\"@type\":\"ImageObject\",\"inLanguage\":\"en-US\",\"@id\":\"https:\\\/\\\/www.fcbarcelonanoticias.com\\\/en\\\/real-madrid\\\/zidane-i-am-conscious-of-what-happens-but-am-calm_36895_102.html#primaryimage\",\"url\":\"https:\\\/\\\/www.fcbarcelonanoticias.com\\\/en\\\/wp-content\\\/uploads\\\/sites\\\/2\\\/2015\\\/12\\\/zinedine-zidane-36907-2.jpeg\",\"contentUrl\":\"https:\\\/\\\/www.fcbarcelonanoticias.com\\\/en\\\/wp-content\\\/uploads\\\/sites\\\/2\\\/2015\\\/12\\\/zinedine-zidane-36907-2.jpeg\",\"width\":610,\"height\":343},{\"@type\":\"BreadcrumbList\",\"@id\":\"https:\\\/\\\/www.fcbarcelonanoticias.com\\\/en\\\/real-madrid\\\/zidane-i-am-conscious-of-what-happens-but-am-calm_36895_102.html#breadcrumb\",\"itemListElement\":[{\"@type\":\"ListItem\",\"position\":1,\"name\":\"Portada\",\"item\":\"https:\\\/\\\/www.fcbarcelonanoticias.com\\\/en\\\/\"},{\"@type\":\"ListItem\",\"position\":2,\"name\":\"Zidane: &#8220;I Am conscious of what happens, but am calm&#8221;\"}]},{\"@type\":\"WebSite\",\"@id\":\"https:\\\/\\\/www.fcbarcelonanoticias.com\\\/en\\\/#website\",\"url\":\"https:\\\/\\\/www.fcbarcelonanoticias.com\\\/en\\\/\",\"name\":\"EN - FC Barcelona Noticias\",\"description\":\"\",\"potentialAction\":[{\"@type\":\"SearchAction\",\"target\":{\"@type\":\"EntryPoint\",\"urlTemplate\":\"https:\\\/\\\/www.fcbarcelonanoticias.com\\\/en\\\/?s={search_term_string}\"},\"query-input\":{\"@type\":\"PropertyValueSpecification\",\"valueRequired\":true,\"valueName\":\"search_term_string\"}}],\"inLanguage\":\"en-US\"},{\"@type\":\"Person\",\"@id\":\"https:\\\/\\\/www.fcbarcelonanoticias.com\\\/en\\\/#\\\/schema\\\/person\\\/15ee2f54c96c350bfe0645e2cd9256a8\",\"name\":\"user_4124\",\"image\":{\"@type\":\"ImageObject\",\"inLanguage\":\"en-US\",\"@id\":\"https:\\\/\\\/secure.gravatar.com\\\/avatar\\\/?s=96&d=mm&r=g\",\"url\":\"https:\\\/\\\/secure.gravatar.com\\\/avatar\\\/?s=96&d=mm&r=g\",\"contentUrl\":\"https:\\\/\\\/secure.gravatar.com\\\/avatar\\\/?s=96&d=mm&r=g\",\"caption\":\"user_4124\"},\"url\":\"https:\\\/\\\/www.fcbarcelonanoticias.com\\\/en\\\/user_4124.html\"}]}<\/script>\n<!-- \/ Yoast SEO plugin. -->","yoast_head_json":{"title":"Zidane: \"I Am conscious of what happens, but am calm\"","description":"FCBarcelonaNoticias.com","robots":{"index":"index","follow":"follow","max-snippet":"max-snippet:-1","max-image-preview":"max-image-preview:large","max-video-preview":"max-video-preview:-1"},"canonical":"https:\/\/www.fcbarcelonanoticias.com\/en\/real-madrid\/zidane-i-am-conscious-of-what-happens-but-am-calm_36895_102.html","og_locale":"en_US","og_type":"article","og_title":"Zidane: \"I Am conscious of what happens, but am calm\"","og_description":"FCBarcelonaNoticias.com","og_url":"https:\/\/www.fcbarcelonanoticias.com\/en\/real-madrid\/zidane-i-am-conscious-of-what-happens-but-am-calm_36895_102.html","og_site_name":"EN - FC Barcelona Noticias","article_published_time":"2015-12-20T08:15:00+00:00","og_image":[{"width":610,"height":343,"url":"https:\/\/www.fcbarcelonanoticias.com\/en\/wp-content\/uploads\/sites\/2\/2015\/12\/zinedine-zidane-36907-2.jpeg","type":"image\/jpeg"}],"author":"user_4124","twitter_card":"summary_large_image","twitter_misc":{"Written by":"user_4124","Est. reading time":"2 minutes"},"schema":{"@context":"https:\/\/schema.org","@graph":[{"@type":"Article","@id":"https:\/\/www.fcbarcelonanoticias.com\/en\/real-madrid\/zidane-i-am-conscious-of-what-happens-but-am-calm_36895_102.html#article","isPartOf":{"@id":"https:\/\/www.fcbarcelonanoticias.com\/en\/real-madrid\/zidane-i-am-conscious-of-what-happens-but-am-calm_36895_102.html"},"author":{"name":"user_4124","@id":"https:\/\/www.fcbarcelonanoticias.com\/en\/#\/schema\/person\/15ee2f54c96c350bfe0645e2cd9256a8"},"headline":"Zidane: &#8220;I Am conscious of what happens, but am calm&#8221;","datePublished":"2015-12-20T08:15:00+00:00","mainEntityOfPage":{"@id":"https:\/\/www.fcbarcelonanoticias.com\/en\/real-madrid\/zidane-i-am-conscious-of-what-happens-but-am-calm_36895_102.html"},"wordCount":445,"image":{"@id":"https:\/\/www.fcbarcelonanoticias.com\/en\/real-madrid\/zidane-i-am-conscious-of-what-happens-but-am-calm_36895_102.html#primaryimage"},"thumbnailUrl":"https:\/\/www.fcbarcelonanoticias.com\/en\/wp-content\/uploads\/sites\/2\/2015\/12\/zinedine-zidane-36907-2.jpeg","keywords":["Rafa Ben\u00edtez","Zinedine Zidane"],"articleSection":["Real Madrid","Real Madrid"],"inLanguage":"en-US"},{"@type":"WebPage","@id":"https:\/\/www.fcbarcelonanoticias.com\/en\/real-madrid\/zidane-i-am-conscious-of-what-happens-but-am-calm_36895_102.html","url":"https:\/\/www.fcbarcelonanoticias.com\/en\/real-madrid\/zidane-i-am-conscious-of-what-happens-but-am-calm_36895_102.html","name":"Zidane: \"I Am conscious of what happens, but am calm\"","isPartOf":{"@id":"https:\/\/www.fcbarcelonanoticias.com\/en\/#website"},"primaryImageOfPage":{"@id":"https:\/\/www.fcbarcelonanoticias.com\/en\/real-madrid\/zidane-i-am-conscious-of-what-happens-but-am-calm_36895_102.html#primaryimage"},"image":{"@id":"https:\/\/www.fcbarcelonanoticias.com\/en\/real-madrid\/zidane-i-am-conscious-of-what-happens-but-am-calm_36895_102.html#primaryimage"},"thumbnailUrl":"https:\/\/www.fcbarcelonanoticias.com\/en\/wp-content\/uploads\/sites\/2\/2015\/12\/zinedine-zidane-36907-2.jpeg","datePublished":"2015-12-20T08:15:00+00:00","author":{"@id":"https:\/\/www.fcbarcelonanoticias.com\/en\/#\/schema\/person\/15ee2f54c96c350bfe0645e2cd9256a8"},"description":"FCBarcelonaNoticias.com","breadcrumb":{"@id":"https:\/\/www.fcbarcelonanoticias.com\/en\/real-madrid\/zidane-i-am-conscious-of-what-happens-but-am-calm_36895_102.html#breadcrumb"},"inLanguage":"en-US","potentialAction":[{"@type":"ReadAction","target":["https:\/\/www.fcbarcelonanoticias.com\/en\/real-madrid\/zidane-i-am-conscious-of-what-happens-but-am-calm_36895_102.html"]}]},{"@type":"ImageObject","inLanguage":"en-US","@id":"https:\/\/www.fcbarcelonanoticias.com\/en\/real-madrid\/zidane-i-am-conscious-of-what-happens-but-am-calm_36895_102.html#primaryimage","url":"https:\/\/www.fcbarcelonanoticias.com\/en\/wp-content\/uploads\/sites\/2\/2015\/12\/zinedine-zidane-36907-2.jpeg","contentUrl":"https:\/\/www.fcbarcelonanoticias.com\/en\/wp-content\/uploads\/sites\/2\/2015\/12\/zinedine-zidane-36907-2.jpeg","width":610,"height":343},{"@type":"BreadcrumbList","@id":"https:\/\/www.fcbarcelonanoticias.com\/en\/real-madrid\/zidane-i-am-conscious-of-what-happens-but-am-calm_36895_102.html#breadcrumb","itemListElement":[{"@type":"ListItem","position":1,"name":"Portada","item":"https:\/\/www.fcbarcelonanoticias.com\/en\/"},{"@type":"ListItem","position":2,"name":"Zidane: &#8220;I Am conscious of what happens, but am calm&#8221;"}]},{"@type":"WebSite","@id":"https:\/\/www.fcbarcelonanoticias.com\/en\/#website","url":"https:\/\/www.fcbarcelonanoticias.com\/en\/","name":"EN - FC Barcelona Noticias","description":"","potentialAction":[{"@type":"SearchAction","target":{"@type":"EntryPoint","urlTemplate":"https:\/\/www.fcbarcelonanoticias.com\/en\/?s={search_term_string}"},"query-input":{"@type":"PropertyValueSpecification","valueRequired":true,"valueName":"search_term_string"}}],"inLanguage":"en-US"},{"@type":"Person","@id":"https:\/\/www.fcbarcelonanoticias.com\/en\/#\/schema\/person\/15ee2f54c96c350bfe0645e2cd9256a8","name":"user_4124","image":{"@type":"ImageObject","inLanguage":"en-US","@id":"https:\/\/secure.gravatar.com\/avatar\/?s=96&d=mm&r=g","url":"https:\/\/secure.gravatar.com\/avatar\/?s=96&d=mm&r=g","contentUrl":"https:\/\/secure.gravatar.com\/avatar\/?s=96&d=mm&r=g","caption":"user_4124"},"url":"https:\/\/www.fcbarcelonanoticias.com\/en\/user_4124.html"}]}},"_links":{"self":[{"href":"https:\/\/www.fcbarcelonanoticias.com\/en\/wp-json\/wp\/v2\/posts\/86706","targetHints":{"allow":["GET"]}}],"collection":[{"href":"https:\/\/www.fcbarcelonanoticias.com\/en\/wp-json\/wp\/v2\/posts"}],"about":[{"href":"https:\/\/www.fcbarcelonanoticias.com\/en\/wp-json\/wp\/v2\/types\/post"}],"author":[{"embeddable":true,"href":"https:\/\/www.fcbarcelonanoticias.com\/en\/wp-json\/wp\/v2\/users\/468"}],"replies":[{"embeddable":true,"href":"https:\/\/www.fcbarcelonanoticias.com\/en\/wp-json\/wp\/v2\/comments?post=86706"}],"version-history":[{"count":4,"href":"https:\/\/www.fcbarcelonanoticias.com\/en\/wp-json\/wp\/v2\/posts\/86706\/revisions"}],"predecessor-version":[{"id":86711,"href":"https:\/\/www.fcbarcelonanoticias.com\/en\/wp-json\/wp\/v2\/posts\/86706\/revisions\/86711"}],"wp:featuredmedia":[{"embeddable":true,"href":"https:\/\/www.fcbarcelonanoticias.com\/en\/wp-json\/wp\/v2\/media\/86717"}],"wp:attachment":[{"href":"https:\/\/www.fcbarcelonanoticias.com\/en\/wp-json\/wp\/v2\/media?parent=86706"}],"wp:term":[{"taxonomy":"category","embeddable":true,"href":"https:\/\/www.fcbarcelonanoticias.com\/en\/wp-json\/wp\/v2\/categories?post=86706"},{"taxonomy":"post_tag","embeddable":true,"href":"https:\/\/www.fcbarcelonanoticias.com\/en\/wp-json\/wp\/v2\/tags?post=86706"}],"curies":[{"name":"wp","href":"https:\/\/api.w.org\/{rel}","templated":true}]}}