{"id":86852,"date":"2023-11-07T14:36:00","date_gmt":"2023-11-07T13:36:00","guid":{"rendered":"https:\/\/weisetech.dev\/fc-barcelona-noticias\/en\/al-khelaifi-responds-to-real-madrid-after-their-statement-about-mbappe_297845_102\/"},"modified":"2023-11-07T14:39:00","modified_gmt":"2023-11-07T13:39:00","slug":"al-khelaifi-responds-to-real-madrid-after-their-statement-about-mbappe_297845_102","status":"publish","type":"post","link":"https:\/\/www.fcbarcelonanoticias.com\/en\/transfers\/al-khelaifi-responds-to-real-madrid-after-their-statement-about-mbappe_297845_102.html","title":{"rendered":"Al-Khela\u00effi &#8216;responds&#8217; to Real Madrid after their statement about Mbapp\u00e9"},"content":{"rendered":"<h2 class=\"wp-block-heading\">Recently, Real Madrid issued a statement to make it clear that they were not negotiating with Kylian Mbapp\u00e9.  Given this, now the response came from PSG, who, through their spokesperson, Nasser Al-Khela\u00effi, decided to &#8216;get wet&#8217; with this statement<\/h2>  \r\n<div class=\"article-addons\">\r\n    <a href=\"https:\/\/www.fcbarcelonanoticias.com\/en\/calendar-fc-barcelona.html\"\r\n       target=\"_self\"\r\n       title=\"Calendar of FC Barcelona\"\r\n       class=\"blue-gredient-btn\">\r\n       \r\n        Calendar of FC Barcelona    <\/a>\r\n<\/div>   <p>The &#8216;serial Mbapp\u00e9&#8217; does not detain , in spite of not being in a period where is used to converse of transactions. The name of the French star to the service of the PSG does not leave to echo and, in this opportunity,<strong> go back to be countless the rumours that link him to the Real Madrid<\/strong>. All coincide in the fact that &#8216;Donatello&#8217; will join to the white club with letter of freedom <strong>and that, from already, would be negotiating the conditions of his agreement<\/strong>. Even it arrived to affirm in the &#8216;Chiringuito&#8217; that would use the &#8217;10&#8217; in Chamart\u00edn and would earn 35 net millions by campaign.<\/p>  <p>The surprise arrived the past Saturday when the merengues, in the middle of all these rumours, broke his hermetismo regarding this case and, with a conclusive communiqu\u00e9, <a data-external=\"0\" data-intl-links-en=\"https:\/\/www.fcbarcelonanoticias.com\/en\/transfers\/strong-message-madrid-statement-to-deny-negotiations-with-mbappe_297748_102.html\" data-intl-links-es=\"https:\/\/www.fcbarcelonanoticias.com\/fichajes\/contundente-mensaje-comunicado-madrid-desmentir-negociaciones-con-mbappe_297748_102.html\" href=\"https:\/\/www.fcbarcelonanoticias.com\/en\/transfers\/strong-message-madrid-statement-to-deny-negotiations-with-mbappe_297748_102.html\" rel=\"follow\" target=\"_self\" title=\"\u00a1Contundente mensaje! Comunicado del Madrid para desmentir negociaciones con Mbapp\u00e9\">denied any type of negotiation with the native of Bondy<\/a>. <strong>They cataloged of &#8220;categorically false&#8221; all the informations associated to this transaction<\/strong>. A strategy, very probably, executed to avoid any speculation and back sanction for being negotiating with a player at present property of another club and in a period out of the statutory.<\/p>  <h2>To the-Khela\u00effi and Paris Saint-Germain &#8216;ignored&#8217; to the Real Madrid<\/h2>  <p>In front of this, one of the parts of this triad, the PSG, by means of his official spokesman, Nasser To the-Khela\u00effi, pronounced duramente regarding proclaims it merengue in an interview conceded to &#8216;The Gazzetta dello Sport&#8217;. Asever\u00f3: <strong>&#8220;I did not see the communiqu\u00e9 of the Madrid, are centred in us and in our football and no in the other&#8221;<\/strong>. It took advantage of the opportunity to undo in praises to Kylian Mbapp\u00e9 and even left to glimpse his plans to future with the ex of the Monaco.<\/p>  <p>In front of the possible renewal of the &#8216;7&#8217; of the Paris Saint-Germain, the mandator of origin catar\u00ed sustained the following: &#8220;The well is that all the world in the club is centred in the football. I think that sometimes the people goes back immune to his attainments. How many players have contested two finals of a World-wide and have marked a triplete in one of them? As I already have said before, Kylian is the best player of the world and is fantastic to see how promotes to the PSG and also to the French selection. Besides, <strong>it is a very positive influence for all the young players that have in the PSG, and helps us to build our legated future<\/strong>&#8220;.<\/p>  <h2>The future of Kylian Mbapp\u00e9 is in the air<\/h2>  <p>For now, the future of Kylian Mbapp\u00e9 no luce clear. Although from a principle the attacker <strong>expressed his wish of not renewing with the club and up to now this posture does not seem to have changed<\/strong>, it will be necessary to value the fact that the square of the French capital seems to have elaborated a project around him like figure. Also it will be necessary ponderar the contractual conditions that can offer him to a &#8216;Donatello&#8217; that at present is the referent of the club in offensive, annotating 12 goals and giving an assistance in 13 meetings with the elastic Parisian.<\/p>  <p>The Real Madrid, by his part, although it pronounced for &#8216;deny&#8217; the negotiations with the player,<strong> is very known that have like object of wish to the French<\/strong>. They tried ficharlo does already a time without success any, but if finally it finishes remaining free, <a data-external=\"0\" data-intl-links-en=\"https:\/\/www.fcbarcelonanoticias.com\/en\/real-madrid\/mbappe-follows-planning-leave-the-psg-free-in-the-summer-of-2024_295833_102.html\" data-intl-links-es=\"https:\/\/www.fcbarcelonanoticias.com\/real-madrid\/sonrie-madrid-mbappe-sigue-con-su-plan-salir-libre-en-2024-psg_295833_102.html\" href=\"https:\/\/www.fcbarcelonanoticias.com\/en\/real-madrid\/mbappe-follows-planning-leave-the-psg-free-in-the-summer-of-2024_295833_102.html\" rel=\"follow\" target=\"_self\" title=\"\u00bfSonr\u00ede el Madrid? Mbapp\u00e9 sigue con su plan de salir libre en 2024 del PSG\">is very likely that can bet by him<\/a>. In his moment, <strong>the option to incorporate it by a mount of traspaso around the 200 million euros was impensada<\/strong> for the square chaired by Florentino P\u00e9rez. However, the caution and the hermetismo around this transaction will be maximum.<\/p> ","protected":false},"excerpt":{"rendered":"<p>Recently, Real Madrid issued a statement to make it clear that they were not negotiating with Kylian Mbapp\u00e9. Given this, now the response came from PSG, who, through their spokesperson, Nasser Al-Khela\u00effi, decided to &#8216;get wet&#8217; with this statement The &#8216;serial Mbapp\u00e9&#8217; does not detain , in spite of not being in a period where [&hellip;]<\/p>\n","protected":false},"author":355,"featured_media":86858,"comment_status":"closed","ping_status":"open","sticky":false,"template":"","format":"standard","meta":{"_acf_changed":false,"inline_featured_image":false,"_nextfly_llmd_date_locked":false,"footnotes":""},"categories":[449,106],"tags":[171,88],"class_list":["post-86852","post","type-post","status-publish","format-standard","has-post-thumbnail","hentry","category-transfers-2","category-transfers","tag-mbappe","tag-paris-saint-germain"],"acf":[],"yoast_head":"<!-- This site is optimized with the Yoast SEO plugin v27.3 - https:\/\/yoast.com\/product\/yoast-seo-wordpress\/ -->\n<title>Al-Khela\u00effi &#039;responds&#039; to Real Madrid after their statement about Mbapp\u00e9<\/title>\n<meta name=\"description\" content=\"Recently, Real Madrid issued a statement to make it clear that they were not negotiating with Kylian Mbapp\u00e9. Given this, now the response came from PSG, who, through their spokesperson, Nasser Al-Khela\u00effi, decided to &#039;get wet&#039; with this statement\" \/>\n<meta name=\"robots\" content=\"index, follow, max-snippet:-1, max-image-preview:large, max-video-preview:-1\" \/>\n<link rel=\"canonical\" href=\"https:\/\/www.fcbarcelonanoticias.com\/en\/transfers\/al-khelaifi-responds-to-real-madrid-after-their-statement-about-mbappe_297845_102.html\" \/>\n<meta property=\"og:locale\" content=\"en_US\" \/>\n<meta property=\"og:type\" content=\"article\" \/>\n<meta property=\"og:title\" content=\"Al-Khela\u00effi &#039;responds&#039; to Real Madrid after their statement about Mbapp\u00e9\" \/>\n<meta property=\"og:description\" content=\"Recently, Real Madrid issued a statement to make it clear that they were not negotiating with Kylian Mbapp\u00e9. Given this, now the response came from PSG, who, through their spokesperson, Nasser Al-Khela\u00effi, decided to &#039;get wet&#039; with this statement\" \/>\n<meta property=\"og:url\" content=\"https:\/\/www.fcbarcelonanoticias.com\/en\/transfers\/al-khelaifi-responds-to-real-madrid-after-their-statement-about-mbappe_297845_102.html\" \/>\n<meta property=\"og:site_name\" content=\"EN - FC Barcelona Noticias\" \/>\n<meta property=\"article:published_time\" content=\"2023-11-07T13:36:00+00:00\" \/>\n<meta property=\"article:modified_time\" content=\"2023-11-07T13:39:00+00:00\" \/>\n<meta property=\"og:image\" content=\"https:\/\/www.fcbarcelonanoticias.com\/en\/wp-content\/uploads\/sites\/2\/2023\/11\/nasser-al-khelaifi-presidente-del-psg.png\" \/>\n\t<meta property=\"og:image:width\" content=\"1300\" \/>\n\t<meta property=\"og:image:height\" content=\"732\" \/>\n\t<meta property=\"og:image:type\" content=\"image\/png\" \/>\n<meta name=\"author\" content=\"Kevin G\u00f3mez\" \/>\n<meta name=\"twitter:card\" content=\"summary_large_image\" \/>\n<meta name=\"twitter:label1\" content=\"Written by\" \/>\n\t<meta name=\"twitter:data1\" content=\"Kevin G\u00f3mez\" \/>\n\t<meta name=\"twitter:label2\" content=\"Est. reading time\" \/>\n\t<meta name=\"twitter:data2\" content=\"3 minutes\" \/>\n<script type=\"application\/ld+json\" class=\"yoast-schema-graph\">{\"@context\":\"https:\\\/\\\/schema.org\",\"@graph\":[{\"@type\":\"Article\",\"@id\":\"https:\\\/\\\/www.fcbarcelonanoticias.com\\\/en\\\/transfers\\\/al-khelaifi-responds-to-real-madrid-after-their-statement-about-mbappe_297845_102.html#article\",\"isPartOf\":{\"@id\":\"https:\\\/\\\/www.fcbarcelonanoticias.com\\\/en\\\/transfers\\\/al-khelaifi-responds-to-real-madrid-after-their-statement-about-mbappe_297845_102.html\"},\"author\":{\"name\":\"Kevin G\u00f3mez\",\"@id\":\"https:\\\/\\\/www.fcbarcelonanoticias.com\\\/en\\\/#\\\/schema\\\/person\\\/991443f134df9a64c6874f96ff984c9d\"},\"headline\":\"Al-Khela\u00effi &#8216;responds&#8217; to Real Madrid after their statement about Mbapp\u00e9\",\"datePublished\":\"2023-11-07T13:36:00+00:00\",\"dateModified\":\"2023-11-07T13:39:00+00:00\",\"mainEntityOfPage\":{\"@id\":\"https:\\\/\\\/www.fcbarcelonanoticias.com\\\/en\\\/transfers\\\/al-khelaifi-responds-to-real-madrid-after-their-statement-about-mbappe_297845_102.html\"},\"wordCount\":662,\"image\":{\"@id\":\"https:\\\/\\\/www.fcbarcelonanoticias.com\\\/en\\\/transfers\\\/al-khelaifi-responds-to-real-madrid-after-their-statement-about-mbappe_297845_102.html#primaryimage\"},\"thumbnailUrl\":\"https:\\\/\\\/www.fcbarcelonanoticias.com\\\/en\\\/wp-content\\\/uploads\\\/sites\\\/2\\\/2023\\\/11\\\/nasser-al-khelaifi-presidente-del-psg.png\",\"keywords\":[\"Mbapp\u00e9\",\"Paris Saint-Germain\"],\"articleSection\":[\"Transfers\",\"Transfers\"],\"inLanguage\":\"en-US\"},{\"@type\":\"WebPage\",\"@id\":\"https:\\\/\\\/www.fcbarcelonanoticias.com\\\/en\\\/transfers\\\/al-khelaifi-responds-to-real-madrid-after-their-statement-about-mbappe_297845_102.html\",\"url\":\"https:\\\/\\\/www.fcbarcelonanoticias.com\\\/en\\\/transfers\\\/al-khelaifi-responds-to-real-madrid-after-their-statement-about-mbappe_297845_102.html\",\"name\":\"Al-Khela\u00effi 'responds' to Real Madrid after their statement about Mbapp\u00e9\",\"isPartOf\":{\"@id\":\"https:\\\/\\\/www.fcbarcelonanoticias.com\\\/en\\\/#website\"},\"primaryImageOfPage\":{\"@id\":\"https:\\\/\\\/www.fcbarcelonanoticias.com\\\/en\\\/transfers\\\/al-khelaifi-responds-to-real-madrid-after-their-statement-about-mbappe_297845_102.html#primaryimage\"},\"image\":{\"@id\":\"https:\\\/\\\/www.fcbarcelonanoticias.com\\\/en\\\/transfers\\\/al-khelaifi-responds-to-real-madrid-after-their-statement-about-mbappe_297845_102.html#primaryimage\"},\"thumbnailUrl\":\"https:\\\/\\\/www.fcbarcelonanoticias.com\\\/en\\\/wp-content\\\/uploads\\\/sites\\\/2\\\/2023\\\/11\\\/nasser-al-khelaifi-presidente-del-psg.png\",\"datePublished\":\"2023-11-07T13:36:00+00:00\",\"dateModified\":\"2023-11-07T13:39:00+00:00\",\"author\":{\"@id\":\"https:\\\/\\\/www.fcbarcelonanoticias.com\\\/en\\\/#\\\/schema\\\/person\\\/991443f134df9a64c6874f96ff984c9d\"},\"description\":\"Recently, Real Madrid issued a statement to make it clear that they were not negotiating with Kylian Mbapp\u00e9. Given this, now the response came from PSG, who, through their spokesperson, Nasser Al-Khela\u00effi, decided to 'get wet' with this statement\",\"breadcrumb\":{\"@id\":\"https:\\\/\\\/www.fcbarcelonanoticias.com\\\/en\\\/transfers\\\/al-khelaifi-responds-to-real-madrid-after-their-statement-about-mbappe_297845_102.html#breadcrumb\"},\"inLanguage\":\"en-US\",\"potentialAction\":[{\"@type\":\"ReadAction\",\"target\":[\"https:\\\/\\\/www.fcbarcelonanoticias.com\\\/en\\\/transfers\\\/al-khelaifi-responds-to-real-madrid-after-their-statement-about-mbappe_297845_102.html\"]}]},{\"@type\":\"ImageObject\",\"inLanguage\":\"en-US\",\"@id\":\"https:\\\/\\\/www.fcbarcelonanoticias.com\\\/en\\\/transfers\\\/al-khelaifi-responds-to-real-madrid-after-their-statement-about-mbappe_297845_102.html#primaryimage\",\"url\":\"https:\\\/\\\/www.fcbarcelonanoticias.com\\\/en\\\/wp-content\\\/uploads\\\/sites\\\/2\\\/2023\\\/11\\\/nasser-al-khelaifi-presidente-del-psg.png\",\"contentUrl\":\"https:\\\/\\\/www.fcbarcelonanoticias.com\\\/en\\\/wp-content\\\/uploads\\\/sites\\\/2\\\/2023\\\/11\\\/nasser-al-khelaifi-presidente-del-psg.png\",\"width\":1300,\"height\":732},{\"@type\":\"BreadcrumbList\",\"@id\":\"https:\\\/\\\/www.fcbarcelonanoticias.com\\\/en\\\/transfers\\\/al-khelaifi-responds-to-real-madrid-after-their-statement-about-mbappe_297845_102.html#breadcrumb\",\"itemListElement\":[{\"@type\":\"ListItem\",\"position\":1,\"name\":\"Portada\",\"item\":\"https:\\\/\\\/www.fcbarcelonanoticias.com\\\/en\\\/\"},{\"@type\":\"ListItem\",\"position\":2,\"name\":\"Al-Khela\u00effi &#8216;responds&#8217; to Real Madrid after their statement about Mbapp\u00e9\"}]},{\"@type\":\"WebSite\",\"@id\":\"https:\\\/\\\/www.fcbarcelonanoticias.com\\\/en\\\/#website\",\"url\":\"https:\\\/\\\/www.fcbarcelonanoticias.com\\\/en\\\/\",\"name\":\"EN - FC Barcelona Noticias\",\"description\":\"\",\"potentialAction\":[{\"@type\":\"SearchAction\",\"target\":{\"@type\":\"EntryPoint\",\"urlTemplate\":\"https:\\\/\\\/www.fcbarcelonanoticias.com\\\/en\\\/?s={search_term_string}\"},\"query-input\":{\"@type\":\"PropertyValueSpecification\",\"valueRequired\":true,\"valueName\":\"search_term_string\"}}],\"inLanguage\":\"en-US\"},{\"@type\":\"Person\",\"@id\":\"https:\\\/\\\/www.fcbarcelonanoticias.com\\\/en\\\/#\\\/schema\\\/person\\\/991443f134df9a64c6874f96ff984c9d\",\"name\":\"Kevin G\u00f3mez\",\"image\":{\"@type\":\"ImageObject\",\"inLanguage\":\"en-US\",\"@id\":\"https:\\\/\\\/secure.gravatar.com\\\/avatar\\\/?s=96&d=mm&r=g\",\"url\":\"https:\\\/\\\/secure.gravatar.com\\\/avatar\\\/?s=96&d=mm&r=g\",\"contentUrl\":\"https:\\\/\\\/secure.gravatar.com\\\/avatar\\\/?s=96&d=mm&r=g\",\"caption\":\"Kevin G\u00f3mez\"},\"description\":\"Licenciado\u00a0en Periodismo y Comunicaci\u00f3n Audiovisual. Redactor en FCBN responsable de cubrir toda\u00a0la informaci\u00f3n del FC Barcelona y las principales competiciones de\u00a0f\u00fatbol.\",\"url\":\"https:\\\/\\\/www.fcbarcelonanoticias.com\\\/en\\\/jugadores\\\/kevin-gomez_23_115.html\"}]}<\/script>\n<!-- \/ Yoast SEO plugin. -->","yoast_head_json":{"title":"Al-Khela\u00effi 'responds' to Real Madrid after their statement about Mbapp\u00e9","description":"Recently, Real Madrid issued a statement to make it clear that they were not negotiating with Kylian Mbapp\u00e9. Given this, now the response came from PSG, who, through their spokesperson, Nasser Al-Khela\u00effi, decided to 'get wet' with this statement","robots":{"index":"index","follow":"follow","max-snippet":"max-snippet:-1","max-image-preview":"max-image-preview:large","max-video-preview":"max-video-preview:-1"},"canonical":"https:\/\/www.fcbarcelonanoticias.com\/en\/transfers\/al-khelaifi-responds-to-real-madrid-after-their-statement-about-mbappe_297845_102.html","og_locale":"en_US","og_type":"article","og_title":"Al-Khela\u00effi 'responds' to Real Madrid after their statement about Mbapp\u00e9","og_description":"Recently, Real Madrid issued a statement to make it clear that they were not negotiating with Kylian Mbapp\u00e9. Given this, now the response came from PSG, who, through their spokesperson, Nasser Al-Khela\u00effi, decided to 'get wet' with this statement","og_url":"https:\/\/www.fcbarcelonanoticias.com\/en\/transfers\/al-khelaifi-responds-to-real-madrid-after-their-statement-about-mbappe_297845_102.html","og_site_name":"EN - FC Barcelona Noticias","article_published_time":"2023-11-07T13:36:00+00:00","article_modified_time":"2023-11-07T13:39:00+00:00","og_image":[{"width":1300,"height":732,"url":"https:\/\/www.fcbarcelonanoticias.com\/en\/wp-content\/uploads\/sites\/2\/2023\/11\/nasser-al-khelaifi-presidente-del-psg.png","type":"image\/png"}],"author":"Kevin G\u00f3mez","twitter_card":"summary_large_image","twitter_misc":{"Written by":"Kevin G\u00f3mez","Est. reading time":"3 minutes"},"schema":{"@context":"https:\/\/schema.org","@graph":[{"@type":"Article","@id":"https:\/\/www.fcbarcelonanoticias.com\/en\/transfers\/al-khelaifi-responds-to-real-madrid-after-their-statement-about-mbappe_297845_102.html#article","isPartOf":{"@id":"https:\/\/www.fcbarcelonanoticias.com\/en\/transfers\/al-khelaifi-responds-to-real-madrid-after-their-statement-about-mbappe_297845_102.html"},"author":{"name":"Kevin G\u00f3mez","@id":"https:\/\/www.fcbarcelonanoticias.com\/en\/#\/schema\/person\/991443f134df9a64c6874f96ff984c9d"},"headline":"Al-Khela\u00effi &#8216;responds&#8217; to Real Madrid after their statement about Mbapp\u00e9","datePublished":"2023-11-07T13:36:00+00:00","dateModified":"2023-11-07T13:39:00+00:00","mainEntityOfPage":{"@id":"https:\/\/www.fcbarcelonanoticias.com\/en\/transfers\/al-khelaifi-responds-to-real-madrid-after-their-statement-about-mbappe_297845_102.html"},"wordCount":662,"image":{"@id":"https:\/\/www.fcbarcelonanoticias.com\/en\/transfers\/al-khelaifi-responds-to-real-madrid-after-their-statement-about-mbappe_297845_102.html#primaryimage"},"thumbnailUrl":"https:\/\/www.fcbarcelonanoticias.com\/en\/wp-content\/uploads\/sites\/2\/2023\/11\/nasser-al-khelaifi-presidente-del-psg.png","keywords":["Mbapp\u00e9","Paris Saint-Germain"],"articleSection":["Transfers","Transfers"],"inLanguage":"en-US"},{"@type":"WebPage","@id":"https:\/\/www.fcbarcelonanoticias.com\/en\/transfers\/al-khelaifi-responds-to-real-madrid-after-their-statement-about-mbappe_297845_102.html","url":"https:\/\/www.fcbarcelonanoticias.com\/en\/transfers\/al-khelaifi-responds-to-real-madrid-after-their-statement-about-mbappe_297845_102.html","name":"Al-Khela\u00effi 'responds' to Real Madrid after their statement about Mbapp\u00e9","isPartOf":{"@id":"https:\/\/www.fcbarcelonanoticias.com\/en\/#website"},"primaryImageOfPage":{"@id":"https:\/\/www.fcbarcelonanoticias.com\/en\/transfers\/al-khelaifi-responds-to-real-madrid-after-their-statement-about-mbappe_297845_102.html#primaryimage"},"image":{"@id":"https:\/\/www.fcbarcelonanoticias.com\/en\/transfers\/al-khelaifi-responds-to-real-madrid-after-their-statement-about-mbappe_297845_102.html#primaryimage"},"thumbnailUrl":"https:\/\/www.fcbarcelonanoticias.com\/en\/wp-content\/uploads\/sites\/2\/2023\/11\/nasser-al-khelaifi-presidente-del-psg.png","datePublished":"2023-11-07T13:36:00+00:00","dateModified":"2023-11-07T13:39:00+00:00","author":{"@id":"https:\/\/www.fcbarcelonanoticias.com\/en\/#\/schema\/person\/991443f134df9a64c6874f96ff984c9d"},"description":"Recently, Real Madrid issued a statement to make it clear that they were not negotiating with Kylian Mbapp\u00e9. Given this, now the response came from PSG, who, through their spokesperson, Nasser Al-Khela\u00effi, decided to 'get wet' with this statement","breadcrumb":{"@id":"https:\/\/www.fcbarcelonanoticias.com\/en\/transfers\/al-khelaifi-responds-to-real-madrid-after-their-statement-about-mbappe_297845_102.html#breadcrumb"},"inLanguage":"en-US","potentialAction":[{"@type":"ReadAction","target":["https:\/\/www.fcbarcelonanoticias.com\/en\/transfers\/al-khelaifi-responds-to-real-madrid-after-their-statement-about-mbappe_297845_102.html"]}]},{"@type":"ImageObject","inLanguage":"en-US","@id":"https:\/\/www.fcbarcelonanoticias.com\/en\/transfers\/al-khelaifi-responds-to-real-madrid-after-their-statement-about-mbappe_297845_102.html#primaryimage","url":"https:\/\/www.fcbarcelonanoticias.com\/en\/wp-content\/uploads\/sites\/2\/2023\/11\/nasser-al-khelaifi-presidente-del-psg.png","contentUrl":"https:\/\/www.fcbarcelonanoticias.com\/en\/wp-content\/uploads\/sites\/2\/2023\/11\/nasser-al-khelaifi-presidente-del-psg.png","width":1300,"height":732},{"@type":"BreadcrumbList","@id":"https:\/\/www.fcbarcelonanoticias.com\/en\/transfers\/al-khelaifi-responds-to-real-madrid-after-their-statement-about-mbappe_297845_102.html#breadcrumb","itemListElement":[{"@type":"ListItem","position":1,"name":"Portada","item":"https:\/\/www.fcbarcelonanoticias.com\/en\/"},{"@type":"ListItem","position":2,"name":"Al-Khela\u00effi &#8216;responds&#8217; to Real Madrid after their statement about Mbapp\u00e9"}]},{"@type":"WebSite","@id":"https:\/\/www.fcbarcelonanoticias.com\/en\/#website","url":"https:\/\/www.fcbarcelonanoticias.com\/en\/","name":"EN - FC Barcelona Noticias","description":"","potentialAction":[{"@type":"SearchAction","target":{"@type":"EntryPoint","urlTemplate":"https:\/\/www.fcbarcelonanoticias.com\/en\/?s={search_term_string}"},"query-input":{"@type":"PropertyValueSpecification","valueRequired":true,"valueName":"search_term_string"}}],"inLanguage":"en-US"},{"@type":"Person","@id":"https:\/\/www.fcbarcelonanoticias.com\/en\/#\/schema\/person\/991443f134df9a64c6874f96ff984c9d","name":"Kevin G\u00f3mez","image":{"@type":"ImageObject","inLanguage":"en-US","@id":"https:\/\/secure.gravatar.com\/avatar\/?s=96&d=mm&r=g","url":"https:\/\/secure.gravatar.com\/avatar\/?s=96&d=mm&r=g","contentUrl":"https:\/\/secure.gravatar.com\/avatar\/?s=96&d=mm&r=g","caption":"Kevin G\u00f3mez"},"description":"Licenciado\u00a0en Periodismo y Comunicaci\u00f3n Audiovisual. Redactor en FCBN responsable de cubrir toda\u00a0la informaci\u00f3n del FC Barcelona y las principales competiciones de\u00a0f\u00fatbol.","url":"https:\/\/www.fcbarcelonanoticias.com\/en\/jugadores\/kevin-gomez_23_115.html"}]}},"_links":{"self":[{"href":"https:\/\/www.fcbarcelonanoticias.com\/en\/wp-json\/wp\/v2\/posts\/86852","targetHints":{"allow":["GET"]}}],"collection":[{"href":"https:\/\/www.fcbarcelonanoticias.com\/en\/wp-json\/wp\/v2\/posts"}],"about":[{"href":"https:\/\/www.fcbarcelonanoticias.com\/en\/wp-json\/wp\/v2\/types\/post"}],"author":[{"embeddable":true,"href":"https:\/\/www.fcbarcelonanoticias.com\/en\/wp-json\/wp\/v2\/users\/355"}],"replies":[{"embeddable":true,"href":"https:\/\/www.fcbarcelonanoticias.com\/en\/wp-json\/wp\/v2\/comments?post=86852"}],"version-history":[{"count":1,"href":"https:\/\/www.fcbarcelonanoticias.com\/en\/wp-json\/wp\/v2\/posts\/86852\/revisions"}],"predecessor-version":[{"id":91693,"href":"https:\/\/www.fcbarcelonanoticias.com\/en\/wp-json\/wp\/v2\/posts\/86852\/revisions\/91693"}],"wp:featuredmedia":[{"embeddable":true,"href":"https:\/\/www.fcbarcelonanoticias.com\/en\/wp-json\/wp\/v2\/media\/86858"}],"wp:attachment":[{"href":"https:\/\/www.fcbarcelonanoticias.com\/en\/wp-json\/wp\/v2\/media?parent=86852"}],"wp:term":[{"taxonomy":"category","embeddable":true,"href":"https:\/\/www.fcbarcelonanoticias.com\/en\/wp-json\/wp\/v2\/categories?post=86852"},{"taxonomy":"post_tag","embeddable":true,"href":"https:\/\/www.fcbarcelonanoticias.com\/en\/wp-json\/wp\/v2\/tags?post=86852"}],"curies":[{"name":"wp","href":"https:\/\/api.w.org\/{rel}","templated":true}]}}