{"id":86995,"date":"2016-08-14T22:57:00","date_gmt":"2016-08-14T20:57:00","guid":{"rendered":"https:\/\/weisetech.dev\/fc-barcelona-noticias\/en\/alarm-injuries-of-iniesta-and-mathieu-in-the-seville-barca_187128_102\/"},"modified":"2026-04-16T09:52:20","modified_gmt":"2026-04-16T07:52:20","slug":"alarm-injuries-of-iniesta-and-mathieu-in-the-seville-barca_187128_102","status":"publish","type":"post","link":"https:\/\/www.fcbarcelonanoticias.com\/en\/spanish-super-cup\/alarm-injuries-of-iniesta-and-mathieu-in-the-seville-barca_187128_102.html","title":{"rendered":"ALARM: Injuries of Iniesta and Mathieu in the Seville-Bar\u00e7a"},"content":{"rendered":"<h2 class=\"wp-block-heading\">Jeremy Mathieu and Andr\u00e9s Iniesta could not finish the first-half against the Seville. The French suffered a microrotura fibrilar after making a pass, whereas the manchego hurt  of a strong contusi\u00f3n of knee<\/h2>  \r\n<div class=\"article-addons\">\r\n    <a href=\"https:\/\/www.fcbarcelonanoticias.com\/en\/calendar-fc-barcelona.html\"\r\n       target=\"_self\"\r\n       title=\"Calendar of FC Barcelona\"\r\n       class=\"blue-gredient-btn\">\r\n       \r\n        Calendar of FC Barcelona    <\/a>\r\n<\/div>   <p>Bad luck for the FC Barcelona of Luis Enrique in the first-half against the Seville FC, this Sunday in the S\u00e1nchez Pizju\u00e1n. If from &#8220;FCBN&#8221; surprised us that <a href=\"https:\/\/www.fcbarcelonanoticias.com\/fichajes\/ninguno-de-los-fichajes-en-el-primer-once-del-barca-2016-17_187126_102.html\"><strong>any new signing went in in the first eleven headline<\/strong><\/a> of the Bar\u00e7a 2016-17, in the first part finish ingresando in the terrain of game two of them, Lucas Digne and Denis Su\u00e1rez.<\/p> <p>And it is that &#8220;I Struggle&#8221; it saw  forced to remove of the terrain of game to <strong>Andr\u00e9s Iniesta and Jeremy Mathieu, that  lesionaron<\/strong> by distinct circumstances. The ailment of the French produced it to him he only because of the intensity of the party. After effecting a pass, when it was him presionando N&#8217;Zonzi, the Frenchman carried  immediately the hand to the back zone of the right leg, hurting of the biceps femoral.<\/p> <p>The injury of Mathieu sucedi\u00f3 in the minute 25, whereas <strong>the one of Andr\u00e9s Iniesta would arrive hardly five minutes afterwards<\/strong>, this time in a strong crash precisely against N&#8217;Zonzi. The midfield player manchego stamped  knee with knee against the player sevillista, suffering a contusi\u00f3n that prevented him continue playing with soltura.<\/p> <p><strong>Luis Enrique changed to both by caution<\/strong>, and to day of today is an inc\u00f3gnita if any of the two will be able to be available for the party of turn of <a href=\"https:\/\/www.fcbarcelonanoticias.com\/calendario\/calendario-supercopa-de-espana-2016_181640_102.html\"><strong>the Supercopa of Spain<\/strong><\/a> in the Camp Nou, next Wednesday to the 23.00 hours (Spanish hour). In the next hours <strong>will make  medical proofs<\/strong> to both players, determining like this the times of the respective injuries.<\/p> ","protected":false},"excerpt":{"rendered":"<p>Jeremy Mathieu and Andr\u00e9s Iniesta could not finish the first-half against the Seville. The French suffered a microrotura fibrilar after making a pass, whereas the manchego hurt of a strong contusi\u00f3n of knee Bad luck for the FC Barcelona of Luis Enrique in the first-half against the Seville FC, this Sunday in the S\u00e1nchez Pizju\u00e1n. [&hellip;]<\/p>\n","protected":false},"author":366,"featured_media":86999,"comment_status":"closed","ping_status":"open","sticky":false,"template":"","format":"standard","meta":{"_acf_changed":false,"inline_featured_image":false,"_nextfly_llmd_date_locked":false,"footnotes":""},"categories":[445,128],"tags":[168,136,316,74],"class_list":["post-86995","post","type-post","status-publish","format-standard","has-post-thumbnail","hentry","category-spanish-super-cup-2","category-spanish-super-cup","tag-andres-iniesta","tag-injured","tag-jeremy-mathieu","tag-sevilla-fc"],"acf":[],"yoast_head":"<!-- This site is optimized with the Yoast SEO plugin v27.3 - https:\/\/yoast.com\/product\/yoast-seo-wordpress\/ -->\n<title>Injuries of Iniesta and Mathieu in the Seville-Bar\u00e7a<\/title>\n<meta name=\"description\" content=\"Jeremy Mathieu and Andr\u00e9s Iniesta could not finish the first-half against the Seville. The French suffered a microrotura fibrilar after making...\" \/>\n<meta name=\"robots\" content=\"index, follow, max-snippet:-1, max-image-preview:large, max-video-preview:-1\" \/>\n<link rel=\"canonical\" href=\"https:\/\/www.fcbarcelonanoticias.com\/en\/spanish-super-cup\/alarm-injuries-of-iniesta-and-mathieu-in-the-seville-barca_187128_102.html\" \/>\n<meta property=\"og:locale\" content=\"en_US\" \/>\n<meta property=\"og:type\" content=\"article\" \/>\n<meta property=\"og:title\" content=\"Injuries of Iniesta and Mathieu in the Seville-Bar\u00e7a\" \/>\n<meta property=\"og:description\" content=\"Jeremy Mathieu and Andr\u00e9s Iniesta could not finish the first-half against the Seville. The French suffered a microrotura fibrilar after making...\" \/>\n<meta property=\"og:url\" content=\"https:\/\/www.fcbarcelonanoticias.com\/en\/spanish-super-cup\/alarm-injuries-of-iniesta-and-mathieu-in-the-seville-barca_187128_102.html\" \/>\n<meta property=\"og:site_name\" content=\"EN - FC Barcelona Noticias\" \/>\n<meta property=\"article:published_time\" content=\"2016-08-14T20:57:00+00:00\" \/>\n<meta property=\"article:modified_time\" content=\"2026-04-16T07:52:20+00:00\" \/>\n<meta property=\"og:image\" content=\"https:\/\/www.fcbarcelonanoticias.com\/en\/wp-content\/uploads\/sites\/2\/2016\/08\/andres-iniesta-191403.jpeg\" \/>\n\t<meta property=\"og:image:width\" content=\"1200\" \/>\n\t<meta property=\"og:image:height\" content=\"675\" \/>\n\t<meta property=\"og:image:type\" content=\"image\/jpeg\" \/>\n<meta name=\"author\" content=\"Carlos Dom\u00ednguez\" \/>\n<meta name=\"twitter:card\" content=\"summary_large_image\" \/>\n<meta name=\"twitter:label1\" content=\"Written by\" \/>\n\t<meta name=\"twitter:data1\" content=\"Carlos Dom\u00ednguez\" \/>\n\t<meta name=\"twitter:label2\" content=\"Est. reading time\" \/>\n\t<meta name=\"twitter:data2\" content=\"1 minute\" \/>\n<script type=\"application\/ld+json\" class=\"yoast-schema-graph\">{\"@context\":\"https:\\\/\\\/schema.org\",\"@graph\":[{\"@type\":\"Article\",\"@id\":\"https:\\\/\\\/www.fcbarcelonanoticias.com\\\/en\\\/spanish-super-cup\\\/alarm-injuries-of-iniesta-and-mathieu-in-the-seville-barca_187128_102.html#article\",\"isPartOf\":{\"@id\":\"https:\\\/\\\/www.fcbarcelonanoticias.com\\\/en\\\/spanish-super-cup\\\/alarm-injuries-of-iniesta-and-mathieu-in-the-seville-barca_187128_102.html\"},\"author\":{\"name\":\"Carlos Dom\u00ednguez\",\"@id\":\"https:\\\/\\\/www.fcbarcelonanoticias.com\\\/en\\\/#\\\/schema\\\/person\\\/888e29b17b79c70d1c617d8a7bc9b8c6\"},\"headline\":\"ALARM: Injuries of Iniesta and Mathieu in the Seville-Bar\u00e7a\",\"datePublished\":\"2016-08-14T20:57:00+00:00\",\"dateModified\":\"2026-04-16T07:52:20+00:00\",\"mainEntityOfPage\":{\"@id\":\"https:\\\/\\\/www.fcbarcelonanoticias.com\\\/en\\\/spanish-super-cup\\\/alarm-injuries-of-iniesta-and-mathieu-in-the-seville-barca_187128_102.html\"},\"wordCount\":308,\"image\":{\"@id\":\"https:\\\/\\\/www.fcbarcelonanoticias.com\\\/en\\\/spanish-super-cup\\\/alarm-injuries-of-iniesta-and-mathieu-in-the-seville-barca_187128_102.html#primaryimage\"},\"thumbnailUrl\":\"https:\\\/\\\/www.fcbarcelonanoticias.com\\\/en\\\/wp-content\\\/uploads\\\/sites\\\/2\\\/2016\\\/08\\\/andres-iniesta-191403.jpeg\",\"keywords\":[\"Andr\u00e9s Iniesta\",\"injured\",\"Jeremy Mathieu\",\"Sevilla FC\"],\"articleSection\":[\"Spanish Super Cup\",\"Spanish Super Cup\"],\"inLanguage\":\"en-US\"},{\"@type\":\"WebPage\",\"@id\":\"https:\\\/\\\/www.fcbarcelonanoticias.com\\\/en\\\/spanish-super-cup\\\/alarm-injuries-of-iniesta-and-mathieu-in-the-seville-barca_187128_102.html\",\"url\":\"https:\\\/\\\/www.fcbarcelonanoticias.com\\\/en\\\/spanish-super-cup\\\/alarm-injuries-of-iniesta-and-mathieu-in-the-seville-barca_187128_102.html\",\"name\":\"Injuries of Iniesta and Mathieu in the Seville-Bar\u00e7a\",\"isPartOf\":{\"@id\":\"https:\\\/\\\/www.fcbarcelonanoticias.com\\\/en\\\/#website\"},\"primaryImageOfPage\":{\"@id\":\"https:\\\/\\\/www.fcbarcelonanoticias.com\\\/en\\\/spanish-super-cup\\\/alarm-injuries-of-iniesta-and-mathieu-in-the-seville-barca_187128_102.html#primaryimage\"},\"image\":{\"@id\":\"https:\\\/\\\/www.fcbarcelonanoticias.com\\\/en\\\/spanish-super-cup\\\/alarm-injuries-of-iniesta-and-mathieu-in-the-seville-barca_187128_102.html#primaryimage\"},\"thumbnailUrl\":\"https:\\\/\\\/www.fcbarcelonanoticias.com\\\/en\\\/wp-content\\\/uploads\\\/sites\\\/2\\\/2016\\\/08\\\/andres-iniesta-191403.jpeg\",\"datePublished\":\"2016-08-14T20:57:00+00:00\",\"dateModified\":\"2026-04-16T07:52:20+00:00\",\"author\":{\"@id\":\"https:\\\/\\\/www.fcbarcelonanoticias.com\\\/en\\\/#\\\/schema\\\/person\\\/888e29b17b79c70d1c617d8a7bc9b8c6\"},\"description\":\"Jeremy Mathieu and Andr\u00e9s Iniesta could not finish the first-half against the Seville. The French suffered a microrotura fibrilar after making...\",\"breadcrumb\":{\"@id\":\"https:\\\/\\\/www.fcbarcelonanoticias.com\\\/en\\\/spanish-super-cup\\\/alarm-injuries-of-iniesta-and-mathieu-in-the-seville-barca_187128_102.html#breadcrumb\"},\"inLanguage\":\"en-US\",\"potentialAction\":[{\"@type\":\"ReadAction\",\"target\":[\"https:\\\/\\\/www.fcbarcelonanoticias.com\\\/en\\\/spanish-super-cup\\\/alarm-injuries-of-iniesta-and-mathieu-in-the-seville-barca_187128_102.html\"]}]},{\"@type\":\"ImageObject\",\"inLanguage\":\"en-US\",\"@id\":\"https:\\\/\\\/www.fcbarcelonanoticias.com\\\/en\\\/spanish-super-cup\\\/alarm-injuries-of-iniesta-and-mathieu-in-the-seville-barca_187128_102.html#primaryimage\",\"url\":\"https:\\\/\\\/www.fcbarcelonanoticias.com\\\/en\\\/wp-content\\\/uploads\\\/sites\\\/2\\\/2016\\\/08\\\/andres-iniesta-191403.jpeg\",\"contentUrl\":\"https:\\\/\\\/www.fcbarcelonanoticias.com\\\/en\\\/wp-content\\\/uploads\\\/sites\\\/2\\\/2016\\\/08\\\/andres-iniesta-191403.jpeg\",\"width\":1200,\"height\":675},{\"@type\":\"BreadcrumbList\",\"@id\":\"https:\\\/\\\/www.fcbarcelonanoticias.com\\\/en\\\/spanish-super-cup\\\/alarm-injuries-of-iniesta-and-mathieu-in-the-seville-barca_187128_102.html#breadcrumb\",\"itemListElement\":[{\"@type\":\"ListItem\",\"position\":1,\"name\":\"Portada\",\"item\":\"https:\\\/\\\/www.fcbarcelonanoticias.com\\\/en\\\/\"},{\"@type\":\"ListItem\",\"position\":2,\"name\":\"ALARM: Injuries of Iniesta and Mathieu in the Seville-Bar\u00e7a\"}]},{\"@type\":\"WebSite\",\"@id\":\"https:\\\/\\\/www.fcbarcelonanoticias.com\\\/en\\\/#website\",\"url\":\"https:\\\/\\\/www.fcbarcelonanoticias.com\\\/en\\\/\",\"name\":\"EN - FC Barcelona Noticias\",\"description\":\"\",\"potentialAction\":[{\"@type\":\"SearchAction\",\"target\":{\"@type\":\"EntryPoint\",\"urlTemplate\":\"https:\\\/\\\/www.fcbarcelonanoticias.com\\\/en\\\/?s={search_term_string}\"},\"query-input\":{\"@type\":\"PropertyValueSpecification\",\"valueRequired\":true,\"valueName\":\"search_term_string\"}}],\"inLanguage\":\"en-US\"},{\"@type\":\"Person\",\"@id\":\"https:\\\/\\\/www.fcbarcelonanoticias.com\\\/en\\\/#\\\/schema\\\/person\\\/888e29b17b79c70d1c617d8a7bc9b8c6\",\"name\":\"Carlos Dom\u00ednguez\",\"image\":{\"@type\":\"ImageObject\",\"inLanguage\":\"en-US\",\"@id\":\"https:\\\/\\\/secure.gravatar.com\\\/avatar\\\/?s=96&d=mm&r=g\",\"url\":\"https:\\\/\\\/secure.gravatar.com\\\/avatar\\\/?s=96&d=mm&r=g\",\"contentUrl\":\"https:\\\/\\\/secure.gravatar.com\\\/avatar\\\/?s=96&d=mm&r=g\",\"caption\":\"Carlos Dom\u00ednguez\"},\"url\":\"https:\\\/\\\/www.fcbarcelonanoticias.com\\\/en\\\/carlos-dominguez_2_115.html\"}]}<\/script>\n<!-- \/ Yoast SEO plugin. -->","yoast_head_json":{"title":"Injuries of Iniesta and Mathieu in the Seville-Bar\u00e7a","description":"Jeremy Mathieu and Andr\u00e9s Iniesta could not finish the first-half against the Seville. The French suffered a microrotura fibrilar after making...","robots":{"index":"index","follow":"follow","max-snippet":"max-snippet:-1","max-image-preview":"max-image-preview:large","max-video-preview":"max-video-preview:-1"},"canonical":"https:\/\/www.fcbarcelonanoticias.com\/en\/spanish-super-cup\/alarm-injuries-of-iniesta-and-mathieu-in-the-seville-barca_187128_102.html","og_locale":"en_US","og_type":"article","og_title":"Injuries of Iniesta and Mathieu in the Seville-Bar\u00e7a","og_description":"Jeremy Mathieu and Andr\u00e9s Iniesta could not finish the first-half against the Seville. The French suffered a microrotura fibrilar after making...","og_url":"https:\/\/www.fcbarcelonanoticias.com\/en\/spanish-super-cup\/alarm-injuries-of-iniesta-and-mathieu-in-the-seville-barca_187128_102.html","og_site_name":"EN - FC Barcelona Noticias","article_published_time":"2016-08-14T20:57:00+00:00","article_modified_time":"2026-04-16T07:52:20+00:00","og_image":[{"width":1200,"height":675,"url":"https:\/\/www.fcbarcelonanoticias.com\/en\/wp-content\/uploads\/sites\/2\/2016\/08\/andres-iniesta-191403.jpeg","type":"image\/jpeg"}],"author":"Carlos Dom\u00ednguez","twitter_card":"summary_large_image","twitter_misc":{"Written by":"Carlos Dom\u00ednguez","Est. reading time":"1 minute"},"schema":{"@context":"https:\/\/schema.org","@graph":[{"@type":"Article","@id":"https:\/\/www.fcbarcelonanoticias.com\/en\/spanish-super-cup\/alarm-injuries-of-iniesta-and-mathieu-in-the-seville-barca_187128_102.html#article","isPartOf":{"@id":"https:\/\/www.fcbarcelonanoticias.com\/en\/spanish-super-cup\/alarm-injuries-of-iniesta-and-mathieu-in-the-seville-barca_187128_102.html"},"author":{"name":"Carlos Dom\u00ednguez","@id":"https:\/\/www.fcbarcelonanoticias.com\/en\/#\/schema\/person\/888e29b17b79c70d1c617d8a7bc9b8c6"},"headline":"ALARM: Injuries of Iniesta and Mathieu in the Seville-Bar\u00e7a","datePublished":"2016-08-14T20:57:00+00:00","dateModified":"2026-04-16T07:52:20+00:00","mainEntityOfPage":{"@id":"https:\/\/www.fcbarcelonanoticias.com\/en\/spanish-super-cup\/alarm-injuries-of-iniesta-and-mathieu-in-the-seville-barca_187128_102.html"},"wordCount":308,"image":{"@id":"https:\/\/www.fcbarcelonanoticias.com\/en\/spanish-super-cup\/alarm-injuries-of-iniesta-and-mathieu-in-the-seville-barca_187128_102.html#primaryimage"},"thumbnailUrl":"https:\/\/www.fcbarcelonanoticias.com\/en\/wp-content\/uploads\/sites\/2\/2016\/08\/andres-iniesta-191403.jpeg","keywords":["Andr\u00e9s Iniesta","injured","Jeremy Mathieu","Sevilla FC"],"articleSection":["Spanish Super Cup","Spanish Super Cup"],"inLanguage":"en-US"},{"@type":"WebPage","@id":"https:\/\/www.fcbarcelonanoticias.com\/en\/spanish-super-cup\/alarm-injuries-of-iniesta-and-mathieu-in-the-seville-barca_187128_102.html","url":"https:\/\/www.fcbarcelonanoticias.com\/en\/spanish-super-cup\/alarm-injuries-of-iniesta-and-mathieu-in-the-seville-barca_187128_102.html","name":"Injuries of Iniesta and Mathieu in the Seville-Bar\u00e7a","isPartOf":{"@id":"https:\/\/www.fcbarcelonanoticias.com\/en\/#website"},"primaryImageOfPage":{"@id":"https:\/\/www.fcbarcelonanoticias.com\/en\/spanish-super-cup\/alarm-injuries-of-iniesta-and-mathieu-in-the-seville-barca_187128_102.html#primaryimage"},"image":{"@id":"https:\/\/www.fcbarcelonanoticias.com\/en\/spanish-super-cup\/alarm-injuries-of-iniesta-and-mathieu-in-the-seville-barca_187128_102.html#primaryimage"},"thumbnailUrl":"https:\/\/www.fcbarcelonanoticias.com\/en\/wp-content\/uploads\/sites\/2\/2016\/08\/andres-iniesta-191403.jpeg","datePublished":"2016-08-14T20:57:00+00:00","dateModified":"2026-04-16T07:52:20+00:00","author":{"@id":"https:\/\/www.fcbarcelonanoticias.com\/en\/#\/schema\/person\/888e29b17b79c70d1c617d8a7bc9b8c6"},"description":"Jeremy Mathieu and Andr\u00e9s Iniesta could not finish the first-half against the Seville. The French suffered a microrotura fibrilar after making...","breadcrumb":{"@id":"https:\/\/www.fcbarcelonanoticias.com\/en\/spanish-super-cup\/alarm-injuries-of-iniesta-and-mathieu-in-the-seville-barca_187128_102.html#breadcrumb"},"inLanguage":"en-US","potentialAction":[{"@type":"ReadAction","target":["https:\/\/www.fcbarcelonanoticias.com\/en\/spanish-super-cup\/alarm-injuries-of-iniesta-and-mathieu-in-the-seville-barca_187128_102.html"]}]},{"@type":"ImageObject","inLanguage":"en-US","@id":"https:\/\/www.fcbarcelonanoticias.com\/en\/spanish-super-cup\/alarm-injuries-of-iniesta-and-mathieu-in-the-seville-barca_187128_102.html#primaryimage","url":"https:\/\/www.fcbarcelonanoticias.com\/en\/wp-content\/uploads\/sites\/2\/2016\/08\/andres-iniesta-191403.jpeg","contentUrl":"https:\/\/www.fcbarcelonanoticias.com\/en\/wp-content\/uploads\/sites\/2\/2016\/08\/andres-iniesta-191403.jpeg","width":1200,"height":675},{"@type":"BreadcrumbList","@id":"https:\/\/www.fcbarcelonanoticias.com\/en\/spanish-super-cup\/alarm-injuries-of-iniesta-and-mathieu-in-the-seville-barca_187128_102.html#breadcrumb","itemListElement":[{"@type":"ListItem","position":1,"name":"Portada","item":"https:\/\/www.fcbarcelonanoticias.com\/en\/"},{"@type":"ListItem","position":2,"name":"ALARM: Injuries of Iniesta and Mathieu in the Seville-Bar\u00e7a"}]},{"@type":"WebSite","@id":"https:\/\/www.fcbarcelonanoticias.com\/en\/#website","url":"https:\/\/www.fcbarcelonanoticias.com\/en\/","name":"EN - FC Barcelona Noticias","description":"","potentialAction":[{"@type":"SearchAction","target":{"@type":"EntryPoint","urlTemplate":"https:\/\/www.fcbarcelonanoticias.com\/en\/?s={search_term_string}"},"query-input":{"@type":"PropertyValueSpecification","valueRequired":true,"valueName":"search_term_string"}}],"inLanguage":"en-US"},{"@type":"Person","@id":"https:\/\/www.fcbarcelonanoticias.com\/en\/#\/schema\/person\/888e29b17b79c70d1c617d8a7bc9b8c6","name":"Carlos Dom\u00ednguez","image":{"@type":"ImageObject","inLanguage":"en-US","@id":"https:\/\/secure.gravatar.com\/avatar\/?s=96&d=mm&r=g","url":"https:\/\/secure.gravatar.com\/avatar\/?s=96&d=mm&r=g","contentUrl":"https:\/\/secure.gravatar.com\/avatar\/?s=96&d=mm&r=g","caption":"Carlos Dom\u00ednguez"},"url":"https:\/\/www.fcbarcelonanoticias.com\/en\/carlos-dominguez_2_115.html"}]}},"_links":{"self":[{"href":"https:\/\/www.fcbarcelonanoticias.com\/en\/wp-json\/wp\/v2\/posts\/86995","targetHints":{"allow":["GET"]}}],"collection":[{"href":"https:\/\/www.fcbarcelonanoticias.com\/en\/wp-json\/wp\/v2\/posts"}],"about":[{"href":"https:\/\/www.fcbarcelonanoticias.com\/en\/wp-json\/wp\/v2\/types\/post"}],"author":[{"embeddable":true,"href":"https:\/\/www.fcbarcelonanoticias.com\/en\/wp-json\/wp\/v2\/users\/366"}],"replies":[{"embeddable":true,"href":"https:\/\/www.fcbarcelonanoticias.com\/en\/wp-json\/wp\/v2\/comments?post=86995"}],"version-history":[{"count":3,"href":"https:\/\/www.fcbarcelonanoticias.com\/en\/wp-json\/wp\/v2\/posts\/86995\/revisions"}],"predecessor-version":[{"id":181527,"href":"https:\/\/www.fcbarcelonanoticias.com\/en\/wp-json\/wp\/v2\/posts\/86995\/revisions\/181527"}],"wp:featuredmedia":[{"embeddable":true,"href":"https:\/\/www.fcbarcelonanoticias.com\/en\/wp-json\/wp\/v2\/media\/86999"}],"wp:attachment":[{"href":"https:\/\/www.fcbarcelonanoticias.com\/en\/wp-json\/wp\/v2\/media?parent=86995"}],"wp:term":[{"taxonomy":"category","embeddable":true,"href":"https:\/\/www.fcbarcelonanoticias.com\/en\/wp-json\/wp\/v2\/categories?post=86995"},{"taxonomy":"post_tag","embeddable":true,"href":"https:\/\/www.fcbarcelonanoticias.com\/en\/wp-json\/wp\/v2\/tags?post=86995"}],"curies":[{"name":"wp","href":"https:\/\/api.w.org\/{rel}","templated":true}]}}