{"id":87057,"date":"2024-01-09T20:06:00","date_gmt":"2024-01-09T19:06:00","guid":{"rendered":"https:\/\/weisetech.dev\/fc-barcelona-noticias\/en\/al-khelaifi-confirms-the-agreement-with-mbappe-and-makes-psg-position-clear_299755_102\/"},"modified":"2024-01-09T20:06:00","modified_gmt":"2024-01-09T19:06:00","slug":"al-khelaifi-confirms-the-agreement-with-mbappe-and-makes-psg-position-clear_299755_102","status":"publish","type":"post","link":"https:\/\/www.fcbarcelonanoticias.com\/en\/transfers\/al-khelaifi-confirms-the-agreement-with-mbappe-and-makes-psg-position-clear_299755_102.html","title":{"rendered":"Al-Khela\u00effi confirms the agreement with Mbapp\u00e9 and makes PSG&#8217;s position clear"},"content":{"rendered":"<h2 class=\"wp-block-heading\">Kylian Mbapp\u00e9 ends his contract again this summer and has not yet decided what he will do. Real Madrid seems to be putting pressure on him to decide as soon as possible and PSG have also positioned themselves in this soap opera<\/h2>  \r\n<div class=\"article-addons\">\r\n    <a href=\"https:\/\/www.fcbarcelonanoticias.com\/en\/calendar-fc-barcelona.html\"\r\n       target=\"_self\"\r\n       title=\"Calendar of FC Barcelona\"\r\n       class=\"blue-gredient-btn\">\r\n       \r\n        Calendar of FC Barcelona    <\/a>\r\n<\/div>   <p>The &#8216;<strong><a data-external=\"0\" data-intl-links-en=\"https:\/\/www.fcbarcelonanoticias.com\/en\/transfers\/there-is-not-agreement-the-surroundings-of-mbappe-wet-and-leaves-to-fall-dart-to-madrid_299710_102.html\" data-intl-links-es=\"https:\/\/www.fcbarcelonanoticias.com\/fichajes\/no-hay-acuerdo-entorno-mbappe-se-moja-deja-caer-dardo-al-madrid_299710_102.html\" href=\"https:\/\/www.fcbarcelonanoticias.com\/en\/transfers\/there-is-not-agreement-the-surroundings-of-mbappe-wet-and-leaves-to-fall-dart-to-madrid_299710_102.html\" rel=\"follow\" target=\"_self\" title=\"\u00a1No hay acuerdo! El entorno de Mbapp\u00e9 se 'moja' y deja caer un 'dardo'&nbsp;al&nbsp;Madrid\">serial Kylian Mbapp\u00e9<\/a><\/strong>&#8216; follow writing new chapters and in this case is Paris Saint-Germain the one who has &#8216;wetted&#8217; on the subject. The French forward recognised the past week have an agreement with Nasser To the-Khela\u00effi with which went or remained all came off well, and <strong>the president has confirmed this &#8220;pact of knights&#8221; in an interview<\/strong> conceded in the program of the ex footballer Rothen.<\/p>  <p>&#8220;Kylian Is a big man, a big player, but also a big person. As it said after the Supercopa, has a deal with me.It remains between us, I do not want to reveal what there is in this agreement, but there is an agreement. <strong>I do not want to speak of money neither say how much voucher the agreement. Have a &#8216;pact of cavalier&#8217;, our pact does not have to see with the money.<\/strong> It is between a player and the president of the club, the sportive director and the trainer. It is more than an agreement signed&#8221;, affirmed the leader qatar\u00ed.<\/p>  <p>Although no desvel\u00f3 of what goes this agreement, in the French press always has said that the attacker forgave the 80 million euros of premium of fidelity that had to win this campaign. Of this form, <strong>if at the end it left free, the PSG would save an authentic dineral that would help him to square accounts,<\/strong> and the player would earn the premium of signing in his new club. In case to remain , the one of Bondy would earn the 80 and deportivamente the Parisians would come off well keeping to his big star.<\/p>  <h2>To the-Khela\u00effi left clear that the PSG can not do more by Mbapp\u00e9<\/h2>  <p>In addition to on the pact, To the-Khela\u00effi also left clear that the intention of the Frenchmen is that <strong><a data-external=\"0\" data-intl-links-en=\"https:\/\/www.fcbarcelonanoticias.com\/en\/tags\/mbappe\" data-intl-links-es=\"https:\/\/www.fcbarcelonanoticias.com\/tags\/mbappe\" href=\"https:\/\/www.fcbarcelonanoticias.com\/en\/tags\/mbappe.html\" rel=\"follow\" target=\"_self\" title=\"Mbapp\u00e9\">Mbapp\u00e9 <\/a><\/strong>remain and gave the reasons by which thinks that have done all the possible to convince to the &#8216;crack&#8217; to remain . &#8220;What want to and wish is that Mbapp\u00e9 remain . For me it is the best player of the world and for me also Paris Saint-Germain is the best club for him. <strong>We gave him all what wanted to deportivamente and build a project that is his centre, centred in him. Ojal\u00e1 Remain <\/strong>&#8220;, recognised.<\/p>  <p>To finalise, the president of the PSG wanted to command a mesnaje conclusive to the means so that they leave to speak of Mbapp\u00e9 and of his future. &#8220;<strong>Truly I ask to all the world that leave to Kylian calm. Leave us calm, are well<\/strong>&#8220;, concluded. It will be necessary to see the sense that have these statements, that can interpret of several ways. In Paris confirm that they follow trusting a new enlargement of his star, but everything will depend on he and also of the offers of Real Madrid and Liverpool that can arrive him.<\/p> ","protected":false},"excerpt":{"rendered":"<p>Kylian Mbapp\u00e9 ends his contract again this summer and has not yet decided what he will do. Real Madrid seems to be putting pressure on him to decide as soon as possible and PSG have also positioned themselves in this soap opera The &#8216;serial Kylian Mbapp\u00e9&#8216; follow writing new chapters and in this case is [&hellip;]<\/p>\n","protected":false},"author":359,"featured_media":87063,"comment_status":"closed","ping_status":"open","sticky":false,"template":"","format":"standard","meta":{"_acf_changed":false,"inline_featured_image":false,"_nextfly_llmd_date_locked":false,"footnotes":""},"categories":[449,106],"tags":[171,88],"class_list":["post-87057","post","type-post","status-publish","format-standard","has-post-thumbnail","hentry","category-transfers-2","category-transfers","tag-mbappe","tag-paris-saint-germain"],"acf":[],"yoast_head":"<!-- This site is optimized with the Yoast SEO plugin v27.3 - https:\/\/yoast.com\/product\/yoast-seo-wordpress\/ -->\n<title>Al-Khela\u00effi confirms the agreement with Mbapp\u00e9 and makes PSG&#039;s position clear<\/title>\n<meta name=\"description\" content=\"Kylian Mbapp\u00e9 Finishes again hire this summer and still has not decided what will do. The Real Madrid seems that it is him presionando so that it decide what before and from the PSG also have positioned in this &#039;serial&#039;\" \/>\n<meta name=\"robots\" content=\"index, follow, max-snippet:-1, max-image-preview:large, max-video-preview:-1\" \/>\n<link rel=\"canonical\" href=\"https:\/\/www.fcbarcelonanoticias.com\/en\/transfers\/al-khelaifi-confirms-the-agreement-with-mbappe-and-makes-psg-position-clear_299755_102.html\" \/>\n<meta property=\"og:locale\" content=\"en_US\" \/>\n<meta property=\"og:type\" content=\"article\" \/>\n<meta property=\"og:title\" content=\"Al-Khela\u00effi confirms the agreement with Mbapp\u00e9 and makes PSG&#039;s position clear\" \/>\n<meta property=\"og:description\" content=\"Kylian Mbapp\u00e9 Finishes again hire this summer and still has not decided what will do. The Real Madrid seems that it is him presionando so that it decide what before and from the PSG also have positioned in this &#039;serial&#039;\" \/>\n<meta property=\"og:url\" content=\"https:\/\/www.fcbarcelonanoticias.com\/en\/transfers\/al-khelaifi-confirms-the-agreement-with-mbappe-and-makes-psg-position-clear_299755_102.html\" \/>\n<meta property=\"og:site_name\" content=\"EN - FC Barcelona Noticias\" \/>\n<meta property=\"article:published_time\" content=\"2024-01-09T19:06:00+00:00\" \/>\n<meta property=\"og:image\" content=\"https:\/\/www.fcbarcelonanoticias.com\/en\/wp-content\/uploads\/sites\/2\/2024\/01\/mbappe-al-khelaifi.jpeg\" \/>\n\t<meta property=\"og:image:width\" content=\"1300\" \/>\n\t<meta property=\"og:image:height\" content=\"728\" \/>\n\t<meta property=\"og:image:type\" content=\"image\/jpeg\" \/>\n<meta name=\"author\" content=\"Eduardo Mart\u00edn Santos\" \/>\n<meta name=\"twitter:card\" content=\"summary_large_image\" \/>\n<meta name=\"twitter:label1\" content=\"Written by\" \/>\n\t<meta name=\"twitter:data1\" content=\"Eduardo Mart\u00edn Santos\" \/>\n\t<meta name=\"twitter:label2\" content=\"Est. reading time\" \/>\n\t<meta name=\"twitter:data2\" content=\"3 minutes\" \/>\n<script type=\"application\/ld+json\" class=\"yoast-schema-graph\">{\"@context\":\"https:\\\/\\\/schema.org\",\"@graph\":[{\"@type\":\"Article\",\"@id\":\"https:\\\/\\\/www.fcbarcelonanoticias.com\\\/en\\\/transfers\\\/al-khelaifi-confirms-the-agreement-with-mbappe-and-makes-psg-position-clear_299755_102.html#article\",\"isPartOf\":{\"@id\":\"https:\\\/\\\/www.fcbarcelonanoticias.com\\\/en\\\/transfers\\\/al-khelaifi-confirms-the-agreement-with-mbappe-and-makes-psg-position-clear_299755_102.html\"},\"author\":{\"name\":\"Eduardo Mart\u00edn Santos\",\"@id\":\"https:\\\/\\\/www.fcbarcelonanoticias.com\\\/en\\\/#\\\/schema\\\/person\\\/4bdbc782ba6060d3f7005b61e97fb753\"},\"headline\":\"Al-Khela\u00effi confirms the agreement with Mbapp\u00e9 and makes PSG&#8217;s position clear\",\"datePublished\":\"2024-01-09T19:06:00+00:00\",\"mainEntityOfPage\":{\"@id\":\"https:\\\/\\\/www.fcbarcelonanoticias.com\\\/en\\\/transfers\\\/al-khelaifi-confirms-the-agreement-with-mbappe-and-makes-psg-position-clear_299755_102.html\"},\"wordCount\":525,\"image\":{\"@id\":\"https:\\\/\\\/www.fcbarcelonanoticias.com\\\/en\\\/transfers\\\/al-khelaifi-confirms-the-agreement-with-mbappe-and-makes-psg-position-clear_299755_102.html#primaryimage\"},\"thumbnailUrl\":\"https:\\\/\\\/www.fcbarcelonanoticias.com\\\/en\\\/wp-content\\\/uploads\\\/sites\\\/2\\\/2024\\\/01\\\/mbappe-al-khelaifi.jpeg\",\"keywords\":[\"Mbapp\u00e9\",\"Paris Saint-Germain\"],\"articleSection\":[\"Transfers\",\"Transfers\"],\"inLanguage\":\"en-US\"},{\"@type\":\"WebPage\",\"@id\":\"https:\\\/\\\/www.fcbarcelonanoticias.com\\\/en\\\/transfers\\\/al-khelaifi-confirms-the-agreement-with-mbappe-and-makes-psg-position-clear_299755_102.html\",\"url\":\"https:\\\/\\\/www.fcbarcelonanoticias.com\\\/en\\\/transfers\\\/al-khelaifi-confirms-the-agreement-with-mbappe-and-makes-psg-position-clear_299755_102.html\",\"name\":\"Al-Khela\u00effi confirms the agreement with Mbapp\u00e9 and makes PSG's position clear\",\"isPartOf\":{\"@id\":\"https:\\\/\\\/www.fcbarcelonanoticias.com\\\/en\\\/#website\"},\"primaryImageOfPage\":{\"@id\":\"https:\\\/\\\/www.fcbarcelonanoticias.com\\\/en\\\/transfers\\\/al-khelaifi-confirms-the-agreement-with-mbappe-and-makes-psg-position-clear_299755_102.html#primaryimage\"},\"image\":{\"@id\":\"https:\\\/\\\/www.fcbarcelonanoticias.com\\\/en\\\/transfers\\\/al-khelaifi-confirms-the-agreement-with-mbappe-and-makes-psg-position-clear_299755_102.html#primaryimage\"},\"thumbnailUrl\":\"https:\\\/\\\/www.fcbarcelonanoticias.com\\\/en\\\/wp-content\\\/uploads\\\/sites\\\/2\\\/2024\\\/01\\\/mbappe-al-khelaifi.jpeg\",\"datePublished\":\"2024-01-09T19:06:00+00:00\",\"author\":{\"@id\":\"https:\\\/\\\/www.fcbarcelonanoticias.com\\\/en\\\/#\\\/schema\\\/person\\\/4bdbc782ba6060d3f7005b61e97fb753\"},\"description\":\"Kylian Mbapp\u00e9 Finishes again hire this summer and still has not decided what will do. The Real Madrid seems that it is him presionando so that it decide what before and from the PSG also have positioned in this 'serial'\",\"breadcrumb\":{\"@id\":\"https:\\\/\\\/www.fcbarcelonanoticias.com\\\/en\\\/transfers\\\/al-khelaifi-confirms-the-agreement-with-mbappe-and-makes-psg-position-clear_299755_102.html#breadcrumb\"},\"inLanguage\":\"en-US\",\"potentialAction\":[{\"@type\":\"ReadAction\",\"target\":[\"https:\\\/\\\/www.fcbarcelonanoticias.com\\\/en\\\/transfers\\\/al-khelaifi-confirms-the-agreement-with-mbappe-and-makes-psg-position-clear_299755_102.html\"]}]},{\"@type\":\"ImageObject\",\"inLanguage\":\"en-US\",\"@id\":\"https:\\\/\\\/www.fcbarcelonanoticias.com\\\/en\\\/transfers\\\/al-khelaifi-confirms-the-agreement-with-mbappe-and-makes-psg-position-clear_299755_102.html#primaryimage\",\"url\":\"https:\\\/\\\/www.fcbarcelonanoticias.com\\\/en\\\/wp-content\\\/uploads\\\/sites\\\/2\\\/2024\\\/01\\\/mbappe-al-khelaifi.jpeg\",\"contentUrl\":\"https:\\\/\\\/www.fcbarcelonanoticias.com\\\/en\\\/wp-content\\\/uploads\\\/sites\\\/2\\\/2024\\\/01\\\/mbappe-al-khelaifi.jpeg\",\"width\":1300,\"height\":728},{\"@type\":\"BreadcrumbList\",\"@id\":\"https:\\\/\\\/www.fcbarcelonanoticias.com\\\/en\\\/transfers\\\/al-khelaifi-confirms-the-agreement-with-mbappe-and-makes-psg-position-clear_299755_102.html#breadcrumb\",\"itemListElement\":[{\"@type\":\"ListItem\",\"position\":1,\"name\":\"Portada\",\"item\":\"https:\\\/\\\/www.fcbarcelonanoticias.com\\\/en\\\/\"},{\"@type\":\"ListItem\",\"position\":2,\"name\":\"Al-Khela\u00effi confirms the agreement with Mbapp\u00e9 and makes PSG&#8217;s position clear\"}]},{\"@type\":\"WebSite\",\"@id\":\"https:\\\/\\\/www.fcbarcelonanoticias.com\\\/en\\\/#website\",\"url\":\"https:\\\/\\\/www.fcbarcelonanoticias.com\\\/en\\\/\",\"name\":\"EN - FC Barcelona Noticias\",\"description\":\"\",\"potentialAction\":[{\"@type\":\"SearchAction\",\"target\":{\"@type\":\"EntryPoint\",\"urlTemplate\":\"https:\\\/\\\/www.fcbarcelonanoticias.com\\\/en\\\/?s={search_term_string}\"},\"query-input\":{\"@type\":\"PropertyValueSpecification\",\"valueRequired\":true,\"valueName\":\"search_term_string\"}}],\"inLanguage\":\"en-US\"},{\"@type\":\"Person\",\"@id\":\"https:\\\/\\\/www.fcbarcelonanoticias.com\\\/en\\\/#\\\/schema\\\/person\\\/4bdbc782ba6060d3f7005b61e97fb753\",\"name\":\"Eduardo Mart\u00edn Santos\",\"image\":{\"@type\":\"ImageObject\",\"inLanguage\":\"en-US\",\"@id\":\"https:\\\/\\\/secure.gravatar.com\\\/avatar\\\/?s=96&d=mm&r=g\",\"url\":\"https:\\\/\\\/secure.gravatar.com\\\/avatar\\\/?s=96&d=mm&r=g\",\"contentUrl\":\"https:\\\/\\\/secure.gravatar.com\\\/avatar\\\/?s=96&d=mm&r=g\",\"caption\":\"Eduardo Mart\u00edn Santos\"},\"url\":\"https:\\\/\\\/www.fcbarcelonanoticias.com\\\/en\\\/eduardo-martin_3_115.html\"}]}<\/script>\n<!-- \/ Yoast SEO plugin. -->","yoast_head_json":{"title":"Al-Khela\u00effi confirms the agreement with Mbapp\u00e9 and makes PSG's position clear","description":"Kylian Mbapp\u00e9 Finishes again hire this summer and still has not decided what will do. The Real Madrid seems that it is him presionando so that it decide what before and from the PSG also have positioned in this 'serial'","robots":{"index":"index","follow":"follow","max-snippet":"max-snippet:-1","max-image-preview":"max-image-preview:large","max-video-preview":"max-video-preview:-1"},"canonical":"https:\/\/www.fcbarcelonanoticias.com\/en\/transfers\/al-khelaifi-confirms-the-agreement-with-mbappe-and-makes-psg-position-clear_299755_102.html","og_locale":"en_US","og_type":"article","og_title":"Al-Khela\u00effi confirms the agreement with Mbapp\u00e9 and makes PSG's position clear","og_description":"Kylian Mbapp\u00e9 Finishes again hire this summer and still has not decided what will do. The Real Madrid seems that it is him presionando so that it decide what before and from the PSG also have positioned in this 'serial'","og_url":"https:\/\/www.fcbarcelonanoticias.com\/en\/transfers\/al-khelaifi-confirms-the-agreement-with-mbappe-and-makes-psg-position-clear_299755_102.html","og_site_name":"EN - FC Barcelona Noticias","article_published_time":"2024-01-09T19:06:00+00:00","og_image":[{"width":1300,"height":728,"url":"https:\/\/www.fcbarcelonanoticias.com\/en\/wp-content\/uploads\/sites\/2\/2024\/01\/mbappe-al-khelaifi.jpeg","type":"image\/jpeg"}],"author":"Eduardo Mart\u00edn Santos","twitter_card":"summary_large_image","twitter_misc":{"Written by":"Eduardo Mart\u00edn Santos","Est. reading time":"3 minutes"},"schema":{"@context":"https:\/\/schema.org","@graph":[{"@type":"Article","@id":"https:\/\/www.fcbarcelonanoticias.com\/en\/transfers\/al-khelaifi-confirms-the-agreement-with-mbappe-and-makes-psg-position-clear_299755_102.html#article","isPartOf":{"@id":"https:\/\/www.fcbarcelonanoticias.com\/en\/transfers\/al-khelaifi-confirms-the-agreement-with-mbappe-and-makes-psg-position-clear_299755_102.html"},"author":{"name":"Eduardo Mart\u00edn Santos","@id":"https:\/\/www.fcbarcelonanoticias.com\/en\/#\/schema\/person\/4bdbc782ba6060d3f7005b61e97fb753"},"headline":"Al-Khela\u00effi confirms the agreement with Mbapp\u00e9 and makes PSG&#8217;s position clear","datePublished":"2024-01-09T19:06:00+00:00","mainEntityOfPage":{"@id":"https:\/\/www.fcbarcelonanoticias.com\/en\/transfers\/al-khelaifi-confirms-the-agreement-with-mbappe-and-makes-psg-position-clear_299755_102.html"},"wordCount":525,"image":{"@id":"https:\/\/www.fcbarcelonanoticias.com\/en\/transfers\/al-khelaifi-confirms-the-agreement-with-mbappe-and-makes-psg-position-clear_299755_102.html#primaryimage"},"thumbnailUrl":"https:\/\/www.fcbarcelonanoticias.com\/en\/wp-content\/uploads\/sites\/2\/2024\/01\/mbappe-al-khelaifi.jpeg","keywords":["Mbapp\u00e9","Paris Saint-Germain"],"articleSection":["Transfers","Transfers"],"inLanguage":"en-US"},{"@type":"WebPage","@id":"https:\/\/www.fcbarcelonanoticias.com\/en\/transfers\/al-khelaifi-confirms-the-agreement-with-mbappe-and-makes-psg-position-clear_299755_102.html","url":"https:\/\/www.fcbarcelonanoticias.com\/en\/transfers\/al-khelaifi-confirms-the-agreement-with-mbappe-and-makes-psg-position-clear_299755_102.html","name":"Al-Khela\u00effi confirms the agreement with Mbapp\u00e9 and makes PSG's position clear","isPartOf":{"@id":"https:\/\/www.fcbarcelonanoticias.com\/en\/#website"},"primaryImageOfPage":{"@id":"https:\/\/www.fcbarcelonanoticias.com\/en\/transfers\/al-khelaifi-confirms-the-agreement-with-mbappe-and-makes-psg-position-clear_299755_102.html#primaryimage"},"image":{"@id":"https:\/\/www.fcbarcelonanoticias.com\/en\/transfers\/al-khelaifi-confirms-the-agreement-with-mbappe-and-makes-psg-position-clear_299755_102.html#primaryimage"},"thumbnailUrl":"https:\/\/www.fcbarcelonanoticias.com\/en\/wp-content\/uploads\/sites\/2\/2024\/01\/mbappe-al-khelaifi.jpeg","datePublished":"2024-01-09T19:06:00+00:00","author":{"@id":"https:\/\/www.fcbarcelonanoticias.com\/en\/#\/schema\/person\/4bdbc782ba6060d3f7005b61e97fb753"},"description":"Kylian Mbapp\u00e9 Finishes again hire this summer and still has not decided what will do. The Real Madrid seems that it is him presionando so that it decide what before and from the PSG also have positioned in this 'serial'","breadcrumb":{"@id":"https:\/\/www.fcbarcelonanoticias.com\/en\/transfers\/al-khelaifi-confirms-the-agreement-with-mbappe-and-makes-psg-position-clear_299755_102.html#breadcrumb"},"inLanguage":"en-US","potentialAction":[{"@type":"ReadAction","target":["https:\/\/www.fcbarcelonanoticias.com\/en\/transfers\/al-khelaifi-confirms-the-agreement-with-mbappe-and-makes-psg-position-clear_299755_102.html"]}]},{"@type":"ImageObject","inLanguage":"en-US","@id":"https:\/\/www.fcbarcelonanoticias.com\/en\/transfers\/al-khelaifi-confirms-the-agreement-with-mbappe-and-makes-psg-position-clear_299755_102.html#primaryimage","url":"https:\/\/www.fcbarcelonanoticias.com\/en\/wp-content\/uploads\/sites\/2\/2024\/01\/mbappe-al-khelaifi.jpeg","contentUrl":"https:\/\/www.fcbarcelonanoticias.com\/en\/wp-content\/uploads\/sites\/2\/2024\/01\/mbappe-al-khelaifi.jpeg","width":1300,"height":728},{"@type":"BreadcrumbList","@id":"https:\/\/www.fcbarcelonanoticias.com\/en\/transfers\/al-khelaifi-confirms-the-agreement-with-mbappe-and-makes-psg-position-clear_299755_102.html#breadcrumb","itemListElement":[{"@type":"ListItem","position":1,"name":"Portada","item":"https:\/\/www.fcbarcelonanoticias.com\/en\/"},{"@type":"ListItem","position":2,"name":"Al-Khela\u00effi confirms the agreement with Mbapp\u00e9 and makes PSG&#8217;s position clear"}]},{"@type":"WebSite","@id":"https:\/\/www.fcbarcelonanoticias.com\/en\/#website","url":"https:\/\/www.fcbarcelonanoticias.com\/en\/","name":"EN - FC Barcelona Noticias","description":"","potentialAction":[{"@type":"SearchAction","target":{"@type":"EntryPoint","urlTemplate":"https:\/\/www.fcbarcelonanoticias.com\/en\/?s={search_term_string}"},"query-input":{"@type":"PropertyValueSpecification","valueRequired":true,"valueName":"search_term_string"}}],"inLanguage":"en-US"},{"@type":"Person","@id":"https:\/\/www.fcbarcelonanoticias.com\/en\/#\/schema\/person\/4bdbc782ba6060d3f7005b61e97fb753","name":"Eduardo Mart\u00edn Santos","image":{"@type":"ImageObject","inLanguage":"en-US","@id":"https:\/\/secure.gravatar.com\/avatar\/?s=96&d=mm&r=g","url":"https:\/\/secure.gravatar.com\/avatar\/?s=96&d=mm&r=g","contentUrl":"https:\/\/secure.gravatar.com\/avatar\/?s=96&d=mm&r=g","caption":"Eduardo Mart\u00edn Santos"},"url":"https:\/\/www.fcbarcelonanoticias.com\/en\/eduardo-martin_3_115.html"}]}},"_links":{"self":[{"href":"https:\/\/www.fcbarcelonanoticias.com\/en\/wp-json\/wp\/v2\/posts\/87057","targetHints":{"allow":["GET"]}}],"collection":[{"href":"https:\/\/www.fcbarcelonanoticias.com\/en\/wp-json\/wp\/v2\/posts"}],"about":[{"href":"https:\/\/www.fcbarcelonanoticias.com\/en\/wp-json\/wp\/v2\/types\/post"}],"author":[{"embeddable":true,"href":"https:\/\/www.fcbarcelonanoticias.com\/en\/wp-json\/wp\/v2\/users\/359"}],"replies":[{"embeddable":true,"href":"https:\/\/www.fcbarcelonanoticias.com\/en\/wp-json\/wp\/v2\/comments?post=87057"}],"version-history":[{"count":1,"href":"https:\/\/www.fcbarcelonanoticias.com\/en\/wp-json\/wp\/v2\/posts\/87057\/revisions"}],"predecessor-version":[{"id":91742,"href":"https:\/\/www.fcbarcelonanoticias.com\/en\/wp-json\/wp\/v2\/posts\/87057\/revisions\/91742"}],"wp:featuredmedia":[{"embeddable":true,"href":"https:\/\/www.fcbarcelonanoticias.com\/en\/wp-json\/wp\/v2\/media\/87063"}],"wp:attachment":[{"href":"https:\/\/www.fcbarcelonanoticias.com\/en\/wp-json\/wp\/v2\/media?parent=87057"}],"wp:term":[{"taxonomy":"category","embeddable":true,"href":"https:\/\/www.fcbarcelonanoticias.com\/en\/wp-json\/wp\/v2\/categories?post=87057"},{"taxonomy":"post_tag","embeddable":true,"href":"https:\/\/www.fcbarcelonanoticias.com\/en\/wp-json\/wp\/v2\/tags?post=87057"}],"curies":[{"name":"wp","href":"https:\/\/api.w.org\/{rel}","templated":true}]}}