{"id":87087,"date":"2016-07-20T09:01:00","date_gmt":"2016-07-20T07:01:00","guid":{"rendered":"https:\/\/weisetech.dev\/fc-barcelona-noticias\/en\/athletic-will-face-barcelona-with-two-significant-absences_315681_102\/"},"modified":"2026-04-16T09:40:18","modified_gmt":"2026-04-16T07:40:18","slug":"fc-barcelona-and-seville-the-true-kings-of-europe_182343_102","status":"publish","type":"post","link":"https:\/\/www.fcbarcelonanoticias.com\/en\/spanish-super-cup\/fc-barcelona-and-seville-the-true-kings-of-europe_182343_102.html","title":{"rendered":"FC Barcelona and Seville, the true kings of Europe"},"content":{"rendered":"<h2 class=\"wp-block-heading\">FC Barcelona and Seville, that will see  the faces to double party in the Supercopa of Spain, are the two clubs that are reigning clearly in Europe during the last decade. The titles harvested endorse them, without place to doubts<\/h2>  \r\n<div class=\"article-addons\">\r\n    <a href=\"https:\/\/www.fcbarcelonanoticias.com\/en\/calendar-fc-barcelona.html\"\r\n       target=\"_self\"\r\n       title=\"Calendar of FC Barcelona\"\r\n       class=\"blue-gredient-btn\">\r\n       \r\n        Calendar of FC Barcelona    <\/a>\r\n<\/div>   <p>FC Barcelona and Seville, that will quote  the 14 and 17 August in the Supercopa of Spain 2016 after <strong>having conquered the League BBVA and the UEFA Europe League<\/strong> the past season, respectively, are reigning in Europe during the last decade, to tenor of the continental titles that has conquered each one of both clubs during this period.<\/p> <p><strong>Seven trophies for the Bar\u00e7a and six for the Seville<\/strong>, explaining the titles of UEFA Champions League, Supercopa of Europe and UEFA Europe League, what leaves patent the command of Barcelona and sevillistas in the old continent. The Bar\u00e7a closed the past campaign with a &#8220;doublet&#8221; of League and Glass, and now will have to bend to an old enemy in <strong>the Supercopa of Spain<\/strong>, although with some changes like the presence of Jorge Sampaoli in the bench.<\/p> <p>This last course the FC Barcelona fell in quarter-finals of UEFA Champions League against the Athletic of Madrid, but the true is that from 2006 can boast to having conquered seven European titles:&nbsp;the orejona of 2006 in front of the <strong>Arsenal<\/strong>, other two in front of <strong>Manchester United<\/strong> in 2009 and 2011 and a fourth against the <strong>Juventus<\/strong> in 2015, in addition to three Supercopas European against <strong>Shakhtar<\/strong> (2009), <strong>Carry<\/strong> (2011) and <strong>Seville<\/strong> (2015).<\/p> <p>The sevillistas were precisely in 2006 <strong>the only that won to the Bar\u00e7a in a continental final<\/strong>, although the past 11 August also were about to to snatch the Supercopa of Europe to the Bar\u00e7a after throwing of epic and trace back a 4-1 until the 5-4 final.<\/p> <p>From 2006, anyway, <strong><a href=\"https:\/\/www.fcbarcelonanoticias.com\/copa-del-rey\/el-sevilla-lanza-un-aviso-al-barca-vamos-a-por-otro-titulo_176909_102.html\">the Seville also lives raising wheel in Europe<\/a><\/strong>:&nbsp;two Glasses of the UEFA in front of <strong>Middlesbrough<\/strong> (2006) and <strong>Espanyol<\/strong> (2007); and three Europe League consecutive against <strong>Benfica<\/strong> (2014), <strong>Dnipro<\/strong> (2015) and <strong>Liverpool<\/strong> (2016). This is, without place to doubts, the best series achieved in the second European competition more prestigious. During the last 10 years, the Seville only has fallen defeated in three finals: the Supercopa of 2007 against the Milan, the one of 2014 in front of the Real Madrid and the one of 2015 in front of the FC Barcelona.<\/p> <p>Now, both clubs will see  the faces by en\u00e9sima time in a state final, this time of Supercopa of Spain, after the last final of Glass of the King in which the Bar\u00e7a  erigi\u00f3 victorious.&nbsp;However, the Seville will not put the easy things and <strong>the ones of Luis Enrique know that they will not be able to fiarse<\/strong>. You do not forget to consult the <a href=\"https:\/\/www.fcbarcelonanoticias.com\/calendario\/calendario-supercopa-de-espana-2016_181640_102.html\"><strong>calendar of the Supercopa of Spain 2016<\/strong><\/a>. The <a href=\"https:\/\/www.fcbarcelonanoticias.com\/entradas-fcbarcelona.html\"><strong>entrances for the two parties<\/strong><\/a> already are available.<\/p> ","protected":false},"excerpt":{"rendered":"<p>FC Barcelona and Seville, that will see the faces to double party in the Supercopa of Spain, are the two clubs that are reigning clearly in Europe during the last decade. The titles harvested endorse them, without place to doubts FC Barcelona and Seville, that will quote the 14 and 17 August in the Supercopa [&hellip;]<\/p>\n","protected":false},"author":366,"featured_media":87101,"comment_status":"closed","ping_status":"open","sticky":false,"template":"","format":"standard","meta":{"_acf_changed":false,"inline_featured_image":false,"_nextfly_llmd_date_locked":false,"footnotes":""},"categories":[445,128],"tags":[74,157],"class_list":["post-87087","post","type-post","status-publish","format-standard","has-post-thumbnail","hentry","category-spanish-super-cup-2","category-spanish-super-cup","tag-sevilla-fc","tag-statistics"],"acf":[],"yoast_head":"<!-- This site is optimized with the Yoast SEO plugin v27.3 - https:\/\/yoast.com\/product\/yoast-seo-wordpress\/ -->\n<title>FC Barcelona and Seville, the true kings of Europe<\/title>\n<meta name=\"description\" content=\"FC Barcelona and Seville, that will see the faces to double party in the Supercopa of Spain, are the two clubs that are reigning clearly in...\" \/>\n<meta name=\"robots\" content=\"index, follow, max-snippet:-1, max-image-preview:large, max-video-preview:-1\" \/>\n<link rel=\"canonical\" href=\"https:\/\/www.fcbarcelonanoticias.com\/en\/spanish-super-cup\/fc-barcelona-and-seville-the-true-kings-of-europe_182343_102.html\" \/>\n<meta property=\"og:locale\" content=\"en_US\" \/>\n<meta property=\"og:type\" content=\"article\" \/>\n<meta property=\"og:title\" content=\"FC Barcelona and Seville, the true kings of Europe\" \/>\n<meta property=\"og:description\" content=\"FC Barcelona and Seville, that will see the faces to double party in the Supercopa of Spain, are the two clubs that are reigning clearly in...\" \/>\n<meta property=\"og:url\" content=\"https:\/\/www.fcbarcelonanoticias.com\/en\/spanish-super-cup\/fc-barcelona-and-seville-the-true-kings-of-europe_182343_102.html\" \/>\n<meta property=\"og:site_name\" content=\"EN - FC Barcelona Noticias\" \/>\n<meta property=\"article:published_time\" content=\"2016-07-20T07:01:00+00:00\" \/>\n<meta property=\"article:modified_time\" content=\"2026-04-16T07:40:18+00:00\" \/>\n<meta property=\"og:image\" content=\"https:\/\/www.fcbarcelonanoticias.com\/en\/wp-content\/uploads\/sites\/2\/2016\/07\/messi-sevilla-178994.jpeg\" \/>\n\t<meta property=\"og:image:width\" content=\"1199\" \/>\n\t<meta property=\"og:image:height\" content=\"674\" \/>\n\t<meta property=\"og:image:type\" content=\"image\/jpeg\" \/>\n<meta name=\"author\" content=\"Carlos Dom\u00ednguez\" \/>\n<meta name=\"twitter:card\" content=\"summary_large_image\" \/>\n<meta name=\"twitter:label1\" content=\"Written by\" \/>\n\t<meta name=\"twitter:data1\" content=\"Carlos Dom\u00ednguez\" \/>\n\t<meta name=\"twitter:label2\" content=\"Est. reading time\" \/>\n\t<meta name=\"twitter:data2\" content=\"2 minutes\" \/>\n<script type=\"application\/ld+json\" class=\"yoast-schema-graph\">{\"@context\":\"https:\\\/\\\/schema.org\",\"@graph\":[{\"@type\":\"Article\",\"@id\":\"https:\\\/\\\/www.fcbarcelonanoticias.com\\\/en\\\/spanish-super-cup\\\/fc-barcelona-and-seville-the-true-kings-of-europe_182343_102.html#article\",\"isPartOf\":{\"@id\":\"https:\\\/\\\/www.fcbarcelonanoticias.com\\\/en\\\/spanish-super-cup\\\/fc-barcelona-and-seville-the-true-kings-of-europe_182343_102.html\"},\"author\":{\"name\":\"Carlos Dom\u00ednguez\",\"@id\":\"https:\\\/\\\/www.fcbarcelonanoticias.com\\\/en\\\/#\\\/schema\\\/person\\\/888e29b17b79c70d1c617d8a7bc9b8c6\"},\"headline\":\"FC Barcelona and Seville, the true kings of Europe\",\"datePublished\":\"2016-07-20T07:01:00+00:00\",\"dateModified\":\"2026-04-16T07:40:18+00:00\",\"mainEntityOfPage\":{\"@id\":\"https:\\\/\\\/www.fcbarcelonanoticias.com\\\/en\\\/spanish-super-cup\\\/fc-barcelona-and-seville-the-true-kings-of-europe_182343_102.html\"},\"wordCount\":471,\"image\":{\"@id\":\"https:\\\/\\\/www.fcbarcelonanoticias.com\\\/en\\\/spanish-super-cup\\\/fc-barcelona-and-seville-the-true-kings-of-europe_182343_102.html#primaryimage\"},\"thumbnailUrl\":\"https:\\\/\\\/www.fcbarcelonanoticias.com\\\/en\\\/wp-content\\\/uploads\\\/sites\\\/2\\\/2016\\\/07\\\/messi-sevilla-178994.jpeg\",\"keywords\":[\"Sevilla FC\",\"Statistics\"],\"articleSection\":[\"Spanish Super Cup\",\"Spanish Super Cup\"],\"inLanguage\":\"en-US\"},{\"@type\":\"WebPage\",\"@id\":\"https:\\\/\\\/www.fcbarcelonanoticias.com\\\/en\\\/spanish-super-cup\\\/fc-barcelona-and-seville-the-true-kings-of-europe_182343_102.html\",\"url\":\"https:\\\/\\\/www.fcbarcelonanoticias.com\\\/en\\\/spanish-super-cup\\\/fc-barcelona-and-seville-the-true-kings-of-europe_182343_102.html\",\"name\":\"FC Barcelona and Seville, the true kings of Europe\",\"isPartOf\":{\"@id\":\"https:\\\/\\\/www.fcbarcelonanoticias.com\\\/en\\\/#website\"},\"primaryImageOfPage\":{\"@id\":\"https:\\\/\\\/www.fcbarcelonanoticias.com\\\/en\\\/spanish-super-cup\\\/fc-barcelona-and-seville-the-true-kings-of-europe_182343_102.html#primaryimage\"},\"image\":{\"@id\":\"https:\\\/\\\/www.fcbarcelonanoticias.com\\\/en\\\/spanish-super-cup\\\/fc-barcelona-and-seville-the-true-kings-of-europe_182343_102.html#primaryimage\"},\"thumbnailUrl\":\"https:\\\/\\\/www.fcbarcelonanoticias.com\\\/en\\\/wp-content\\\/uploads\\\/sites\\\/2\\\/2016\\\/07\\\/messi-sevilla-178994.jpeg\",\"datePublished\":\"2016-07-20T07:01:00+00:00\",\"dateModified\":\"2026-04-16T07:40:18+00:00\",\"author\":{\"@id\":\"https:\\\/\\\/www.fcbarcelonanoticias.com\\\/en\\\/#\\\/schema\\\/person\\\/888e29b17b79c70d1c617d8a7bc9b8c6\"},\"description\":\"FC Barcelona and Seville, that will see the faces to double party in the Supercopa of Spain, are the two clubs that are reigning clearly in...\",\"breadcrumb\":{\"@id\":\"https:\\\/\\\/www.fcbarcelonanoticias.com\\\/en\\\/spanish-super-cup\\\/fc-barcelona-and-seville-the-true-kings-of-europe_182343_102.html#breadcrumb\"},\"inLanguage\":\"en-US\",\"potentialAction\":[{\"@type\":\"ReadAction\",\"target\":[\"https:\\\/\\\/www.fcbarcelonanoticias.com\\\/en\\\/spanish-super-cup\\\/fc-barcelona-and-seville-the-true-kings-of-europe_182343_102.html\"]}]},{\"@type\":\"ImageObject\",\"inLanguage\":\"en-US\",\"@id\":\"https:\\\/\\\/www.fcbarcelonanoticias.com\\\/en\\\/spanish-super-cup\\\/fc-barcelona-and-seville-the-true-kings-of-europe_182343_102.html#primaryimage\",\"url\":\"https:\\\/\\\/www.fcbarcelonanoticias.com\\\/en\\\/wp-content\\\/uploads\\\/sites\\\/2\\\/2016\\\/07\\\/messi-sevilla-178994.jpeg\",\"contentUrl\":\"https:\\\/\\\/www.fcbarcelonanoticias.com\\\/en\\\/wp-content\\\/uploads\\\/sites\\\/2\\\/2016\\\/07\\\/messi-sevilla-178994.jpeg\",\"width\":1199,\"height\":674},{\"@type\":\"BreadcrumbList\",\"@id\":\"https:\\\/\\\/www.fcbarcelonanoticias.com\\\/en\\\/spanish-super-cup\\\/fc-barcelona-and-seville-the-true-kings-of-europe_182343_102.html#breadcrumb\",\"itemListElement\":[{\"@type\":\"ListItem\",\"position\":1,\"name\":\"Portada\",\"item\":\"https:\\\/\\\/www.fcbarcelonanoticias.com\\\/en\\\/\"},{\"@type\":\"ListItem\",\"position\":2,\"name\":\"FC Barcelona and Seville, the true kings of Europe\"}]},{\"@type\":\"WebSite\",\"@id\":\"https:\\\/\\\/www.fcbarcelonanoticias.com\\\/en\\\/#website\",\"url\":\"https:\\\/\\\/www.fcbarcelonanoticias.com\\\/en\\\/\",\"name\":\"EN - FC Barcelona Noticias\",\"description\":\"\",\"potentialAction\":[{\"@type\":\"SearchAction\",\"target\":{\"@type\":\"EntryPoint\",\"urlTemplate\":\"https:\\\/\\\/www.fcbarcelonanoticias.com\\\/en\\\/?s={search_term_string}\"},\"query-input\":{\"@type\":\"PropertyValueSpecification\",\"valueRequired\":true,\"valueName\":\"search_term_string\"}}],\"inLanguage\":\"en-US\"},{\"@type\":\"Person\",\"@id\":\"https:\\\/\\\/www.fcbarcelonanoticias.com\\\/en\\\/#\\\/schema\\\/person\\\/888e29b17b79c70d1c617d8a7bc9b8c6\",\"name\":\"Carlos Dom\u00ednguez\",\"image\":{\"@type\":\"ImageObject\",\"inLanguage\":\"en-US\",\"@id\":\"https:\\\/\\\/secure.gravatar.com\\\/avatar\\\/?s=96&d=mm&r=g\",\"url\":\"https:\\\/\\\/secure.gravatar.com\\\/avatar\\\/?s=96&d=mm&r=g\",\"contentUrl\":\"https:\\\/\\\/secure.gravatar.com\\\/avatar\\\/?s=96&d=mm&r=g\",\"caption\":\"Carlos Dom\u00ednguez\"},\"url\":\"https:\\\/\\\/www.fcbarcelonanoticias.com\\\/en\\\/carlos-dominguez_2_115.html\"}]}<\/script>\n<!-- \/ Yoast SEO plugin. -->","yoast_head_json":{"title":"FC Barcelona and Seville, the true kings of Europe","description":"FC Barcelona and Seville, that will see the faces to double party in the Supercopa of Spain, are the two clubs that are reigning clearly in...","robots":{"index":"index","follow":"follow","max-snippet":"max-snippet:-1","max-image-preview":"max-image-preview:large","max-video-preview":"max-video-preview:-1"},"canonical":"https:\/\/www.fcbarcelonanoticias.com\/en\/spanish-super-cup\/fc-barcelona-and-seville-the-true-kings-of-europe_182343_102.html","og_locale":"en_US","og_type":"article","og_title":"FC Barcelona and Seville, the true kings of Europe","og_description":"FC Barcelona and Seville, that will see the faces to double party in the Supercopa of Spain, are the two clubs that are reigning clearly in...","og_url":"https:\/\/www.fcbarcelonanoticias.com\/en\/spanish-super-cup\/fc-barcelona-and-seville-the-true-kings-of-europe_182343_102.html","og_site_name":"EN - FC Barcelona Noticias","article_published_time":"2016-07-20T07:01:00+00:00","article_modified_time":"2026-04-16T07:40:18+00:00","og_image":[{"width":1199,"height":674,"url":"https:\/\/www.fcbarcelonanoticias.com\/en\/wp-content\/uploads\/sites\/2\/2016\/07\/messi-sevilla-178994.jpeg","type":"image\/jpeg"}],"author":"Carlos Dom\u00ednguez","twitter_card":"summary_large_image","twitter_misc":{"Written by":"Carlos Dom\u00ednguez","Est. reading time":"2 minutes"},"schema":{"@context":"https:\/\/schema.org","@graph":[{"@type":"Article","@id":"https:\/\/www.fcbarcelonanoticias.com\/en\/spanish-super-cup\/fc-barcelona-and-seville-the-true-kings-of-europe_182343_102.html#article","isPartOf":{"@id":"https:\/\/www.fcbarcelonanoticias.com\/en\/spanish-super-cup\/fc-barcelona-and-seville-the-true-kings-of-europe_182343_102.html"},"author":{"name":"Carlos Dom\u00ednguez","@id":"https:\/\/www.fcbarcelonanoticias.com\/en\/#\/schema\/person\/888e29b17b79c70d1c617d8a7bc9b8c6"},"headline":"FC Barcelona and Seville, the true kings of Europe","datePublished":"2016-07-20T07:01:00+00:00","dateModified":"2026-04-16T07:40:18+00:00","mainEntityOfPage":{"@id":"https:\/\/www.fcbarcelonanoticias.com\/en\/spanish-super-cup\/fc-barcelona-and-seville-the-true-kings-of-europe_182343_102.html"},"wordCount":471,"image":{"@id":"https:\/\/www.fcbarcelonanoticias.com\/en\/spanish-super-cup\/fc-barcelona-and-seville-the-true-kings-of-europe_182343_102.html#primaryimage"},"thumbnailUrl":"https:\/\/www.fcbarcelonanoticias.com\/en\/wp-content\/uploads\/sites\/2\/2016\/07\/messi-sevilla-178994.jpeg","keywords":["Sevilla FC","Statistics"],"articleSection":["Spanish Super Cup","Spanish Super Cup"],"inLanguage":"en-US"},{"@type":"WebPage","@id":"https:\/\/www.fcbarcelonanoticias.com\/en\/spanish-super-cup\/fc-barcelona-and-seville-the-true-kings-of-europe_182343_102.html","url":"https:\/\/www.fcbarcelonanoticias.com\/en\/spanish-super-cup\/fc-barcelona-and-seville-the-true-kings-of-europe_182343_102.html","name":"FC Barcelona and Seville, the true kings of Europe","isPartOf":{"@id":"https:\/\/www.fcbarcelonanoticias.com\/en\/#website"},"primaryImageOfPage":{"@id":"https:\/\/www.fcbarcelonanoticias.com\/en\/spanish-super-cup\/fc-barcelona-and-seville-the-true-kings-of-europe_182343_102.html#primaryimage"},"image":{"@id":"https:\/\/www.fcbarcelonanoticias.com\/en\/spanish-super-cup\/fc-barcelona-and-seville-the-true-kings-of-europe_182343_102.html#primaryimage"},"thumbnailUrl":"https:\/\/www.fcbarcelonanoticias.com\/en\/wp-content\/uploads\/sites\/2\/2016\/07\/messi-sevilla-178994.jpeg","datePublished":"2016-07-20T07:01:00+00:00","dateModified":"2026-04-16T07:40:18+00:00","author":{"@id":"https:\/\/www.fcbarcelonanoticias.com\/en\/#\/schema\/person\/888e29b17b79c70d1c617d8a7bc9b8c6"},"description":"FC Barcelona and Seville, that will see the faces to double party in the Supercopa of Spain, are the two clubs that are reigning clearly in...","breadcrumb":{"@id":"https:\/\/www.fcbarcelonanoticias.com\/en\/spanish-super-cup\/fc-barcelona-and-seville-the-true-kings-of-europe_182343_102.html#breadcrumb"},"inLanguage":"en-US","potentialAction":[{"@type":"ReadAction","target":["https:\/\/www.fcbarcelonanoticias.com\/en\/spanish-super-cup\/fc-barcelona-and-seville-the-true-kings-of-europe_182343_102.html"]}]},{"@type":"ImageObject","inLanguage":"en-US","@id":"https:\/\/www.fcbarcelonanoticias.com\/en\/spanish-super-cup\/fc-barcelona-and-seville-the-true-kings-of-europe_182343_102.html#primaryimage","url":"https:\/\/www.fcbarcelonanoticias.com\/en\/wp-content\/uploads\/sites\/2\/2016\/07\/messi-sevilla-178994.jpeg","contentUrl":"https:\/\/www.fcbarcelonanoticias.com\/en\/wp-content\/uploads\/sites\/2\/2016\/07\/messi-sevilla-178994.jpeg","width":1199,"height":674},{"@type":"BreadcrumbList","@id":"https:\/\/www.fcbarcelonanoticias.com\/en\/spanish-super-cup\/fc-barcelona-and-seville-the-true-kings-of-europe_182343_102.html#breadcrumb","itemListElement":[{"@type":"ListItem","position":1,"name":"Portada","item":"https:\/\/www.fcbarcelonanoticias.com\/en\/"},{"@type":"ListItem","position":2,"name":"FC Barcelona and Seville, the true kings of Europe"}]},{"@type":"WebSite","@id":"https:\/\/www.fcbarcelonanoticias.com\/en\/#website","url":"https:\/\/www.fcbarcelonanoticias.com\/en\/","name":"EN - FC Barcelona Noticias","description":"","potentialAction":[{"@type":"SearchAction","target":{"@type":"EntryPoint","urlTemplate":"https:\/\/www.fcbarcelonanoticias.com\/en\/?s={search_term_string}"},"query-input":{"@type":"PropertyValueSpecification","valueRequired":true,"valueName":"search_term_string"}}],"inLanguage":"en-US"},{"@type":"Person","@id":"https:\/\/www.fcbarcelonanoticias.com\/en\/#\/schema\/person\/888e29b17b79c70d1c617d8a7bc9b8c6","name":"Carlos Dom\u00ednguez","image":{"@type":"ImageObject","inLanguage":"en-US","@id":"https:\/\/secure.gravatar.com\/avatar\/?s=96&d=mm&r=g","url":"https:\/\/secure.gravatar.com\/avatar\/?s=96&d=mm&r=g","contentUrl":"https:\/\/secure.gravatar.com\/avatar\/?s=96&d=mm&r=g","caption":"Carlos Dom\u00ednguez"},"url":"https:\/\/www.fcbarcelonanoticias.com\/en\/carlos-dominguez_2_115.html"}]}},"_links":{"self":[{"href":"https:\/\/www.fcbarcelonanoticias.com\/en\/wp-json\/wp\/v2\/posts\/87087","targetHints":{"allow":["GET"]}}],"collection":[{"href":"https:\/\/www.fcbarcelonanoticias.com\/en\/wp-json\/wp\/v2\/posts"}],"about":[{"href":"https:\/\/www.fcbarcelonanoticias.com\/en\/wp-json\/wp\/v2\/types\/post"}],"author":[{"embeddable":true,"href":"https:\/\/www.fcbarcelonanoticias.com\/en\/wp-json\/wp\/v2\/users\/366"}],"replies":[{"embeddable":true,"href":"https:\/\/www.fcbarcelonanoticias.com\/en\/wp-json\/wp\/v2\/comments?post=87087"}],"version-history":[{"count":5,"href":"https:\/\/www.fcbarcelonanoticias.com\/en\/wp-json\/wp\/v2\/posts\/87087\/revisions"}],"predecessor-version":[{"id":178253,"href":"https:\/\/www.fcbarcelonanoticias.com\/en\/wp-json\/wp\/v2\/posts\/87087\/revisions\/178253"}],"wp:featuredmedia":[{"embeddable":true,"href":"https:\/\/www.fcbarcelonanoticias.com\/en\/wp-json\/wp\/v2\/media\/87101"}],"wp:attachment":[{"href":"https:\/\/www.fcbarcelonanoticias.com\/en\/wp-json\/wp\/v2\/media?parent=87087"}],"wp:term":[{"taxonomy":"category","embeddable":true,"href":"https:\/\/www.fcbarcelonanoticias.com\/en\/wp-json\/wp\/v2\/categories?post=87087"},{"taxonomy":"post_tag","embeddable":true,"href":"https:\/\/www.fcbarcelonanoticias.com\/en\/wp-json\/wp\/v2\/tags?post=87087"}],"curies":[{"name":"wp","href":"https:\/\/api.w.org\/{rel}","templated":true}]}}