{"id":87161,"date":"2024-04-04T17:58:00","date_gmt":"2024-04-04T15:58:00","guid":{"rendered":"https:\/\/weisetech.dev\/fc-barcelona-noticias\/en\/alex-baena-signing-wished-that-it-will-follow-him-resisting-nbsp-to-the-nbsp-barca_302314_102\/"},"modified":"2024-04-04T17:58:00","modified_gmt":"2024-04-04T15:58:00","slug":"alex-baena-signing-wished-that-it-will-follow-him-resisting-nbsp-to-the-nbsp-barca_302314_102","status":"publish","type":"post","link":"https:\/\/www.fcbarcelonanoticias.com\/en\/transfers\/alex-baena-signing-wished-that-it-will-follow-him-resisting-nbsp-to-the-nbsp-barca_302314_102.html","title":{"rendered":"\u00c1lex Baena, a desired signing that will continue to resist Bar\u00e7a"},"content":{"rendered":"<h2 class=\"wp-block-heading\">FC Barcelona has had \u00c1lex Baena, a Villarreal player, on its agenda for some years. He is a player who would fit into the team, but his transfer has always been an impossible &#8216;dream&#8217;. This summer, your situation will not change<\/h2>  \r\n<div class=\"article-addons\">\r\n    <a href=\"https:\/\/www.fcbarcelonanoticias.com\/en\/calendar-fc-barcelona.html\"\r\n       target=\"_self\"\r\n       title=\"Calendar of FC Barcelona\"\r\n       class=\"blue-gredient-btn\">\r\n       \r\n        Calendar of FC Barcelona    <\/a>\r\n<\/div>   <p>In the FC Barcelona have begun to &#8216;take out&#8217; accounts of face to the season that comes, <strong>trying find a formula to reinforce his staff without breaking with the parameters of the Fair Play Financial.<\/strong> The club does not cross by his best situacion and, although <a data-external=\"0\" data-intl-links-en=\"https:\/\/www.fcbarcelonanoticias.com\/en\/transfers\/the-barca-touch-the-door-of-laliga-to-begin-his-plan-of-signings-for-the-2024-25_302229_102.html\" data-intl-links-es=\"https:\/\/www.fcbarcelonanoticias.com\/fichajes\/barca-toca-puerta-laliga-comenzar-su-plan-fichajes-2024-25_302229_102.html\" href=\"https:\/\/www.fcbarcelonanoticias.com\/en\/transfers\/the-barca-touch-the-door-of-laliga-to-begin-his-plan-of-signings-for-the-2024-25_302229_102.html\" rel=\"follow\" target=\"_self\" title=\"El Bar\u00e7a 'toca' la puerta de LaLiga para comenzar su plan de fichajes para la 2024\/25\">they expect flexibilizaci\u00f3n of the measures of the economic control<\/a>, are conscious that they will not be able to incorporate a lot of players. In summary, will have to define very well his priorities -once again- before going out to the market.<\/p>  <p>The eternal crisis of the cul\u00e9s causes that, year after year, descarten signings that can be &#8216;strategic&#8217; for the club, as it is the case of \u00c1lex Baena that carries several years in the diary, but has been a case &#8216;impossible&#8217;. From SPORT have aimed that the reports that has the Bar\u00e7a of the midfield player almeriense are very positive and confirm that it would fit, by confeccion of the staff, in the team. However, it is not an urgency&#8230; <strong>And there is not, neither, how tackle the operation. <\/strong><\/p>  <p>In the City Condal have valued his incorporation by several reasons: His polivalencia, because it can play so much of inner as of false extreme by the left, his good reading of the game and of the spaces. <strong>It is a player that has fit in the needs of the cul\u00e9s, but that has turned into an almost impossible option by the economic factor.<\/strong> In January of the past year renewed his agreement with the Villarreal, until 30 June 2028, and in the Bar\u00e7a think that his clause of rescission round the 40 million euros.<\/p>  <h2>The price and the continuity of Joao F\u00e9lix &#8216;condition&#8217; any signing<\/h2>  <p>It is a mount that, obviously, in the Catalan club can not allow in the actuality. All the reinforcements for this summer will be strategic and, in the measure of the possibilities, &#8216;low cost&#8217;. The Villarreal is not a team that &#8216;give&#8217; to his players, much less when they pretend them teams of LaLiga. <strong>Already they had a bad experience with Juan Foyth, when they pretended him to reinforce the right side and the figures for his sale were very high. <\/strong><\/p>  <p>Besides, another factor that &#8216;hamper&#8217; a hypothetical incorporation of Baena is the more than possible continuity of Joao F\u00e9lix. <strong>They are players very different, but has the &#8216;square&#8217; of left extreme in the Bar\u00e7a.<\/strong> The conditions in which the Portuguese would continue, to fault in accordance with the Athletic of Madrid, would be much more favourable for the Barcelona to economic level. The possibility that the ex of Girona arrive to the club are minimum to average term.<\/p> ","protected":false},"excerpt":{"rendered":"<p>FC Barcelona has had \u00c1lex Baena, a Villarreal player, on its agenda for some years. He is a player who would fit into the team, but his transfer has always been an impossible &#8216;dream&#8217;. This summer, your situation will not change In the FC Barcelona have begun to &#8216;take out&#8217; accounts of face to the [&hellip;]<\/p>\n","protected":false},"author":0,"featured_media":86501,"comment_status":"closed","ping_status":"open","sticky":false,"template":"","format":"standard","meta":{"_acf_changed":false,"inline_featured_image":false,"_nextfly_llmd_date_locked":false,"footnotes":""},"categories":[449,106],"tags":[93],"class_list":["post-87161","post","type-post","status-publish","format-standard","has-post-thumbnail","hentry","category-transfers-2","category-transfers","tag-villarreal-cf"],"acf":[],"yoast_head":"<!-- This site is optimized with the Yoast SEO plugin v27.3 - https:\/\/yoast.com\/product\/yoast-seo-wordpress\/ -->\n<title>\u00c1lex Baena, a signing wished that it will follow him resisting&nbsp;to the&nbsp;Bar\u00e7a<\/title>\n<meta name=\"description\" content=\"The FC Barcelona has had to \u00c1lex Baena, player of the Villarreal, in his diary from does some years. It is a player that would fit in the team, but his traspaso always has been a &#039;dream&#039; impossible. This summer, will not change his situation\" \/>\n<meta name=\"robots\" content=\"index, follow, max-snippet:-1, max-image-preview:large, max-video-preview:-1\" \/>\n<link rel=\"canonical\" href=\"https:\/\/www.fcbarcelonanoticias.com\/en\/transfers\/alex-baena-signing-wished-that-it-will-follow-him-resisting-nbsp-to-the-nbsp-barca_302314_102.html\" \/>\n<meta property=\"og:locale\" content=\"en_US\" \/>\n<meta property=\"og:type\" content=\"article\" \/>\n<meta property=\"og:title\" content=\"\u00c1lex Baena, a signing wished that it will follow him resisting&nbsp;to the&nbsp;Bar\u00e7a\" \/>\n<meta property=\"og:description\" content=\"The FC Barcelona has had to \u00c1lex Baena, player of the Villarreal, in his diary from does some years. It is a player that would fit in the team, but his traspaso always has been a &#039;dream&#039; impossible. This summer, will not change his situation\" \/>\n<meta property=\"og:url\" content=\"https:\/\/www.fcbarcelonanoticias.com\/en\/transfers\/alex-baena-signing-wished-that-it-will-follow-him-resisting-nbsp-to-the-nbsp-barca_302314_102.html\" \/>\n<meta property=\"og:site_name\" content=\"EN - FC Barcelona Noticias\" \/>\n<meta property=\"article:published_time\" content=\"2024-04-04T15:58:00+00:00\" \/>\n<meta property=\"og:image\" content=\"https:\/\/www.fcbarcelonanoticias.com\/en\/wp-content\/uploads\/sites\/2\/2023\/12\/alex-baena-partido.jpeg\" \/>\n\t<meta property=\"og:image:width\" content=\"1300\" \/>\n\t<meta property=\"og:image:height\" content=\"733\" \/>\n\t<meta property=\"og:image:type\" content=\"image\/jpeg\" \/>\n<meta name=\"twitter:card\" content=\"summary_large_image\" \/>\n<meta name=\"twitter:label1\" content=\"Est. reading time\" \/>\n\t<meta name=\"twitter:data1\" content=\"2 minutes\" \/>\n<script type=\"application\/ld+json\" class=\"yoast-schema-graph\">{\"@context\":\"https:\\\/\\\/schema.org\",\"@graph\":[{\"@type\":\"Article\",\"@id\":\"https:\\\/\\\/www.fcbarcelonanoticias.com\\\/en\\\/transfers\\\/alex-baena-signing-wished-that-it-will-follow-him-resisting-nbsp-to-the-nbsp-barca_302314_102.html#article\",\"isPartOf\":{\"@id\":\"https:\\\/\\\/www.fcbarcelonanoticias.com\\\/en\\\/transfers\\\/alex-baena-signing-wished-that-it-will-follow-him-resisting-nbsp-to-the-nbsp-barca_302314_102.html\"},\"author\":{\"name\":\"\",\"@id\":\"\"},\"headline\":\"\u00c1lex Baena, a desired signing that will continue to resist Bar\u00e7a\",\"datePublished\":\"2024-04-04T15:58:00+00:00\",\"mainEntityOfPage\":{\"@id\":\"https:\\\/\\\/www.fcbarcelonanoticias.com\\\/en\\\/transfers\\\/alex-baena-signing-wished-that-it-will-follow-him-resisting-nbsp-to-the-nbsp-barca_302314_102.html\"},\"wordCount\":500,\"image\":{\"@id\":\"https:\\\/\\\/www.fcbarcelonanoticias.com\\\/en\\\/transfers\\\/alex-baena-signing-wished-that-it-will-follow-him-resisting-nbsp-to-the-nbsp-barca_302314_102.html#primaryimage\"},\"thumbnailUrl\":\"https:\\\/\\\/www.fcbarcelonanoticias.com\\\/en\\\/wp-content\\\/uploads\\\/sites\\\/2\\\/2023\\\/12\\\/alex-baena-partido.jpeg\",\"keywords\":[\"Villarreal CF\"],\"articleSection\":[\"Transfers\",\"Transfers\"],\"inLanguage\":\"en-US\"},{\"@type\":\"WebPage\",\"@id\":\"https:\\\/\\\/www.fcbarcelonanoticias.com\\\/en\\\/transfers\\\/alex-baena-signing-wished-that-it-will-follow-him-resisting-nbsp-to-the-nbsp-barca_302314_102.html\",\"url\":\"https:\\\/\\\/www.fcbarcelonanoticias.com\\\/en\\\/transfers\\\/alex-baena-signing-wished-that-it-will-follow-him-resisting-nbsp-to-the-nbsp-barca_302314_102.html\",\"name\":\"\u00c1lex Baena, a signing wished that it will follow him resisting&nbsp;to the&nbsp;Bar\u00e7a\",\"isPartOf\":{\"@id\":\"https:\\\/\\\/www.fcbarcelonanoticias.com\\\/en\\\/#website\"},\"primaryImageOfPage\":{\"@id\":\"https:\\\/\\\/www.fcbarcelonanoticias.com\\\/en\\\/transfers\\\/alex-baena-signing-wished-that-it-will-follow-him-resisting-nbsp-to-the-nbsp-barca_302314_102.html#primaryimage\"},\"image\":{\"@id\":\"https:\\\/\\\/www.fcbarcelonanoticias.com\\\/en\\\/transfers\\\/alex-baena-signing-wished-that-it-will-follow-him-resisting-nbsp-to-the-nbsp-barca_302314_102.html#primaryimage\"},\"thumbnailUrl\":\"https:\\\/\\\/www.fcbarcelonanoticias.com\\\/en\\\/wp-content\\\/uploads\\\/sites\\\/2\\\/2023\\\/12\\\/alex-baena-partido.jpeg\",\"datePublished\":\"2024-04-04T15:58:00+00:00\",\"author\":{\"@id\":\"\"},\"description\":\"The FC Barcelona has had to \u00c1lex Baena, player of the Villarreal, in his diary from does some years. It is a player that would fit in the team, but his traspaso always has been a 'dream' impossible. This summer, will not change his situation\",\"breadcrumb\":{\"@id\":\"https:\\\/\\\/www.fcbarcelonanoticias.com\\\/en\\\/transfers\\\/alex-baena-signing-wished-that-it-will-follow-him-resisting-nbsp-to-the-nbsp-barca_302314_102.html#breadcrumb\"},\"inLanguage\":\"en-US\",\"potentialAction\":[{\"@type\":\"ReadAction\",\"target\":[\"https:\\\/\\\/www.fcbarcelonanoticias.com\\\/en\\\/transfers\\\/alex-baena-signing-wished-that-it-will-follow-him-resisting-nbsp-to-the-nbsp-barca_302314_102.html\"]}]},{\"@type\":\"ImageObject\",\"inLanguage\":\"en-US\",\"@id\":\"https:\\\/\\\/www.fcbarcelonanoticias.com\\\/en\\\/transfers\\\/alex-baena-signing-wished-that-it-will-follow-him-resisting-nbsp-to-the-nbsp-barca_302314_102.html#primaryimage\",\"url\":\"https:\\\/\\\/www.fcbarcelonanoticias.com\\\/en\\\/wp-content\\\/uploads\\\/sites\\\/2\\\/2023\\\/12\\\/alex-baena-partido.jpeg\",\"contentUrl\":\"https:\\\/\\\/www.fcbarcelonanoticias.com\\\/en\\\/wp-content\\\/uploads\\\/sites\\\/2\\\/2023\\\/12\\\/alex-baena-partido.jpeg\",\"width\":1300,\"height\":733},{\"@type\":\"BreadcrumbList\",\"@id\":\"https:\\\/\\\/www.fcbarcelonanoticias.com\\\/en\\\/transfers\\\/alex-baena-signing-wished-that-it-will-follow-him-resisting-nbsp-to-the-nbsp-barca_302314_102.html#breadcrumb\",\"itemListElement\":[{\"@type\":\"ListItem\",\"position\":1,\"name\":\"Portada\",\"item\":\"https:\\\/\\\/www.fcbarcelonanoticias.com\\\/en\\\/\"},{\"@type\":\"ListItem\",\"position\":2,\"name\":\"\u00c1lex Baena, a desired signing that will continue to resist Bar\u00e7a\"}]},{\"@type\":\"WebSite\",\"@id\":\"https:\\\/\\\/www.fcbarcelonanoticias.com\\\/en\\\/#website\",\"url\":\"https:\\\/\\\/www.fcbarcelonanoticias.com\\\/en\\\/\",\"name\":\"EN - FC Barcelona Noticias\",\"description\":\"\",\"potentialAction\":[{\"@type\":\"SearchAction\",\"target\":{\"@type\":\"EntryPoint\",\"urlTemplate\":\"https:\\\/\\\/www.fcbarcelonanoticias.com\\\/en\\\/?s={search_term_string}\"},\"query-input\":{\"@type\":\"PropertyValueSpecification\",\"valueRequired\":true,\"valueName\":\"search_term_string\"}}],\"inLanguage\":\"en-US\"}]}<\/script>\n<!-- \/ Yoast SEO plugin. -->","yoast_head_json":{"title":"\u00c1lex Baena, a signing wished that it will follow him resisting&nbsp;to the&nbsp;Bar\u00e7a","description":"The FC Barcelona has had to \u00c1lex Baena, player of the Villarreal, in his diary from does some years. It is a player that would fit in the team, but his traspaso always has been a 'dream' impossible. This summer, will not change his situation","robots":{"index":"index","follow":"follow","max-snippet":"max-snippet:-1","max-image-preview":"max-image-preview:large","max-video-preview":"max-video-preview:-1"},"canonical":"https:\/\/www.fcbarcelonanoticias.com\/en\/transfers\/alex-baena-signing-wished-that-it-will-follow-him-resisting-nbsp-to-the-nbsp-barca_302314_102.html","og_locale":"en_US","og_type":"article","og_title":"\u00c1lex Baena, a signing wished that it will follow him resisting&nbsp;to the&nbsp;Bar\u00e7a","og_description":"The FC Barcelona has had to \u00c1lex Baena, player of the Villarreal, in his diary from does some years. It is a player that would fit in the team, but his traspaso always has been a 'dream' impossible. This summer, will not change his situation","og_url":"https:\/\/www.fcbarcelonanoticias.com\/en\/transfers\/alex-baena-signing-wished-that-it-will-follow-him-resisting-nbsp-to-the-nbsp-barca_302314_102.html","og_site_name":"EN - FC Barcelona Noticias","article_published_time":"2024-04-04T15:58:00+00:00","og_image":[{"width":1300,"height":733,"url":"https:\/\/www.fcbarcelonanoticias.com\/en\/wp-content\/uploads\/sites\/2\/2023\/12\/alex-baena-partido.jpeg","type":"image\/jpeg"}],"twitter_card":"summary_large_image","twitter_misc":{"Est. reading time":"2 minutes"},"schema":{"@context":"https:\/\/schema.org","@graph":[{"@type":"Article","@id":"https:\/\/www.fcbarcelonanoticias.com\/en\/transfers\/alex-baena-signing-wished-that-it-will-follow-him-resisting-nbsp-to-the-nbsp-barca_302314_102.html#article","isPartOf":{"@id":"https:\/\/www.fcbarcelonanoticias.com\/en\/transfers\/alex-baena-signing-wished-that-it-will-follow-him-resisting-nbsp-to-the-nbsp-barca_302314_102.html"},"author":{"name":"","@id":""},"headline":"\u00c1lex Baena, a desired signing that will continue to resist Bar\u00e7a","datePublished":"2024-04-04T15:58:00+00:00","mainEntityOfPage":{"@id":"https:\/\/www.fcbarcelonanoticias.com\/en\/transfers\/alex-baena-signing-wished-that-it-will-follow-him-resisting-nbsp-to-the-nbsp-barca_302314_102.html"},"wordCount":500,"image":{"@id":"https:\/\/www.fcbarcelonanoticias.com\/en\/transfers\/alex-baena-signing-wished-that-it-will-follow-him-resisting-nbsp-to-the-nbsp-barca_302314_102.html#primaryimage"},"thumbnailUrl":"https:\/\/www.fcbarcelonanoticias.com\/en\/wp-content\/uploads\/sites\/2\/2023\/12\/alex-baena-partido.jpeg","keywords":["Villarreal CF"],"articleSection":["Transfers","Transfers"],"inLanguage":"en-US"},{"@type":"WebPage","@id":"https:\/\/www.fcbarcelonanoticias.com\/en\/transfers\/alex-baena-signing-wished-that-it-will-follow-him-resisting-nbsp-to-the-nbsp-barca_302314_102.html","url":"https:\/\/www.fcbarcelonanoticias.com\/en\/transfers\/alex-baena-signing-wished-that-it-will-follow-him-resisting-nbsp-to-the-nbsp-barca_302314_102.html","name":"\u00c1lex Baena, a signing wished that it will follow him resisting&nbsp;to the&nbsp;Bar\u00e7a","isPartOf":{"@id":"https:\/\/www.fcbarcelonanoticias.com\/en\/#website"},"primaryImageOfPage":{"@id":"https:\/\/www.fcbarcelonanoticias.com\/en\/transfers\/alex-baena-signing-wished-that-it-will-follow-him-resisting-nbsp-to-the-nbsp-barca_302314_102.html#primaryimage"},"image":{"@id":"https:\/\/www.fcbarcelonanoticias.com\/en\/transfers\/alex-baena-signing-wished-that-it-will-follow-him-resisting-nbsp-to-the-nbsp-barca_302314_102.html#primaryimage"},"thumbnailUrl":"https:\/\/www.fcbarcelonanoticias.com\/en\/wp-content\/uploads\/sites\/2\/2023\/12\/alex-baena-partido.jpeg","datePublished":"2024-04-04T15:58:00+00:00","author":{"@id":""},"description":"The FC Barcelona has had to \u00c1lex Baena, player of the Villarreal, in his diary from does some years. It is a player that would fit in the team, but his traspaso always has been a 'dream' impossible. This summer, will not change his situation","breadcrumb":{"@id":"https:\/\/www.fcbarcelonanoticias.com\/en\/transfers\/alex-baena-signing-wished-that-it-will-follow-him-resisting-nbsp-to-the-nbsp-barca_302314_102.html#breadcrumb"},"inLanguage":"en-US","potentialAction":[{"@type":"ReadAction","target":["https:\/\/www.fcbarcelonanoticias.com\/en\/transfers\/alex-baena-signing-wished-that-it-will-follow-him-resisting-nbsp-to-the-nbsp-barca_302314_102.html"]}]},{"@type":"ImageObject","inLanguage":"en-US","@id":"https:\/\/www.fcbarcelonanoticias.com\/en\/transfers\/alex-baena-signing-wished-that-it-will-follow-him-resisting-nbsp-to-the-nbsp-barca_302314_102.html#primaryimage","url":"https:\/\/www.fcbarcelonanoticias.com\/en\/wp-content\/uploads\/sites\/2\/2023\/12\/alex-baena-partido.jpeg","contentUrl":"https:\/\/www.fcbarcelonanoticias.com\/en\/wp-content\/uploads\/sites\/2\/2023\/12\/alex-baena-partido.jpeg","width":1300,"height":733},{"@type":"BreadcrumbList","@id":"https:\/\/www.fcbarcelonanoticias.com\/en\/transfers\/alex-baena-signing-wished-that-it-will-follow-him-resisting-nbsp-to-the-nbsp-barca_302314_102.html#breadcrumb","itemListElement":[{"@type":"ListItem","position":1,"name":"Portada","item":"https:\/\/www.fcbarcelonanoticias.com\/en\/"},{"@type":"ListItem","position":2,"name":"\u00c1lex Baena, a desired signing that will continue to resist Bar\u00e7a"}]},{"@type":"WebSite","@id":"https:\/\/www.fcbarcelonanoticias.com\/en\/#website","url":"https:\/\/www.fcbarcelonanoticias.com\/en\/","name":"EN - FC Barcelona Noticias","description":"","potentialAction":[{"@type":"SearchAction","target":{"@type":"EntryPoint","urlTemplate":"https:\/\/www.fcbarcelonanoticias.com\/en\/?s={search_term_string}"},"query-input":{"@type":"PropertyValueSpecification","valueRequired":true,"valueName":"search_term_string"}}],"inLanguage":"en-US"}]}},"_links":{"self":[{"href":"https:\/\/www.fcbarcelonanoticias.com\/en\/wp-json\/wp\/v2\/posts\/87161","targetHints":{"allow":["GET"]}}],"collection":[{"href":"https:\/\/www.fcbarcelonanoticias.com\/en\/wp-json\/wp\/v2\/posts"}],"about":[{"href":"https:\/\/www.fcbarcelonanoticias.com\/en\/wp-json\/wp\/v2\/types\/post"}],"replies":[{"embeddable":true,"href":"https:\/\/www.fcbarcelonanoticias.com\/en\/wp-json\/wp\/v2\/comments?post=87161"}],"version-history":[{"count":1,"href":"https:\/\/www.fcbarcelonanoticias.com\/en\/wp-json\/wp\/v2\/posts\/87161\/revisions"}],"predecessor-version":[{"id":87162,"href":"https:\/\/www.fcbarcelonanoticias.com\/en\/wp-json\/wp\/v2\/posts\/87161\/revisions\/87162"}],"wp:featuredmedia":[{"embeddable":true,"href":"https:\/\/www.fcbarcelonanoticias.com\/en\/wp-json\/wp\/v2\/media\/86501"}],"wp:attachment":[{"href":"https:\/\/www.fcbarcelonanoticias.com\/en\/wp-json\/wp\/v2\/media?parent=87161"}],"wp:term":[{"taxonomy":"category","embeddable":true,"href":"https:\/\/www.fcbarcelonanoticias.com\/en\/wp-json\/wp\/v2\/categories?post=87161"},{"taxonomy":"post_tag","embeddable":true,"href":"https:\/\/www.fcbarcelonanoticias.com\/en\/wp-json\/wp\/v2\/tags?post=87161"}],"curies":[{"name":"wp","href":"https:\/\/api.w.org\/{rel}","templated":true}]}}