{"id":87375,"date":"2026-01-07T19:16:00","date_gmt":"2026-01-07T18:16:00","guid":{"rendered":"https:\/\/weisetech.dev\/fc-barcelona-noticias\/en\/barcelona-unveils-its-fourth-kit-for-25-26-in-super-cup_315697_102\/"},"modified":"2026-01-07T19:17:00","modified_gmt":"2026-01-07T18:17:00","slug":"barcelona-unveils-its-fourth-kit-for-25-26-in-super-cup_315697_102","status":"publish","type":"post","link":"https:\/\/www.fcbarcelonanoticias.com\/en\/spanish-super-cup\/barcelona-unveils-its-fourth-kit-for-25-26-in-super-cup_315697_102.html","title":{"rendered":"Bar\u00e7a Unveils Fourth Kit for 2025\/26 Season in Super Cup!"},"content":{"rendered":"<h2 class=\"wp-block-heading\">Hansi Flick&#8217;s Bar\u00e7a will take to the pitch at the King Abdullah Sports City Stadium in Jeddah this Wednesday wearing, for the first time, their fourth kit for the 2025\/26 season, the jersey of which pays homage to the 0-3 victory at the Bernab\u00e9u in 2005<\/h2>  \r\n<div class=\"article-addons\">\r\n    <a href=\"https:\/\/www.fcbarcelonanoticias.com\/en\/calendar-fc-barcelona.html\"\r\n       target=\"_self\"\r\n       title=\"Calendar of FC Barcelona\"\r\n       class=\"blue-gredient-btn\">\r\n       \r\n        Calendar of FC Barcelona    <\/a>\r\n<\/div>   <p><strong>FC Barcelona<\/strong> took advantage of the <strong>2026 Spanish Super Cup<\/strong> to debut their fourth official kit for the 2025\/26 season. As we reported in <a data-external=\"0\" data-intl-links-en=\"https:\/\/www.fcbarcelonanoticias.com\/en\/spanish-super-cup\/big-news-from-barcelona-for-2026-spanish-super-cup_315629_102.html\" data-intl-links-es=\"https:\/\/www.fcbarcelonanoticias.com\/supercopa-de-espana\/gran-novedad-barcelona-supercopa-espana-2026_315629_102.html\" href=\"https:\/\/www.fcbarcelonanoticias.com\/en\/spanish-super-cup\/big-news-from-barcelona-for-2026-spanish-super-cup_315629_102.html\" rel=\"follow\" target=\"_self\" title=\"La gran novedad del Bar\u00e7a para la Supercopa de Espa\u00f1a 2026\">FCBN<\/a>, the kit was chosen for the semi-final against <strong>Athletic Club<\/strong> (8:00 PM), this Wednesday at the King Abdullah Sports City Stadium in Jeddah, Saudi Arabia.<\/p>  <p>The jersey was officially unveiled on November 19th, commemorating the twentieth anniversary of the mythical victory at the Santiago Bernab\u00e9u against Real Madrid (0-3) and, although it has been available for several weeks on <a data-external=\"1\" href=\"https:\/\/store.fcbarcelona.com\/en\/es\/collections\/fourth-kit\" rel=\"nofollow\" target=\"_blank\" title=\"Cuarta equipaci\u00f3n 25\/26 del Barcelona\">the Blaugrana online store<\/a>, it had not yet been used in official matches by the team led by Hansi Flick.<\/p>  <blockquote class=\"twitter-tweet\"> <p dir=\"ltr\" lang=\"en\">Our locker room is already ready with the fourth kit \u2705 <a href=\"https:\/\/t.co\/en\/UBy154uUT2\">pic.twitter.com\/UBy154uUT2<\/a><\/p> \u2014 FC Barcelona (@FCBarcelona_es) <a href=\"https:\/\/twitter.com\/en\/FCBarcelona_es\/status\/2008943401970926043?ref_src=twsrc%5Etfw\">January 7, 2026<\/a> <\/blockquote> <p>The kit includes a novel design, with blue and garnet zig-zag stripes that recall the three goals scored by <strong>Samuel Eto&#8217;o<\/strong> and <strong>Ronaldinho Ga\u00facho<\/strong> at the Bernab\u00e9u. The shorts are garnet-colored, with blue trim on the sides. The socks, for their part, are blue.<\/p>  <h2>Bar\u00e7a Unveils New Kit in Super Cup for the First Time<\/h2>  <p>Bar\u00e7a will be the home team at the King Abdullah Sports City Stadium in the semifinal against Athletic and next Sunday, January 12, in a hypothetical final against Real Madrid or Atl\u00e9tico de Madrid. In this regard, the Catalans will also wear the fourth kit in the eventual decisive stageIn its 27 previous Super Cup appearances, Bar\u00e7a had never debuted an alternative kit in the tournament. The last time Bar\u00e7a officially debuted a jersey in the Super Cup was in the <strong>2018<\/strong> edition, against <strong>Valencia<\/strong> (1-2)<\/p>  <p>That season (18\/19), Bar\u00e7a played their first official match <strong>on August 12 in Tangier, Morocco<\/strong>, a week before their LaLiga debut. However, the Catalans used their home kit for the season in that match, which they had already worn during preseason.<\/p>  <p>This year, however, the blaugrana team has decided to debut its fourth kit mid-season in the Super Cup, something unprecedented since the tournament has been held in January with a &#8216;final four&#8217; format (semifinals and a single-leg final)The last time Bar\u00e7a modified its kit in the Super Cup was in the semi-final of the 2023 edition, against <a data-external=\"0\" data-intl-links-en=\"https:\/\/www.fcbarcelonanoticias.com\/en\/spanish-super-cup\/classical-in-the-supercopa-the-barca-wins-to-the-betis-in-penaltis-and-puts-in-the-final_288560_102.html\" data-intl-links-es=\"https:\/\/www.fcbarcelonanoticias.com\/supercopa-de-espana\/clasico-en-supercopa-barcelona-vence-betis-en-penaltis-se-mete-en-final_288560_102.html\" href=\"https:\/\/www.fcbarcelonanoticias.com\/en\/supercopa-of-spain\/classical-in-the-supercopa-the-barca-wins-to-the-betis-in-penaltis-and-puts-in-the-final_288560_102.html\" rel=\"follow\" target=\"_self\" title=\"\u00a1Cl\u00e1sico en la Supercopa! El Bar\u00e7a vence al Betis en penaltis y se mete en la final\">Betis<\/a>. The Catalans won on penalties in a match where they wore maroon shorts at the request of the RFEF<\/p>  <h2>The fourth kit could also be used in the Cup and Champions League<\/h2>  <p>After the Super Cup, Barcelona will also be able to alternate its home jersey with the fourth kit in Copa del Rey and Champions League matches. This would certainly be the kit chosen for <strong>the second Cl\u00e1sico against Real Madrid in LaLiga<\/strong> on the second weekend of May (matchday 35), as well as any other clash against the &#8216;merengues&#8217; in the other two competitions in play.<\/p> ","protected":false},"excerpt":{"rendered":"<p>Hansi Flick&#8217;s Bar\u00e7a will take to the pitch at the King Abdullah Sports City Stadium in Jeddah this Wednesday wearing, for the first time, their fourth kit for the 2025\/26 season, the jersey of which pays homage to the 0-3 victory at the Bernab\u00e9u in 2005 FC Barcelona took advantage of the 2026 Spanish Super [&hellip;]<\/p>\n","protected":false},"author":347,"featured_media":87382,"comment_status":"closed","ping_status":"open","sticky":false,"template":"","format":"standard","meta":{"_acf_changed":false,"inline_featured_image":false,"_nextfly_llmd_date_locked":false,"footnotes":""},"categories":[128,445],"tags":[189,251],"class_list":["post-87375","post","type-post","status-publish","format-standard","has-post-thumbnail","hentry","category-spanish-super-cup","category-spanish-super-cup-2","tag-fc-barcelona-vs-athletic-club","tag-t-shirt-fc-barcelona"],"acf":[],"yoast_head":"<!-- This site is optimized with the Yoast SEO plugin v27.3 - https:\/\/yoast.com\/product\/yoast-seo-wordpress\/ -->\n<title>Bar\u00e7a unveils its fourth kit for 25\/26 in the Super Cup!<\/title>\n<meta name=\"description\" content=\"Hansi Flick&#039;s Bar\u00e7a will take to the pitch at the King Abdullah Sports City Stadium this Wednesday, sporting their fourth kit for the 25\/26 season for the first time\" \/>\n<meta name=\"robots\" content=\"index, follow, max-snippet:-1, max-image-preview:large, max-video-preview:-1\" \/>\n<link rel=\"canonical\" href=\"https:\/\/www.fcbarcelonanoticias.com\/en\/spanish-super-cup\/barcelona-unveils-its-fourth-kit-for-25-26-in-super-cup_315697_102.html\" \/>\n<meta property=\"og:locale\" content=\"en_US\" \/>\n<meta property=\"og:type\" content=\"article\" \/>\n<meta property=\"og:title\" content=\"Bar\u00e7a unveils its fourth kit for 25\/26 in the Super Cup!\" \/>\n<meta property=\"og:description\" content=\"Hansi Flick&#039;s Bar\u00e7a will take to the pitch at the King Abdullah Sports City Stadium this Wednesday, sporting their fourth kit for the 25\/26 season for the first time\" \/>\n<meta property=\"og:url\" content=\"https:\/\/www.fcbarcelonanoticias.com\/en\/spanish-super-cup\/barcelona-unveils-its-fourth-kit-for-25-26-in-super-cup_315697_102.html\" \/>\n<meta property=\"og:site_name\" content=\"EN - FC Barcelona Noticias\" \/>\n<meta property=\"article:published_time\" content=\"2026-01-07T18:16:00+00:00\" \/>\n<meta property=\"article:modified_time\" content=\"2026-01-07T18:17:00+00:00\" \/>\n<meta property=\"og:image\" content=\"https:\/\/www.fcbarcelonanoticias.com\/en\/wp-content\/uploads\/sites\/2\/2026\/01\/camiseta-fc-barcelona-supercopa-espana-2026.jpeg\" \/>\n\t<meta property=\"og:image:width\" content=\"1300\" \/>\n\t<meta property=\"og:image:height\" content=\"732\" \/>\n\t<meta property=\"og:image:type\" content=\"image\/jpeg\" \/>\n<meta name=\"author\" content=\"Andr\u00e9s Quiroz\" \/>\n<meta name=\"twitter:card\" content=\"summary_large_image\" \/>\n<meta name=\"twitter:label1\" content=\"Written by\" \/>\n\t<meta name=\"twitter:data1\" content=\"Andr\u00e9s Quiroz\" \/>\n\t<meta name=\"twitter:label2\" content=\"Est. reading time\" \/>\n\t<meta name=\"twitter:data2\" content=\"3 minutes\" \/>\n<script type=\"application\/ld+json\" class=\"yoast-schema-graph\">{\"@context\":\"https:\\\/\\\/schema.org\",\"@graph\":[{\"@type\":\"Article\",\"@id\":\"https:\\\/\\\/www.fcbarcelonanoticias.com\\\/en\\\/spanish-super-cup\\\/barcelona-unveils-its-fourth-kit-for-25-26-in-super-cup_315697_102.html#article\",\"isPartOf\":{\"@id\":\"https:\\\/\\\/www.fcbarcelonanoticias.com\\\/en\\\/spanish-super-cup\\\/barcelona-unveils-its-fourth-kit-for-25-26-in-super-cup_315697_102.html\"},\"author\":{\"name\":\"Andr\u00e9s Quiroz\",\"@id\":\"https:\\\/\\\/www.fcbarcelonanoticias.com\\\/en\\\/#\\\/schema\\\/person\\\/c2cd9f6fa1af5c0d0eccd0fefa575c88\"},\"headline\":\"Bar\u00e7a Unveils Fourth Kit for 2025\\\/26 Season in Super Cup!\",\"datePublished\":\"2026-01-07T18:16:00+00:00\",\"dateModified\":\"2026-01-07T18:17:00+00:00\",\"mainEntityOfPage\":{\"@id\":\"https:\\\/\\\/www.fcbarcelonanoticias.com\\\/en\\\/spanish-super-cup\\\/barcelona-unveils-its-fourth-kit-for-25-26-in-super-cup_315697_102.html\"},\"wordCount\":522,\"image\":{\"@id\":\"https:\\\/\\\/www.fcbarcelonanoticias.com\\\/en\\\/spanish-super-cup\\\/barcelona-unveils-its-fourth-kit-for-25-26-in-super-cup_315697_102.html#primaryimage\"},\"thumbnailUrl\":\"https:\\\/\\\/www.fcbarcelonanoticias.com\\\/en\\\/wp-content\\\/uploads\\\/sites\\\/2\\\/2026\\\/01\\\/camiseta-fc-barcelona-supercopa-espana-2026.jpeg\",\"keywords\":[\"FC Barcelona vs Athletic Club\",\"T-shirt FC Barcelona\"],\"articleSection\":[\"Spanish Super Cup\",\"Spanish Super Cup\"],\"inLanguage\":\"en-US\"},{\"@type\":\"WebPage\",\"@id\":\"https:\\\/\\\/www.fcbarcelonanoticias.com\\\/en\\\/spanish-super-cup\\\/barcelona-unveils-its-fourth-kit-for-25-26-in-super-cup_315697_102.html\",\"url\":\"https:\\\/\\\/www.fcbarcelonanoticias.com\\\/en\\\/spanish-super-cup\\\/barcelona-unveils-its-fourth-kit-for-25-26-in-super-cup_315697_102.html\",\"name\":\"Bar\u00e7a unveils its fourth kit for 25\\\/26 in the Super Cup!\",\"isPartOf\":{\"@id\":\"https:\\\/\\\/www.fcbarcelonanoticias.com\\\/en\\\/#website\"},\"primaryImageOfPage\":{\"@id\":\"https:\\\/\\\/www.fcbarcelonanoticias.com\\\/en\\\/spanish-super-cup\\\/barcelona-unveils-its-fourth-kit-for-25-26-in-super-cup_315697_102.html#primaryimage\"},\"image\":{\"@id\":\"https:\\\/\\\/www.fcbarcelonanoticias.com\\\/en\\\/spanish-super-cup\\\/barcelona-unveils-its-fourth-kit-for-25-26-in-super-cup_315697_102.html#primaryimage\"},\"thumbnailUrl\":\"https:\\\/\\\/www.fcbarcelonanoticias.com\\\/en\\\/wp-content\\\/uploads\\\/sites\\\/2\\\/2026\\\/01\\\/camiseta-fc-barcelona-supercopa-espana-2026.jpeg\",\"datePublished\":\"2026-01-07T18:16:00+00:00\",\"dateModified\":\"2026-01-07T18:17:00+00:00\",\"author\":{\"@id\":\"https:\\\/\\\/www.fcbarcelonanoticias.com\\\/en\\\/#\\\/schema\\\/person\\\/c2cd9f6fa1af5c0d0eccd0fefa575c88\"},\"description\":\"Hansi Flick's Bar\u00e7a will take to the pitch at the King Abdullah Sports City Stadium this Wednesday, sporting their fourth kit for the 25\\\/26 season for the first time\",\"breadcrumb\":{\"@id\":\"https:\\\/\\\/www.fcbarcelonanoticias.com\\\/en\\\/spanish-super-cup\\\/barcelona-unveils-its-fourth-kit-for-25-26-in-super-cup_315697_102.html#breadcrumb\"},\"inLanguage\":\"en-US\",\"potentialAction\":[{\"@type\":\"ReadAction\",\"target\":[\"https:\\\/\\\/www.fcbarcelonanoticias.com\\\/en\\\/spanish-super-cup\\\/barcelona-unveils-its-fourth-kit-for-25-26-in-super-cup_315697_102.html\"]}]},{\"@type\":\"ImageObject\",\"inLanguage\":\"en-US\",\"@id\":\"https:\\\/\\\/www.fcbarcelonanoticias.com\\\/en\\\/spanish-super-cup\\\/barcelona-unveils-its-fourth-kit-for-25-26-in-super-cup_315697_102.html#primaryimage\",\"url\":\"https:\\\/\\\/www.fcbarcelonanoticias.com\\\/en\\\/wp-content\\\/uploads\\\/sites\\\/2\\\/2026\\\/01\\\/camiseta-fc-barcelona-supercopa-espana-2026.jpeg\",\"contentUrl\":\"https:\\\/\\\/www.fcbarcelonanoticias.com\\\/en\\\/wp-content\\\/uploads\\\/sites\\\/2\\\/2026\\\/01\\\/camiseta-fc-barcelona-supercopa-espana-2026.jpeg\",\"width\":1300,\"height\":732},{\"@type\":\"BreadcrumbList\",\"@id\":\"https:\\\/\\\/www.fcbarcelonanoticias.com\\\/en\\\/spanish-super-cup\\\/barcelona-unveils-its-fourth-kit-for-25-26-in-super-cup_315697_102.html#breadcrumb\",\"itemListElement\":[{\"@type\":\"ListItem\",\"position\":1,\"name\":\"Portada\",\"item\":\"https:\\\/\\\/www.fcbarcelonanoticias.com\\\/en\\\/\"},{\"@type\":\"ListItem\",\"position\":2,\"name\":\"Bar\u00e7a Unveils Fourth Kit for 2025\\\/26 Season in Super Cup!\"}]},{\"@type\":\"WebSite\",\"@id\":\"https:\\\/\\\/www.fcbarcelonanoticias.com\\\/en\\\/#website\",\"url\":\"https:\\\/\\\/www.fcbarcelonanoticias.com\\\/en\\\/\",\"name\":\"EN - FC Barcelona Noticias\",\"description\":\"\",\"potentialAction\":[{\"@type\":\"SearchAction\",\"target\":{\"@type\":\"EntryPoint\",\"urlTemplate\":\"https:\\\/\\\/www.fcbarcelonanoticias.com\\\/en\\\/?s={search_term_string}\"},\"query-input\":{\"@type\":\"PropertyValueSpecification\",\"valueRequired\":true,\"valueName\":\"search_term_string\"}}],\"inLanguage\":\"en-US\"},{\"@type\":\"Person\",\"@id\":\"https:\\\/\\\/www.fcbarcelonanoticias.com\\\/en\\\/#\\\/schema\\\/person\\\/c2cd9f6fa1af5c0d0eccd0fefa575c88\",\"name\":\"Andr\u00e9s Quiroz\",\"image\":{\"@type\":\"ImageObject\",\"inLanguage\":\"en-US\",\"@id\":\"https:\\\/\\\/secure.gravatar.com\\\/avatar\\\/?s=96&d=mm&r=g\",\"url\":\"https:\\\/\\\/secure.gravatar.com\\\/avatar\\\/?s=96&d=mm&r=g\",\"contentUrl\":\"https:\\\/\\\/secure.gravatar.com\\\/avatar\\\/?s=96&d=mm&r=g\",\"caption\":\"Andr\u00e9s Quiroz\"},\"description\":\"Licenciado en Periodismo por la Universidad de los Andes. Me encargo de analizar y compartir los contenidos m\u00e1s destacados de la\u00a0actualidad del F\u00fatbol Club Barcelona, Mercado de Fichajes y F\u00fatbol Internacional en FCBN. La informaci\u00f3n es poder, pero tambi\u00e9n conocimiento.\",\"url\":\"https:\\\/\\\/www.fcbarcelonanoticias.com\\\/en\\\/fc-barcelona\\\/andres-quiroz_17_115.html\"}]}<\/script>\n<!-- \/ Yoast SEO plugin. -->","yoast_head_json":{"title":"Bar\u00e7a unveils its fourth kit for 25\/26 in the Super Cup!","description":"Hansi Flick's Bar\u00e7a will take to the pitch at the King Abdullah Sports City Stadium this Wednesday, sporting their fourth kit for the 25\/26 season for the first time","robots":{"index":"index","follow":"follow","max-snippet":"max-snippet:-1","max-image-preview":"max-image-preview:large","max-video-preview":"max-video-preview:-1"},"canonical":"https:\/\/www.fcbarcelonanoticias.com\/en\/spanish-super-cup\/barcelona-unveils-its-fourth-kit-for-25-26-in-super-cup_315697_102.html","og_locale":"en_US","og_type":"article","og_title":"Bar\u00e7a unveils its fourth kit for 25\/26 in the Super Cup!","og_description":"Hansi Flick's Bar\u00e7a will take to the pitch at the King Abdullah Sports City Stadium this Wednesday, sporting their fourth kit for the 25\/26 season for the first time","og_url":"https:\/\/www.fcbarcelonanoticias.com\/en\/spanish-super-cup\/barcelona-unveils-its-fourth-kit-for-25-26-in-super-cup_315697_102.html","og_site_name":"EN - FC Barcelona Noticias","article_published_time":"2026-01-07T18:16:00+00:00","article_modified_time":"2026-01-07T18:17:00+00:00","og_image":[{"width":1300,"height":732,"url":"https:\/\/www.fcbarcelonanoticias.com\/en\/wp-content\/uploads\/sites\/2\/2026\/01\/camiseta-fc-barcelona-supercopa-espana-2026.jpeg","type":"image\/jpeg"}],"author":"Andr\u00e9s Quiroz","twitter_card":"summary_large_image","twitter_misc":{"Written by":"Andr\u00e9s Quiroz","Est. reading time":"3 minutes"},"schema":{"@context":"https:\/\/schema.org","@graph":[{"@type":"Article","@id":"https:\/\/www.fcbarcelonanoticias.com\/en\/spanish-super-cup\/barcelona-unveils-its-fourth-kit-for-25-26-in-super-cup_315697_102.html#article","isPartOf":{"@id":"https:\/\/www.fcbarcelonanoticias.com\/en\/spanish-super-cup\/barcelona-unveils-its-fourth-kit-for-25-26-in-super-cup_315697_102.html"},"author":{"name":"Andr\u00e9s Quiroz","@id":"https:\/\/www.fcbarcelonanoticias.com\/en\/#\/schema\/person\/c2cd9f6fa1af5c0d0eccd0fefa575c88"},"headline":"Bar\u00e7a Unveils Fourth Kit for 2025\/26 Season in Super Cup!","datePublished":"2026-01-07T18:16:00+00:00","dateModified":"2026-01-07T18:17:00+00:00","mainEntityOfPage":{"@id":"https:\/\/www.fcbarcelonanoticias.com\/en\/spanish-super-cup\/barcelona-unveils-its-fourth-kit-for-25-26-in-super-cup_315697_102.html"},"wordCount":522,"image":{"@id":"https:\/\/www.fcbarcelonanoticias.com\/en\/spanish-super-cup\/barcelona-unveils-its-fourth-kit-for-25-26-in-super-cup_315697_102.html#primaryimage"},"thumbnailUrl":"https:\/\/www.fcbarcelonanoticias.com\/en\/wp-content\/uploads\/sites\/2\/2026\/01\/camiseta-fc-barcelona-supercopa-espana-2026.jpeg","keywords":["FC Barcelona vs Athletic Club","T-shirt FC Barcelona"],"articleSection":["Spanish Super Cup","Spanish Super Cup"],"inLanguage":"en-US"},{"@type":"WebPage","@id":"https:\/\/www.fcbarcelonanoticias.com\/en\/spanish-super-cup\/barcelona-unveils-its-fourth-kit-for-25-26-in-super-cup_315697_102.html","url":"https:\/\/www.fcbarcelonanoticias.com\/en\/spanish-super-cup\/barcelona-unveils-its-fourth-kit-for-25-26-in-super-cup_315697_102.html","name":"Bar\u00e7a unveils its fourth kit for 25\/26 in the Super Cup!","isPartOf":{"@id":"https:\/\/www.fcbarcelonanoticias.com\/en\/#website"},"primaryImageOfPage":{"@id":"https:\/\/www.fcbarcelonanoticias.com\/en\/spanish-super-cup\/barcelona-unveils-its-fourth-kit-for-25-26-in-super-cup_315697_102.html#primaryimage"},"image":{"@id":"https:\/\/www.fcbarcelonanoticias.com\/en\/spanish-super-cup\/barcelona-unveils-its-fourth-kit-for-25-26-in-super-cup_315697_102.html#primaryimage"},"thumbnailUrl":"https:\/\/www.fcbarcelonanoticias.com\/en\/wp-content\/uploads\/sites\/2\/2026\/01\/camiseta-fc-barcelona-supercopa-espana-2026.jpeg","datePublished":"2026-01-07T18:16:00+00:00","dateModified":"2026-01-07T18:17:00+00:00","author":{"@id":"https:\/\/www.fcbarcelonanoticias.com\/en\/#\/schema\/person\/c2cd9f6fa1af5c0d0eccd0fefa575c88"},"description":"Hansi Flick's Bar\u00e7a will take to the pitch at the King Abdullah Sports City Stadium this Wednesday, sporting their fourth kit for the 25\/26 season for the first time","breadcrumb":{"@id":"https:\/\/www.fcbarcelonanoticias.com\/en\/spanish-super-cup\/barcelona-unveils-its-fourth-kit-for-25-26-in-super-cup_315697_102.html#breadcrumb"},"inLanguage":"en-US","potentialAction":[{"@type":"ReadAction","target":["https:\/\/www.fcbarcelonanoticias.com\/en\/spanish-super-cup\/barcelona-unveils-its-fourth-kit-for-25-26-in-super-cup_315697_102.html"]}]},{"@type":"ImageObject","inLanguage":"en-US","@id":"https:\/\/www.fcbarcelonanoticias.com\/en\/spanish-super-cup\/barcelona-unveils-its-fourth-kit-for-25-26-in-super-cup_315697_102.html#primaryimage","url":"https:\/\/www.fcbarcelonanoticias.com\/en\/wp-content\/uploads\/sites\/2\/2026\/01\/camiseta-fc-barcelona-supercopa-espana-2026.jpeg","contentUrl":"https:\/\/www.fcbarcelonanoticias.com\/en\/wp-content\/uploads\/sites\/2\/2026\/01\/camiseta-fc-barcelona-supercopa-espana-2026.jpeg","width":1300,"height":732},{"@type":"BreadcrumbList","@id":"https:\/\/www.fcbarcelonanoticias.com\/en\/spanish-super-cup\/barcelona-unveils-its-fourth-kit-for-25-26-in-super-cup_315697_102.html#breadcrumb","itemListElement":[{"@type":"ListItem","position":1,"name":"Portada","item":"https:\/\/www.fcbarcelonanoticias.com\/en\/"},{"@type":"ListItem","position":2,"name":"Bar\u00e7a Unveils Fourth Kit for 2025\/26 Season in Super Cup!"}]},{"@type":"WebSite","@id":"https:\/\/www.fcbarcelonanoticias.com\/en\/#website","url":"https:\/\/www.fcbarcelonanoticias.com\/en\/","name":"EN - FC Barcelona Noticias","description":"","potentialAction":[{"@type":"SearchAction","target":{"@type":"EntryPoint","urlTemplate":"https:\/\/www.fcbarcelonanoticias.com\/en\/?s={search_term_string}"},"query-input":{"@type":"PropertyValueSpecification","valueRequired":true,"valueName":"search_term_string"}}],"inLanguage":"en-US"},{"@type":"Person","@id":"https:\/\/www.fcbarcelonanoticias.com\/en\/#\/schema\/person\/c2cd9f6fa1af5c0d0eccd0fefa575c88","name":"Andr\u00e9s Quiroz","image":{"@type":"ImageObject","inLanguage":"en-US","@id":"https:\/\/secure.gravatar.com\/avatar\/?s=96&d=mm&r=g","url":"https:\/\/secure.gravatar.com\/avatar\/?s=96&d=mm&r=g","contentUrl":"https:\/\/secure.gravatar.com\/avatar\/?s=96&d=mm&r=g","caption":"Andr\u00e9s Quiroz"},"description":"Licenciado en Periodismo por la Universidad de los Andes. Me encargo de analizar y compartir los contenidos m\u00e1s destacados de la\u00a0actualidad del F\u00fatbol Club Barcelona, Mercado de Fichajes y F\u00fatbol Internacional en FCBN. La informaci\u00f3n es poder, pero tambi\u00e9n conocimiento.","url":"https:\/\/www.fcbarcelonanoticias.com\/en\/fc-barcelona\/andres-quiroz_17_115.html"}]}},"_links":{"self":[{"href":"https:\/\/www.fcbarcelonanoticias.com\/en\/wp-json\/wp\/v2\/posts\/87375","targetHints":{"allow":["GET"]}}],"collection":[{"href":"https:\/\/www.fcbarcelonanoticias.com\/en\/wp-json\/wp\/v2\/posts"}],"about":[{"href":"https:\/\/www.fcbarcelonanoticias.com\/en\/wp-json\/wp\/v2\/types\/post"}],"author":[{"embeddable":true,"href":"https:\/\/www.fcbarcelonanoticias.com\/en\/wp-json\/wp\/v2\/users\/347"}],"replies":[{"embeddable":true,"href":"https:\/\/www.fcbarcelonanoticias.com\/en\/wp-json\/wp\/v2\/comments?post=87375"}],"version-history":[{"count":3,"href":"https:\/\/www.fcbarcelonanoticias.com\/en\/wp-json\/wp\/v2\/posts\/87375\/revisions"}],"predecessor-version":[{"id":87378,"href":"https:\/\/www.fcbarcelonanoticias.com\/en\/wp-json\/wp\/v2\/posts\/87375\/revisions\/87378"}],"wp:featuredmedia":[{"embeddable":true,"href":"https:\/\/www.fcbarcelonanoticias.com\/en\/wp-json\/wp\/v2\/media\/87382"}],"wp:attachment":[{"href":"https:\/\/www.fcbarcelonanoticias.com\/en\/wp-json\/wp\/v2\/media?parent=87375"}],"wp:term":[{"taxonomy":"category","embeddable":true,"href":"https:\/\/www.fcbarcelonanoticias.com\/en\/wp-json\/wp\/v2\/categories?post=87375"},{"taxonomy":"post_tag","embeddable":true,"href":"https:\/\/www.fcbarcelonanoticias.com\/en\/wp-json\/wp\/v2\/tags?post=87375"}],"curies":[{"name":"wp","href":"https:\/\/api.w.org\/{rel}","templated":true}]}}