{"id":87571,"date":"2018-08-12T22:33:00","date_gmt":"2018-08-12T20:33:00","guid":{"rendered":"https:\/\/weisetech.dev\/fc-barcelona-noticias\/en\/the-1x1-of-the-fc-barcelona-in-front-of-the-seville-ida-supercopa_187133_102\/"},"modified":"2018-08-12T22:43:00","modified_gmt":"2018-08-12T20:43:00","slug":"sarabia-advanced-to-the-seville-in-front-of-the-barca-with-help-of-the-var_215510_102","status":"publish","type":"post","link":"https:\/\/www.fcbarcelonanoticias.com\/en\/spanish-super-cup\/sarabia-advanced-to-the-seville-in-front-of-the-barca-with-help-of-the-var_215510_102.html","title":{"rendered":"Sarabia Advanced to the Seville in front of the Bar\u00e7a with help of the VAR"},"content":{"rendered":"<h2 class=\"wp-block-heading\">The polyvalent attacker of the Seville, Pablo Sarabia, transformed the first goal of the party before arriving to the ten minutes of the first-half, against the FC Barcelona in the Supercopa of Spain. The referee, Of the Big Hill, required the help of the VAR<\/h2>  \r\n<div class=\"article-addons\">\r\n    <a href=\"https:\/\/www.fcbarcelonanoticias.com\/en\/calendar-fc-barcelona.html\"\r\n       target=\"_self\"\r\n       title=\"Calendar of FC Barcelona\"\r\n       class=\"blue-gredient-btn\">\r\n       \r\n        Calendar of FC Barcelona    <\/a>\r\n<\/div>   <p>The group trained by Pablo Mach\u00edn, the Seville, <strong>went out something more enchufado that the FC Barcelona in <a href=\"https:\/\/www.fcbarcelonanoticias.com\/en\/futbol\/supercopa-de-espana.html\">the Supercopa of Spain<\/a><\/strong>. It neutralised in the first minutes a played offensive of Jordi Alba, and shortly after, in the &#8217;10&#8217; of party,<strong> Pablo Sarabia achieved to advance to the group hispalense<\/strong> in the Stadium of Tangier, generating something of worry to the <a href=\"https:\/\/www.fcbarcelonanoticias.com\/en\/jugadores-fcbarcelona.html\"><strong>players of the Bar\u00e7a<\/strong><\/a>.<\/p> <p>Luis Muriel, in a played of contragolpe, took desprovista to the Barcelona defence and, after a good manoeuvre, <strong>saw the desmarque of Sarabia to plant him a balloon measured<\/strong>. The Spanish attacker atin\u00f3 to the hour to launch the balloon crossed, inalcanzable for Ter Stegen.<\/p> <p>The judge of line, however, did not see it of the all clear and heaved initially the pennant, signalling offside. The repetition showed that the goal was valid, and <strong>like this communicated it to him the referees of the room of the VAR to the main referee<\/strong>, Of the Big Hill, that finish giving by well the goal in the minute 10, causing a celebration &#8216;half&#8217; of Sarabia.<\/p> <p>The question is that <strong>the Seville finish to advance  in the marker<\/strong>, hurgando like this in the defensive wound of a FC Barcelona that, in what it goes of pre-season, <strong>is not showing defensive solvency<\/strong> had to, surely, to the fault of shooting.<\/p> <p>And it is that <strong>the Seville went back to have of some that another dangerous counterattack<\/strong>, culminated with shots that went out diverted. The <a href=\"https:\/\/www.fcbarcelonanoticias.com\/en\/futbol\/fc-barcelona.html\"><strong>FC Barcelona<\/strong><\/a> tried to do with the control of the possession, but cost him horrors deepen between lines and generate played of goal.<\/p> <h2>Sarabia, &#8216;on fire&#8217; with the Seville<\/h2> <p>With the goal of Sarabia, <strong>the Seville did  strong in his defensive position and limited  to yield the leadership with the balloon to the Bar\u00e7a<\/strong> for, when it could, go out again to the contragolpe and generate unfit in the Barcelona defence.<\/p> <p>Sarabia, by the way,<strong> already has annotated 5 goals with the Seville in this pre-season<\/strong>, explaining the official meeting of Supercopa and those that has contested also of previous phases of Europe League, in addition to the friendly crashes. The Spanish, to full performance.<\/p> ","protected":false},"excerpt":{"rendered":"<p>The polyvalent attacker of the Seville, Pablo Sarabia, transformed the first goal of the party before arriving to the ten minutes of the first-half, against the FC Barcelona in the Supercopa of Spain. The referee, Of the Big Hill, required the help of the VAR The group trained by Pablo Mach\u00edn, the Seville, went out [&hellip;]<\/p>\n","protected":false},"author":357,"featured_media":87576,"comment_status":"closed","ping_status":"open","sticky":false,"template":"","format":"standard","meta":{"_acf_changed":false,"inline_featured_image":false,"_nextfly_llmd_date_locked":false,"footnotes":""},"categories":[128,445],"tags":[74],"class_list":["post-87571","post","type-post","status-publish","format-standard","has-post-thumbnail","hentry","category-spanish-super-cup","category-spanish-super-cup-2","tag-sevilla-fc"],"acf":[],"yoast_head":"<!-- This site is optimized with the Yoast SEO plugin v27.3 - https:\/\/yoast.com\/product\/yoast-seo-wordpress\/ -->\n<title>Pablo Sarabia advanced to the Seville in front of the Barcelona with help of the VAR<\/title>\n<meta name=\"description\" content=\"The polyvalent attacker of the Seville, Pablo Sarabia, transformed the first goal of the party before arriving to the ten minutes of the first-half...\" \/>\n<meta name=\"robots\" content=\"index, follow, max-snippet:-1, max-image-preview:large, max-video-preview:-1\" \/>\n<link rel=\"canonical\" href=\"https:\/\/www.fcbarcelonanoticias.com\/en\/spanish-super-cup\/sarabia-advanced-to-the-seville-in-front-of-the-barca-with-help-of-the-var_215510_102.html\" \/>\n<meta property=\"og:locale\" content=\"en_US\" \/>\n<meta property=\"og:type\" content=\"article\" \/>\n<meta property=\"og:title\" content=\"Pablo Sarabia advanced to the Seville in front of the Barcelona with help of the VAR\" \/>\n<meta property=\"og:description\" content=\"The polyvalent attacker of the Seville, Pablo Sarabia, transformed the first goal of the party before arriving to the ten minutes of the first-half...\" \/>\n<meta property=\"og:url\" content=\"https:\/\/www.fcbarcelonanoticias.com\/en\/spanish-super-cup\/sarabia-advanced-to-the-seville-in-front-of-the-barca-with-help-of-the-var_215510_102.html\" \/>\n<meta property=\"og:site_name\" content=\"EN - FC Barcelona Noticias\" \/>\n<meta property=\"article:published_time\" content=\"2018-08-12T20:33:00+00:00\" \/>\n<meta property=\"article:modified_time\" content=\"2018-08-12T20:43:00+00:00\" \/>\n<meta property=\"og:image\" content=\"https:\/\/www.fcbarcelonanoticias.com\/en\/wp-content\/uploads\/sites\/2\/2018\/08\/sarabia-262507.jpeg\" \/>\n\t<meta property=\"og:image:width\" content=\"760\" \/>\n\t<meta property=\"og:image:height\" content=\"428\" \/>\n\t<meta property=\"og:image:type\" content=\"image\/jpeg\" \/>\n<meta name=\"author\" content=\"Erika Moya\" \/>\n<meta name=\"twitter:card\" content=\"summary_large_image\" \/>\n<meta name=\"twitter:label1\" content=\"Written by\" \/>\n\t<meta name=\"twitter:data1\" content=\"Erika Moya\" \/>\n\t<meta name=\"twitter:label2\" content=\"Est. reading time\" \/>\n\t<meta name=\"twitter:data2\" content=\"2 minutes\" \/>\n<script type=\"application\/ld+json\" class=\"yoast-schema-graph\">{\"@context\":\"https:\\\/\\\/schema.org\",\"@graph\":[{\"@type\":\"Article\",\"@id\":\"https:\\\/\\\/www.fcbarcelonanoticias.com\\\/en\\\/spanish-super-cup\\\/sarabia-advanced-to-the-seville-in-front-of-the-barca-with-help-of-the-var_215510_102.html#article\",\"isPartOf\":{\"@id\":\"https:\\\/\\\/www.fcbarcelonanoticias.com\\\/en\\\/spanish-super-cup\\\/sarabia-advanced-to-the-seville-in-front-of-the-barca-with-help-of-the-var_215510_102.html\"},\"author\":{\"name\":\"Erika Moya\",\"@id\":\"https:\\\/\\\/www.fcbarcelonanoticias.com\\\/en\\\/#\\\/schema\\\/person\\\/5dc3a41c52ab542cf24a2fbe3489c561\"},\"headline\":\"Sarabia Advanced to the Seville in front of the Bar\u00e7a with help of the VAR\",\"datePublished\":\"2018-08-12T20:33:00+00:00\",\"dateModified\":\"2018-08-12T20:43:00+00:00\",\"mainEntityOfPage\":{\"@id\":\"https:\\\/\\\/www.fcbarcelonanoticias.com\\\/en\\\/spanish-super-cup\\\/sarabia-advanced-to-the-seville-in-front-of-the-barca-with-help-of-the-var_215510_102.html\"},\"wordCount\":422,\"image\":{\"@id\":\"https:\\\/\\\/www.fcbarcelonanoticias.com\\\/en\\\/spanish-super-cup\\\/sarabia-advanced-to-the-seville-in-front-of-the-barca-with-help-of-the-var_215510_102.html#primaryimage\"},\"thumbnailUrl\":\"https:\\\/\\\/www.fcbarcelonanoticias.com\\\/en\\\/wp-content\\\/uploads\\\/sites\\\/2\\\/2018\\\/08\\\/sarabia-262507.jpeg\",\"keywords\":[\"Sevilla FC\"],\"articleSection\":[\"Spanish Super Cup\",\"Spanish Super Cup\"],\"inLanguage\":\"en-US\"},{\"@type\":\"WebPage\",\"@id\":\"https:\\\/\\\/www.fcbarcelonanoticias.com\\\/en\\\/spanish-super-cup\\\/sarabia-advanced-to-the-seville-in-front-of-the-barca-with-help-of-the-var_215510_102.html\",\"url\":\"https:\\\/\\\/www.fcbarcelonanoticias.com\\\/en\\\/spanish-super-cup\\\/sarabia-advanced-to-the-seville-in-front-of-the-barca-with-help-of-the-var_215510_102.html\",\"name\":\"Pablo Sarabia advanced to the Seville in front of the Barcelona with help of the VAR\",\"isPartOf\":{\"@id\":\"https:\\\/\\\/www.fcbarcelonanoticias.com\\\/en\\\/#website\"},\"primaryImageOfPage\":{\"@id\":\"https:\\\/\\\/www.fcbarcelonanoticias.com\\\/en\\\/spanish-super-cup\\\/sarabia-advanced-to-the-seville-in-front-of-the-barca-with-help-of-the-var_215510_102.html#primaryimage\"},\"image\":{\"@id\":\"https:\\\/\\\/www.fcbarcelonanoticias.com\\\/en\\\/spanish-super-cup\\\/sarabia-advanced-to-the-seville-in-front-of-the-barca-with-help-of-the-var_215510_102.html#primaryimage\"},\"thumbnailUrl\":\"https:\\\/\\\/www.fcbarcelonanoticias.com\\\/en\\\/wp-content\\\/uploads\\\/sites\\\/2\\\/2018\\\/08\\\/sarabia-262507.jpeg\",\"datePublished\":\"2018-08-12T20:33:00+00:00\",\"dateModified\":\"2018-08-12T20:43:00+00:00\",\"author\":{\"@id\":\"https:\\\/\\\/www.fcbarcelonanoticias.com\\\/en\\\/#\\\/schema\\\/person\\\/5dc3a41c52ab542cf24a2fbe3489c561\"},\"description\":\"The polyvalent attacker of the Seville, Pablo Sarabia, transformed the first goal of the party before arriving to the ten minutes of the first-half...\",\"breadcrumb\":{\"@id\":\"https:\\\/\\\/www.fcbarcelonanoticias.com\\\/en\\\/spanish-super-cup\\\/sarabia-advanced-to-the-seville-in-front-of-the-barca-with-help-of-the-var_215510_102.html#breadcrumb\"},\"inLanguage\":\"en-US\",\"potentialAction\":[{\"@type\":\"ReadAction\",\"target\":[\"https:\\\/\\\/www.fcbarcelonanoticias.com\\\/en\\\/spanish-super-cup\\\/sarabia-advanced-to-the-seville-in-front-of-the-barca-with-help-of-the-var_215510_102.html\"]}]},{\"@type\":\"ImageObject\",\"inLanguage\":\"en-US\",\"@id\":\"https:\\\/\\\/www.fcbarcelonanoticias.com\\\/en\\\/spanish-super-cup\\\/sarabia-advanced-to-the-seville-in-front-of-the-barca-with-help-of-the-var_215510_102.html#primaryimage\",\"url\":\"https:\\\/\\\/www.fcbarcelonanoticias.com\\\/en\\\/wp-content\\\/uploads\\\/sites\\\/2\\\/2018\\\/08\\\/sarabia-262507.jpeg\",\"contentUrl\":\"https:\\\/\\\/www.fcbarcelonanoticias.com\\\/en\\\/wp-content\\\/uploads\\\/sites\\\/2\\\/2018\\\/08\\\/sarabia-262507.jpeg\",\"width\":760,\"height\":428},{\"@type\":\"BreadcrumbList\",\"@id\":\"https:\\\/\\\/www.fcbarcelonanoticias.com\\\/en\\\/spanish-super-cup\\\/sarabia-advanced-to-the-seville-in-front-of-the-barca-with-help-of-the-var_215510_102.html#breadcrumb\",\"itemListElement\":[{\"@type\":\"ListItem\",\"position\":1,\"name\":\"Portada\",\"item\":\"https:\\\/\\\/www.fcbarcelonanoticias.com\\\/en\\\/\"},{\"@type\":\"ListItem\",\"position\":2,\"name\":\"Sarabia Advanced to the Seville in front of the Bar\u00e7a with help of the VAR\"}]},{\"@type\":\"WebSite\",\"@id\":\"https:\\\/\\\/www.fcbarcelonanoticias.com\\\/en\\\/#website\",\"url\":\"https:\\\/\\\/www.fcbarcelonanoticias.com\\\/en\\\/\",\"name\":\"EN - FC Barcelona Noticias\",\"description\":\"\",\"potentialAction\":[{\"@type\":\"SearchAction\",\"target\":{\"@type\":\"EntryPoint\",\"urlTemplate\":\"https:\\\/\\\/www.fcbarcelonanoticias.com\\\/en\\\/?s={search_term_string}\"},\"query-input\":{\"@type\":\"PropertyValueSpecification\",\"valueRequired\":true,\"valueName\":\"search_term_string\"}}],\"inLanguage\":\"en-US\"},{\"@type\":\"Person\",\"@id\":\"https:\\\/\\\/www.fcbarcelonanoticias.com\\\/en\\\/#\\\/schema\\\/person\\\/5dc3a41c52ab542cf24a2fbe3489c561\",\"name\":\"Erika Moya\",\"image\":{\"@type\":\"ImageObject\",\"inLanguage\":\"en-US\",\"@id\":\"https:\\\/\\\/secure.gravatar.com\\\/avatar\\\/?s=96&d=mm&r=g\",\"url\":\"https:\\\/\\\/secure.gravatar.com\\\/avatar\\\/?s=96&d=mm&r=g\",\"contentUrl\":\"https:\\\/\\\/secure.gravatar.com\\\/avatar\\\/?s=96&d=mm&r=g\",\"caption\":\"Erika Moya\"},\"description\":\"Erika est\u00e1 estudiando Periodismo y llega a FCBN con el objetivo de cubrir la actualidad del F\u00fatbol Femenino, con especial cari\u00f1o\u00a0a todo lo que rodea al Bar\u00e7a Femenino. Apasionada del deporte, combina su formaci\u00f3n acad\u00e9mica con su labor divulgativa.\",\"url\":\"https:\\\/\\\/www.fcbarcelonanoticias.com\\\/en\\\/fc-barcelona\\\/erika-moya_29_115.html\"}]}<\/script>\n<!-- \/ Yoast SEO plugin. -->","yoast_head_json":{"title":"Pablo Sarabia advanced to the Seville in front of the Barcelona with help of the VAR","description":"The polyvalent attacker of the Seville, Pablo Sarabia, transformed the first goal of the party before arriving to the ten minutes of the first-half...","robots":{"index":"index","follow":"follow","max-snippet":"max-snippet:-1","max-image-preview":"max-image-preview:large","max-video-preview":"max-video-preview:-1"},"canonical":"https:\/\/www.fcbarcelonanoticias.com\/en\/spanish-super-cup\/sarabia-advanced-to-the-seville-in-front-of-the-barca-with-help-of-the-var_215510_102.html","og_locale":"en_US","og_type":"article","og_title":"Pablo Sarabia advanced to the Seville in front of the Barcelona with help of the VAR","og_description":"The polyvalent attacker of the Seville, Pablo Sarabia, transformed the first goal of the party before arriving to the ten minutes of the first-half...","og_url":"https:\/\/www.fcbarcelonanoticias.com\/en\/spanish-super-cup\/sarabia-advanced-to-the-seville-in-front-of-the-barca-with-help-of-the-var_215510_102.html","og_site_name":"EN - FC Barcelona Noticias","article_published_time":"2018-08-12T20:33:00+00:00","article_modified_time":"2018-08-12T20:43:00+00:00","og_image":[{"width":760,"height":428,"url":"https:\/\/www.fcbarcelonanoticias.com\/en\/wp-content\/uploads\/sites\/2\/2018\/08\/sarabia-262507.jpeg","type":"image\/jpeg"}],"author":"Erika Moya","twitter_card":"summary_large_image","twitter_misc":{"Written by":"Erika Moya","Est. reading time":"2 minutes"},"schema":{"@context":"https:\/\/schema.org","@graph":[{"@type":"Article","@id":"https:\/\/www.fcbarcelonanoticias.com\/en\/spanish-super-cup\/sarabia-advanced-to-the-seville-in-front-of-the-barca-with-help-of-the-var_215510_102.html#article","isPartOf":{"@id":"https:\/\/www.fcbarcelonanoticias.com\/en\/spanish-super-cup\/sarabia-advanced-to-the-seville-in-front-of-the-barca-with-help-of-the-var_215510_102.html"},"author":{"name":"Erika Moya","@id":"https:\/\/www.fcbarcelonanoticias.com\/en\/#\/schema\/person\/5dc3a41c52ab542cf24a2fbe3489c561"},"headline":"Sarabia Advanced to the Seville in front of the Bar\u00e7a with help of the VAR","datePublished":"2018-08-12T20:33:00+00:00","dateModified":"2018-08-12T20:43:00+00:00","mainEntityOfPage":{"@id":"https:\/\/www.fcbarcelonanoticias.com\/en\/spanish-super-cup\/sarabia-advanced-to-the-seville-in-front-of-the-barca-with-help-of-the-var_215510_102.html"},"wordCount":422,"image":{"@id":"https:\/\/www.fcbarcelonanoticias.com\/en\/spanish-super-cup\/sarabia-advanced-to-the-seville-in-front-of-the-barca-with-help-of-the-var_215510_102.html#primaryimage"},"thumbnailUrl":"https:\/\/www.fcbarcelonanoticias.com\/en\/wp-content\/uploads\/sites\/2\/2018\/08\/sarabia-262507.jpeg","keywords":["Sevilla FC"],"articleSection":["Spanish Super Cup","Spanish Super Cup"],"inLanguage":"en-US"},{"@type":"WebPage","@id":"https:\/\/www.fcbarcelonanoticias.com\/en\/spanish-super-cup\/sarabia-advanced-to-the-seville-in-front-of-the-barca-with-help-of-the-var_215510_102.html","url":"https:\/\/www.fcbarcelonanoticias.com\/en\/spanish-super-cup\/sarabia-advanced-to-the-seville-in-front-of-the-barca-with-help-of-the-var_215510_102.html","name":"Pablo Sarabia advanced to the Seville in front of the Barcelona with help of the VAR","isPartOf":{"@id":"https:\/\/www.fcbarcelonanoticias.com\/en\/#website"},"primaryImageOfPage":{"@id":"https:\/\/www.fcbarcelonanoticias.com\/en\/spanish-super-cup\/sarabia-advanced-to-the-seville-in-front-of-the-barca-with-help-of-the-var_215510_102.html#primaryimage"},"image":{"@id":"https:\/\/www.fcbarcelonanoticias.com\/en\/spanish-super-cup\/sarabia-advanced-to-the-seville-in-front-of-the-barca-with-help-of-the-var_215510_102.html#primaryimage"},"thumbnailUrl":"https:\/\/www.fcbarcelonanoticias.com\/en\/wp-content\/uploads\/sites\/2\/2018\/08\/sarabia-262507.jpeg","datePublished":"2018-08-12T20:33:00+00:00","dateModified":"2018-08-12T20:43:00+00:00","author":{"@id":"https:\/\/www.fcbarcelonanoticias.com\/en\/#\/schema\/person\/5dc3a41c52ab542cf24a2fbe3489c561"},"description":"The polyvalent attacker of the Seville, Pablo Sarabia, transformed the first goal of the party before arriving to the ten minutes of the first-half...","breadcrumb":{"@id":"https:\/\/www.fcbarcelonanoticias.com\/en\/spanish-super-cup\/sarabia-advanced-to-the-seville-in-front-of-the-barca-with-help-of-the-var_215510_102.html#breadcrumb"},"inLanguage":"en-US","potentialAction":[{"@type":"ReadAction","target":["https:\/\/www.fcbarcelonanoticias.com\/en\/spanish-super-cup\/sarabia-advanced-to-the-seville-in-front-of-the-barca-with-help-of-the-var_215510_102.html"]}]},{"@type":"ImageObject","inLanguage":"en-US","@id":"https:\/\/www.fcbarcelonanoticias.com\/en\/spanish-super-cup\/sarabia-advanced-to-the-seville-in-front-of-the-barca-with-help-of-the-var_215510_102.html#primaryimage","url":"https:\/\/www.fcbarcelonanoticias.com\/en\/wp-content\/uploads\/sites\/2\/2018\/08\/sarabia-262507.jpeg","contentUrl":"https:\/\/www.fcbarcelonanoticias.com\/en\/wp-content\/uploads\/sites\/2\/2018\/08\/sarabia-262507.jpeg","width":760,"height":428},{"@type":"BreadcrumbList","@id":"https:\/\/www.fcbarcelonanoticias.com\/en\/spanish-super-cup\/sarabia-advanced-to-the-seville-in-front-of-the-barca-with-help-of-the-var_215510_102.html#breadcrumb","itemListElement":[{"@type":"ListItem","position":1,"name":"Portada","item":"https:\/\/www.fcbarcelonanoticias.com\/en\/"},{"@type":"ListItem","position":2,"name":"Sarabia Advanced to the Seville in front of the Bar\u00e7a with help of the VAR"}]},{"@type":"WebSite","@id":"https:\/\/www.fcbarcelonanoticias.com\/en\/#website","url":"https:\/\/www.fcbarcelonanoticias.com\/en\/","name":"EN - FC Barcelona Noticias","description":"","potentialAction":[{"@type":"SearchAction","target":{"@type":"EntryPoint","urlTemplate":"https:\/\/www.fcbarcelonanoticias.com\/en\/?s={search_term_string}"},"query-input":{"@type":"PropertyValueSpecification","valueRequired":true,"valueName":"search_term_string"}}],"inLanguage":"en-US"},{"@type":"Person","@id":"https:\/\/www.fcbarcelonanoticias.com\/en\/#\/schema\/person\/5dc3a41c52ab542cf24a2fbe3489c561","name":"Erika Moya","image":{"@type":"ImageObject","inLanguage":"en-US","@id":"https:\/\/secure.gravatar.com\/avatar\/?s=96&d=mm&r=g","url":"https:\/\/secure.gravatar.com\/avatar\/?s=96&d=mm&r=g","contentUrl":"https:\/\/secure.gravatar.com\/avatar\/?s=96&d=mm&r=g","caption":"Erika Moya"},"description":"Erika est\u00e1 estudiando Periodismo y llega a FCBN con el objetivo de cubrir la actualidad del F\u00fatbol Femenino, con especial cari\u00f1o\u00a0a todo lo que rodea al Bar\u00e7a Femenino. Apasionada del deporte, combina su formaci\u00f3n acad\u00e9mica con su labor divulgativa.","url":"https:\/\/www.fcbarcelonanoticias.com\/en\/fc-barcelona\/erika-moya_29_115.html"}]}},"_links":{"self":[{"href":"https:\/\/www.fcbarcelonanoticias.com\/en\/wp-json\/wp\/v2\/posts\/87571","targetHints":{"allow":["GET"]}}],"collection":[{"href":"https:\/\/www.fcbarcelonanoticias.com\/en\/wp-json\/wp\/v2\/posts"}],"about":[{"href":"https:\/\/www.fcbarcelonanoticias.com\/en\/wp-json\/wp\/v2\/types\/post"}],"author":[{"embeddable":true,"href":"https:\/\/www.fcbarcelonanoticias.com\/en\/wp-json\/wp\/v2\/users\/357"}],"replies":[{"embeddable":true,"href":"https:\/\/www.fcbarcelonanoticias.com\/en\/wp-json\/wp\/v2\/comments?post=87571"}],"version-history":[{"count":2,"href":"https:\/\/www.fcbarcelonanoticias.com\/en\/wp-json\/wp\/v2\/posts\/87571\/revisions"}],"predecessor-version":[{"id":87573,"href":"https:\/\/www.fcbarcelonanoticias.com\/en\/wp-json\/wp\/v2\/posts\/87571\/revisions\/87573"}],"wp:featuredmedia":[{"embeddable":true,"href":"https:\/\/www.fcbarcelonanoticias.com\/en\/wp-json\/wp\/v2\/media\/87576"}],"wp:attachment":[{"href":"https:\/\/www.fcbarcelonanoticias.com\/en\/wp-json\/wp\/v2\/media?parent=87571"}],"wp:term":[{"taxonomy":"category","embeddable":true,"href":"https:\/\/www.fcbarcelonanoticias.com\/en\/wp-json\/wp\/v2\/categories?post=87571"},{"taxonomy":"post_tag","embeddable":true,"href":"https:\/\/www.fcbarcelonanoticias.com\/en\/wp-json\/wp\/v2\/tags?post=87571"}],"curies":[{"name":"wp","href":"https:\/\/api.w.org\/{rel}","templated":true}]}}