{"id":87586,"date":"2018-08-13T05:05:00","date_gmt":"2018-08-13T03:05:00","guid":{"rendered":"https:\/\/weisetech.dev\/fc-barcelona-noticias\/en\/the-barca-traces-back-and-wins-the-supercopa-of-spain-with-a-golazo-of-dembele-2-1_215501_102\/"},"modified":"2018-08-13T05:05:00","modified_gmt":"2018-08-13T03:05:00","slug":"the-barca-traces-back-and-wins-the-supercopa-of-spain-with-a-golazo-of-dembele-2-1_215501_102","status":"publish","type":"post","link":"https:\/\/www.fcbarcelonanoticias.com\/en\/spanish-super-cup\/the-barca-traces-back-and-wins-the-supercopa-of-spain-with-a-golazo-of-dembele-2-1_215501_102.html","title":{"rendered":"The Bar\u00e7a traces back and wins the Supercopa of Spain with a golazo of Demb\u00e9l\u00e9 (2-1)"},"content":{"rendered":"<h2 class=\"wp-block-heading\">The Bar\u00e7a is champion of the Supercopa of Spain after imposing  to the Seville. Pablo Sarabia advanced to the Andalusians, but the Catalans traced back with a target of Gerard Hammered and a golazo of Ousmane Demb\u00e9l\u00e9. Ter Stegen Stopped a penalti in the minute 90<\/h2>  \r\n<div class=\"article-addons\">\r\n    <a href=\"https:\/\/www.fcbarcelonanoticias.com\/en\/calendar-fc-barcelona.html\"\r\n       target=\"_self\"\r\n       title=\"Calendar of FC Barcelona\"\r\n       class=\"blue-gredient-btn\">\r\n       \r\n        Calendar of FC Barcelona    <\/a>\r\n<\/div>   <p>It was necessary to suffer in the first and in the last minutes, but <strong>the FC Barcelona premi\u00e8red the season 2018-19 to the big, winning the <a href=\"https:\/\/www.fcbarcelonanoticias.com\/en\/futbol\/supercopa-de-espana.html\">Supercopa of Spain<\/a><\/strong>. In an atypical duel in Africa, Pablo Sarabia advanced very soon to the Andalusians, but the Catalans replaced  and to base of possession found the tie of Gerard Hammered. In the second half, with a more open clash, Ousmane Demb\u00e9l\u00e9 attained the advantage with a golazo, and Marc-Andr\u00e9 Ter Stegen tieed up it detaining a penalti in the minute 90.<\/p> <p>The meeting began in the Ibn Battouta of Tangier with the script expected, with the cul\u00e9s carrying the initiative and the hispalenses expecting his opportunity. Ernesto Valverde opted by a team dominador and with a lot of intensity in the theft after loss, but with the very advanced sides, <strong>the suffering arrived to the against, that gave wings to the men of Pablo Mach\u00edn<\/strong>.<\/p> <p>Precisely, in his first warning of the party gave in the target, after a fault of understanding and a stray pass that mounted a counterattack for Luis Muriel. The Colombian threatened to one and another side in front of Gerard Hammered, and to last hour yielded so that <strong>Pablo Sarabia premi\u00e8red the marker after a brief <a href=\"https:\/\/www.fcbarcelonanoticias.com\/en\/supercopa-de-espana\/sarabia-adelanto-al-sevilla-frente-al-barca-con-ayuda-del-var_215510_102.html\">query to the VAR<\/a><\/strong>, that confirmed that it was in correct position before finishing crusader to beat to Marc-Andr\u00e9 Ter Stegen.<\/p> <p><strong>The Barcelona answer arrived, as it is usual, in the boots of Leo Messi<\/strong>, that first tested to Tomas Vaclik after a corner taken out in short and afterwards began to head to his with assistances. Jordi Alba tried it also and went back  to crash in the goalkeeper, with <strong>a Bar\u00e7a that looked for gaps in the populated defence of the Seville<\/strong> while Ousmane Demb\u00e9l\u00e9 treated to break lines, encarando, happening, dribbling.<\/p> <p>With some brief rest by the heights of the season in which they are, the Catalans followed insisting. Cl\u00e9ment Lenglet brushed the square in a finish of head, and Luis Su\u00e1rez crossed too much after a big desmarque that left him only. It was a warning of what was for coming, and that arrived of the oddest form after <strong>a fault of \u00c9ver Banega to Arthur in the frontal in which the Brazilian put him more win to fall  that forces the Argentinian<\/strong>.<\/p> <p>Once again, <strong>Messi finished it adjusted to the left stick of the cancerbero<\/strong>, with the balloon touching the stick, the back of Vaclik, the stick, and going out sacked. The smartest of the class was&nbsp;<strong>Gerard Hammered, that launched  with everything to <a href=\"https:\/\/www.fcbarcelonanoticias.com\/en\/supercopa-de-espana\/messi-lo-guiso-y-pique-lo-marco-asi-empato-el-barca-al-sevilla_215512_102.html\">lodge the balloon in the network<\/a>.&nbsp;<\/strong>To the edge of the rest arrived a very important goal, and just afterwards a stop of a Ter Stegen atent\u00edsimo, that braked the attempt of an escurridizo Sarabia.<\/p> <h2>Demb\u00e9l\u00e9 Claims  in the Supercopa<\/h2> <p><strong>Like both teams wanted to win in 90 minutes, the party broke  after the rest<\/strong>, with the Bar\u00e7a trying pipe it and the Seville daring more with the control of the leather. During the second time there was exchange of occasions, some clearer and other less, and with a complete revolution to measure that approached the end.<\/p> <p>The opportunities went sucedi\u00e9ndose in both goals. Messi went back to test of fault to a Vaclik that cleared of fists, and afterwards <strong>Franco V\u00e1zquez crashed a head butt after a kickoff of corner in the crosshead<\/strong>. Later it escaped  Demb\u00e9l\u00e9 to pass of the rosarino and his shot went out too centred, and the &#8216;dumb&#8217; answered again with a latigazo from the frontal that left  was near of the stick.<\/p> <p>In the 77 a double occasion of the cul\u00e9s finish with two stops of the goalkeeper point-blank -with two also centred shots of Su\u00e1rez and Messi-, and a minute afterwards arrived the first of the played that marked the denouement of the party. <strong>Demb\u00e9l\u00e9 Received a pass in three chambers of field, advanced metres and solt\u00f3 a zambombazo with the right-handed that <a href=\"https:\/\/www.fcbarcelonanoticias.com\/en\/fc-barcelona\/golazo-descomunal-de-dembele-para-ganar-la-supercopa_215514_102.html\">popped the network sevillista<\/a>.&nbsp;<\/strong>If there was a way to begin to claimed, of course was this.<\/p> <p>To finish, does lacking to stand out to <strong>Ter Stegen, that appeared in the minute 90 to save the Barcelona party stopping a penalti<\/strong>. A pass filtered finish with Jordi Alba and Aleix Vidal pugnando in the area, and when the one of L&#8217;Hospitalet had removed the ball of his scope, of Puigpelat top\u00f3 with the German, that had gone out to cover. It was an action more than doubtful, but Of the Big Hill did not hesitate and signal to the eleven metres. Luckily for the Bar\u00e7a, Wissam Ben Yedder did not adjust too much his launching, and dumping to the left detained it Marc-Andr\u00e9 to go back to be leading. The cul\u00e9s already are supercampeones.<\/p> <h2>Technical index card of the party: FC Barcelona-Seville 2-1<\/h2> <p><strong>FC Barcelona<\/strong>:&nbsp;Ter Stegen; Semedo, Hammered, Lenglet, Alba; Busquets, Arthur (Coutinho, min 53), Rafinha (Rakitic, min 46); Messi, Su\u00e1rez and Demb\u00e9l\u00e9 (Vidal, min 86).<\/p> <p><strong>Seville<\/strong>: Vaclik; Navas, Market (Ben Yedder, min 85), Kjaer, Sergi G\u00f3mez, Escudero; Roque Table, Banega; Sarabia (Aleix Vidal, min 71), V\u00e1zquez and Muriel (Silva, min 60).<\/p> <p><strong>Goals of the party:<\/strong>&nbsp;0-1 Sarabia (min 8), 1-1 Hammered (min 42), 2-1 Demb\u00e9l\u00e9 (min 78).<\/p> <strong>Referee: <\/strong>Of the Big Hill. <p><strong>Incidences:<\/strong> corresponding Party to the Supercopa of Spain 2018-19.<\/p> <h2>News stood out of the FC Barcelona-Seville 2-1<\/h2> <ul> <li><strong>Video summary of the party FC Barcelona-Seville<\/strong><\/li> <li><strong>The MVP of the party FC Barcelona-Seville<\/strong><\/li> <li><strong>The best Meme of the party FC Barcelona-Seville<\/strong><\/li> <\/ul> <p><strong>Next party: <a href=\"https:\/\/www.fcbarcelonanoticias.com\/calendario-fcbarcelona.html\">FC Barcelona-Mouth Juniors (Trophy Joan Gamper)<\/a>.<\/strong><\/p> ","protected":false},"excerpt":{"rendered":"<p>The Bar\u00e7a is champion of the Supercopa of Spain after imposing to the Seville. Pablo Sarabia advanced to the Andalusians, but the Catalans traced back with a target of Gerard Hammered and a golazo of Ousmane Demb\u00e9l\u00e9. Ter Stegen Stopped a penalti in the minute 90 It was necessary to suffer in the first and [&hellip;]<\/p>\n","protected":false},"author":376,"featured_media":87592,"comment_status":"closed","ping_status":"open","sticky":false,"template":"","format":"standard","meta":{"_acf_changed":false,"inline_featured_image":false,"_nextfly_llmd_date_locked":false,"footnotes":""},"categories":[445,128],"tags":[180,74],"class_list":["post-87586","post","type-post","status-publish","format-standard","has-post-thumbnail","hentry","category-spanish-super-cup-2","category-spanish-super-cup","tag-fc-barcelona-results","tag-sevilla-fc"],"acf":[],"yoast_head":"<!-- This site is optimized with the Yoast SEO plugin v27.3 - https:\/\/yoast.com\/product\/yoast-seo-wordpress\/ -->\n<title>The Bar\u00e7a traces back and wins the Supercopa of Spain with a golazo of Ousmane Demb\u00e9l\u00e9 (2-1)<\/title>\n<meta name=\"description\" content=\"The Bar\u00e7a is champion of the Supercopa of Spain after imposing to the Seville. Pablo Sarabia advanced to the Andalusians, but the Catalans traced back...\" \/>\n<meta name=\"robots\" content=\"index, follow, max-snippet:-1, max-image-preview:large, max-video-preview:-1\" \/>\n<link rel=\"canonical\" href=\"https:\/\/www.fcbarcelonanoticias.com\/en\/spanish-super-cup\/the-barca-traces-back-and-wins-the-supercopa-of-spain-with-a-golazo-of-dembele-2-1_215501_102.html\" \/>\n<meta property=\"og:locale\" content=\"en_US\" \/>\n<meta property=\"og:type\" content=\"article\" \/>\n<meta property=\"og:title\" content=\"The Bar\u00e7a traces back and wins the Supercopa of Spain with a golazo of Ousmane Demb\u00e9l\u00e9 (2-1)\" \/>\n<meta property=\"og:description\" content=\"The Bar\u00e7a is champion of the Supercopa of Spain after imposing to the Seville. Pablo Sarabia advanced to the Andalusians, but the Catalans traced back...\" \/>\n<meta property=\"og:url\" content=\"https:\/\/www.fcbarcelonanoticias.com\/en\/spanish-super-cup\/the-barca-traces-back-and-wins-the-supercopa-of-spain-with-a-golazo-of-dembele-2-1_215501_102.html\" \/>\n<meta property=\"og:site_name\" content=\"EN - FC Barcelona Noticias\" \/>\n<meta property=\"article:published_time\" content=\"2018-08-13T03:05:00+00:00\" \/>\n<meta property=\"og:image\" content=\"https:\/\/www.fcbarcelonanoticias.com\/en\/wp-content\/uploads\/sites\/2\/2018\/08\/cronica-barcelona-sevilla-supercopa-262519.jpeg\" \/>\n\t<meta property=\"og:image:width\" content=\"761\" \/>\n\t<meta property=\"og:image:height\" content=\"428\" \/>\n\t<meta property=\"og:image:type\" content=\"image\/jpeg\" \/>\n<meta name=\"author\" content=\"user_4032\" \/>\n<meta name=\"twitter:card\" content=\"summary_large_image\" \/>\n<meta name=\"twitter:label1\" content=\"Written by\" \/>\n\t<meta name=\"twitter:data1\" content=\"user_4032\" \/>\n\t<meta name=\"twitter:label2\" content=\"Est. reading time\" \/>\n\t<meta name=\"twitter:data2\" content=\"5 minutes\" \/>\n<script type=\"application\/ld+json\" class=\"yoast-schema-graph\">{\"@context\":\"https:\\\/\\\/schema.org\",\"@graph\":[{\"@type\":\"Article\",\"@id\":\"https:\\\/\\\/www.fcbarcelonanoticias.com\\\/en\\\/spanish-super-cup\\\/the-barca-traces-back-and-wins-the-supercopa-of-spain-with-a-golazo-of-dembele-2-1_215501_102.html#article\",\"isPartOf\":{\"@id\":\"https:\\\/\\\/www.fcbarcelonanoticias.com\\\/en\\\/spanish-super-cup\\\/the-barca-traces-back-and-wins-the-supercopa-of-spain-with-a-golazo-of-dembele-2-1_215501_102.html\"},\"author\":{\"name\":\"user_4032\",\"@id\":\"https:\\\/\\\/www.fcbarcelonanoticias.com\\\/en\\\/#\\\/schema\\\/person\\\/87b10dbddf72505d2eeba8aaa6c9ba14\"},\"headline\":\"The Bar\u00e7a traces back and wins the Supercopa of Spain with a golazo of Demb\u00e9l\u00e9 (2-1)\",\"datePublished\":\"2018-08-13T03:05:00+00:00\",\"mainEntityOfPage\":{\"@id\":\"https:\\\/\\\/www.fcbarcelonanoticias.com\\\/en\\\/spanish-super-cup\\\/the-barca-traces-back-and-wins-the-supercopa-of-spain-with-a-golazo-of-dembele-2-1_215501_102.html\"},\"wordCount\":1002,\"image\":{\"@id\":\"https:\\\/\\\/www.fcbarcelonanoticias.com\\\/en\\\/spanish-super-cup\\\/the-barca-traces-back-and-wins-the-supercopa-of-spain-with-a-golazo-of-dembele-2-1_215501_102.html#primaryimage\"},\"thumbnailUrl\":\"https:\\\/\\\/www.fcbarcelonanoticias.com\\\/en\\\/wp-content\\\/uploads\\\/sites\\\/2\\\/2018\\\/08\\\/cronica-barcelona-sevilla-supercopa-262519.jpeg\",\"keywords\":[\"FC Barcelona Results\",\"Sevilla FC\"],\"articleSection\":[\"Spanish Super Cup\",\"Spanish Super Cup\"],\"inLanguage\":\"en-US\"},{\"@type\":\"WebPage\",\"@id\":\"https:\\\/\\\/www.fcbarcelonanoticias.com\\\/en\\\/spanish-super-cup\\\/the-barca-traces-back-and-wins-the-supercopa-of-spain-with-a-golazo-of-dembele-2-1_215501_102.html\",\"url\":\"https:\\\/\\\/www.fcbarcelonanoticias.com\\\/en\\\/spanish-super-cup\\\/the-barca-traces-back-and-wins-the-supercopa-of-spain-with-a-golazo-of-dembele-2-1_215501_102.html\",\"name\":\"The Bar\u00e7a traces back and wins the Supercopa of Spain with a golazo of Ousmane Demb\u00e9l\u00e9 (2-1)\",\"isPartOf\":{\"@id\":\"https:\\\/\\\/www.fcbarcelonanoticias.com\\\/en\\\/#website\"},\"primaryImageOfPage\":{\"@id\":\"https:\\\/\\\/www.fcbarcelonanoticias.com\\\/en\\\/spanish-super-cup\\\/the-barca-traces-back-and-wins-the-supercopa-of-spain-with-a-golazo-of-dembele-2-1_215501_102.html#primaryimage\"},\"image\":{\"@id\":\"https:\\\/\\\/www.fcbarcelonanoticias.com\\\/en\\\/spanish-super-cup\\\/the-barca-traces-back-and-wins-the-supercopa-of-spain-with-a-golazo-of-dembele-2-1_215501_102.html#primaryimage\"},\"thumbnailUrl\":\"https:\\\/\\\/www.fcbarcelonanoticias.com\\\/en\\\/wp-content\\\/uploads\\\/sites\\\/2\\\/2018\\\/08\\\/cronica-barcelona-sevilla-supercopa-262519.jpeg\",\"datePublished\":\"2018-08-13T03:05:00+00:00\",\"author\":{\"@id\":\"https:\\\/\\\/www.fcbarcelonanoticias.com\\\/en\\\/#\\\/schema\\\/person\\\/87b10dbddf72505d2eeba8aaa6c9ba14\"},\"description\":\"The Bar\u00e7a is champion of the Supercopa of Spain after imposing to the Seville. Pablo Sarabia advanced to the Andalusians, but the Catalans traced back...\",\"breadcrumb\":{\"@id\":\"https:\\\/\\\/www.fcbarcelonanoticias.com\\\/en\\\/spanish-super-cup\\\/the-barca-traces-back-and-wins-the-supercopa-of-spain-with-a-golazo-of-dembele-2-1_215501_102.html#breadcrumb\"},\"inLanguage\":\"en-US\",\"potentialAction\":[{\"@type\":\"ReadAction\",\"target\":[\"https:\\\/\\\/www.fcbarcelonanoticias.com\\\/en\\\/spanish-super-cup\\\/the-barca-traces-back-and-wins-the-supercopa-of-spain-with-a-golazo-of-dembele-2-1_215501_102.html\"]}]},{\"@type\":\"ImageObject\",\"inLanguage\":\"en-US\",\"@id\":\"https:\\\/\\\/www.fcbarcelonanoticias.com\\\/en\\\/spanish-super-cup\\\/the-barca-traces-back-and-wins-the-supercopa-of-spain-with-a-golazo-of-dembele-2-1_215501_102.html#primaryimage\",\"url\":\"https:\\\/\\\/www.fcbarcelonanoticias.com\\\/en\\\/wp-content\\\/uploads\\\/sites\\\/2\\\/2018\\\/08\\\/cronica-barcelona-sevilla-supercopa-262519.jpeg\",\"contentUrl\":\"https:\\\/\\\/www.fcbarcelonanoticias.com\\\/en\\\/wp-content\\\/uploads\\\/sites\\\/2\\\/2018\\\/08\\\/cronica-barcelona-sevilla-supercopa-262519.jpeg\",\"width\":761,\"height\":428},{\"@type\":\"BreadcrumbList\",\"@id\":\"https:\\\/\\\/www.fcbarcelonanoticias.com\\\/en\\\/spanish-super-cup\\\/the-barca-traces-back-and-wins-the-supercopa-of-spain-with-a-golazo-of-dembele-2-1_215501_102.html#breadcrumb\",\"itemListElement\":[{\"@type\":\"ListItem\",\"position\":1,\"name\":\"Portada\",\"item\":\"https:\\\/\\\/www.fcbarcelonanoticias.com\\\/en\\\/\"},{\"@type\":\"ListItem\",\"position\":2,\"name\":\"The Bar\u00e7a traces back and wins the Supercopa of Spain with a golazo of Demb\u00e9l\u00e9 (2-1)\"}]},{\"@type\":\"WebSite\",\"@id\":\"https:\\\/\\\/www.fcbarcelonanoticias.com\\\/en\\\/#website\",\"url\":\"https:\\\/\\\/www.fcbarcelonanoticias.com\\\/en\\\/\",\"name\":\"EN - FC Barcelona Noticias\",\"description\":\"\",\"potentialAction\":[{\"@type\":\"SearchAction\",\"target\":{\"@type\":\"EntryPoint\",\"urlTemplate\":\"https:\\\/\\\/www.fcbarcelonanoticias.com\\\/en\\\/?s={search_term_string}\"},\"query-input\":{\"@type\":\"PropertyValueSpecification\",\"valueRequired\":true,\"valueName\":\"search_term_string\"}}],\"inLanguage\":\"en-US\"},{\"@type\":\"Person\",\"@id\":\"https:\\\/\\\/www.fcbarcelonanoticias.com\\\/en\\\/#\\\/schema\\\/person\\\/87b10dbddf72505d2eeba8aaa6c9ba14\",\"name\":\"user_4032\",\"image\":{\"@type\":\"ImageObject\",\"inLanguage\":\"en-US\",\"@id\":\"https:\\\/\\\/secure.gravatar.com\\\/avatar\\\/?s=96&d=mm&r=g\",\"url\":\"https:\\\/\\\/secure.gravatar.com\\\/avatar\\\/?s=96&d=mm&r=g\",\"contentUrl\":\"https:\\\/\\\/secure.gravatar.com\\\/avatar\\\/?s=96&d=mm&r=g\",\"caption\":\"user_4032\"},\"url\":\"https:\\\/\\\/www.fcbarcelonanoticias.com\\\/en\\\/user_4032.html\"}]}<\/script>\n<!-- \/ Yoast SEO plugin. -->","yoast_head_json":{"title":"The Bar\u00e7a traces back and wins the Supercopa of Spain with a golazo of Ousmane Demb\u00e9l\u00e9 (2-1)","description":"The Bar\u00e7a is champion of the Supercopa of Spain after imposing to the Seville. Pablo Sarabia advanced to the Andalusians, but the Catalans traced back...","robots":{"index":"index","follow":"follow","max-snippet":"max-snippet:-1","max-image-preview":"max-image-preview:large","max-video-preview":"max-video-preview:-1"},"canonical":"https:\/\/www.fcbarcelonanoticias.com\/en\/spanish-super-cup\/the-barca-traces-back-and-wins-the-supercopa-of-spain-with-a-golazo-of-dembele-2-1_215501_102.html","og_locale":"en_US","og_type":"article","og_title":"The Bar\u00e7a traces back and wins the Supercopa of Spain with a golazo of Ousmane Demb\u00e9l\u00e9 (2-1)","og_description":"The Bar\u00e7a is champion of the Supercopa of Spain after imposing to the Seville. Pablo Sarabia advanced to the Andalusians, but the Catalans traced back...","og_url":"https:\/\/www.fcbarcelonanoticias.com\/en\/spanish-super-cup\/the-barca-traces-back-and-wins-the-supercopa-of-spain-with-a-golazo-of-dembele-2-1_215501_102.html","og_site_name":"EN - FC Barcelona Noticias","article_published_time":"2018-08-13T03:05:00+00:00","og_image":[{"width":761,"height":428,"url":"https:\/\/www.fcbarcelonanoticias.com\/en\/wp-content\/uploads\/sites\/2\/2018\/08\/cronica-barcelona-sevilla-supercopa-262519.jpeg","type":"image\/jpeg"}],"author":"user_4032","twitter_card":"summary_large_image","twitter_misc":{"Written by":"user_4032","Est. reading time":"5 minutes"},"schema":{"@context":"https:\/\/schema.org","@graph":[{"@type":"Article","@id":"https:\/\/www.fcbarcelonanoticias.com\/en\/spanish-super-cup\/the-barca-traces-back-and-wins-the-supercopa-of-spain-with-a-golazo-of-dembele-2-1_215501_102.html#article","isPartOf":{"@id":"https:\/\/www.fcbarcelonanoticias.com\/en\/spanish-super-cup\/the-barca-traces-back-and-wins-the-supercopa-of-spain-with-a-golazo-of-dembele-2-1_215501_102.html"},"author":{"name":"user_4032","@id":"https:\/\/www.fcbarcelonanoticias.com\/en\/#\/schema\/person\/87b10dbddf72505d2eeba8aaa6c9ba14"},"headline":"The Bar\u00e7a traces back and wins the Supercopa of Spain with a golazo of Demb\u00e9l\u00e9 (2-1)","datePublished":"2018-08-13T03:05:00+00:00","mainEntityOfPage":{"@id":"https:\/\/www.fcbarcelonanoticias.com\/en\/spanish-super-cup\/the-barca-traces-back-and-wins-the-supercopa-of-spain-with-a-golazo-of-dembele-2-1_215501_102.html"},"wordCount":1002,"image":{"@id":"https:\/\/www.fcbarcelonanoticias.com\/en\/spanish-super-cup\/the-barca-traces-back-and-wins-the-supercopa-of-spain-with-a-golazo-of-dembele-2-1_215501_102.html#primaryimage"},"thumbnailUrl":"https:\/\/www.fcbarcelonanoticias.com\/en\/wp-content\/uploads\/sites\/2\/2018\/08\/cronica-barcelona-sevilla-supercopa-262519.jpeg","keywords":["FC Barcelona Results","Sevilla FC"],"articleSection":["Spanish Super Cup","Spanish Super Cup"],"inLanguage":"en-US"},{"@type":"WebPage","@id":"https:\/\/www.fcbarcelonanoticias.com\/en\/spanish-super-cup\/the-barca-traces-back-and-wins-the-supercopa-of-spain-with-a-golazo-of-dembele-2-1_215501_102.html","url":"https:\/\/www.fcbarcelonanoticias.com\/en\/spanish-super-cup\/the-barca-traces-back-and-wins-the-supercopa-of-spain-with-a-golazo-of-dembele-2-1_215501_102.html","name":"The Bar\u00e7a traces back and wins the Supercopa of Spain with a golazo of Ousmane Demb\u00e9l\u00e9 (2-1)","isPartOf":{"@id":"https:\/\/www.fcbarcelonanoticias.com\/en\/#website"},"primaryImageOfPage":{"@id":"https:\/\/www.fcbarcelonanoticias.com\/en\/spanish-super-cup\/the-barca-traces-back-and-wins-the-supercopa-of-spain-with-a-golazo-of-dembele-2-1_215501_102.html#primaryimage"},"image":{"@id":"https:\/\/www.fcbarcelonanoticias.com\/en\/spanish-super-cup\/the-barca-traces-back-and-wins-the-supercopa-of-spain-with-a-golazo-of-dembele-2-1_215501_102.html#primaryimage"},"thumbnailUrl":"https:\/\/www.fcbarcelonanoticias.com\/en\/wp-content\/uploads\/sites\/2\/2018\/08\/cronica-barcelona-sevilla-supercopa-262519.jpeg","datePublished":"2018-08-13T03:05:00+00:00","author":{"@id":"https:\/\/www.fcbarcelonanoticias.com\/en\/#\/schema\/person\/87b10dbddf72505d2eeba8aaa6c9ba14"},"description":"The Bar\u00e7a is champion of the Supercopa of Spain after imposing to the Seville. Pablo Sarabia advanced to the Andalusians, but the Catalans traced back...","breadcrumb":{"@id":"https:\/\/www.fcbarcelonanoticias.com\/en\/spanish-super-cup\/the-barca-traces-back-and-wins-the-supercopa-of-spain-with-a-golazo-of-dembele-2-1_215501_102.html#breadcrumb"},"inLanguage":"en-US","potentialAction":[{"@type":"ReadAction","target":["https:\/\/www.fcbarcelonanoticias.com\/en\/spanish-super-cup\/the-barca-traces-back-and-wins-the-supercopa-of-spain-with-a-golazo-of-dembele-2-1_215501_102.html"]}]},{"@type":"ImageObject","inLanguage":"en-US","@id":"https:\/\/www.fcbarcelonanoticias.com\/en\/spanish-super-cup\/the-barca-traces-back-and-wins-the-supercopa-of-spain-with-a-golazo-of-dembele-2-1_215501_102.html#primaryimage","url":"https:\/\/www.fcbarcelonanoticias.com\/en\/wp-content\/uploads\/sites\/2\/2018\/08\/cronica-barcelona-sevilla-supercopa-262519.jpeg","contentUrl":"https:\/\/www.fcbarcelonanoticias.com\/en\/wp-content\/uploads\/sites\/2\/2018\/08\/cronica-barcelona-sevilla-supercopa-262519.jpeg","width":761,"height":428},{"@type":"BreadcrumbList","@id":"https:\/\/www.fcbarcelonanoticias.com\/en\/spanish-super-cup\/the-barca-traces-back-and-wins-the-supercopa-of-spain-with-a-golazo-of-dembele-2-1_215501_102.html#breadcrumb","itemListElement":[{"@type":"ListItem","position":1,"name":"Portada","item":"https:\/\/www.fcbarcelonanoticias.com\/en\/"},{"@type":"ListItem","position":2,"name":"The Bar\u00e7a traces back and wins the Supercopa of Spain with a golazo of Demb\u00e9l\u00e9 (2-1)"}]},{"@type":"WebSite","@id":"https:\/\/www.fcbarcelonanoticias.com\/en\/#website","url":"https:\/\/www.fcbarcelonanoticias.com\/en\/","name":"EN - FC Barcelona Noticias","description":"","potentialAction":[{"@type":"SearchAction","target":{"@type":"EntryPoint","urlTemplate":"https:\/\/www.fcbarcelonanoticias.com\/en\/?s={search_term_string}"},"query-input":{"@type":"PropertyValueSpecification","valueRequired":true,"valueName":"search_term_string"}}],"inLanguage":"en-US"},{"@type":"Person","@id":"https:\/\/www.fcbarcelonanoticias.com\/en\/#\/schema\/person\/87b10dbddf72505d2eeba8aaa6c9ba14","name":"user_4032","image":{"@type":"ImageObject","inLanguage":"en-US","@id":"https:\/\/secure.gravatar.com\/avatar\/?s=96&d=mm&r=g","url":"https:\/\/secure.gravatar.com\/avatar\/?s=96&d=mm&r=g","contentUrl":"https:\/\/secure.gravatar.com\/avatar\/?s=96&d=mm&r=g","caption":"user_4032"},"url":"https:\/\/www.fcbarcelonanoticias.com\/en\/user_4032.html"}]}},"_links":{"self":[{"href":"https:\/\/www.fcbarcelonanoticias.com\/en\/wp-json\/wp\/v2\/posts\/87586","targetHints":{"allow":["GET"]}}],"collection":[{"href":"https:\/\/www.fcbarcelonanoticias.com\/en\/wp-json\/wp\/v2\/posts"}],"about":[{"href":"https:\/\/www.fcbarcelonanoticias.com\/en\/wp-json\/wp\/v2\/types\/post"}],"author":[{"embeddable":true,"href":"https:\/\/www.fcbarcelonanoticias.com\/en\/wp-json\/wp\/v2\/users\/376"}],"replies":[{"embeddable":true,"href":"https:\/\/www.fcbarcelonanoticias.com\/en\/wp-json\/wp\/v2\/comments?post=87586"}],"version-history":[{"count":4,"href":"https:\/\/www.fcbarcelonanoticias.com\/en\/wp-json\/wp\/v2\/posts\/87586\/revisions"}],"predecessor-version":[{"id":87590,"href":"https:\/\/www.fcbarcelonanoticias.com\/en\/wp-json\/wp\/v2\/posts\/87586\/revisions\/87590"}],"wp:featuredmedia":[{"embeddable":true,"href":"https:\/\/www.fcbarcelonanoticias.com\/en\/wp-json\/wp\/v2\/media\/87592"}],"wp:attachment":[{"href":"https:\/\/www.fcbarcelonanoticias.com\/en\/wp-json\/wp\/v2\/media?parent=87586"}],"wp:term":[{"taxonomy":"category","embeddable":true,"href":"https:\/\/www.fcbarcelonanoticias.com\/en\/wp-json\/wp\/v2\/categories?post=87586"},{"taxonomy":"post_tag","embeddable":true,"href":"https:\/\/www.fcbarcelonanoticias.com\/en\/wp-json\/wp\/v2\/tags?post=87586"}],"curies":[{"name":"wp","href":"https:\/\/api.w.org\/{rel}","templated":true}]}}