{"id":87715,"date":"2023-07-18T17:32:00","date_gmt":"2023-07-18T15:32:00","guid":{"rendered":"https:\/\/weisetech.dev\/fc-barcelona-noticias\/en\/barca-sets-date-for-oriol-romeus-announcement-and-save-his-presentation-for-the-tour_294227_102\/"},"modified":"2023-07-18T22:44:00","modified_gmt":"2023-07-18T20:44:00","slug":"barca-sets-date-for-oriol-romeus-announcement-and-save-his-presentation-for-the-tour_294227_102","status":"publish","type":"post","link":"https:\/\/www.fcbarcelonanoticias.com\/en\/transfers\/barca-sets-date-for-oriol-romeus-announcement-and-save-his-presentation-for-the-tour_294227_102.html","title":{"rendered":"Bar\u00e7a sets date for Oriol Romeu&#8217;s announcement and &#8216;saves&#8217; his presentation for the tour"},"content":{"rendered":"<h2 class=\"wp-block-heading\">The Bar\u00e7a is &#8216;on fire&#8217; in this market of summer and after presenting to G\u00fcndogan this Monday wants to leave all smart with Oriol Romeu that would travel to live his own act<\/h2>  \r\n<div class=\"article-addons\">\r\n    <a href=\"https:\/\/www.fcbarcelonanoticias.com\/en\/calendar-fc-barcelona.html\"\r\n       target=\"_self\"\r\n       title=\"Calendar of FC Barcelona\"\r\n       class=\"blue-gredient-btn\">\r\n       \r\n        Calendar of FC Barcelona    <\/a>\r\n<\/div>   <p><a data-external=\"0\" data-intl-links-en=\"https:\/\/www.fcbarcelonanoticias.com\/en\/transfers\/signing-closed-oriol-romeu-does-not-train-with-girona-and-awaits-the-announcement-in-barcelona_294187_102.html\" data-intl-links-es=\"https:\/\/www.fcbarcelonanoticias.com\/fichajes\/fichaje-cerrado-oriol-romeu-no-entrena-con-girona-espera-en-barcelona-el-anuncio_294187_102.html\" href=\"https:\/\/www.fcbarcelonanoticias.com\/en\/transfers\/signing-closed-oriol-romeu-does-not-train-with-girona-and-awaits-the-announcement-in-barcelona_294187_102.html\" rel=\"follow\" target=\"_self\" title=\"\u00a1Fichaje cerrado! Oriol Romeu no entrena con el Girona y espera en Barcelona&nbsp;el&nbsp;anuncio\">Oriol Romeu fulfilled this Monday with the formality to surpass the medical review<\/a> to be new player of the FC Barcelona in the next hours. That&#8217;s why from the dispatches of the Camp Nou expect to solve during this Tuesday all the documentation and announce the contracting of the mediocentro to more take the day Wednesday, <strong>an announcement that would allow him go up to the aeroplane that will carry to the Barcelona expedition to United States in hours of the afternoon, as it has aimed &#8216;Sportive World&#8217;. <\/strong><\/p>  <p>It is thus that the Bar\u00e7a works to time trial to close his traspaso, saving the announcement for this Wednesday, day in which the cul\u00e9s will work for the last time in Barcelona (9:30 hours) before leaving to turns it American by the next two weeks.<strong> Like this also it has ensured it the journalist of &#8216;Jijantes&#8217;, Carlos Monfort, the one who aimed that the mediocentro can be presented during in USE, as already sucedi\u00f3 with Robert Lewandowski the past summer.<\/strong><\/p>  <h2>Xavi will have to his pivote to begin turns it by United States<\/h2>  <p>Of this way the Catalan club would complete of official way an operation by a player that certainly had months in the diary of the club, <strong>although it finished taking transcendence around the middle of the month of June, when the cul\u00e9s understood that the registration of G\u00fcndogan and &#8216;tie&#8217; to Vitor Roque were the priorities.<\/strong> Like this it has been and the technical body has accepted the current conditions and thus they have adapted by a profile something different to what looked for does a pair of months.<\/p>  <p>The election, finally, has taken attending to the economic availability of the club although Romeu was not the first option neither the second, but yes the best alternative by his training in the basic football of the Bar\u00e7a. Besides, <strong>the footballer of 31 years fulfils with some similarities with Serbian Busquets, something that for example did not fit for Xavi with cases like the one of Ruben Neves. <\/strong><\/p>  <h2>The solution for the technical body of the Bar\u00e7a has been of his like<\/h2>  <p>In fact, the own technician has not wanted to expect more and asked to the sportive direction that closed his signing before turns it American, something that finally has fulfilled , to fault of the official communiqu\u00e9. The egarense also <a data-external=\"0\" data-intl-links-en=\"https:\/\/www.fcbarcelonanoticias.com\/en\/fc-barcelona\/xavi-is-convinced-that-the-signing-of-oriol-romeu-will-be-the-big-disclosure-of-the-season_294218_102.html\" data-intl-links-es=\"https:\/\/www.fcbarcelonanoticias.com\/fc-barcelona\/xavi-convencio-laporta-asegurando-oriol-romeu-sera-revelacion-barca_294218_102.html\" href=\"https:\/\/www.fcbarcelonanoticias.com\/en\/fc-barcelona\/xavi-is-convinced-that-the-signing-of-oriol-romeu-will-be-the-big-disclosure-of-the-season_294218_102.html\" rel=\"follow\" target=\"_self\" title=\"Xavi 'convenci\u00f3' a Laporta asegurando que Oriol Romeu ser\u00e1 la revelaci\u00f3n del Bar\u00e7a\">has wanted to reassure to Joan Laporta<\/a> on his possible doubts with Oriol Romeu, standing out that it can be a differential footballer in spite of not being Kimmich or Zubimendi.<\/p> ","protected":false},"excerpt":{"rendered":"<p>The Bar\u00e7a is &#8216;on fire&#8217; in this market of summer and after presenting to G\u00fcndogan this Monday wants to leave all smart with Oriol Romeu that would travel to live his own act Oriol Romeu fulfilled this Monday with the formality to surpass the medical review to be new player of the FC Barcelona in [&hellip;]<\/p>\n","protected":false},"author":345,"featured_media":87728,"comment_status":"closed","ping_status":"open","sticky":false,"template":"","format":"standard","meta":{"_acf_changed":false,"inline_featured_image":false,"_nextfly_llmd_date_locked":false,"footnotes":""},"categories":[449,106],"tags":[158,329,242,48],"class_list":["post-87715","post","type-post","status-publish","format-standard","has-post-thumbnail","hentry","category-transfers-2","category-transfers","tag-joan-laporta","tag-mateu-alemany","tag-oriol-romeu","tag-xavi-hernandez"],"acf":[],"yoast_head":"<!-- This site is optimized with the Yoast SEO plugin v27.3 - https:\/\/yoast.com\/product\/yoast-seo-wordpress\/ -->\n<title>Bar\u00e7a sets date for Oriol Romeu&#039;s announcement and &#039;saves&#039; his presentation for the tour<\/title>\n<meta name=\"description\" content=\"The Bar\u00e7a is &#039;on fire&#039; in this market of summer and after presenting to G\u00fcndogan this Monday wants to leave all smart with Oriol Romeu that would travel to live his own act\" \/>\n<meta name=\"robots\" content=\"index, follow, max-snippet:-1, max-image-preview:large, max-video-preview:-1\" \/>\n<link rel=\"canonical\" href=\"https:\/\/www.fcbarcelonanoticias.com\/en\/transfers\/barca-sets-date-for-oriol-romeus-announcement-and-save-his-presentation-for-the-tour_294227_102.html\" \/>\n<meta property=\"og:locale\" content=\"en_US\" \/>\n<meta property=\"og:type\" content=\"article\" \/>\n<meta property=\"og:title\" content=\"Bar\u00e7a sets date for Oriol Romeu&#039;s announcement and &#039;saves&#039; his presentation for the tour\" \/>\n<meta property=\"og:description\" content=\"The Bar\u00e7a is &#039;on fire&#039; in this market of summer and after presenting to G\u00fcndogan this Monday wants to leave all smart with Oriol Romeu that would travel to live his own act\" \/>\n<meta property=\"og:url\" content=\"https:\/\/www.fcbarcelonanoticias.com\/en\/transfers\/barca-sets-date-for-oriol-romeus-announcement-and-save-his-presentation-for-the-tour_294227_102.html\" \/>\n<meta property=\"og:site_name\" content=\"EN - FC Barcelona Noticias\" \/>\n<meta property=\"article:published_time\" content=\"2023-07-18T15:32:00+00:00\" \/>\n<meta property=\"article:modified_time\" content=\"2023-07-18T20:44:00+00:00\" \/>\n<meta property=\"og:image\" content=\"https:\/\/www.fcbarcelonanoticias.com\/en\/wp-content\/uploads\/sites\/2\/2023\/07\/oriol-romeu-v-fc-barcelona.jpeg\" \/>\n\t<meta property=\"og:image:width\" content=\"1300\" \/>\n\t<meta property=\"og:image:height\" content=\"732\" \/>\n\t<meta property=\"og:image:type\" content=\"image\/jpeg\" \/>\n<meta name=\"author\" content=\"Carlos Montenegro\" \/>\n<meta name=\"twitter:card\" content=\"summary_large_image\" \/>\n<meta name=\"twitter:label1\" content=\"Written by\" \/>\n\t<meta name=\"twitter:data1\" content=\"Carlos Montenegro\" \/>\n\t<meta name=\"twitter:label2\" content=\"Est. reading time\" \/>\n\t<meta name=\"twitter:data2\" content=\"2 minutes\" \/>\n<script type=\"application\/ld+json\" class=\"yoast-schema-graph\">{\"@context\":\"https:\\\/\\\/schema.org\",\"@graph\":[{\"@type\":\"Article\",\"@id\":\"https:\\\/\\\/www.fcbarcelonanoticias.com\\\/en\\\/transfers\\\/barca-sets-date-for-oriol-romeus-announcement-and-save-his-presentation-for-the-tour_294227_102.html#article\",\"isPartOf\":{\"@id\":\"https:\\\/\\\/www.fcbarcelonanoticias.com\\\/en\\\/transfers\\\/barca-sets-date-for-oriol-romeus-announcement-and-save-his-presentation-for-the-tour_294227_102.html\"},\"author\":{\"name\":\"Carlos Montenegro\",\"@id\":\"https:\\\/\\\/www.fcbarcelonanoticias.com\\\/en\\\/#\\\/schema\\\/person\\\/aa1d038709c262cb247e240f6b39bbf5\"},\"headline\":\"Bar\u00e7a sets date for Oriol Romeu&#8217;s announcement and &#8216;saves&#8217; his presentation for the tour\",\"datePublished\":\"2023-07-18T15:32:00+00:00\",\"dateModified\":\"2023-07-18T20:44:00+00:00\",\"mainEntityOfPage\":{\"@id\":\"https:\\\/\\\/www.fcbarcelonanoticias.com\\\/en\\\/transfers\\\/barca-sets-date-for-oriol-romeus-announcement-and-save-his-presentation-for-the-tour_294227_102.html\"},\"wordCount\":479,\"image\":{\"@id\":\"https:\\\/\\\/www.fcbarcelonanoticias.com\\\/en\\\/transfers\\\/barca-sets-date-for-oriol-romeus-announcement-and-save-his-presentation-for-the-tour_294227_102.html#primaryimage\"},\"thumbnailUrl\":\"https:\\\/\\\/www.fcbarcelonanoticias.com\\\/en\\\/wp-content\\\/uploads\\\/sites\\\/2\\\/2023\\\/07\\\/oriol-romeu-v-fc-barcelona.jpeg\",\"keywords\":[\"Joan Laporta\",\"Mateu Alemany\",\"Oriol Romeu\",\"Xavi Hern\u00e1ndez\"],\"articleSection\":[\"Transfers\",\"Transfers\"],\"inLanguage\":\"en-US\"},{\"@type\":\"WebPage\",\"@id\":\"https:\\\/\\\/www.fcbarcelonanoticias.com\\\/en\\\/transfers\\\/barca-sets-date-for-oriol-romeus-announcement-and-save-his-presentation-for-the-tour_294227_102.html\",\"url\":\"https:\\\/\\\/www.fcbarcelonanoticias.com\\\/en\\\/transfers\\\/barca-sets-date-for-oriol-romeus-announcement-and-save-his-presentation-for-the-tour_294227_102.html\",\"name\":\"Bar\u00e7a sets date for Oriol Romeu's announcement and 'saves' his presentation for the tour\",\"isPartOf\":{\"@id\":\"https:\\\/\\\/www.fcbarcelonanoticias.com\\\/en\\\/#website\"},\"primaryImageOfPage\":{\"@id\":\"https:\\\/\\\/www.fcbarcelonanoticias.com\\\/en\\\/transfers\\\/barca-sets-date-for-oriol-romeus-announcement-and-save-his-presentation-for-the-tour_294227_102.html#primaryimage\"},\"image\":{\"@id\":\"https:\\\/\\\/www.fcbarcelonanoticias.com\\\/en\\\/transfers\\\/barca-sets-date-for-oriol-romeus-announcement-and-save-his-presentation-for-the-tour_294227_102.html#primaryimage\"},\"thumbnailUrl\":\"https:\\\/\\\/www.fcbarcelonanoticias.com\\\/en\\\/wp-content\\\/uploads\\\/sites\\\/2\\\/2023\\\/07\\\/oriol-romeu-v-fc-barcelona.jpeg\",\"datePublished\":\"2023-07-18T15:32:00+00:00\",\"dateModified\":\"2023-07-18T20:44:00+00:00\",\"author\":{\"@id\":\"https:\\\/\\\/www.fcbarcelonanoticias.com\\\/en\\\/#\\\/schema\\\/person\\\/aa1d038709c262cb247e240f6b39bbf5\"},\"description\":\"The Bar\u00e7a is 'on fire' in this market of summer and after presenting to G\u00fcndogan this Monday wants to leave all smart with Oriol Romeu that would travel to live his own act\",\"breadcrumb\":{\"@id\":\"https:\\\/\\\/www.fcbarcelonanoticias.com\\\/en\\\/transfers\\\/barca-sets-date-for-oriol-romeus-announcement-and-save-his-presentation-for-the-tour_294227_102.html#breadcrumb\"},\"inLanguage\":\"en-US\",\"potentialAction\":[{\"@type\":\"ReadAction\",\"target\":[\"https:\\\/\\\/www.fcbarcelonanoticias.com\\\/en\\\/transfers\\\/barca-sets-date-for-oriol-romeus-announcement-and-save-his-presentation-for-the-tour_294227_102.html\"]}]},{\"@type\":\"ImageObject\",\"inLanguage\":\"en-US\",\"@id\":\"https:\\\/\\\/www.fcbarcelonanoticias.com\\\/en\\\/transfers\\\/barca-sets-date-for-oriol-romeus-announcement-and-save-his-presentation-for-the-tour_294227_102.html#primaryimage\",\"url\":\"https:\\\/\\\/www.fcbarcelonanoticias.com\\\/en\\\/wp-content\\\/uploads\\\/sites\\\/2\\\/2023\\\/07\\\/oriol-romeu-v-fc-barcelona.jpeg\",\"contentUrl\":\"https:\\\/\\\/www.fcbarcelonanoticias.com\\\/en\\\/wp-content\\\/uploads\\\/sites\\\/2\\\/2023\\\/07\\\/oriol-romeu-v-fc-barcelona.jpeg\",\"width\":1300,\"height\":732},{\"@type\":\"BreadcrumbList\",\"@id\":\"https:\\\/\\\/www.fcbarcelonanoticias.com\\\/en\\\/transfers\\\/barca-sets-date-for-oriol-romeus-announcement-and-save-his-presentation-for-the-tour_294227_102.html#breadcrumb\",\"itemListElement\":[{\"@type\":\"ListItem\",\"position\":1,\"name\":\"Portada\",\"item\":\"https:\\\/\\\/www.fcbarcelonanoticias.com\\\/en\\\/\"},{\"@type\":\"ListItem\",\"position\":2,\"name\":\"Bar\u00e7a sets date for Oriol Romeu&#8217;s announcement and &#8216;saves&#8217; his presentation for the tour\"}]},{\"@type\":\"WebSite\",\"@id\":\"https:\\\/\\\/www.fcbarcelonanoticias.com\\\/en\\\/#website\",\"url\":\"https:\\\/\\\/www.fcbarcelonanoticias.com\\\/en\\\/\",\"name\":\"EN - FC Barcelona Noticias\",\"description\":\"\",\"potentialAction\":[{\"@type\":\"SearchAction\",\"target\":{\"@type\":\"EntryPoint\",\"urlTemplate\":\"https:\\\/\\\/www.fcbarcelonanoticias.com\\\/en\\\/?s={search_term_string}\"},\"query-input\":{\"@type\":\"PropertyValueSpecification\",\"valueRequired\":true,\"valueName\":\"search_term_string\"}}],\"inLanguage\":\"en-US\"},{\"@type\":\"Person\",\"@id\":\"https:\\\/\\\/www.fcbarcelonanoticias.com\\\/en\\\/#\\\/schema\\\/person\\\/aa1d038709c262cb247e240f6b39bbf5\",\"name\":\"Carlos Montenegro\",\"image\":{\"@type\":\"ImageObject\",\"inLanguage\":\"en-US\",\"@id\":\"https:\\\/\\\/secure.gravatar.com\\\/avatar\\\/?s=96&d=mm&r=g\",\"url\":\"https:\\\/\\\/secure.gravatar.com\\\/avatar\\\/?s=96&d=mm&r=g\",\"contentUrl\":\"https:\\\/\\\/secure.gravatar.com\\\/avatar\\\/?s=96&d=mm&r=g\",\"caption\":\"Carlos Montenegro\"},\"url\":\"https:\\\/\\\/www.fcbarcelonanoticias.com\\\/en\\\/carlos-montenegro_20_115.html\"}]}<\/script>\n<!-- \/ Yoast SEO plugin. -->","yoast_head_json":{"title":"Bar\u00e7a sets date for Oriol Romeu's announcement and 'saves' his presentation for the tour","description":"The Bar\u00e7a is 'on fire' in this market of summer and after presenting to G\u00fcndogan this Monday wants to leave all smart with Oriol Romeu that would travel to live his own act","robots":{"index":"index","follow":"follow","max-snippet":"max-snippet:-1","max-image-preview":"max-image-preview:large","max-video-preview":"max-video-preview:-1"},"canonical":"https:\/\/www.fcbarcelonanoticias.com\/en\/transfers\/barca-sets-date-for-oriol-romeus-announcement-and-save-his-presentation-for-the-tour_294227_102.html","og_locale":"en_US","og_type":"article","og_title":"Bar\u00e7a sets date for Oriol Romeu's announcement and 'saves' his presentation for the tour","og_description":"The Bar\u00e7a is 'on fire' in this market of summer and after presenting to G\u00fcndogan this Monday wants to leave all smart with Oriol Romeu that would travel to live his own act","og_url":"https:\/\/www.fcbarcelonanoticias.com\/en\/transfers\/barca-sets-date-for-oriol-romeus-announcement-and-save-his-presentation-for-the-tour_294227_102.html","og_site_name":"EN - FC Barcelona Noticias","article_published_time":"2023-07-18T15:32:00+00:00","article_modified_time":"2023-07-18T20:44:00+00:00","og_image":[{"width":1300,"height":732,"url":"https:\/\/www.fcbarcelonanoticias.com\/en\/wp-content\/uploads\/sites\/2\/2023\/07\/oriol-romeu-v-fc-barcelona.jpeg","type":"image\/jpeg"}],"author":"Carlos Montenegro","twitter_card":"summary_large_image","twitter_misc":{"Written by":"Carlos Montenegro","Est. reading time":"2 minutes"},"schema":{"@context":"https:\/\/schema.org","@graph":[{"@type":"Article","@id":"https:\/\/www.fcbarcelonanoticias.com\/en\/transfers\/barca-sets-date-for-oriol-romeus-announcement-and-save-his-presentation-for-the-tour_294227_102.html#article","isPartOf":{"@id":"https:\/\/www.fcbarcelonanoticias.com\/en\/transfers\/barca-sets-date-for-oriol-romeus-announcement-and-save-his-presentation-for-the-tour_294227_102.html"},"author":{"name":"Carlos Montenegro","@id":"https:\/\/www.fcbarcelonanoticias.com\/en\/#\/schema\/person\/aa1d038709c262cb247e240f6b39bbf5"},"headline":"Bar\u00e7a sets date for Oriol Romeu&#8217;s announcement and &#8216;saves&#8217; his presentation for the tour","datePublished":"2023-07-18T15:32:00+00:00","dateModified":"2023-07-18T20:44:00+00:00","mainEntityOfPage":{"@id":"https:\/\/www.fcbarcelonanoticias.com\/en\/transfers\/barca-sets-date-for-oriol-romeus-announcement-and-save-his-presentation-for-the-tour_294227_102.html"},"wordCount":479,"image":{"@id":"https:\/\/www.fcbarcelonanoticias.com\/en\/transfers\/barca-sets-date-for-oriol-romeus-announcement-and-save-his-presentation-for-the-tour_294227_102.html#primaryimage"},"thumbnailUrl":"https:\/\/www.fcbarcelonanoticias.com\/en\/wp-content\/uploads\/sites\/2\/2023\/07\/oriol-romeu-v-fc-barcelona.jpeg","keywords":["Joan Laporta","Mateu Alemany","Oriol Romeu","Xavi Hern\u00e1ndez"],"articleSection":["Transfers","Transfers"],"inLanguage":"en-US"},{"@type":"WebPage","@id":"https:\/\/www.fcbarcelonanoticias.com\/en\/transfers\/barca-sets-date-for-oriol-romeus-announcement-and-save-his-presentation-for-the-tour_294227_102.html","url":"https:\/\/www.fcbarcelonanoticias.com\/en\/transfers\/barca-sets-date-for-oriol-romeus-announcement-and-save-his-presentation-for-the-tour_294227_102.html","name":"Bar\u00e7a sets date for Oriol Romeu's announcement and 'saves' his presentation for the tour","isPartOf":{"@id":"https:\/\/www.fcbarcelonanoticias.com\/en\/#website"},"primaryImageOfPage":{"@id":"https:\/\/www.fcbarcelonanoticias.com\/en\/transfers\/barca-sets-date-for-oriol-romeus-announcement-and-save-his-presentation-for-the-tour_294227_102.html#primaryimage"},"image":{"@id":"https:\/\/www.fcbarcelonanoticias.com\/en\/transfers\/barca-sets-date-for-oriol-romeus-announcement-and-save-his-presentation-for-the-tour_294227_102.html#primaryimage"},"thumbnailUrl":"https:\/\/www.fcbarcelonanoticias.com\/en\/wp-content\/uploads\/sites\/2\/2023\/07\/oriol-romeu-v-fc-barcelona.jpeg","datePublished":"2023-07-18T15:32:00+00:00","dateModified":"2023-07-18T20:44:00+00:00","author":{"@id":"https:\/\/www.fcbarcelonanoticias.com\/en\/#\/schema\/person\/aa1d038709c262cb247e240f6b39bbf5"},"description":"The Bar\u00e7a is 'on fire' in this market of summer and after presenting to G\u00fcndogan this Monday wants to leave all smart with Oriol Romeu that would travel to live his own act","breadcrumb":{"@id":"https:\/\/www.fcbarcelonanoticias.com\/en\/transfers\/barca-sets-date-for-oriol-romeus-announcement-and-save-his-presentation-for-the-tour_294227_102.html#breadcrumb"},"inLanguage":"en-US","potentialAction":[{"@type":"ReadAction","target":["https:\/\/www.fcbarcelonanoticias.com\/en\/transfers\/barca-sets-date-for-oriol-romeus-announcement-and-save-his-presentation-for-the-tour_294227_102.html"]}]},{"@type":"ImageObject","inLanguage":"en-US","@id":"https:\/\/www.fcbarcelonanoticias.com\/en\/transfers\/barca-sets-date-for-oriol-romeus-announcement-and-save-his-presentation-for-the-tour_294227_102.html#primaryimage","url":"https:\/\/www.fcbarcelonanoticias.com\/en\/wp-content\/uploads\/sites\/2\/2023\/07\/oriol-romeu-v-fc-barcelona.jpeg","contentUrl":"https:\/\/www.fcbarcelonanoticias.com\/en\/wp-content\/uploads\/sites\/2\/2023\/07\/oriol-romeu-v-fc-barcelona.jpeg","width":1300,"height":732},{"@type":"BreadcrumbList","@id":"https:\/\/www.fcbarcelonanoticias.com\/en\/transfers\/barca-sets-date-for-oriol-romeus-announcement-and-save-his-presentation-for-the-tour_294227_102.html#breadcrumb","itemListElement":[{"@type":"ListItem","position":1,"name":"Portada","item":"https:\/\/www.fcbarcelonanoticias.com\/en\/"},{"@type":"ListItem","position":2,"name":"Bar\u00e7a sets date for Oriol Romeu&#8217;s announcement and &#8216;saves&#8217; his presentation for the tour"}]},{"@type":"WebSite","@id":"https:\/\/www.fcbarcelonanoticias.com\/en\/#website","url":"https:\/\/www.fcbarcelonanoticias.com\/en\/","name":"EN - FC Barcelona Noticias","description":"","potentialAction":[{"@type":"SearchAction","target":{"@type":"EntryPoint","urlTemplate":"https:\/\/www.fcbarcelonanoticias.com\/en\/?s={search_term_string}"},"query-input":{"@type":"PropertyValueSpecification","valueRequired":true,"valueName":"search_term_string"}}],"inLanguage":"en-US"},{"@type":"Person","@id":"https:\/\/www.fcbarcelonanoticias.com\/en\/#\/schema\/person\/aa1d038709c262cb247e240f6b39bbf5","name":"Carlos Montenegro","image":{"@type":"ImageObject","inLanguage":"en-US","@id":"https:\/\/secure.gravatar.com\/avatar\/?s=96&d=mm&r=g","url":"https:\/\/secure.gravatar.com\/avatar\/?s=96&d=mm&r=g","contentUrl":"https:\/\/secure.gravatar.com\/avatar\/?s=96&d=mm&r=g","caption":"Carlos Montenegro"},"url":"https:\/\/www.fcbarcelonanoticias.com\/en\/carlos-montenegro_20_115.html"}]}},"_links":{"self":[{"href":"https:\/\/www.fcbarcelonanoticias.com\/en\/wp-json\/wp\/v2\/posts\/87715","targetHints":{"allow":["GET"]}}],"collection":[{"href":"https:\/\/www.fcbarcelonanoticias.com\/en\/wp-json\/wp\/v2\/posts"}],"about":[{"href":"https:\/\/www.fcbarcelonanoticias.com\/en\/wp-json\/wp\/v2\/types\/post"}],"author":[{"embeddable":true,"href":"https:\/\/www.fcbarcelonanoticias.com\/en\/wp-json\/wp\/v2\/users\/345"}],"replies":[{"embeddable":true,"href":"https:\/\/www.fcbarcelonanoticias.com\/en\/wp-json\/wp\/v2\/comments?post=87715"}],"version-history":[{"count":1,"href":"https:\/\/www.fcbarcelonanoticias.com\/en\/wp-json\/wp\/v2\/posts\/87715\/revisions"}],"predecessor-version":[{"id":91746,"href":"https:\/\/www.fcbarcelonanoticias.com\/en\/wp-json\/wp\/v2\/posts\/87715\/revisions\/91746"}],"wp:featuredmedia":[{"embeddable":true,"href":"https:\/\/www.fcbarcelonanoticias.com\/en\/wp-json\/wp\/v2\/media\/87728"}],"wp:attachment":[{"href":"https:\/\/www.fcbarcelonanoticias.com\/en\/wp-json\/wp\/v2\/media?parent=87715"}],"wp:term":[{"taxonomy":"category","embeddable":true,"href":"https:\/\/www.fcbarcelonanoticias.com\/en\/wp-json\/wp\/v2\/categories?post=87715"},{"taxonomy":"post_tag","embeddable":true,"href":"https:\/\/www.fcbarcelonanoticias.com\/en\/wp-json\/wp\/v2\/tags?post=87715"}],"curies":[{"name":"wp","href":"https:\/\/api.w.org\/{rel}","templated":true}]}}