{"id":87729,"date":"2023-05-19T00:13:00","date_gmt":"2023-05-18T22:13:00","guid":{"rendered":"https:\/\/weisetech.dev\/fc-barcelona-noticias\/en\/barca-transfer-market-this-summer-will-be-the-most-intense-in-years_292477_102\/"},"modified":"2023-05-19T10:36:00","modified_gmt":"2023-05-19T08:36:00","slug":"barca-transfer-market-this-summer-will-be-the-most-intense-in-years_292477_102","status":"publish","type":"post","link":"https:\/\/www.fcbarcelonanoticias.com\/en\/transfers\/barca-transfer-market-this-summer-will-be-the-most-intense-in-years_292477_102.html","title":{"rendered":"Bar\u00e7a&#8217;s transfer market this summer will be the most intense in years"},"content":{"rendered":"<h2 class=\"wp-block-heading\">Signings and sales will be the order of the day next summer in Barcelona, or at least that&#8217;s how the sports management of the Bar\u00e7a team plans from now on<\/h2>  \r\n<div class=\"article-addons\">\r\n    <a href=\"https:\/\/www.fcbarcelonanoticias.com\/en\/calendar-fc-barcelona.html\"\r\n       target=\"_self\"\r\n       title=\"Calendar of FC Barcelona\"\r\n       class=\"blue-gredient-btn\">\r\n       \r\n        Calendar of FC Barcelona    <\/a>\r\n<\/div>   <p><a data-external=\"0\" data-intl-links-en=\"https:\/\/www.fcbarcelonanoticias.com\/en\/laliga\/fc-barcelona-vs-real-sociedad-on-television-when-where-to-watch-the-match_292467_102.html\" data-intl-links-es=\"https:\/\/www.fcbarcelonanoticias.com\/laliga\/fc-barcelona-vs-real-sociedad-en-television-cuando-donde-ver-partido_292467_102.html\" href=\"https:\/\/www.fcbarcelonanoticias.com\/en\/laliga\/fc-barcelona-vs-real-sociedad-on-television-when-where-to-watch-the-match_292467_102.html\" rel=\"follow\" target=\"_self\" title=\"FC Barcelona vs Real Sociedad en Televisi\u00f3n: Cu\u00e1ndo y d\u00f3nde ver el partido\">The FC Barcelona<\/a> takes into account for next summer several important operations in his attempt to reinforce his staff once again. The cul\u00e9s moved acutely during the summer of the 2022, brushing the 10 signings and although for this new market does not expect the same quantity, <strong>the club yes that schedules to be much more aggressive &#8220;&#8221; to the hour to move index card.<\/strong><\/p>  <p>Like this it has ensured it the journalist Gerard Romero, explaining that in the dispatches cul\u00e9s schedule one of the most aggressive markets and moved of the recent history, surpassing to the of the past year. This leaves clear that the Bar\u00e7a himself that will struggle to the end by <strong>operations like the ones of Leo Messi and Ilkay G\u00fcndogan, as well as <a data-external=\"0\" data-intl-links-en=\"https:\/\/www.fcbarcelonanoticias.com\/en\/transfers\/vitor-roque-continues-show-why-has-to-be-the-9-of-the-future-at-barca_292463_102.html\" data-intl-links-es=\"https:\/\/www.fcbarcelonanoticias.com\/fichajes\/vitor-roque-sigue-demostrando-por-tiene-ser-9-futuro-en-el-barcelona_292463_102.html\" href=\"https:\/\/www.fcbarcelonanoticias.com\/en\/transfers\/vitor-roque-continues-show-why-has-to-be-the-9-of-the-future-at-barca_292463_102.html\" rel=\"follow\" target=\"_self\" title=\"Vitor Roque sigue demostrando por qu\u00e9 tiene que ser el '9' del futuro&nbsp;en&nbsp;el&nbsp;Bar\u00e7a\">with Vitor Roque<\/a>, Mart\u00edn Zubimendi or Amrabat, and possibly the same with a left extreme and a lateral right.<\/strong><\/p>  <h2>There are several places in the staff for improving<\/h2>  <p>The exit of Sergio Busquets will be a drop that will need to cover of compulsory form, something by what Kimmich has planted in looks it of the Catalan entity. The German is a perfect player for what looks for Xavi for his pivote, and although the Bayern of Munich will not put any ease, <strong>the own journalist has commented that it is a possibility by which the Bar\u00e7a goes seriously.<\/strong><\/p>  <p>Likewise, the cul\u00e9s have in his diary sell to several footballers and the line of attack is the most distinguished. So much Raphinha, as Ferran and Ansu are players with good market and that <strong>they could solve some problems of &#8216;fair play&#8217; financial of the team, by what does not seem that from the Camp Nou can have some type of consideration to the hour to listen offers by the three extremes.<\/strong><\/p>  <h2>The ramp of exit of the Camp Nou could fill<\/h2>  <p><strong>A similar case sucede with Jordi Alba and Kessi\u00e9, those who have a lot of competition by in front and free his index cards and leave an entry to the arks with his traspasos could be more than positive.<\/strong> Equally the team cul\u00e9 plans a long market, by what until the last day of market still could have options on the table, as already sucedi\u00f3 in 2022 with Marcos Alonso and H\u00e9ctor Beller\u00edn.<\/p> ","protected":false},"excerpt":{"rendered":"<p>Signings and sales will be the order of the day next summer in Barcelona, or at least that&#8217;s how the sports management of the Bar\u00e7a team plans from now on The FC Barcelona takes into account for next summer several important operations in his attempt to reinforce his staff once again. The cul\u00e9s moved acutely [&hellip;]<\/p>\n","protected":false},"author":345,"featured_media":7307,"comment_status":"closed","ping_status":"open","sticky":false,"template":"","format":"standard","meta":{"_acf_changed":false,"inline_featured_image":false,"_nextfly_llmd_date_locked":false,"footnotes":""},"categories":[449,106],"tags":[158,329,48],"class_list":["post-87729","post","type-post","status-publish","format-standard","has-post-thumbnail","hentry","category-transfers-2","category-transfers","tag-joan-laporta","tag-mateu-alemany","tag-xavi-hernandez"],"acf":[],"yoast_head":"<!-- This site is optimized with the Yoast SEO plugin v27.3 - https:\/\/yoast.com\/product\/yoast-seo-wordpress\/ -->\n<title>Bar\u00e7a&#039;s transfer market this summer will be the most intense in years<\/title>\n<meta name=\"description\" content=\"Signings and sales will be the order of the day next summer in Barcelona, or at least that&#039;s how the sports management of the Bar\u00e7a team plans from now on\" \/>\n<meta name=\"robots\" content=\"index, follow, max-snippet:-1, max-image-preview:large, max-video-preview:-1\" \/>\n<link rel=\"canonical\" href=\"https:\/\/www.fcbarcelonanoticias.com\/en\/transfers\/barca-transfer-market-this-summer-will-be-the-most-intense-in-years_292477_102.html\" \/>\n<meta property=\"og:locale\" content=\"en_US\" \/>\n<meta property=\"og:type\" content=\"article\" \/>\n<meta property=\"og:title\" content=\"Bar\u00e7a&#039;s transfer market this summer will be the most intense in years\" \/>\n<meta property=\"og:description\" content=\"Signings and sales will be the order of the day next summer in Barcelona, or at least that&#039;s how the sports management of the Bar\u00e7a team plans from now on\" \/>\n<meta property=\"og:url\" content=\"https:\/\/www.fcbarcelonanoticias.com\/en\/transfers\/barca-transfer-market-this-summer-will-be-the-most-intense-in-years_292477_102.html\" \/>\n<meta property=\"og:site_name\" content=\"EN - FC Barcelona Noticias\" \/>\n<meta property=\"article:published_time\" content=\"2023-05-18T22:13:00+00:00\" \/>\n<meta property=\"article:modified_time\" content=\"2023-05-19T08:36:00+00:00\" \/>\n<meta property=\"og:image\" content=\"https:\/\/www.fcbarcelonanoticias.com\/en\/wp-content\/uploads\/sites\/2\/2023\/04\/joan-laporta-durane-el-clasico-frente-al-real-madrid.jpeg\" \/>\n\t<meta property=\"og:image:width\" content=\"1300\" \/>\n\t<meta property=\"og:image:height\" content=\"749\" \/>\n\t<meta property=\"og:image:type\" content=\"image\/jpeg\" \/>\n<meta name=\"author\" content=\"Carlos Montenegro\" \/>\n<meta name=\"twitter:card\" content=\"summary_large_image\" \/>\n<meta name=\"twitter:label1\" content=\"Written by\" \/>\n\t<meta name=\"twitter:data1\" content=\"Carlos Montenegro\" \/>\n\t<meta name=\"twitter:label2\" content=\"Est. reading time\" \/>\n\t<meta name=\"twitter:data2\" content=\"2 minutes\" \/>\n<script type=\"application\/ld+json\" class=\"yoast-schema-graph\">{\"@context\":\"https:\\\/\\\/schema.org\",\"@graph\":[{\"@type\":\"Article\",\"@id\":\"https:\\\/\\\/www.fcbarcelonanoticias.com\\\/en\\\/transfers\\\/barca-transfer-market-this-summer-will-be-the-most-intense-in-years_292477_102.html#article\",\"isPartOf\":{\"@id\":\"https:\\\/\\\/www.fcbarcelonanoticias.com\\\/en\\\/transfers\\\/barca-transfer-market-this-summer-will-be-the-most-intense-in-years_292477_102.html\"},\"author\":{\"name\":\"Carlos Montenegro\",\"@id\":\"https:\\\/\\\/www.fcbarcelonanoticias.com\\\/en\\\/#\\\/schema\\\/person\\\/aa1d038709c262cb247e240f6b39bbf5\"},\"headline\":\"Bar\u00e7a&#8217;s transfer market this summer will be the most intense in years\",\"datePublished\":\"2023-05-18T22:13:00+00:00\",\"dateModified\":\"2023-05-19T08:36:00+00:00\",\"mainEntityOfPage\":{\"@id\":\"https:\\\/\\\/www.fcbarcelonanoticias.com\\\/en\\\/transfers\\\/barca-transfer-market-this-summer-will-be-the-most-intense-in-years_292477_102.html\"},\"wordCount\":433,\"image\":{\"@id\":\"https:\\\/\\\/www.fcbarcelonanoticias.com\\\/en\\\/transfers\\\/barca-transfer-market-this-summer-will-be-the-most-intense-in-years_292477_102.html#primaryimage\"},\"thumbnailUrl\":\"https:\\\/\\\/www.fcbarcelonanoticias.com\\\/en\\\/wp-content\\\/uploads\\\/sites\\\/2\\\/2023\\\/04\\\/joan-laporta-durane-el-clasico-frente-al-real-madrid.jpeg\",\"keywords\":[\"Joan Laporta\",\"Mateu Alemany\",\"Xavi Hern\u00e1ndez\"],\"articleSection\":[\"Transfers\",\"Transfers\"],\"inLanguage\":\"en-US\"},{\"@type\":\"WebPage\",\"@id\":\"https:\\\/\\\/www.fcbarcelonanoticias.com\\\/en\\\/transfers\\\/barca-transfer-market-this-summer-will-be-the-most-intense-in-years_292477_102.html\",\"url\":\"https:\\\/\\\/www.fcbarcelonanoticias.com\\\/en\\\/transfers\\\/barca-transfer-market-this-summer-will-be-the-most-intense-in-years_292477_102.html\",\"name\":\"Bar\u00e7a's transfer market this summer will be the most intense in years\",\"isPartOf\":{\"@id\":\"https:\\\/\\\/www.fcbarcelonanoticias.com\\\/en\\\/#website\"},\"primaryImageOfPage\":{\"@id\":\"https:\\\/\\\/www.fcbarcelonanoticias.com\\\/en\\\/transfers\\\/barca-transfer-market-this-summer-will-be-the-most-intense-in-years_292477_102.html#primaryimage\"},\"image\":{\"@id\":\"https:\\\/\\\/www.fcbarcelonanoticias.com\\\/en\\\/transfers\\\/barca-transfer-market-this-summer-will-be-the-most-intense-in-years_292477_102.html#primaryimage\"},\"thumbnailUrl\":\"https:\\\/\\\/www.fcbarcelonanoticias.com\\\/en\\\/wp-content\\\/uploads\\\/sites\\\/2\\\/2023\\\/04\\\/joan-laporta-durane-el-clasico-frente-al-real-madrid.jpeg\",\"datePublished\":\"2023-05-18T22:13:00+00:00\",\"dateModified\":\"2023-05-19T08:36:00+00:00\",\"author\":{\"@id\":\"https:\\\/\\\/www.fcbarcelonanoticias.com\\\/en\\\/#\\\/schema\\\/person\\\/aa1d038709c262cb247e240f6b39bbf5\"},\"description\":\"Signings and sales will be the order of the day next summer in Barcelona, or at least that's how the sports management of the Bar\u00e7a team plans from now on\",\"breadcrumb\":{\"@id\":\"https:\\\/\\\/www.fcbarcelonanoticias.com\\\/en\\\/transfers\\\/barca-transfer-market-this-summer-will-be-the-most-intense-in-years_292477_102.html#breadcrumb\"},\"inLanguage\":\"en-US\",\"potentialAction\":[{\"@type\":\"ReadAction\",\"target\":[\"https:\\\/\\\/www.fcbarcelonanoticias.com\\\/en\\\/transfers\\\/barca-transfer-market-this-summer-will-be-the-most-intense-in-years_292477_102.html\"]}]},{\"@type\":\"ImageObject\",\"inLanguage\":\"en-US\",\"@id\":\"https:\\\/\\\/www.fcbarcelonanoticias.com\\\/en\\\/transfers\\\/barca-transfer-market-this-summer-will-be-the-most-intense-in-years_292477_102.html#primaryimage\",\"url\":\"https:\\\/\\\/www.fcbarcelonanoticias.com\\\/en\\\/wp-content\\\/uploads\\\/sites\\\/2\\\/2023\\\/04\\\/joan-laporta-durane-el-clasico-frente-al-real-madrid.jpeg\",\"contentUrl\":\"https:\\\/\\\/www.fcbarcelonanoticias.com\\\/en\\\/wp-content\\\/uploads\\\/sites\\\/2\\\/2023\\\/04\\\/joan-laporta-durane-el-clasico-frente-al-real-madrid.jpeg\",\"width\":1300,\"height\":749},{\"@type\":\"BreadcrumbList\",\"@id\":\"https:\\\/\\\/www.fcbarcelonanoticias.com\\\/en\\\/transfers\\\/barca-transfer-market-this-summer-will-be-the-most-intense-in-years_292477_102.html#breadcrumb\",\"itemListElement\":[{\"@type\":\"ListItem\",\"position\":1,\"name\":\"Portada\",\"item\":\"https:\\\/\\\/www.fcbarcelonanoticias.com\\\/en\\\/\"},{\"@type\":\"ListItem\",\"position\":2,\"name\":\"Bar\u00e7a&#8217;s transfer market this summer will be the most intense in years\"}]},{\"@type\":\"WebSite\",\"@id\":\"https:\\\/\\\/www.fcbarcelonanoticias.com\\\/en\\\/#website\",\"url\":\"https:\\\/\\\/www.fcbarcelonanoticias.com\\\/en\\\/\",\"name\":\"EN - FC Barcelona Noticias\",\"description\":\"\",\"potentialAction\":[{\"@type\":\"SearchAction\",\"target\":{\"@type\":\"EntryPoint\",\"urlTemplate\":\"https:\\\/\\\/www.fcbarcelonanoticias.com\\\/en\\\/?s={search_term_string}\"},\"query-input\":{\"@type\":\"PropertyValueSpecification\",\"valueRequired\":true,\"valueName\":\"search_term_string\"}}],\"inLanguage\":\"en-US\"},{\"@type\":\"Person\",\"@id\":\"https:\\\/\\\/www.fcbarcelonanoticias.com\\\/en\\\/#\\\/schema\\\/person\\\/aa1d038709c262cb247e240f6b39bbf5\",\"name\":\"Carlos Montenegro\",\"image\":{\"@type\":\"ImageObject\",\"inLanguage\":\"en-US\",\"@id\":\"https:\\\/\\\/secure.gravatar.com\\\/avatar\\\/?s=96&d=mm&r=g\",\"url\":\"https:\\\/\\\/secure.gravatar.com\\\/avatar\\\/?s=96&d=mm&r=g\",\"contentUrl\":\"https:\\\/\\\/secure.gravatar.com\\\/avatar\\\/?s=96&d=mm&r=g\",\"caption\":\"Carlos Montenegro\"},\"url\":\"https:\\\/\\\/www.fcbarcelonanoticias.com\\\/en\\\/carlos-montenegro_20_115.html\"}]}<\/script>\n<!-- \/ Yoast SEO plugin. -->","yoast_head_json":{"title":"Bar\u00e7a's transfer market this summer will be the most intense in years","description":"Signings and sales will be the order of the day next summer in Barcelona, or at least that's how the sports management of the Bar\u00e7a team plans from now on","robots":{"index":"index","follow":"follow","max-snippet":"max-snippet:-1","max-image-preview":"max-image-preview:large","max-video-preview":"max-video-preview:-1"},"canonical":"https:\/\/www.fcbarcelonanoticias.com\/en\/transfers\/barca-transfer-market-this-summer-will-be-the-most-intense-in-years_292477_102.html","og_locale":"en_US","og_type":"article","og_title":"Bar\u00e7a's transfer market this summer will be the most intense in years","og_description":"Signings and sales will be the order of the day next summer in Barcelona, or at least that's how the sports management of the Bar\u00e7a team plans from now on","og_url":"https:\/\/www.fcbarcelonanoticias.com\/en\/transfers\/barca-transfer-market-this-summer-will-be-the-most-intense-in-years_292477_102.html","og_site_name":"EN - FC Barcelona Noticias","article_published_time":"2023-05-18T22:13:00+00:00","article_modified_time":"2023-05-19T08:36:00+00:00","og_image":[{"width":1300,"height":749,"url":"https:\/\/www.fcbarcelonanoticias.com\/en\/wp-content\/uploads\/sites\/2\/2023\/04\/joan-laporta-durane-el-clasico-frente-al-real-madrid.jpeg","type":"image\/jpeg"}],"author":"Carlos Montenegro","twitter_card":"summary_large_image","twitter_misc":{"Written by":"Carlos Montenegro","Est. reading time":"2 minutes"},"schema":{"@context":"https:\/\/schema.org","@graph":[{"@type":"Article","@id":"https:\/\/www.fcbarcelonanoticias.com\/en\/transfers\/barca-transfer-market-this-summer-will-be-the-most-intense-in-years_292477_102.html#article","isPartOf":{"@id":"https:\/\/www.fcbarcelonanoticias.com\/en\/transfers\/barca-transfer-market-this-summer-will-be-the-most-intense-in-years_292477_102.html"},"author":{"name":"Carlos Montenegro","@id":"https:\/\/www.fcbarcelonanoticias.com\/en\/#\/schema\/person\/aa1d038709c262cb247e240f6b39bbf5"},"headline":"Bar\u00e7a&#8217;s transfer market this summer will be the most intense in years","datePublished":"2023-05-18T22:13:00+00:00","dateModified":"2023-05-19T08:36:00+00:00","mainEntityOfPage":{"@id":"https:\/\/www.fcbarcelonanoticias.com\/en\/transfers\/barca-transfer-market-this-summer-will-be-the-most-intense-in-years_292477_102.html"},"wordCount":433,"image":{"@id":"https:\/\/www.fcbarcelonanoticias.com\/en\/transfers\/barca-transfer-market-this-summer-will-be-the-most-intense-in-years_292477_102.html#primaryimage"},"thumbnailUrl":"https:\/\/www.fcbarcelonanoticias.com\/en\/wp-content\/uploads\/sites\/2\/2023\/04\/joan-laporta-durane-el-clasico-frente-al-real-madrid.jpeg","keywords":["Joan Laporta","Mateu Alemany","Xavi Hern\u00e1ndez"],"articleSection":["Transfers","Transfers"],"inLanguage":"en-US"},{"@type":"WebPage","@id":"https:\/\/www.fcbarcelonanoticias.com\/en\/transfers\/barca-transfer-market-this-summer-will-be-the-most-intense-in-years_292477_102.html","url":"https:\/\/www.fcbarcelonanoticias.com\/en\/transfers\/barca-transfer-market-this-summer-will-be-the-most-intense-in-years_292477_102.html","name":"Bar\u00e7a's transfer market this summer will be the most intense in years","isPartOf":{"@id":"https:\/\/www.fcbarcelonanoticias.com\/en\/#website"},"primaryImageOfPage":{"@id":"https:\/\/www.fcbarcelonanoticias.com\/en\/transfers\/barca-transfer-market-this-summer-will-be-the-most-intense-in-years_292477_102.html#primaryimage"},"image":{"@id":"https:\/\/www.fcbarcelonanoticias.com\/en\/transfers\/barca-transfer-market-this-summer-will-be-the-most-intense-in-years_292477_102.html#primaryimage"},"thumbnailUrl":"https:\/\/www.fcbarcelonanoticias.com\/en\/wp-content\/uploads\/sites\/2\/2023\/04\/joan-laporta-durane-el-clasico-frente-al-real-madrid.jpeg","datePublished":"2023-05-18T22:13:00+00:00","dateModified":"2023-05-19T08:36:00+00:00","author":{"@id":"https:\/\/www.fcbarcelonanoticias.com\/en\/#\/schema\/person\/aa1d038709c262cb247e240f6b39bbf5"},"description":"Signings and sales will be the order of the day next summer in Barcelona, or at least that's how the sports management of the Bar\u00e7a team plans from now on","breadcrumb":{"@id":"https:\/\/www.fcbarcelonanoticias.com\/en\/transfers\/barca-transfer-market-this-summer-will-be-the-most-intense-in-years_292477_102.html#breadcrumb"},"inLanguage":"en-US","potentialAction":[{"@type":"ReadAction","target":["https:\/\/www.fcbarcelonanoticias.com\/en\/transfers\/barca-transfer-market-this-summer-will-be-the-most-intense-in-years_292477_102.html"]}]},{"@type":"ImageObject","inLanguage":"en-US","@id":"https:\/\/www.fcbarcelonanoticias.com\/en\/transfers\/barca-transfer-market-this-summer-will-be-the-most-intense-in-years_292477_102.html#primaryimage","url":"https:\/\/www.fcbarcelonanoticias.com\/en\/wp-content\/uploads\/sites\/2\/2023\/04\/joan-laporta-durane-el-clasico-frente-al-real-madrid.jpeg","contentUrl":"https:\/\/www.fcbarcelonanoticias.com\/en\/wp-content\/uploads\/sites\/2\/2023\/04\/joan-laporta-durane-el-clasico-frente-al-real-madrid.jpeg","width":1300,"height":749},{"@type":"BreadcrumbList","@id":"https:\/\/www.fcbarcelonanoticias.com\/en\/transfers\/barca-transfer-market-this-summer-will-be-the-most-intense-in-years_292477_102.html#breadcrumb","itemListElement":[{"@type":"ListItem","position":1,"name":"Portada","item":"https:\/\/www.fcbarcelonanoticias.com\/en\/"},{"@type":"ListItem","position":2,"name":"Bar\u00e7a&#8217;s transfer market this summer will be the most intense in years"}]},{"@type":"WebSite","@id":"https:\/\/www.fcbarcelonanoticias.com\/en\/#website","url":"https:\/\/www.fcbarcelonanoticias.com\/en\/","name":"EN - FC Barcelona Noticias","description":"","potentialAction":[{"@type":"SearchAction","target":{"@type":"EntryPoint","urlTemplate":"https:\/\/www.fcbarcelonanoticias.com\/en\/?s={search_term_string}"},"query-input":{"@type":"PropertyValueSpecification","valueRequired":true,"valueName":"search_term_string"}}],"inLanguage":"en-US"},{"@type":"Person","@id":"https:\/\/www.fcbarcelonanoticias.com\/en\/#\/schema\/person\/aa1d038709c262cb247e240f6b39bbf5","name":"Carlos Montenegro","image":{"@type":"ImageObject","inLanguage":"en-US","@id":"https:\/\/secure.gravatar.com\/avatar\/?s=96&d=mm&r=g","url":"https:\/\/secure.gravatar.com\/avatar\/?s=96&d=mm&r=g","contentUrl":"https:\/\/secure.gravatar.com\/avatar\/?s=96&d=mm&r=g","caption":"Carlos Montenegro"},"url":"https:\/\/www.fcbarcelonanoticias.com\/en\/carlos-montenegro_20_115.html"}]}},"_links":{"self":[{"href":"https:\/\/www.fcbarcelonanoticias.com\/en\/wp-json\/wp\/v2\/posts\/87729","targetHints":{"allow":["GET"]}}],"collection":[{"href":"https:\/\/www.fcbarcelonanoticias.com\/en\/wp-json\/wp\/v2\/posts"}],"about":[{"href":"https:\/\/www.fcbarcelonanoticias.com\/en\/wp-json\/wp\/v2\/types\/post"}],"author":[{"embeddable":true,"href":"https:\/\/www.fcbarcelonanoticias.com\/en\/wp-json\/wp\/v2\/users\/345"}],"replies":[{"embeddable":true,"href":"https:\/\/www.fcbarcelonanoticias.com\/en\/wp-json\/wp\/v2\/comments?post=87729"}],"version-history":[{"count":1,"href":"https:\/\/www.fcbarcelonanoticias.com\/en\/wp-json\/wp\/v2\/posts\/87729\/revisions"}],"predecessor-version":[{"id":91805,"href":"https:\/\/www.fcbarcelonanoticias.com\/en\/wp-json\/wp\/v2\/posts\/87729\/revisions\/91805"}],"wp:featuredmedia":[{"embeddable":true,"href":"https:\/\/www.fcbarcelonanoticias.com\/en\/wp-json\/wp\/v2\/media\/7307"}],"wp:attachment":[{"href":"https:\/\/www.fcbarcelonanoticias.com\/en\/wp-json\/wp\/v2\/media?parent=87729"}],"wp:term":[{"taxonomy":"category","embeddable":true,"href":"https:\/\/www.fcbarcelonanoticias.com\/en\/wp-json\/wp\/v2\/categories?post=87729"},{"taxonomy":"post_tag","embeddable":true,"href":"https:\/\/www.fcbarcelonanoticias.com\/en\/wp-json\/wp\/v2\/tags?post=87729"}],"curies":[{"name":"wp","href":"https:\/\/api.w.org\/{rel}","templated":true}]}}