{"id":87895,"date":"2026-01-10T17:32:00","date_gmt":"2026-01-10T16:32:00","guid":{"rendered":"https:\/\/weisetech.dev\/fc-barcelona-noticias\/en\/xabi-alonso-does-not-rule-out-mbappe-as-starter-against-barca_315715_102\/"},"modified":"2026-01-10T17:32:00","modified_gmt":"2026-01-10T16:32:00","slug":"xabi-alonso-does-not-rule-out-mbappe-as-starter-against-barca_315715_102","status":"publish","type":"post","link":"https:\/\/www.fcbarcelonanoticias.com\/en\/spanish-super-cup\/xabi-alonso-does-not-rule-out-mbappe-as-starter-against-barca_315715_102.html","title":{"rendered":"Xabi Alonso does not rule out Mbapp\u00e9&#8217;s starting role and praises Lamine Yamal"},"content":{"rendered":"<h2 class=\"wp-block-heading\">Xabi Alonso assured that Kylian Mbapp\u00e9 will play in the Spanish Super Cup final against Bar\u00e7a. However, he ruled out excessive risk with the possible starting role of the &#8217;10&#8217;<\/h2>  \r\n<div class=\"article-addons\">\r\n    <a href=\"https:\/\/www.fcbarcelonanoticias.com\/en\/calendar-fc-barcelona.html\"\r\n       target=\"_self\"\r\n       title=\"Calendar of FC Barcelona\"\r\n       class=\"blue-gredient-btn\">\r\n       \r\n        Calendar of FC Barcelona    <\/a>\r\n<\/div>   <p><strong>Kylian Mbapp\u00e9<\/strong> will play in the <a data-external=\"0\" data-intl-links-en=\"https:\/\/www.fcbarcelonanoticias.com\/en\/spanish-super-cup\" data-intl-links-es=\"https:\/\/www.fcbarcelonanoticias.com\/supercopa-de-espana\" href=\"https:\/\/www.fcbarcelonanoticias.com\/en\/spanish-super-cup.html\" rel=\"follow\" target=\"_self\" title=\"Supercopa de Espa\u00f1a\">Spanish Super Cup<\/a> final against <strong>FC Barcelona<\/strong>. The French international has recovered from the <a data-external=\"0\" data-intl-links-en=\"https:\/\/www.fcbarcelonanoticias.com\/en\/spanish-super-cup\/drama-at-real-madrid-mbappe-ruled-out-of-super-cup_315660_102.html\" data-intl-links-es=\"https:\/\/www.fcbarcelonanoticias.com\/supercopa-de-espana\/drama-en-real-madrid-mbappe-descartado-supercopa_315660_102.html\" href=\"https:\/\/www.fcbarcelonanoticias.com\/en\/spanish-super-cup\/drama-at-real-madrid-mbappe-ruled-out-of-super-cup_315660_102.html\" rel=\"follow\" target=\"_self\" title=\"Drama en el Real Madrid: Mbapp\u00e9, descartado para la Supercopa\">sprained left knee<\/a> he suffered before the new year, although the <strong>Real Madrid<\/strong> coaching staff is still unsure if the &#8217;10&#8217; is fit to start. In the press conference prior to the Cl\u00e1sico, <strong>Xabi Alonso<\/strong> ruled out taking unnecessary risks with his top scorer<\/p>  <p>&#8220;It&#8217;s a decision we will make with the player, the coaches, and the doctors. <strong>We have to measure the risk. The moment we are in and what we are playing for. We are not kamikazes when it comes to making decisions<\/strong>. It&#8217;s a controlled risk,&#8221; the Tolosarra began saying.<\/p>  <p>Furthermore, the Real Madrid coach made it clear that, although Mbapp\u00e9 is much better compared to the semifinal against Atl\u00e9tico, he will decide how many minutes he plays after Saturday&#8217;s training session. &#8220;<strong>We will assess it and decide if he will start or play a little less<\/strong>&#8220;.<\/p>  <p>&#8216;Kiki&#8217; played his last match on December 20 in the <a data-external=\"0\" data-intl-links-en=\"https:\/\/www.fcbarcelonanoticias.com\/en\/laliga\/real-madrid-2-0-sevilla-bellingham-and-mbappe-save-another-match-point-for-xabi-alonso_315588_102.html\" data-intl-links-es=\"https:\/\/www.fcbarcelonanoticias.com\/laliga\/real-madrid-2-0-sevilla-bellingham-mbappe-salvan-otro-match-point-xabi-alonso_315588_102.html\" href=\"https:\/\/www.fcbarcelonanoticias.com\/en\/laliga\/real-madrid-2-0-sevilla-bellingham-and-mbappe-save-another-match-point-for-xabi-alonso_315588_102.html\" rel=\"follow\" target=\"_self\" title=\"Real Madrid 2-0 Sevilla: Bellingham y Mbapp\u00e9 salvan otro 'match ball' para Xabi Alonso\">2-0 victory against Sevilla<\/a>, where he scored his 29th goal of the season, his eighteenth in the league. In principle, the player from Bondy could last a maximum of 65-70 minutes if he starts. Logic suggests resting him on the bench for the second half, with <strong>Gonzalo Garc\u00eda<\/strong> as the starting &#8216;9&#8217;<\/p>  <h2>Praise for Lamine Yamal and respect for Bar\u00e7a<\/h2>  <p>On the other hand, Xabi Alonso assured that, although Bar\u00e7a arrives as the favorite for the final, anything can happen and the objective is to stay focused on how to win the match. &#8220;<strong>It will be a match with moments for everything. We have to have the necessary energy<\/strong>&#8220;.In that regard, he praised the talent of **Lamine Yamal**, in addition to recognizing the importance of **Pedri Gonz\u00e1lez** in the Bar\u00e7a setup.<\/p>  <p>&#8220;<strong>I&#8217;m not going to discover him, at his age and the level he has shown&#8230; he&#8217;s fantastic<\/strong>. He&#8217;s a different player, but he doesn&#8217;t dictate the approach,&#8221; he said about the player from Matar\u00f3.Regarding the Canary Islander, he added: &#8220;<strong>We know him well, just like Bar\u00e7a. There are no secrets. He is an important player, but there are many others&#8230;<\/strong> We must play a very complete game.&#8221; In this regard, he dismissed the possibility of repeating his plan from the October Cl\u00e1sico at the Bernab\u00e9u.<\/p>  <blockquote> <p>&#8220;The answer is similar to before the Atleti match. The Metropolitano match wasn&#8217;t a reference point, but we don&#8217;t forget. Now, it&#8217;s the same. The context might be different. We must be convinced and have enough energy.&#8221;<\/p> <\/blockquote>  <h2>Defensive Absences and Vinicius&#8217;s Poor Form<\/h2>  <p>Xabi Alonso also opened up about Real Madrid&#8217;s defensive problems. With Ra\u00fal Asencio nursing an injury and Antonio R\u00fcdiger out for the final, the player from Tolosa might be forced to use Tchouam\u00e9ni as a center-back, as Dean Huijsen has not yet recovered from his muscle issues.<\/p>  <p>&#8220;We are suffering more instability in defense, which limits our player choices. This stresses players who have to play more, but it&#8217;s what we&#8217;ve been dealt,&#8221; commented the Spanish coach. At the same time, he made it clear how he manages Vinicius Jr., who has gone more than three months without scoring and has only provided one assist in the last eight games.<\/p>  <blockquote> <p>&#8220;Vini is emotional. You have to know how to be close to him. His teammates and the coaching staff make him feel that. It&#8217;s a matter of moments. He will return to a great level and will be decisive. We need him, yes or yes, tomorrow&#8221;<\/p> <\/blockquote>  <h2>Real Madrid&#8217;s Present and Doubts About the Future<\/h2>  <p>Although Real Madrid arrives at the Super Cup final against Bar\u00e7a with five consecutive victories in all competitions, the poor collective image in the last two months and the defeats against Celta (0-2) and Manchester City (1-2) left Xabi Alonso on the verge of dismissal.<\/p>  <p>Regarding his future and the impact winning the Cl\u00e1sico would have, the player from Tolosa ruled out a &#8220;personal liberation&#8221; from winning his first title, although he acknowledges it would be &#8220;a great joy,&#8221; &#8220;It&#8217;s football. Anything can happen. We are preparing to win. We are convinced,&#8221; assured the Spanish coach.<\/p> ","protected":false},"excerpt":{"rendered":"<p>Xabi Alonso assured that Kylian Mbapp\u00e9 will play in the Spanish Super Cup final against Bar\u00e7a. However, he ruled out excessive risk with the possible starting role of the &#8217;10&#8217; Kylian Mbapp\u00e9 will play in the Spanish Super Cup final against FC Barcelona. The French international has recovered from the sprained left knee he suffered [&hellip;]<\/p>\n","protected":false},"author":353,"featured_media":87903,"comment_status":"closed","ping_status":"open","sticky":false,"template":"","format":"standard","meta":{"_acf_changed":false,"inline_featured_image":false,"_nextfly_llmd_date_locked":false,"footnotes":""},"categories":[128,445],"tags":[53,46],"class_list":["post-87895","post","type-post","status-publish","format-standard","has-post-thumbnail","hentry","category-spanish-super-cup","category-spanish-super-cup-2","tag-el-clasico","tag-fc-barcelona-vs-real-madrid"],"acf":[],"yoast_head":"<!-- This site is optimized with the Yoast SEO plugin v27.3 - https:\/\/yoast.com\/product\/yoast-seo-wordpress\/ -->\n<title>Xabi Alonso does not rule out Mbapp\u00e9 as a starter against Bar\u00e7a<\/title>\n<meta name=\"description\" content=\"Xabi Alonso assured that Kylian Mbapp\u00e9 will play in the Spanish Super Cup final against Bar\u00e7a, although the &#039;10&#039; could start on the bench\" \/>\n<meta name=\"robots\" content=\"index, follow, max-snippet:-1, max-image-preview:large, max-video-preview:-1\" \/>\n<link rel=\"canonical\" href=\"https:\/\/www.fcbarcelonanoticias.com\/en\/spanish-super-cup\/xabi-alonso-does-not-rule-out-mbappe-as-starter-against-barca_315715_102.html\" \/>\n<meta property=\"og:locale\" content=\"en_US\" \/>\n<meta property=\"og:type\" content=\"article\" \/>\n<meta property=\"og:title\" content=\"Xabi Alonso does not rule out Mbapp\u00e9 as a starter against Bar\u00e7a\" \/>\n<meta property=\"og:description\" content=\"Xabi Alonso assured that Kylian Mbapp\u00e9 will play in the Spanish Super Cup final against Bar\u00e7a, although the &#039;10&#039; could start on the bench\" \/>\n<meta property=\"og:url\" content=\"https:\/\/www.fcbarcelonanoticias.com\/en\/spanish-super-cup\/xabi-alonso-does-not-rule-out-mbappe-as-starter-against-barca_315715_102.html\" \/>\n<meta property=\"og:site_name\" content=\"EN - FC Barcelona Noticias\" \/>\n<meta property=\"article:published_time\" content=\"2026-01-10T16:32:00+00:00\" \/>\n<meta property=\"og:image\" content=\"https:\/\/www.fcbarcelonanoticias.com\/en\/wp-content\/uploads\/sites\/2\/2026\/01\/xabi-alonso-rdp-real-madrid.jpeg\" \/>\n\t<meta property=\"og:image:width\" content=\"1300\" \/>\n\t<meta property=\"og:image:height\" content=\"732\" \/>\n\t<meta property=\"og:image:type\" content=\"image\/jpeg\" \/>\n<meta name=\"author\" content=\"FC Barcelona Noticias\" \/>\n<meta name=\"twitter:card\" content=\"summary_large_image\" \/>\n<meta name=\"twitter:label1\" content=\"Written by\" \/>\n\t<meta name=\"twitter:data1\" content=\"FC Barcelona Noticias\" \/>\n\t<meta name=\"twitter:label2\" content=\"Est. reading time\" \/>\n\t<meta name=\"twitter:data2\" content=\"4 minutes\" \/>\n<script type=\"application\/ld+json\" class=\"yoast-schema-graph\">{\"@context\":\"https:\\\/\\\/schema.org\",\"@graph\":[{\"@type\":\"Article\",\"@id\":\"https:\\\/\\\/www.fcbarcelonanoticias.com\\\/en\\\/spanish-super-cup\\\/xabi-alonso-does-not-rule-out-mbappe-as-starter-against-barca_315715_102.html#article\",\"isPartOf\":{\"@id\":\"https:\\\/\\\/www.fcbarcelonanoticias.com\\\/en\\\/spanish-super-cup\\\/xabi-alonso-does-not-rule-out-mbappe-as-starter-against-barca_315715_102.html\"},\"author\":{\"name\":\"FC Barcelona Noticias\",\"@id\":\"https:\\\/\\\/www.fcbarcelonanoticias.com\\\/en\\\/#\\\/schema\\\/person\\\/0f2810101d27606974cdb8edb54fa54b\"},\"headline\":\"Xabi Alonso does not rule out Mbapp\u00e9&#8217;s starting role and praises Lamine Yamal\",\"datePublished\":\"2026-01-10T16:32:00+00:00\",\"mainEntityOfPage\":{\"@id\":\"https:\\\/\\\/www.fcbarcelonanoticias.com\\\/en\\\/spanish-super-cup\\\/xabi-alonso-does-not-rule-out-mbappe-as-starter-against-barca_315715_102.html\"},\"wordCount\":764,\"image\":{\"@id\":\"https:\\\/\\\/www.fcbarcelonanoticias.com\\\/en\\\/spanish-super-cup\\\/xabi-alonso-does-not-rule-out-mbappe-as-starter-against-barca_315715_102.html#primaryimage\"},\"thumbnailUrl\":\"https:\\\/\\\/www.fcbarcelonanoticias.com\\\/en\\\/wp-content\\\/uploads\\\/sites\\\/2\\\/2026\\\/01\\\/xabi-alonso-rdp-real-madrid.jpeg\",\"keywords\":[\"El Cl\u00e1sico\",\"FC Barcelona vs Real Madrid\"],\"articleSection\":[\"Spanish Super Cup\",\"Spanish Super Cup\"],\"inLanguage\":\"en-US\"},{\"@type\":\"WebPage\",\"@id\":\"https:\\\/\\\/www.fcbarcelonanoticias.com\\\/en\\\/spanish-super-cup\\\/xabi-alonso-does-not-rule-out-mbappe-as-starter-against-barca_315715_102.html\",\"url\":\"https:\\\/\\\/www.fcbarcelonanoticias.com\\\/en\\\/spanish-super-cup\\\/xabi-alonso-does-not-rule-out-mbappe-as-starter-against-barca_315715_102.html\",\"name\":\"Xabi Alonso does not rule out Mbapp\u00e9 as a starter against Bar\u00e7a\",\"isPartOf\":{\"@id\":\"https:\\\/\\\/www.fcbarcelonanoticias.com\\\/en\\\/#website\"},\"primaryImageOfPage\":{\"@id\":\"https:\\\/\\\/www.fcbarcelonanoticias.com\\\/en\\\/spanish-super-cup\\\/xabi-alonso-does-not-rule-out-mbappe-as-starter-against-barca_315715_102.html#primaryimage\"},\"image\":{\"@id\":\"https:\\\/\\\/www.fcbarcelonanoticias.com\\\/en\\\/spanish-super-cup\\\/xabi-alonso-does-not-rule-out-mbappe-as-starter-against-barca_315715_102.html#primaryimage\"},\"thumbnailUrl\":\"https:\\\/\\\/www.fcbarcelonanoticias.com\\\/en\\\/wp-content\\\/uploads\\\/sites\\\/2\\\/2026\\\/01\\\/xabi-alonso-rdp-real-madrid.jpeg\",\"datePublished\":\"2026-01-10T16:32:00+00:00\",\"author\":{\"@id\":\"https:\\\/\\\/www.fcbarcelonanoticias.com\\\/en\\\/#\\\/schema\\\/person\\\/0f2810101d27606974cdb8edb54fa54b\"},\"description\":\"Xabi Alonso assured that Kylian Mbapp\u00e9 will play in the Spanish Super Cup final against Bar\u00e7a, although the '10' could start on the bench\",\"breadcrumb\":{\"@id\":\"https:\\\/\\\/www.fcbarcelonanoticias.com\\\/en\\\/spanish-super-cup\\\/xabi-alonso-does-not-rule-out-mbappe-as-starter-against-barca_315715_102.html#breadcrumb\"},\"inLanguage\":\"en-US\",\"potentialAction\":[{\"@type\":\"ReadAction\",\"target\":[\"https:\\\/\\\/www.fcbarcelonanoticias.com\\\/en\\\/spanish-super-cup\\\/xabi-alonso-does-not-rule-out-mbappe-as-starter-against-barca_315715_102.html\"]}]},{\"@type\":\"ImageObject\",\"inLanguage\":\"en-US\",\"@id\":\"https:\\\/\\\/www.fcbarcelonanoticias.com\\\/en\\\/spanish-super-cup\\\/xabi-alonso-does-not-rule-out-mbappe-as-starter-against-barca_315715_102.html#primaryimage\",\"url\":\"https:\\\/\\\/www.fcbarcelonanoticias.com\\\/en\\\/wp-content\\\/uploads\\\/sites\\\/2\\\/2026\\\/01\\\/xabi-alonso-rdp-real-madrid.jpeg\",\"contentUrl\":\"https:\\\/\\\/www.fcbarcelonanoticias.com\\\/en\\\/wp-content\\\/uploads\\\/sites\\\/2\\\/2026\\\/01\\\/xabi-alonso-rdp-real-madrid.jpeg\",\"width\":1300,\"height\":732},{\"@type\":\"BreadcrumbList\",\"@id\":\"https:\\\/\\\/www.fcbarcelonanoticias.com\\\/en\\\/spanish-super-cup\\\/xabi-alonso-does-not-rule-out-mbappe-as-starter-against-barca_315715_102.html#breadcrumb\",\"itemListElement\":[{\"@type\":\"ListItem\",\"position\":1,\"name\":\"Portada\",\"item\":\"https:\\\/\\\/www.fcbarcelonanoticias.com\\\/en\\\/\"},{\"@type\":\"ListItem\",\"position\":2,\"name\":\"Xabi Alonso does not rule out Mbapp\u00e9&#8217;s starting role and praises Lamine Yamal\"}]},{\"@type\":\"WebSite\",\"@id\":\"https:\\\/\\\/www.fcbarcelonanoticias.com\\\/en\\\/#website\",\"url\":\"https:\\\/\\\/www.fcbarcelonanoticias.com\\\/en\\\/\",\"name\":\"EN - FC Barcelona Noticias\",\"description\":\"\",\"potentialAction\":[{\"@type\":\"SearchAction\",\"target\":{\"@type\":\"EntryPoint\",\"urlTemplate\":\"https:\\\/\\\/www.fcbarcelonanoticias.com\\\/en\\\/?s={search_term_string}\"},\"query-input\":{\"@type\":\"PropertyValueSpecification\",\"valueRequired\":true,\"valueName\":\"search_term_string\"}}],\"inLanguage\":\"en-US\"},{\"@type\":\"Person\",\"@id\":\"https:\\\/\\\/www.fcbarcelonanoticias.com\\\/en\\\/#\\\/schema\\\/person\\\/0f2810101d27606974cdb8edb54fa54b\",\"name\":\"FC Barcelona Noticias\",\"image\":{\"@type\":\"ImageObject\",\"inLanguage\":\"en-US\",\"@id\":\"https:\\\/\\\/secure.gravatar.com\\\/avatar\\\/?s=96&d=mm&r=g\",\"url\":\"https:\\\/\\\/secure.gravatar.com\\\/avatar\\\/?s=96&d=mm&r=g\",\"contentUrl\":\"https:\\\/\\\/secure.gravatar.com\\\/avatar\\\/?s=96&d=mm&r=g\",\"caption\":\"FC Barcelona Noticias\"},\"url\":\"https:\\\/\\\/www.fcbarcelonanoticias.com\\\/en\\\/fc-barcelona\\\/fcbn-writing-fc-barcelona-news_6_115.html\"}]}<\/script>\n<!-- \/ Yoast SEO plugin. -->","yoast_head_json":{"title":"Xabi Alonso does not rule out Mbapp\u00e9 as a starter against Bar\u00e7a","description":"Xabi Alonso assured that Kylian Mbapp\u00e9 will play in the Spanish Super Cup final against Bar\u00e7a, although the '10' could start on the bench","robots":{"index":"index","follow":"follow","max-snippet":"max-snippet:-1","max-image-preview":"max-image-preview:large","max-video-preview":"max-video-preview:-1"},"canonical":"https:\/\/www.fcbarcelonanoticias.com\/en\/spanish-super-cup\/xabi-alonso-does-not-rule-out-mbappe-as-starter-against-barca_315715_102.html","og_locale":"en_US","og_type":"article","og_title":"Xabi Alonso does not rule out Mbapp\u00e9 as a starter against Bar\u00e7a","og_description":"Xabi Alonso assured that Kylian Mbapp\u00e9 will play in the Spanish Super Cup final against Bar\u00e7a, although the '10' could start on the bench","og_url":"https:\/\/www.fcbarcelonanoticias.com\/en\/spanish-super-cup\/xabi-alonso-does-not-rule-out-mbappe-as-starter-against-barca_315715_102.html","og_site_name":"EN - FC Barcelona Noticias","article_published_time":"2026-01-10T16:32:00+00:00","og_image":[{"width":1300,"height":732,"url":"https:\/\/www.fcbarcelonanoticias.com\/en\/wp-content\/uploads\/sites\/2\/2026\/01\/xabi-alonso-rdp-real-madrid.jpeg","type":"image\/jpeg"}],"author":"FC Barcelona Noticias","twitter_card":"summary_large_image","twitter_misc":{"Written by":"FC Barcelona Noticias","Est. reading time":"4 minutes"},"schema":{"@context":"https:\/\/schema.org","@graph":[{"@type":"Article","@id":"https:\/\/www.fcbarcelonanoticias.com\/en\/spanish-super-cup\/xabi-alonso-does-not-rule-out-mbappe-as-starter-against-barca_315715_102.html#article","isPartOf":{"@id":"https:\/\/www.fcbarcelonanoticias.com\/en\/spanish-super-cup\/xabi-alonso-does-not-rule-out-mbappe-as-starter-against-barca_315715_102.html"},"author":{"name":"FC Barcelona Noticias","@id":"https:\/\/www.fcbarcelonanoticias.com\/en\/#\/schema\/person\/0f2810101d27606974cdb8edb54fa54b"},"headline":"Xabi Alonso does not rule out Mbapp\u00e9&#8217;s starting role and praises Lamine Yamal","datePublished":"2026-01-10T16:32:00+00:00","mainEntityOfPage":{"@id":"https:\/\/www.fcbarcelonanoticias.com\/en\/spanish-super-cup\/xabi-alonso-does-not-rule-out-mbappe-as-starter-against-barca_315715_102.html"},"wordCount":764,"image":{"@id":"https:\/\/www.fcbarcelonanoticias.com\/en\/spanish-super-cup\/xabi-alonso-does-not-rule-out-mbappe-as-starter-against-barca_315715_102.html#primaryimage"},"thumbnailUrl":"https:\/\/www.fcbarcelonanoticias.com\/en\/wp-content\/uploads\/sites\/2\/2026\/01\/xabi-alonso-rdp-real-madrid.jpeg","keywords":["El Cl\u00e1sico","FC Barcelona vs Real Madrid"],"articleSection":["Spanish Super Cup","Spanish Super Cup"],"inLanguage":"en-US"},{"@type":"WebPage","@id":"https:\/\/www.fcbarcelonanoticias.com\/en\/spanish-super-cup\/xabi-alonso-does-not-rule-out-mbappe-as-starter-against-barca_315715_102.html","url":"https:\/\/www.fcbarcelonanoticias.com\/en\/spanish-super-cup\/xabi-alonso-does-not-rule-out-mbappe-as-starter-against-barca_315715_102.html","name":"Xabi Alonso does not rule out Mbapp\u00e9 as a starter against Bar\u00e7a","isPartOf":{"@id":"https:\/\/www.fcbarcelonanoticias.com\/en\/#website"},"primaryImageOfPage":{"@id":"https:\/\/www.fcbarcelonanoticias.com\/en\/spanish-super-cup\/xabi-alonso-does-not-rule-out-mbappe-as-starter-against-barca_315715_102.html#primaryimage"},"image":{"@id":"https:\/\/www.fcbarcelonanoticias.com\/en\/spanish-super-cup\/xabi-alonso-does-not-rule-out-mbappe-as-starter-against-barca_315715_102.html#primaryimage"},"thumbnailUrl":"https:\/\/www.fcbarcelonanoticias.com\/en\/wp-content\/uploads\/sites\/2\/2026\/01\/xabi-alonso-rdp-real-madrid.jpeg","datePublished":"2026-01-10T16:32:00+00:00","author":{"@id":"https:\/\/www.fcbarcelonanoticias.com\/en\/#\/schema\/person\/0f2810101d27606974cdb8edb54fa54b"},"description":"Xabi Alonso assured that Kylian Mbapp\u00e9 will play in the Spanish Super Cup final against Bar\u00e7a, although the '10' could start on the bench","breadcrumb":{"@id":"https:\/\/www.fcbarcelonanoticias.com\/en\/spanish-super-cup\/xabi-alonso-does-not-rule-out-mbappe-as-starter-against-barca_315715_102.html#breadcrumb"},"inLanguage":"en-US","potentialAction":[{"@type":"ReadAction","target":["https:\/\/www.fcbarcelonanoticias.com\/en\/spanish-super-cup\/xabi-alonso-does-not-rule-out-mbappe-as-starter-against-barca_315715_102.html"]}]},{"@type":"ImageObject","inLanguage":"en-US","@id":"https:\/\/www.fcbarcelonanoticias.com\/en\/spanish-super-cup\/xabi-alonso-does-not-rule-out-mbappe-as-starter-against-barca_315715_102.html#primaryimage","url":"https:\/\/www.fcbarcelonanoticias.com\/en\/wp-content\/uploads\/sites\/2\/2026\/01\/xabi-alonso-rdp-real-madrid.jpeg","contentUrl":"https:\/\/www.fcbarcelonanoticias.com\/en\/wp-content\/uploads\/sites\/2\/2026\/01\/xabi-alonso-rdp-real-madrid.jpeg","width":1300,"height":732},{"@type":"BreadcrumbList","@id":"https:\/\/www.fcbarcelonanoticias.com\/en\/spanish-super-cup\/xabi-alonso-does-not-rule-out-mbappe-as-starter-against-barca_315715_102.html#breadcrumb","itemListElement":[{"@type":"ListItem","position":1,"name":"Portada","item":"https:\/\/www.fcbarcelonanoticias.com\/en\/"},{"@type":"ListItem","position":2,"name":"Xabi Alonso does not rule out Mbapp\u00e9&#8217;s starting role and praises Lamine Yamal"}]},{"@type":"WebSite","@id":"https:\/\/www.fcbarcelonanoticias.com\/en\/#website","url":"https:\/\/www.fcbarcelonanoticias.com\/en\/","name":"EN - FC Barcelona Noticias","description":"","potentialAction":[{"@type":"SearchAction","target":{"@type":"EntryPoint","urlTemplate":"https:\/\/www.fcbarcelonanoticias.com\/en\/?s={search_term_string}"},"query-input":{"@type":"PropertyValueSpecification","valueRequired":true,"valueName":"search_term_string"}}],"inLanguage":"en-US"},{"@type":"Person","@id":"https:\/\/www.fcbarcelonanoticias.com\/en\/#\/schema\/person\/0f2810101d27606974cdb8edb54fa54b","name":"FC Barcelona Noticias","image":{"@type":"ImageObject","inLanguage":"en-US","@id":"https:\/\/secure.gravatar.com\/avatar\/?s=96&d=mm&r=g","url":"https:\/\/secure.gravatar.com\/avatar\/?s=96&d=mm&r=g","contentUrl":"https:\/\/secure.gravatar.com\/avatar\/?s=96&d=mm&r=g","caption":"FC Barcelona Noticias"},"url":"https:\/\/www.fcbarcelonanoticias.com\/en\/fc-barcelona\/fcbn-writing-fc-barcelona-news_6_115.html"}]}},"_links":{"self":[{"href":"https:\/\/www.fcbarcelonanoticias.com\/en\/wp-json\/wp\/v2\/posts\/87895","targetHints":{"allow":["GET"]}}],"collection":[{"href":"https:\/\/www.fcbarcelonanoticias.com\/en\/wp-json\/wp\/v2\/posts"}],"about":[{"href":"https:\/\/www.fcbarcelonanoticias.com\/en\/wp-json\/wp\/v2\/types\/post"}],"author":[{"embeddable":true,"href":"https:\/\/www.fcbarcelonanoticias.com\/en\/wp-json\/wp\/v2\/users\/353"}],"replies":[{"embeddable":true,"href":"https:\/\/www.fcbarcelonanoticias.com\/en\/wp-json\/wp\/v2\/comments?post=87895"}],"version-history":[{"count":2,"href":"https:\/\/www.fcbarcelonanoticias.com\/en\/wp-json\/wp\/v2\/posts\/87895\/revisions"}],"predecessor-version":[{"id":87897,"href":"https:\/\/www.fcbarcelonanoticias.com\/en\/wp-json\/wp\/v2\/posts\/87895\/revisions\/87897"}],"wp:featuredmedia":[{"embeddable":true,"href":"https:\/\/www.fcbarcelonanoticias.com\/en\/wp-json\/wp\/v2\/media\/87903"}],"wp:attachment":[{"href":"https:\/\/www.fcbarcelonanoticias.com\/en\/wp-json\/wp\/v2\/media?parent=87895"}],"wp:term":[{"taxonomy":"category","embeddable":true,"href":"https:\/\/www.fcbarcelonanoticias.com\/en\/wp-json\/wp\/v2\/categories?post=87895"},{"taxonomy":"post_tag","embeddable":true,"href":"https:\/\/www.fcbarcelonanoticias.com\/en\/wp-json\/wp\/v2\/tags?post=87895"}],"curies":[{"name":"wp","href":"https:\/\/api.w.org\/{rel}","templated":true}]}}