{"id":88077,"date":"2024-01-14T23:48:00","date_gmt":"2024-01-14T22:48:00","guid":{"rendered":"https:\/\/weisetech.dev\/fc-barcelona-noticias\/en\/apologise-to-the-fans-the-hardest-speech-of-xavi-in-the-barca_299914_102\/"},"modified":"2024-01-14T23:49:00","modified_gmt":"2024-01-14T22:49:00","slug":"apologise-to-the-fans-the-hardest-speech-of-xavi-in-the-barca_299914_102","status":"publish","type":"post","link":"https:\/\/www.fcbarcelonanoticias.com\/en\/supercopa-of-spain\/apologise-to-the-fans-the-hardest-speech-of-xavi-in-the-barca_299914_102.html","title":{"rendered":"&#8220;I apologize to the fans&#8221;: Xavi&#8217;s harshest speech at Bar\u00e7a"},"content":{"rendered":"<h2 class=\"wp-block-heading\">Xavi Hern\u00e1ndez has had to analyze FC Barcelona&#8217;s defeat against Real Madrid in the Spanish Super Cup (4-1) and intoned his harshest speech since he arrived at the club in November 2021<\/h2>  \r\n<div class=\"article-addons\">\r\n    <a href=\"https:\/\/www.fcbarcelonanoticias.com\/en\/calendar-fc-barcelona.html\"\r\n       target=\"_self\"\r\n       title=\"Calendar of FC Barcelona\"\r\n       class=\"blue-gredient-btn\">\r\n       \r\n        Calendar of FC Barcelona    <\/a>\r\n<\/div>   <p><a data-external=\"0\" data-intl-links-en=\"https:\/\/www.fcbarcelonanoticias.com\/en\/supercopa-of-spain\/real-madrid-fc-barcelona-4-1-video-summary-goals-and-better-played-of-the-final-of-the-supercopa_299904_102.html\" data-intl-links-es=\"https:\/\/www.fcbarcelonanoticias.com\/supercopa-de-espana\/real-madrid-fc-barcelona-4-1-video-resumen-goles-mejores-jugadas-final-supercopa_299904_102.html\" href=\"https:\/\/www.fcbarcelonanoticias.com\/en\/supercopa-of-spain\/real-madrid-fc-barcelona-4-1-video-summary-goals-and-better-played-of-the-final-of-the-supercopa_299904_102.html\" rel=\"follow\" target=\"_self\" title=\"REAL MADRID-FC BARCELONA (4-1): V\u00eddeo resumen, goles y mejores jugadas de la final de la Supercopa\">To the FC Barcelona touched him cross in the Supercopa of Spain<\/a> and there are not excuses that &#8216;justify&#8217; the poor performance of the team, that in any moment saw with capacity to trace back the result and that sucumbi\u00f3 in front of a Real Madrid that has known to take advantage of the errors of his rival to impose in Riad with an almost perfect party. <strong>Vinicius Jr And Rodrygo Goes &#8216;dismissed&#8217; to a Barcelona group that did not know to answer to the adversities. <\/strong><\/p>  <p>There is not justificativos in the Bar\u00e7a and has to be a defeat that serve like learning and that light the alarms for a change that was definite. Xavi Hern\u00e1ndez has not had more &#8216;remedy&#8217; that apologise to the fans by the peup\u00e9rrima performance of his, entonando the most difficult speech that has had since it landed in the City Condal. <strong>It has not been only the defeat, but the form in which it arrives. <\/strong><\/p>  <blockquote> <p>&#8220;Apologise to the fans. We have given the worst expensive. It is necessary to replace. I have lived a lot of defeats and have replaced us&#8221;<\/p> <\/blockquote>  <p>&#8220;By my head happens disappointment, sadness&#8230; It is the football and touches us the bitter face. Had illusion. It has gone out us the worst party of all. We have had option of recortar, but the 3-1 has put us badly the things again&#8221;, began saying, aiming that the Real Madrid &#8220;has hurt us with his contras and transitions&#8230; <strong>Apologise to the fans. We have given the worst expensive. It is necessary to replace. I have lived a lot of defeats and have replaced us<\/strong>. The Bar\u00e7a will go back, will go back&#8221;.<\/p>  <p>In the opinion of the trainer, this party has to serve of learning to &#8220;play and compete better. <strong>It is clear that they will be hard days and of criticisms, but it is necessary to accept them. We have not been to the level that required &#8220;<\/strong>, recognising in press conference that the team has not known how pose in a rival neither in defence, neither in the pressure, resumiendo that left him the very easy way to the Real Madrid.<\/p>  <h2>The unforgivable errors of the Bar\u00e7a<\/h2>  <p>Xavi has commented that it has been missing them &#8220;handle better the party, can not play like this a final. We were not well in defence, neither in the pressure, can not begin a final 2-0. Afterwards it came the goal of Robert, but has been missing us everything. It is a hard defeat, are got angry. We have showed one of the worst expensive of the season. <strong>We have to improve a lot of to win titles. It is necessary to ask pardon to the barcelonistas because it was a final, a Classical and were not as it is necessary to be&#8221;.<\/strong><\/p>  <p>Deepening in the errors of the Bar\u00e7a, has commented that &#8220;defensivamente do not stop the transitions with tactical faults, went two careers to our back, neither the high pressure was good and was a hard defeat. <strong>Like cul\u00e9, am disappointed, have offered one of the worst expensive of the season, it is necessary to be very autocr\u00edticos. <\/strong>There was illusion and hope but is a disappointment, is not the image that has to offer the Boat, especially in a final&#8221;.<\/p>  <h2>The future of Xavi, at stake?<\/h2>  <p>Xavi is convinced that the Bar\u00e7a will know resurgir of what today seem ashes: &#8220;I Am calm and very got angry and disappointed,<strong> have not given the face that required a final, but like cul\u00e9, no like trainer. I have lived defeats very hard, but remains all the season, there are three titles, but for all. We will go back, we will go back, I am convinced&#8221;<\/strong>, adding that &#8220;confidence there is, is clear, have showed the worst expensive in the worst possible stage, is a stray title, but it is necessary to do self-criticism. I follow believing in the project but it is necessary to do self-criticism&#8221;.<\/p> ","protected":false},"excerpt":{"rendered":"<p>Xavi Hern\u00e1ndez has had to analyze FC Barcelona&#8217;s defeat against Real Madrid in the Spanish Super Cup (4-1) and intoned his harshest speech since he arrived at the club in November 2021 To the FC Barcelona touched him cross in the Supercopa of Spain and there are not excuses that &#8216;justify&#8217; the poor performance of [&hellip;]<\/p>\n","protected":false},"author":0,"featured_media":7250,"comment_status":"closed","ping_status":"open","sticky":false,"template":"","format":"standard","meta":{"_acf_changed":false,"inline_featured_image":false,"_nextfly_llmd_date_locked":false,"footnotes":""},"categories":[128,445],"tags":[53,48],"class_list":["post-88077","post","type-post","status-publish","format-standard","has-post-thumbnail","hentry","category-spanish-super-cup","category-spanish-super-cup-2","tag-el-clasico","tag-xavi-hernandez"],"acf":[],"yoast_head":"<!-- This site is optimized with the Yoast SEO plugin v27.3 - https:\/\/yoast.com\/product\/yoast-seo-wordpress\/ -->\n<title>&quot;I apologise to the fans&quot;: The hardest speech of Xavi in the Bar\u00e7a<\/title>\n<meta name=\"description\" content=\"Xavi Hern\u00e1ndez has had to analyse the defeat of the FC Barcelona in front of the Real Madrid in the Supercopa of Spain (4-1) and enton\u00f3 his harder speech since it arrived to the club in November of 2021\" \/>\n<meta name=\"robots\" content=\"index, follow, max-snippet:-1, max-image-preview:large, max-video-preview:-1\" \/>\n<link rel=\"canonical\" href=\"https:\/\/www.fcbarcelonanoticias.com\/en\/supercopa-of-spain\/apologise-to-the-fans-the-hardest-speech-of-xavi-in-the-barca_299914_102.html\" \/>\n<meta property=\"og:locale\" content=\"en_US\" \/>\n<meta property=\"og:type\" content=\"article\" \/>\n<meta property=\"og:title\" content=\"&quot;I apologise to the fans&quot;: The hardest speech of Xavi in the Bar\u00e7a\" \/>\n<meta property=\"og:description\" content=\"Xavi Hern\u00e1ndez has had to analyse the defeat of the FC Barcelona in front of the Real Madrid in the Supercopa of Spain (4-1) and enton\u00f3 his harder speech since it arrived to the club in November of 2021\" \/>\n<meta property=\"og:url\" content=\"https:\/\/www.fcbarcelonanoticias.com\/en\/supercopa-of-spain\/apologise-to-the-fans-the-hardest-speech-of-xavi-in-the-barca_299914_102.html\" \/>\n<meta property=\"og:site_name\" content=\"EN - FC Barcelona Noticias\" \/>\n<meta property=\"article:published_time\" content=\"2024-01-14T22:48:00+00:00\" \/>\n<meta property=\"article:modified_time\" content=\"2024-01-14T22:49:00+00:00\" \/>\n<meta property=\"og:image\" content=\"https:\/\/www.fcbarcelonanoticias.com\/en\/wp-content\/uploads\/sites\/2\/2024\/01\/xavi-hernandez-tras-la-final-de-la-supercopa-de-espana.jpeg\" \/>\n\t<meta property=\"og:image:width\" content=\"1200\" \/>\n\t<meta property=\"og:image:height\" content=\"675\" \/>\n\t<meta property=\"og:image:type\" content=\"image\/jpeg\" \/>\n<meta name=\"twitter:card\" content=\"summary_large_image\" \/>\n<meta name=\"twitter:label1\" content=\"Est. reading time\" \/>\n\t<meta name=\"twitter:data1\" content=\"4 minutes\" \/>\n<script type=\"application\/ld+json\" class=\"yoast-schema-graph\">{\"@context\":\"https:\\\/\\\/schema.org\",\"@graph\":[{\"@type\":\"Article\",\"@id\":\"https:\\\/\\\/www.fcbarcelonanoticias.com\\\/en\\\/supercopa-of-spain\\\/apologise-to-the-fans-the-hardest-speech-of-xavi-in-the-barca_299914_102.html#article\",\"isPartOf\":{\"@id\":\"https:\\\/\\\/www.fcbarcelonanoticias.com\\\/en\\\/supercopa-of-spain\\\/apologise-to-the-fans-the-hardest-speech-of-xavi-in-the-barca_299914_102.html\"},\"author\":{\"name\":\"\",\"@id\":\"\"},\"headline\":\"&#8220;I apologize to the fans&#8221;: Xavi&#8217;s harshest speech at Bar\u00e7a\",\"datePublished\":\"2024-01-14T22:48:00+00:00\",\"dateModified\":\"2024-01-14T22:49:00+00:00\",\"mainEntityOfPage\":{\"@id\":\"https:\\\/\\\/www.fcbarcelonanoticias.com\\\/en\\\/supercopa-of-spain\\\/apologise-to-the-fans-the-hardest-speech-of-xavi-in-the-barca_299914_102.html\"},\"wordCount\":716,\"image\":{\"@id\":\"https:\\\/\\\/www.fcbarcelonanoticias.com\\\/en\\\/supercopa-of-spain\\\/apologise-to-the-fans-the-hardest-speech-of-xavi-in-the-barca_299914_102.html#primaryimage\"},\"thumbnailUrl\":\"https:\\\/\\\/www.fcbarcelonanoticias.com\\\/en\\\/wp-content\\\/uploads\\\/sites\\\/2\\\/2024\\\/01\\\/xavi-hernandez-tras-la-final-de-la-supercopa-de-espana.jpeg\",\"keywords\":[\"El Cl\u00e1sico\",\"Xavi Hern\u00e1ndez\"],\"articleSection\":[\"Spanish Super Cup\",\"Spanish Super Cup\"],\"inLanguage\":\"en-US\"},{\"@type\":\"WebPage\",\"@id\":\"https:\\\/\\\/www.fcbarcelonanoticias.com\\\/en\\\/supercopa-of-spain\\\/apologise-to-the-fans-the-hardest-speech-of-xavi-in-the-barca_299914_102.html\",\"url\":\"https:\\\/\\\/www.fcbarcelonanoticias.com\\\/en\\\/supercopa-of-spain\\\/apologise-to-the-fans-the-hardest-speech-of-xavi-in-the-barca_299914_102.html\",\"name\":\"\\\"I apologise to the fans\\\": The hardest speech of Xavi in the Bar\u00e7a\",\"isPartOf\":{\"@id\":\"https:\\\/\\\/www.fcbarcelonanoticias.com\\\/en\\\/#website\"},\"primaryImageOfPage\":{\"@id\":\"https:\\\/\\\/www.fcbarcelonanoticias.com\\\/en\\\/supercopa-of-spain\\\/apologise-to-the-fans-the-hardest-speech-of-xavi-in-the-barca_299914_102.html#primaryimage\"},\"image\":{\"@id\":\"https:\\\/\\\/www.fcbarcelonanoticias.com\\\/en\\\/supercopa-of-spain\\\/apologise-to-the-fans-the-hardest-speech-of-xavi-in-the-barca_299914_102.html#primaryimage\"},\"thumbnailUrl\":\"https:\\\/\\\/www.fcbarcelonanoticias.com\\\/en\\\/wp-content\\\/uploads\\\/sites\\\/2\\\/2024\\\/01\\\/xavi-hernandez-tras-la-final-de-la-supercopa-de-espana.jpeg\",\"datePublished\":\"2024-01-14T22:48:00+00:00\",\"dateModified\":\"2024-01-14T22:49:00+00:00\",\"author\":{\"@id\":\"\"},\"description\":\"Xavi Hern\u00e1ndez has had to analyse the defeat of the FC Barcelona in front of the Real Madrid in the Supercopa of Spain (4-1) and enton\u00f3 his harder speech since it arrived to the club in November of 2021\",\"breadcrumb\":{\"@id\":\"https:\\\/\\\/www.fcbarcelonanoticias.com\\\/en\\\/supercopa-of-spain\\\/apologise-to-the-fans-the-hardest-speech-of-xavi-in-the-barca_299914_102.html#breadcrumb\"},\"inLanguage\":\"en-US\",\"potentialAction\":[{\"@type\":\"ReadAction\",\"target\":[\"https:\\\/\\\/www.fcbarcelonanoticias.com\\\/en\\\/supercopa-of-spain\\\/apologise-to-the-fans-the-hardest-speech-of-xavi-in-the-barca_299914_102.html\"]}]},{\"@type\":\"ImageObject\",\"inLanguage\":\"en-US\",\"@id\":\"https:\\\/\\\/www.fcbarcelonanoticias.com\\\/en\\\/supercopa-of-spain\\\/apologise-to-the-fans-the-hardest-speech-of-xavi-in-the-barca_299914_102.html#primaryimage\",\"url\":\"https:\\\/\\\/www.fcbarcelonanoticias.com\\\/en\\\/wp-content\\\/uploads\\\/sites\\\/2\\\/2024\\\/01\\\/xavi-hernandez-tras-la-final-de-la-supercopa-de-espana.jpeg\",\"contentUrl\":\"https:\\\/\\\/www.fcbarcelonanoticias.com\\\/en\\\/wp-content\\\/uploads\\\/sites\\\/2\\\/2024\\\/01\\\/xavi-hernandez-tras-la-final-de-la-supercopa-de-espana.jpeg\",\"width\":1200,\"height\":675},{\"@type\":\"BreadcrumbList\",\"@id\":\"https:\\\/\\\/www.fcbarcelonanoticias.com\\\/en\\\/supercopa-of-spain\\\/apologise-to-the-fans-the-hardest-speech-of-xavi-in-the-barca_299914_102.html#breadcrumb\",\"itemListElement\":[{\"@type\":\"ListItem\",\"position\":1,\"name\":\"Portada\",\"item\":\"https:\\\/\\\/www.fcbarcelonanoticias.com\\\/en\\\/\"},{\"@type\":\"ListItem\",\"position\":2,\"name\":\"&#8220;I apologize to the fans&#8221;: Xavi&#8217;s harshest speech at Bar\u00e7a\"}]},{\"@type\":\"WebSite\",\"@id\":\"https:\\\/\\\/www.fcbarcelonanoticias.com\\\/en\\\/#website\",\"url\":\"https:\\\/\\\/www.fcbarcelonanoticias.com\\\/en\\\/\",\"name\":\"EN - FC Barcelona Noticias\",\"description\":\"\",\"potentialAction\":[{\"@type\":\"SearchAction\",\"target\":{\"@type\":\"EntryPoint\",\"urlTemplate\":\"https:\\\/\\\/www.fcbarcelonanoticias.com\\\/en\\\/?s={search_term_string}\"},\"query-input\":{\"@type\":\"PropertyValueSpecification\",\"valueRequired\":true,\"valueName\":\"search_term_string\"}}],\"inLanguage\":\"en-US\"}]}<\/script>\n<!-- \/ Yoast SEO plugin. -->","yoast_head_json":{"title":"\"I apologise to the fans\": The hardest speech of Xavi in the Bar\u00e7a","description":"Xavi Hern\u00e1ndez has had to analyse the defeat of the FC Barcelona in front of the Real Madrid in the Supercopa of Spain (4-1) and enton\u00f3 his harder speech since it arrived to the club in November of 2021","robots":{"index":"index","follow":"follow","max-snippet":"max-snippet:-1","max-image-preview":"max-image-preview:large","max-video-preview":"max-video-preview:-1"},"canonical":"https:\/\/www.fcbarcelonanoticias.com\/en\/supercopa-of-spain\/apologise-to-the-fans-the-hardest-speech-of-xavi-in-the-barca_299914_102.html","og_locale":"en_US","og_type":"article","og_title":"\"I apologise to the fans\": The hardest speech of Xavi in the Bar\u00e7a","og_description":"Xavi Hern\u00e1ndez has had to analyse the defeat of the FC Barcelona in front of the Real Madrid in the Supercopa of Spain (4-1) and enton\u00f3 his harder speech since it arrived to the club in November of 2021","og_url":"https:\/\/www.fcbarcelonanoticias.com\/en\/supercopa-of-spain\/apologise-to-the-fans-the-hardest-speech-of-xavi-in-the-barca_299914_102.html","og_site_name":"EN - FC Barcelona Noticias","article_published_time":"2024-01-14T22:48:00+00:00","article_modified_time":"2024-01-14T22:49:00+00:00","og_image":[{"width":1200,"height":675,"url":"https:\/\/www.fcbarcelonanoticias.com\/en\/wp-content\/uploads\/sites\/2\/2024\/01\/xavi-hernandez-tras-la-final-de-la-supercopa-de-espana.jpeg","type":"image\/jpeg"}],"twitter_card":"summary_large_image","twitter_misc":{"Est. reading time":"4 minutes"},"schema":{"@context":"https:\/\/schema.org","@graph":[{"@type":"Article","@id":"https:\/\/www.fcbarcelonanoticias.com\/en\/supercopa-of-spain\/apologise-to-the-fans-the-hardest-speech-of-xavi-in-the-barca_299914_102.html#article","isPartOf":{"@id":"https:\/\/www.fcbarcelonanoticias.com\/en\/supercopa-of-spain\/apologise-to-the-fans-the-hardest-speech-of-xavi-in-the-barca_299914_102.html"},"author":{"name":"","@id":""},"headline":"&#8220;I apologize to the fans&#8221;: Xavi&#8217;s harshest speech at Bar\u00e7a","datePublished":"2024-01-14T22:48:00+00:00","dateModified":"2024-01-14T22:49:00+00:00","mainEntityOfPage":{"@id":"https:\/\/www.fcbarcelonanoticias.com\/en\/supercopa-of-spain\/apologise-to-the-fans-the-hardest-speech-of-xavi-in-the-barca_299914_102.html"},"wordCount":716,"image":{"@id":"https:\/\/www.fcbarcelonanoticias.com\/en\/supercopa-of-spain\/apologise-to-the-fans-the-hardest-speech-of-xavi-in-the-barca_299914_102.html#primaryimage"},"thumbnailUrl":"https:\/\/www.fcbarcelonanoticias.com\/en\/wp-content\/uploads\/sites\/2\/2024\/01\/xavi-hernandez-tras-la-final-de-la-supercopa-de-espana.jpeg","keywords":["El Cl\u00e1sico","Xavi Hern\u00e1ndez"],"articleSection":["Spanish Super Cup","Spanish Super Cup"],"inLanguage":"en-US"},{"@type":"WebPage","@id":"https:\/\/www.fcbarcelonanoticias.com\/en\/supercopa-of-spain\/apologise-to-the-fans-the-hardest-speech-of-xavi-in-the-barca_299914_102.html","url":"https:\/\/www.fcbarcelonanoticias.com\/en\/supercopa-of-spain\/apologise-to-the-fans-the-hardest-speech-of-xavi-in-the-barca_299914_102.html","name":"\"I apologise to the fans\": The hardest speech of Xavi in the Bar\u00e7a","isPartOf":{"@id":"https:\/\/www.fcbarcelonanoticias.com\/en\/#website"},"primaryImageOfPage":{"@id":"https:\/\/www.fcbarcelonanoticias.com\/en\/supercopa-of-spain\/apologise-to-the-fans-the-hardest-speech-of-xavi-in-the-barca_299914_102.html#primaryimage"},"image":{"@id":"https:\/\/www.fcbarcelonanoticias.com\/en\/supercopa-of-spain\/apologise-to-the-fans-the-hardest-speech-of-xavi-in-the-barca_299914_102.html#primaryimage"},"thumbnailUrl":"https:\/\/www.fcbarcelonanoticias.com\/en\/wp-content\/uploads\/sites\/2\/2024\/01\/xavi-hernandez-tras-la-final-de-la-supercopa-de-espana.jpeg","datePublished":"2024-01-14T22:48:00+00:00","dateModified":"2024-01-14T22:49:00+00:00","author":{"@id":""},"description":"Xavi Hern\u00e1ndez has had to analyse the defeat of the FC Barcelona in front of the Real Madrid in the Supercopa of Spain (4-1) and enton\u00f3 his harder speech since it arrived to the club in November of 2021","breadcrumb":{"@id":"https:\/\/www.fcbarcelonanoticias.com\/en\/supercopa-of-spain\/apologise-to-the-fans-the-hardest-speech-of-xavi-in-the-barca_299914_102.html#breadcrumb"},"inLanguage":"en-US","potentialAction":[{"@type":"ReadAction","target":["https:\/\/www.fcbarcelonanoticias.com\/en\/supercopa-of-spain\/apologise-to-the-fans-the-hardest-speech-of-xavi-in-the-barca_299914_102.html"]}]},{"@type":"ImageObject","inLanguage":"en-US","@id":"https:\/\/www.fcbarcelonanoticias.com\/en\/supercopa-of-spain\/apologise-to-the-fans-the-hardest-speech-of-xavi-in-the-barca_299914_102.html#primaryimage","url":"https:\/\/www.fcbarcelonanoticias.com\/en\/wp-content\/uploads\/sites\/2\/2024\/01\/xavi-hernandez-tras-la-final-de-la-supercopa-de-espana.jpeg","contentUrl":"https:\/\/www.fcbarcelonanoticias.com\/en\/wp-content\/uploads\/sites\/2\/2024\/01\/xavi-hernandez-tras-la-final-de-la-supercopa-de-espana.jpeg","width":1200,"height":675},{"@type":"BreadcrumbList","@id":"https:\/\/www.fcbarcelonanoticias.com\/en\/supercopa-of-spain\/apologise-to-the-fans-the-hardest-speech-of-xavi-in-the-barca_299914_102.html#breadcrumb","itemListElement":[{"@type":"ListItem","position":1,"name":"Portada","item":"https:\/\/www.fcbarcelonanoticias.com\/en\/"},{"@type":"ListItem","position":2,"name":"&#8220;I apologize to the fans&#8221;: Xavi&#8217;s harshest speech at Bar\u00e7a"}]},{"@type":"WebSite","@id":"https:\/\/www.fcbarcelonanoticias.com\/en\/#website","url":"https:\/\/www.fcbarcelonanoticias.com\/en\/","name":"EN - FC Barcelona Noticias","description":"","potentialAction":[{"@type":"SearchAction","target":{"@type":"EntryPoint","urlTemplate":"https:\/\/www.fcbarcelonanoticias.com\/en\/?s={search_term_string}"},"query-input":{"@type":"PropertyValueSpecification","valueRequired":true,"valueName":"search_term_string"}}],"inLanguage":"en-US"}]}},"_links":{"self":[{"href":"https:\/\/www.fcbarcelonanoticias.com\/en\/wp-json\/wp\/v2\/posts\/88077","targetHints":{"allow":["GET"]}}],"collection":[{"href":"https:\/\/www.fcbarcelonanoticias.com\/en\/wp-json\/wp\/v2\/posts"}],"about":[{"href":"https:\/\/www.fcbarcelonanoticias.com\/en\/wp-json\/wp\/v2\/types\/post"}],"replies":[{"embeddable":true,"href":"https:\/\/www.fcbarcelonanoticias.com\/en\/wp-json\/wp\/v2\/comments?post=88077"}],"version-history":[{"count":1,"href":"https:\/\/www.fcbarcelonanoticias.com\/en\/wp-json\/wp\/v2\/posts\/88077\/revisions"}],"predecessor-version":[{"id":125675,"href":"https:\/\/www.fcbarcelonanoticias.com\/en\/wp-json\/wp\/v2\/posts\/88077\/revisions\/125675"}],"wp:featuredmedia":[{"embeddable":true,"href":"https:\/\/www.fcbarcelonanoticias.com\/en\/wp-json\/wp\/v2\/media\/7250"}],"wp:attachment":[{"href":"https:\/\/www.fcbarcelonanoticias.com\/en\/wp-json\/wp\/v2\/media?parent=88077"}],"wp:term":[{"taxonomy":"category","embeddable":true,"href":"https:\/\/www.fcbarcelonanoticias.com\/en\/wp-json\/wp\/v2\/categories?post=88077"},{"taxonomy":"post_tag","embeddable":true,"href":"https:\/\/www.fcbarcelonanoticias.com\/en\/wp-json\/wp\/v2\/tags?post=88077"}],"curies":[{"name":"wp","href":"https:\/\/api.w.org\/{rel}","templated":true}]}}