{"id":88206,"date":"2024-01-11T20:56:00","date_gmt":"2024-01-11T19:56:00","guid":{"rendered":"https:\/\/weisetech.dev\/fc-barcelona-noticias\/en\/the-drama-continues-at-barca-raphinha-injured-before-the-break-against-osasuna_299811_102\/"},"modified":"2024-01-12T00:00:00","modified_gmt":"2024-01-11T23:00:00","slug":"the-drama-continues-at-barca-raphinha-injured-before-the-break-against-osasuna_299811_102","status":"publish","type":"post","link":"https:\/\/www.fcbarcelonanoticias.com\/en\/supercopa-of-spain\/the-drama-continues-at-barca-raphinha-injured-before-the-break-against-osasuna_299811_102.html","title":{"rendered":"The drama continues at Bar\u00e7a! Raphinha, injured before the break against Osasuna"},"content":{"rendered":"<h2 class=\"wp-block-heading\">The &#8216;drama&#8217; with injuries does not stop at FC Barcelona and against Osasuna the one who fell was Raphinha. The Brazilian left with discomfort before the break and Lamine Yamal had to come on for him<\/h2>  \r\n<div class=\"article-addons\">\r\n    <a href=\"https:\/\/www.fcbarcelonanoticias.com\/en\/calendar-fc-barcelona.html\"\r\n       target=\"_self\"\r\n       title=\"Calendar of FC Barcelona\"\r\n       class=\"blue-gredient-btn\">\r\n       \r\n        Calendar of FC Barcelona    <\/a>\r\n<\/div>   <p><strong><a data-external=\"0\" data-intl-links-en=\"https:\/\/www.fcbarcelonanoticias.com\/en\/tags\/raphinha\" data-intl-links-es=\"https:\/\/www.fcbarcelonanoticias.com\/tags\/raphinha\" href=\"https:\/\/www.fcbarcelonanoticias.com\/en\/player\/raphinha.html\" rel=\"follow\" target=\"_self\" title=\"Raphinha\">Raphinha<\/a> Has been the last &#8216;soldier&#8217; in falling in the FC Barcelona<\/strong>. The Brazilian, headline against Osasuna in the semifinal of the Supercopa, lesion\u00f3 before the rest and had to leave to the bench with annoyances. There is not medical part still, but appreciated that it treats of something muscular, by what is very difficult that play the final and even could be in the &#8216;dry dam&#8217; during several weeks.<\/p>  <p><strong>The first explorations that have made him to the extreme indicate that it does not have any break in the isquitibiales<\/strong>, the zone damaged, by what are good news. In principle, the muscular problem is lower, but will not know at all sure until it examine him calmly this Friday. Of this examination will confirm if has or no options to arrive to the Classical of the Sunday.<\/p>  <h2>Lamine Went in by Raphinha before the rest<\/h2>  <p><strong>By the ex attacker of the Leeds <a data-external=\"0\" data-intl-links-en=\"https:\/\/www.fcbarcelonanoticias.com\/en\/players\/lamine-yamal-went-out-with-goal-and-the-imbalance-that-asked-to-cries-barca_299817_102.html\" data-intl-links-es=\"https:\/\/www.fcbarcelonanoticias.com\/jugadores\/lamine-yamal-se-salio-con-gol-desequilibrio-pedia-gritos-barca_299817_102.html\" href=\"https:\/\/www.fcbarcelonanoticias.com\/en\/players\/lamine-yamal-went-out-with-goal-and-the-imbalance-that-asked-to-cries-barca_299817_102.html\" rel=\"follow\" target=\"_self\" title=\"Lamine Yamal se sali\u00f3 con un gol y el desequilibrio que ped\u00eda a 'gritos' el Bar\u00e7a\">Xavi put to Lamine Yamal<\/a> in a clear change of player by player<\/strong>. The canterano won him the battle to Joao F\u00e9lix, that was the another option that had the Barcelona trainer in the bench. The entrance of the Portuguese would have commanded to Ferran Torres to the right, but the one of Terrassa preferred not touching at all and plant to the young footballer of 16 years in the right to follow looking for diagonal, as with Raphinha.<\/p>  <p><strong>Until the injury, without being brilliant, the Brazilian was being one of the pocoa dangers of the Bar\u00e7a<\/strong> against the navarros. Although, the same that the rest of his mates, the &#8217;11&#8217; neither was especially fine in the first part, yes left a pair of careers stood out. In the first, his ball to the area finish only in corner, but in the another was near to remain only against the goalkeeper. Catena did him lacking being the last man, being able to go perfectly expelled, but referee and VAR forgave it to him and received only yellow because Moi G\u00f3mez had some option to arrive to the autopase of the extreme cul\u00e9.<\/p> ","protected":false},"excerpt":{"rendered":"<p>The &#8216;drama&#8217; with injuries does not stop at FC Barcelona and against Osasuna the one who fell was Raphinha. The Brazilian left with discomfort before the break and Lamine Yamal had to come on for him Raphinha Has been the last &#8216;soldier&#8217; in falling in the FC Barcelona. The Brazilian, headline against Osasuna in the [&hellip;]<\/p>\n","protected":false},"author":359,"featured_media":88102,"comment_status":"closed","ping_status":"open","sticky":false,"template":"","format":"standard","meta":{"_acf_changed":false,"inline_featured_image":false,"_nextfly_llmd_date_locked":false,"footnotes":""},"categories":[445,128],"tags":[136],"class_list":["post-88206","post","type-post","status-publish","format-standard","has-post-thumbnail","hentry","category-spanish-super-cup-2","category-spanish-super-cup","tag-injured"],"acf":[],"yoast_head":"<!-- This site is optimized with the Yoast SEO plugin v27.3 - https:\/\/yoast.com\/product\/yoast-seo-wordpress\/ -->\n<title>The drama continues at Bar\u00e7a! Raphinha, injured before the break against Osasuna<\/title>\n<meta name=\"description\" content=\"The &#039;drama&#039; with the injuries does not cease in the FC Barcelona and in front of Osasuna the one who fell was Raphinha. The Brazilian went with annoyances before the rest and by him had to go in Lamine Yamal\" \/>\n<meta name=\"robots\" content=\"index, follow, max-snippet:-1, max-image-preview:large, max-video-preview:-1\" \/>\n<link rel=\"canonical\" href=\"https:\/\/www.fcbarcelonanoticias.com\/en\/supercopa-of-spain\/the-drama-continues-at-barca-raphinha-injured-before-the-break-against-osasuna_299811_102.html\" \/>\n<meta property=\"og:locale\" content=\"en_US\" \/>\n<meta property=\"og:type\" content=\"article\" \/>\n<meta property=\"og:title\" content=\"The drama continues at Bar\u00e7a! Raphinha, injured before the break against Osasuna\" \/>\n<meta property=\"og:description\" content=\"The &#039;drama&#039; with the injuries does not cease in the FC Barcelona and in front of Osasuna the one who fell was Raphinha. The Brazilian went with annoyances before the rest and by him had to go in Lamine Yamal\" \/>\n<meta property=\"og:url\" content=\"https:\/\/www.fcbarcelonanoticias.com\/en\/supercopa-of-spain\/the-drama-continues-at-barca-raphinha-injured-before-the-break-against-osasuna_299811_102.html\" \/>\n<meta property=\"og:site_name\" content=\"EN - FC Barcelona Noticias\" \/>\n<meta property=\"article:published_time\" content=\"2024-01-11T19:56:00+00:00\" \/>\n<meta property=\"article:modified_time\" content=\"2024-01-11T23:00:00+00:00\" \/>\n<meta property=\"og:image\" content=\"https:\/\/www.fcbarcelonanoticias.com\/en\/wp-content\/uploads\/sites\/2\/2024\/01\/raphinha-lesion-barca.jpeg\" \/>\n\t<meta property=\"og:image:width\" content=\"1300\" \/>\n\t<meta property=\"og:image:height\" content=\"732\" \/>\n\t<meta property=\"og:image:type\" content=\"image\/jpeg\" \/>\n<meta name=\"author\" content=\"Eduardo Mart\u00edn Santos\" \/>\n<meta name=\"twitter:card\" content=\"summary_large_image\" \/>\n<meta name=\"twitter:label1\" content=\"Written by\" \/>\n\t<meta name=\"twitter:data1\" content=\"Eduardo Mart\u00edn Santos\" \/>\n\t<meta name=\"twitter:label2\" content=\"Est. reading time\" \/>\n\t<meta name=\"twitter:data2\" content=\"2 minutes\" \/>\n<script type=\"application\/ld+json\" class=\"yoast-schema-graph\">{\"@context\":\"https:\\\/\\\/schema.org\",\"@graph\":[{\"@type\":\"Article\",\"@id\":\"https:\\\/\\\/www.fcbarcelonanoticias.com\\\/en\\\/supercopa-of-spain\\\/the-drama-continues-at-barca-raphinha-injured-before-the-break-against-osasuna_299811_102.html#article\",\"isPartOf\":{\"@id\":\"https:\\\/\\\/www.fcbarcelonanoticias.com\\\/en\\\/supercopa-of-spain\\\/the-drama-continues-at-barca-raphinha-injured-before-the-break-against-osasuna_299811_102.html\"},\"author\":{\"name\":\"Eduardo Mart\u00edn Santos\",\"@id\":\"https:\\\/\\\/www.fcbarcelonanoticias.com\\\/en\\\/#\\\/schema\\\/person\\\/4bdbc782ba6060d3f7005b61e97fb753\"},\"headline\":\"The drama continues at Bar\u00e7a! Raphinha, injured before the break against Osasuna\",\"datePublished\":\"2024-01-11T19:56:00+00:00\",\"dateModified\":\"2024-01-11T23:00:00+00:00\",\"mainEntityOfPage\":{\"@id\":\"https:\\\/\\\/www.fcbarcelonanoticias.com\\\/en\\\/supercopa-of-spain\\\/the-drama-continues-at-barca-raphinha-injured-before-the-break-against-osasuna_299811_102.html\"},\"wordCount\":395,\"image\":{\"@id\":\"https:\\\/\\\/www.fcbarcelonanoticias.com\\\/en\\\/supercopa-of-spain\\\/the-drama-continues-at-barca-raphinha-injured-before-the-break-against-osasuna_299811_102.html#primaryimage\"},\"thumbnailUrl\":\"https:\\\/\\\/www.fcbarcelonanoticias.com\\\/en\\\/wp-content\\\/uploads\\\/sites\\\/2\\\/2024\\\/01\\\/raphinha-lesion-barca.jpeg\",\"keywords\":[\"injured\"],\"articleSection\":[\"Spanish Super Cup\",\"Spanish Super Cup\"],\"inLanguage\":\"en-US\"},{\"@type\":\"WebPage\",\"@id\":\"https:\\\/\\\/www.fcbarcelonanoticias.com\\\/en\\\/supercopa-of-spain\\\/the-drama-continues-at-barca-raphinha-injured-before-the-break-against-osasuna_299811_102.html\",\"url\":\"https:\\\/\\\/www.fcbarcelonanoticias.com\\\/en\\\/supercopa-of-spain\\\/the-drama-continues-at-barca-raphinha-injured-before-the-break-against-osasuna_299811_102.html\",\"name\":\"The drama continues at Bar\u00e7a! Raphinha, injured before the break against Osasuna\",\"isPartOf\":{\"@id\":\"https:\\\/\\\/www.fcbarcelonanoticias.com\\\/en\\\/#website\"},\"primaryImageOfPage\":{\"@id\":\"https:\\\/\\\/www.fcbarcelonanoticias.com\\\/en\\\/supercopa-of-spain\\\/the-drama-continues-at-barca-raphinha-injured-before-the-break-against-osasuna_299811_102.html#primaryimage\"},\"image\":{\"@id\":\"https:\\\/\\\/www.fcbarcelonanoticias.com\\\/en\\\/supercopa-of-spain\\\/the-drama-continues-at-barca-raphinha-injured-before-the-break-against-osasuna_299811_102.html#primaryimage\"},\"thumbnailUrl\":\"https:\\\/\\\/www.fcbarcelonanoticias.com\\\/en\\\/wp-content\\\/uploads\\\/sites\\\/2\\\/2024\\\/01\\\/raphinha-lesion-barca.jpeg\",\"datePublished\":\"2024-01-11T19:56:00+00:00\",\"dateModified\":\"2024-01-11T23:00:00+00:00\",\"author\":{\"@id\":\"https:\\\/\\\/www.fcbarcelonanoticias.com\\\/en\\\/#\\\/schema\\\/person\\\/4bdbc782ba6060d3f7005b61e97fb753\"},\"description\":\"The 'drama' with the injuries does not cease in the FC Barcelona and in front of Osasuna the one who fell was Raphinha. The Brazilian went with annoyances before the rest and by him had to go in Lamine Yamal\",\"breadcrumb\":{\"@id\":\"https:\\\/\\\/www.fcbarcelonanoticias.com\\\/en\\\/supercopa-of-spain\\\/the-drama-continues-at-barca-raphinha-injured-before-the-break-against-osasuna_299811_102.html#breadcrumb\"},\"inLanguage\":\"en-US\",\"potentialAction\":[{\"@type\":\"ReadAction\",\"target\":[\"https:\\\/\\\/www.fcbarcelonanoticias.com\\\/en\\\/supercopa-of-spain\\\/the-drama-continues-at-barca-raphinha-injured-before-the-break-against-osasuna_299811_102.html\"]}]},{\"@type\":\"ImageObject\",\"inLanguage\":\"en-US\",\"@id\":\"https:\\\/\\\/www.fcbarcelonanoticias.com\\\/en\\\/supercopa-of-spain\\\/the-drama-continues-at-barca-raphinha-injured-before-the-break-against-osasuna_299811_102.html#primaryimage\",\"url\":\"https:\\\/\\\/www.fcbarcelonanoticias.com\\\/en\\\/wp-content\\\/uploads\\\/sites\\\/2\\\/2024\\\/01\\\/raphinha-lesion-barca.jpeg\",\"contentUrl\":\"https:\\\/\\\/www.fcbarcelonanoticias.com\\\/en\\\/wp-content\\\/uploads\\\/sites\\\/2\\\/2024\\\/01\\\/raphinha-lesion-barca.jpeg\",\"width\":1300,\"height\":732},{\"@type\":\"BreadcrumbList\",\"@id\":\"https:\\\/\\\/www.fcbarcelonanoticias.com\\\/en\\\/supercopa-of-spain\\\/the-drama-continues-at-barca-raphinha-injured-before-the-break-against-osasuna_299811_102.html#breadcrumb\",\"itemListElement\":[{\"@type\":\"ListItem\",\"position\":1,\"name\":\"Portada\",\"item\":\"https:\\\/\\\/www.fcbarcelonanoticias.com\\\/en\\\/\"},{\"@type\":\"ListItem\",\"position\":2,\"name\":\"The drama continues at Bar\u00e7a! Raphinha, injured before the break against Osasuna\"}]},{\"@type\":\"WebSite\",\"@id\":\"https:\\\/\\\/www.fcbarcelonanoticias.com\\\/en\\\/#website\",\"url\":\"https:\\\/\\\/www.fcbarcelonanoticias.com\\\/en\\\/\",\"name\":\"EN - FC Barcelona Noticias\",\"description\":\"\",\"potentialAction\":[{\"@type\":\"SearchAction\",\"target\":{\"@type\":\"EntryPoint\",\"urlTemplate\":\"https:\\\/\\\/www.fcbarcelonanoticias.com\\\/en\\\/?s={search_term_string}\"},\"query-input\":{\"@type\":\"PropertyValueSpecification\",\"valueRequired\":true,\"valueName\":\"search_term_string\"}}],\"inLanguage\":\"en-US\"},{\"@type\":\"Person\",\"@id\":\"https:\\\/\\\/www.fcbarcelonanoticias.com\\\/en\\\/#\\\/schema\\\/person\\\/4bdbc782ba6060d3f7005b61e97fb753\",\"name\":\"Eduardo Mart\u00edn Santos\",\"image\":{\"@type\":\"ImageObject\",\"inLanguage\":\"en-US\",\"@id\":\"https:\\\/\\\/secure.gravatar.com\\\/avatar\\\/?s=96&d=mm&r=g\",\"url\":\"https:\\\/\\\/secure.gravatar.com\\\/avatar\\\/?s=96&d=mm&r=g\",\"contentUrl\":\"https:\\\/\\\/secure.gravatar.com\\\/avatar\\\/?s=96&d=mm&r=g\",\"caption\":\"Eduardo Mart\u00edn Santos\"},\"url\":\"https:\\\/\\\/www.fcbarcelonanoticias.com\\\/en\\\/eduardo-martin_3_115.html\"}]}<\/script>\n<!-- \/ Yoast SEO plugin. -->","yoast_head_json":{"title":"The drama continues at Bar\u00e7a! Raphinha, injured before the break against Osasuna","description":"The 'drama' with the injuries does not cease in the FC Barcelona and in front of Osasuna the one who fell was Raphinha. The Brazilian went with annoyances before the rest and by him had to go in Lamine Yamal","robots":{"index":"index","follow":"follow","max-snippet":"max-snippet:-1","max-image-preview":"max-image-preview:large","max-video-preview":"max-video-preview:-1"},"canonical":"https:\/\/www.fcbarcelonanoticias.com\/en\/supercopa-of-spain\/the-drama-continues-at-barca-raphinha-injured-before-the-break-against-osasuna_299811_102.html","og_locale":"en_US","og_type":"article","og_title":"The drama continues at Bar\u00e7a! Raphinha, injured before the break against Osasuna","og_description":"The 'drama' with the injuries does not cease in the FC Barcelona and in front of Osasuna the one who fell was Raphinha. The Brazilian went with annoyances before the rest and by him had to go in Lamine Yamal","og_url":"https:\/\/www.fcbarcelonanoticias.com\/en\/supercopa-of-spain\/the-drama-continues-at-barca-raphinha-injured-before-the-break-against-osasuna_299811_102.html","og_site_name":"EN - FC Barcelona Noticias","article_published_time":"2024-01-11T19:56:00+00:00","article_modified_time":"2024-01-11T23:00:00+00:00","og_image":[{"width":1300,"height":732,"url":"https:\/\/www.fcbarcelonanoticias.com\/en\/wp-content\/uploads\/sites\/2\/2024\/01\/raphinha-lesion-barca.jpeg","type":"image\/jpeg"}],"author":"Eduardo Mart\u00edn Santos","twitter_card":"summary_large_image","twitter_misc":{"Written by":"Eduardo Mart\u00edn Santos","Est. reading time":"2 minutes"},"schema":{"@context":"https:\/\/schema.org","@graph":[{"@type":"Article","@id":"https:\/\/www.fcbarcelonanoticias.com\/en\/supercopa-of-spain\/the-drama-continues-at-barca-raphinha-injured-before-the-break-against-osasuna_299811_102.html#article","isPartOf":{"@id":"https:\/\/www.fcbarcelonanoticias.com\/en\/supercopa-of-spain\/the-drama-continues-at-barca-raphinha-injured-before-the-break-against-osasuna_299811_102.html"},"author":{"name":"Eduardo Mart\u00edn Santos","@id":"https:\/\/www.fcbarcelonanoticias.com\/en\/#\/schema\/person\/4bdbc782ba6060d3f7005b61e97fb753"},"headline":"The drama continues at Bar\u00e7a! Raphinha, injured before the break against Osasuna","datePublished":"2024-01-11T19:56:00+00:00","dateModified":"2024-01-11T23:00:00+00:00","mainEntityOfPage":{"@id":"https:\/\/www.fcbarcelonanoticias.com\/en\/supercopa-of-spain\/the-drama-continues-at-barca-raphinha-injured-before-the-break-against-osasuna_299811_102.html"},"wordCount":395,"image":{"@id":"https:\/\/www.fcbarcelonanoticias.com\/en\/supercopa-of-spain\/the-drama-continues-at-barca-raphinha-injured-before-the-break-against-osasuna_299811_102.html#primaryimage"},"thumbnailUrl":"https:\/\/www.fcbarcelonanoticias.com\/en\/wp-content\/uploads\/sites\/2\/2024\/01\/raphinha-lesion-barca.jpeg","keywords":["injured"],"articleSection":["Spanish Super Cup","Spanish Super Cup"],"inLanguage":"en-US"},{"@type":"WebPage","@id":"https:\/\/www.fcbarcelonanoticias.com\/en\/supercopa-of-spain\/the-drama-continues-at-barca-raphinha-injured-before-the-break-against-osasuna_299811_102.html","url":"https:\/\/www.fcbarcelonanoticias.com\/en\/supercopa-of-spain\/the-drama-continues-at-barca-raphinha-injured-before-the-break-against-osasuna_299811_102.html","name":"The drama continues at Bar\u00e7a! Raphinha, injured before the break against Osasuna","isPartOf":{"@id":"https:\/\/www.fcbarcelonanoticias.com\/en\/#website"},"primaryImageOfPage":{"@id":"https:\/\/www.fcbarcelonanoticias.com\/en\/supercopa-of-spain\/the-drama-continues-at-barca-raphinha-injured-before-the-break-against-osasuna_299811_102.html#primaryimage"},"image":{"@id":"https:\/\/www.fcbarcelonanoticias.com\/en\/supercopa-of-spain\/the-drama-continues-at-barca-raphinha-injured-before-the-break-against-osasuna_299811_102.html#primaryimage"},"thumbnailUrl":"https:\/\/www.fcbarcelonanoticias.com\/en\/wp-content\/uploads\/sites\/2\/2024\/01\/raphinha-lesion-barca.jpeg","datePublished":"2024-01-11T19:56:00+00:00","dateModified":"2024-01-11T23:00:00+00:00","author":{"@id":"https:\/\/www.fcbarcelonanoticias.com\/en\/#\/schema\/person\/4bdbc782ba6060d3f7005b61e97fb753"},"description":"The 'drama' with the injuries does not cease in the FC Barcelona and in front of Osasuna the one who fell was Raphinha. The Brazilian went with annoyances before the rest and by him had to go in Lamine Yamal","breadcrumb":{"@id":"https:\/\/www.fcbarcelonanoticias.com\/en\/supercopa-of-spain\/the-drama-continues-at-barca-raphinha-injured-before-the-break-against-osasuna_299811_102.html#breadcrumb"},"inLanguage":"en-US","potentialAction":[{"@type":"ReadAction","target":["https:\/\/www.fcbarcelonanoticias.com\/en\/supercopa-of-spain\/the-drama-continues-at-barca-raphinha-injured-before-the-break-against-osasuna_299811_102.html"]}]},{"@type":"ImageObject","inLanguage":"en-US","@id":"https:\/\/www.fcbarcelonanoticias.com\/en\/supercopa-of-spain\/the-drama-continues-at-barca-raphinha-injured-before-the-break-against-osasuna_299811_102.html#primaryimage","url":"https:\/\/www.fcbarcelonanoticias.com\/en\/wp-content\/uploads\/sites\/2\/2024\/01\/raphinha-lesion-barca.jpeg","contentUrl":"https:\/\/www.fcbarcelonanoticias.com\/en\/wp-content\/uploads\/sites\/2\/2024\/01\/raphinha-lesion-barca.jpeg","width":1300,"height":732},{"@type":"BreadcrumbList","@id":"https:\/\/www.fcbarcelonanoticias.com\/en\/supercopa-of-spain\/the-drama-continues-at-barca-raphinha-injured-before-the-break-against-osasuna_299811_102.html#breadcrumb","itemListElement":[{"@type":"ListItem","position":1,"name":"Portada","item":"https:\/\/www.fcbarcelonanoticias.com\/en\/"},{"@type":"ListItem","position":2,"name":"The drama continues at Bar\u00e7a! Raphinha, injured before the break against Osasuna"}]},{"@type":"WebSite","@id":"https:\/\/www.fcbarcelonanoticias.com\/en\/#website","url":"https:\/\/www.fcbarcelonanoticias.com\/en\/","name":"EN - FC Barcelona Noticias","description":"","potentialAction":[{"@type":"SearchAction","target":{"@type":"EntryPoint","urlTemplate":"https:\/\/www.fcbarcelonanoticias.com\/en\/?s={search_term_string}"},"query-input":{"@type":"PropertyValueSpecification","valueRequired":true,"valueName":"search_term_string"}}],"inLanguage":"en-US"},{"@type":"Person","@id":"https:\/\/www.fcbarcelonanoticias.com\/en\/#\/schema\/person\/4bdbc782ba6060d3f7005b61e97fb753","name":"Eduardo Mart\u00edn Santos","image":{"@type":"ImageObject","inLanguage":"en-US","@id":"https:\/\/secure.gravatar.com\/avatar\/?s=96&d=mm&r=g","url":"https:\/\/secure.gravatar.com\/avatar\/?s=96&d=mm&r=g","contentUrl":"https:\/\/secure.gravatar.com\/avatar\/?s=96&d=mm&r=g","caption":"Eduardo Mart\u00edn Santos"},"url":"https:\/\/www.fcbarcelonanoticias.com\/en\/eduardo-martin_3_115.html"}]}},"_links":{"self":[{"href":"https:\/\/www.fcbarcelonanoticias.com\/en\/wp-json\/wp\/v2\/posts\/88206","targetHints":{"allow":["GET"]}}],"collection":[{"href":"https:\/\/www.fcbarcelonanoticias.com\/en\/wp-json\/wp\/v2\/posts"}],"about":[{"href":"https:\/\/www.fcbarcelonanoticias.com\/en\/wp-json\/wp\/v2\/types\/post"}],"author":[{"embeddable":true,"href":"https:\/\/www.fcbarcelonanoticias.com\/en\/wp-json\/wp\/v2\/users\/359"}],"replies":[{"embeddable":true,"href":"https:\/\/www.fcbarcelonanoticias.com\/en\/wp-json\/wp\/v2\/comments?post=88206"}],"version-history":[{"count":1,"href":"https:\/\/www.fcbarcelonanoticias.com\/en\/wp-json\/wp\/v2\/posts\/88206\/revisions"}],"predecessor-version":[{"id":125781,"href":"https:\/\/www.fcbarcelonanoticias.com\/en\/wp-json\/wp\/v2\/posts\/88206\/revisions\/125781"}],"wp:featuredmedia":[{"embeddable":true,"href":"https:\/\/www.fcbarcelonanoticias.com\/en\/wp-json\/wp\/v2\/media\/88102"}],"wp:attachment":[{"href":"https:\/\/www.fcbarcelonanoticias.com\/en\/wp-json\/wp\/v2\/media?parent=88206"}],"wp:term":[{"taxonomy":"category","embeddable":true,"href":"https:\/\/www.fcbarcelonanoticias.com\/en\/wp-json\/wp\/v2\/categories?post=88206"},{"taxonomy":"post_tag","embeddable":true,"href":"https:\/\/www.fcbarcelonanoticias.com\/en\/wp-json\/wp\/v2\/tags?post=88206"}],"curies":[{"name":"wp","href":"https:\/\/api.w.org\/{rel}","templated":true}]}}