{"id":8825,"date":"2024-11-25T16:26:00","date_gmt":"2024-11-25T15:26:00","guid":{"rendered":"https:\/\/weisetech.dev\/fc-barcelona-noticias\/en\/hansi-flick-confirms-two-painful-absences-for-fc-barcelona-against-brest_308865_102\/"},"modified":"2024-11-26T02:45:00","modified_gmt":"2024-11-26T01:45:00","slug":"hansi-flick-confirms-two-painful-absences-for-fc-barcelona-against-brest_308865_102","status":"publish","type":"post","link":"https:\/\/www.fcbarcelonanoticias.com\/en\/champions-league\/hansi-flick-confirms-two-painful-absences-for-fc-barcelona-against-brest_308865_102.html","title":{"rendered":"Hansi Flick confirms two &#8216;painful&#8217; absences for FC Barcelona against Brest"},"content":{"rendered":"<h2 class=\"wp-block-heading\">Hansi Flick appeared before the press ahead of the match against Brest. The German confirmed the absences of Lamine Yamal and Balde in the match<\/h2>  \r\n<div class=\"article-addons\">\r\n    <a href=\"https:\/\/www.fcbarcelonanoticias.com\/en\/calendar-fc-barcelona.html\"\r\n       target=\"_self\"\r\n       title=\"Calendar of FC Barcelona\"\r\n       class=\"blue-gredient-btn\">\r\n       \r\n        Calendar of FC Barcelona    <\/a>\r\n<\/div>   <p><strong>FC Barcelona<\/strong> will be looking for their fourth consecutive <strong>Champions League<\/strong> victory this Tuesday, November 26 against <strong>Brest <\/strong>at <strong>Montju\u00efc<\/strong>. Before the match, Hansi Flick appeared before the media at a press conference and, in addition to giving his team a &#8216;wake-up call&#8217; for the two consecutive setbacks in LaLiga, <a data-external=\"0\" data-intl-links-en=\"https:\/\/www.fcbarcelonanoticias.com\/en\/champions-league\/fc-barcelona-will-miss-significant-player-against-brest_308848_102.html\" data-intl-links-es=\"https:\/\/www.fcbarcelonanoticias.com\/champions-league\/fc-barcelona-tendra-ausencia-peso-brest_308848_102.html\" href=\"https:\/\/www.fcbarcelonanoticias.com\/en\/champions-league\/fc-barcelona-will-miss-significant-player-against-brest_308848_102.html\" rel=\"follow\" target=\"_self\" title=\"FC Barcelona will miss a significant player against Brest\">he confirmed the absences of Lamine Yamal and Alejandro Balde for the match<\/a>.<\/p>  <p>Regarding the great level shown by the French team in the tournament, where they occupy fourth position in the table, the German assured that &#8220;<strong>Brest <\/strong>is doing very well in the previous matches, they have ten points and we already saw what they did in Salzburg. They are a good team and we have to focus on this match and that is what we are going to do, our objective is to beat them.&#8221;<\/p>  <p>&#8220;For us it will be very important to have control of the ball and finish the attacks to get the three points,&#8221; added <strong>Flick <\/strong>regarding the keys for the Bar\u00e7a team to achieve victory at the<strong> Llu\u00eds Companys<\/strong>.<\/p>  <h3>Two consecutive games without a win in LaLiga<\/h3>  <p>When asked about the team&#8217;s occasional disconnections in the last two &#8216;setbacks&#8217; suffered in <strong>LaLiga<\/strong>, the coach said that &#8220;we have a young team, the youngest in LaLiga and it is not always a highway, <strong>you have to be careful in certain situations during the 90 minutes<\/strong>. With 0-2 in our favor and with the red card we had to have defended better than we did.&#8221;<\/p>  <p>However, he downplayed the situation by stating that &#8220;I always think positively, that&#8217;s what I said, it&#8217;s a young team <strong>and during the season it&#8217;s normal to have some situations like that<\/strong>, for me the important thing is to learn from it. The quality of the players is very high and we have to show it on the field, and we want to start showing it tomorrow, but the process of this very young team is part of football.&#8221;<\/p>  <p>In addition, he revealed the elements that, together with his staff, he has reinforced to improve these flaws in the team. &#8220;<strong>It&#8217;s important for us that the players know that they are good<\/strong>, that they have quality and that they have to follow us. We want to teach them that they have to play together, to be well connected on the pitch. It&#8217;s incredible to see how they can play but you have to transfer it to the game and that&#8217;s what we&#8217;re focusing on,&#8221; he said.<\/p>  <h3>Flick confirmed two big exclusions for the match against Brest<\/h3>  <p>Finally, Flick confirmed that both <strong>Alejandro Balde<\/strong> and <strong>Lamine Yamal<\/strong> will not be part of the squad against <strong>Brest<\/strong>. Regarding the left-back, the coach said that &#8220;last week he had muscle problems and before the match (against Celta) he was the same and we thought he could play but it wasn&#8217;t possible, today he was better <strong>and he could be an option for other matches but not for tomorrow.<\/strong>&#8220;<\/p>  <p>For his part, he regretted the absence of the &#8217;19&#8217;, although he revealed that he could be present on Saturday against <strong>Las Palmas<\/strong>. &#8220;Lamine has a quality that allows you to control the ball, but also allows the opponent to give us more space. I think and hope that this is the last game he misses because today he was very good but we will have to wait. <strong>I hope that on Saturday he will be an option, perhaps from the bench, but we will see<\/strong>,&#8221; he concluded.<\/p> ","protected":false},"excerpt":{"rendered":"<p>Hansi Flick appeared before the press ahead of the match against Brest. The German confirmed the absences of Lamine Yamal and Balde in the match FC Barcelona will be looking for their fourth consecutive Champions League victory this Tuesday, November 26 against Brest at Montju\u00efc. Before the match, Hansi Flick appeared before the media at [&hellip;]<\/p>\n","protected":false},"author":358,"featured_media":8826,"comment_status":"closed","ping_status":"open","sticky":false,"template":"","format":"standard","meta":{"_acf_changed":false,"inline_featured_image":false,"_nextfly_llmd_date_locked":false,"footnotes":""},"categories":[112,447],"tags":[201,237,87,136,172],"class_list":["post-8825","post","type-post","status-publish","format-standard","has-post-thumbnail","hentry","category-champions-league","category-champions-league-2","tag-lineups","tag-fc-barcelona-vs-brest","tag-hansi-flick","tag-injured","tag-videos"],"acf":[],"yoast_head":"<!-- This site is optimized with the Yoast SEO plugin v27.3 - https:\/\/yoast.com\/product\/yoast-seo-wordpress\/ -->\n<title>Hansi Flick confirms two &#039;painful&#039; absences for FC Barcelona against Brest<\/title>\n<meta name=\"description\" content=\"Hansi Flick appeared before the press ahead of the match against Brest. The German confirmed the absences of Lamine Yamal and Balde in the match\" \/>\n<meta name=\"robots\" content=\"index, follow, max-snippet:-1, max-image-preview:large, max-video-preview:-1\" \/>\n<link rel=\"canonical\" href=\"https:\/\/www.fcbarcelonanoticias.com\/en\/champions-league\/hansi-flick-confirms-two-painful-absences-for-fc-barcelona-against-brest_308865_102.html\" \/>\n<meta property=\"og:locale\" content=\"en_US\" \/>\n<meta property=\"og:type\" content=\"article\" \/>\n<meta property=\"og:title\" content=\"Hansi Flick confirms two &#039;painful&#039; absences for FC Barcelona against Brest\" \/>\n<meta property=\"og:description\" content=\"Hansi Flick appeared before the press ahead of the match against Brest. The German confirmed the absences of Lamine Yamal and Balde in the match\" \/>\n<meta property=\"og:url\" content=\"https:\/\/www.fcbarcelonanoticias.com\/en\/champions-league\/hansi-flick-confirms-two-painful-absences-for-fc-barcelona-against-brest_308865_102.html\" \/>\n<meta property=\"og:site_name\" content=\"EN - FC Barcelona Noticias\" \/>\n<meta property=\"article:published_time\" content=\"2024-11-25T15:26:00+00:00\" \/>\n<meta property=\"article:modified_time\" content=\"2024-11-26T01:45:00+00:00\" \/>\n<meta property=\"og:image\" content=\"https:\/\/www.fcbarcelonanoticias.com\/en\/wp-content\/uploads\/sites\/2\/2024\/11\/whatsapp-image-2024-11-25-at-9-48-19-am.jpeg\" \/>\n\t<meta property=\"og:image:width\" content=\"1600\" \/>\n\t<meta property=\"og:image:height\" content=\"899\" \/>\n\t<meta property=\"og:image:type\" content=\"image\/jpeg\" \/>\n<meta name=\"author\" content=\"Juan Pablo Berdugo\" \/>\n<meta name=\"twitter:card\" content=\"summary_large_image\" \/>\n<meta name=\"twitter:label1\" content=\"Written by\" \/>\n\t<meta name=\"twitter:data1\" content=\"Juan Pablo Berdugo\" \/>\n\t<meta name=\"twitter:label2\" content=\"Est. reading time\" \/>\n\t<meta name=\"twitter:data2\" content=\"3 minutes\" \/>\n<script type=\"application\/ld+json\" class=\"yoast-schema-graph\">{\"@context\":\"https:\\\/\\\/schema.org\",\"@graph\":[{\"@type\":\"Article\",\"@id\":\"https:\\\/\\\/www.fcbarcelonanoticias.com\\\/en\\\/champions-league\\\/hansi-flick-confirms-two-painful-absences-for-fc-barcelona-against-brest_308865_102.html#article\",\"isPartOf\":{\"@id\":\"https:\\\/\\\/www.fcbarcelonanoticias.com\\\/en\\\/champions-league\\\/hansi-flick-confirms-two-painful-absences-for-fc-barcelona-against-brest_308865_102.html\"},\"author\":{\"name\":\"Juan Pablo Berdugo\",\"@id\":\"https:\\\/\\\/www.fcbarcelonanoticias.com\\\/en\\\/#\\\/schema\\\/person\\\/88d756918a0a1ae9fa593b5edddd1815\"},\"headline\":\"Hansi Flick confirms two &#8216;painful&#8217; absences for FC Barcelona against Brest\",\"datePublished\":\"2024-11-25T15:26:00+00:00\",\"dateModified\":\"2024-11-26T01:45:00+00:00\",\"mainEntityOfPage\":{\"@id\":\"https:\\\/\\\/www.fcbarcelonanoticias.com\\\/en\\\/champions-league\\\/hansi-flick-confirms-two-painful-absences-for-fc-barcelona-against-brest_308865_102.html\"},\"wordCount\":627,\"image\":{\"@id\":\"https:\\\/\\\/www.fcbarcelonanoticias.com\\\/en\\\/champions-league\\\/hansi-flick-confirms-two-painful-absences-for-fc-barcelona-against-brest_308865_102.html#primaryimage\"},\"thumbnailUrl\":\"https:\\\/\\\/www.fcbarcelonanoticias.com\\\/en\\\/wp-content\\\/uploads\\\/sites\\\/2\\\/2024\\\/11\\\/whatsapp-image-2024-11-25-at-9-48-19-am.jpeg\",\"keywords\":[\"FC Barcelona Lineups\",\"FC Barcelona vs Brest\",\"Hansi Flick\",\"injured\",\"Videos\"],\"articleSection\":[\"Champions League\",\"Champions League\"],\"inLanguage\":\"en-US\"},{\"@type\":\"WebPage\",\"@id\":\"https:\\\/\\\/www.fcbarcelonanoticias.com\\\/en\\\/champions-league\\\/hansi-flick-confirms-two-painful-absences-for-fc-barcelona-against-brest_308865_102.html\",\"url\":\"https:\\\/\\\/www.fcbarcelonanoticias.com\\\/en\\\/champions-league\\\/hansi-flick-confirms-two-painful-absences-for-fc-barcelona-against-brest_308865_102.html\",\"name\":\"Hansi Flick confirms two 'painful' absences for FC Barcelona against Brest\",\"isPartOf\":{\"@id\":\"https:\\\/\\\/www.fcbarcelonanoticias.com\\\/en\\\/#website\"},\"primaryImageOfPage\":{\"@id\":\"https:\\\/\\\/www.fcbarcelonanoticias.com\\\/en\\\/champions-league\\\/hansi-flick-confirms-two-painful-absences-for-fc-barcelona-against-brest_308865_102.html#primaryimage\"},\"image\":{\"@id\":\"https:\\\/\\\/www.fcbarcelonanoticias.com\\\/en\\\/champions-league\\\/hansi-flick-confirms-two-painful-absences-for-fc-barcelona-against-brest_308865_102.html#primaryimage\"},\"thumbnailUrl\":\"https:\\\/\\\/www.fcbarcelonanoticias.com\\\/en\\\/wp-content\\\/uploads\\\/sites\\\/2\\\/2024\\\/11\\\/whatsapp-image-2024-11-25-at-9-48-19-am.jpeg\",\"datePublished\":\"2024-11-25T15:26:00+00:00\",\"dateModified\":\"2024-11-26T01:45:00+00:00\",\"author\":{\"@id\":\"https:\\\/\\\/www.fcbarcelonanoticias.com\\\/en\\\/#\\\/schema\\\/person\\\/88d756918a0a1ae9fa593b5edddd1815\"},\"description\":\"Hansi Flick appeared before the press ahead of the match against Brest. The German confirmed the absences of Lamine Yamal and Balde in the match\",\"breadcrumb\":{\"@id\":\"https:\\\/\\\/www.fcbarcelonanoticias.com\\\/en\\\/champions-league\\\/hansi-flick-confirms-two-painful-absences-for-fc-barcelona-against-brest_308865_102.html#breadcrumb\"},\"inLanguage\":\"en-US\",\"potentialAction\":[{\"@type\":\"ReadAction\",\"target\":[\"https:\\\/\\\/www.fcbarcelonanoticias.com\\\/en\\\/champions-league\\\/hansi-flick-confirms-two-painful-absences-for-fc-barcelona-against-brest_308865_102.html\"]}]},{\"@type\":\"ImageObject\",\"inLanguage\":\"en-US\",\"@id\":\"https:\\\/\\\/www.fcbarcelonanoticias.com\\\/en\\\/champions-league\\\/hansi-flick-confirms-two-painful-absences-for-fc-barcelona-against-brest_308865_102.html#primaryimage\",\"url\":\"https:\\\/\\\/www.fcbarcelonanoticias.com\\\/en\\\/wp-content\\\/uploads\\\/sites\\\/2\\\/2024\\\/11\\\/whatsapp-image-2024-11-25-at-9-48-19-am.jpeg\",\"contentUrl\":\"https:\\\/\\\/www.fcbarcelonanoticias.com\\\/en\\\/wp-content\\\/uploads\\\/sites\\\/2\\\/2024\\\/11\\\/whatsapp-image-2024-11-25-at-9-48-19-am.jpeg\",\"width\":1600,\"height\":899},{\"@type\":\"BreadcrumbList\",\"@id\":\"https:\\\/\\\/www.fcbarcelonanoticias.com\\\/en\\\/champions-league\\\/hansi-flick-confirms-two-painful-absences-for-fc-barcelona-against-brest_308865_102.html#breadcrumb\",\"itemListElement\":[{\"@type\":\"ListItem\",\"position\":1,\"name\":\"Portada\",\"item\":\"https:\\\/\\\/www.fcbarcelonanoticias.com\\\/en\\\/\"},{\"@type\":\"ListItem\",\"position\":2,\"name\":\"Hansi Flick confirms two &#8216;painful&#8217; absences for FC Barcelona against Brest\"}]},{\"@type\":\"WebSite\",\"@id\":\"https:\\\/\\\/www.fcbarcelonanoticias.com\\\/en\\\/#website\",\"url\":\"https:\\\/\\\/www.fcbarcelonanoticias.com\\\/en\\\/\",\"name\":\"EN - FC Barcelona Noticias\",\"description\":\"\",\"potentialAction\":[{\"@type\":\"SearchAction\",\"target\":{\"@type\":\"EntryPoint\",\"urlTemplate\":\"https:\\\/\\\/www.fcbarcelonanoticias.com\\\/en\\\/?s={search_term_string}\"},\"query-input\":{\"@type\":\"PropertyValueSpecification\",\"valueRequired\":true,\"valueName\":\"search_term_string\"}}],\"inLanguage\":\"en-US\"},{\"@type\":\"Person\",\"@id\":\"https:\\\/\\\/www.fcbarcelonanoticias.com\\\/en\\\/#\\\/schema\\\/person\\\/88d756918a0a1ae9fa593b5edddd1815\",\"name\":\"Juan Pablo Berdugo\",\"image\":{\"@type\":\"ImageObject\",\"inLanguage\":\"en-US\",\"@id\":\"https:\\\/\\\/secure.gravatar.com\\\/avatar\\\/?s=96&d=mm&r=g\",\"url\":\"https:\\\/\\\/secure.gravatar.com\\\/avatar\\\/?s=96&d=mm&r=g\",\"contentUrl\":\"https:\\\/\\\/secure.gravatar.com\\\/avatar\\\/?s=96&d=mm&r=g\",\"caption\":\"Juan Pablo Berdugo\"},\"description\":\"Juan Pablo Berdugo es graduado en Periodismo. Colabora con FCBN como especialista en informaci\u00f3n del primer equipo del FC Barcelona, f\u00fatbol internacional y mercado de fichajes. Destaca por su enfoque anal\u00edtico, su rigor informativo y su capacidad para detectar tendencias emergentes en el f\u00fatbol global.\",\"url\":\"https:\\\/\\\/www.fcbarcelonanoticias.com\\\/en\\\/fc-barcelona\\\/juan-pablo-berdugo_18_115.html\"}]}<\/script>\n<!-- \/ Yoast SEO plugin. -->","yoast_head_json":{"title":"Hansi Flick confirms two 'painful' absences for FC Barcelona against Brest","description":"Hansi Flick appeared before the press ahead of the match against Brest. The German confirmed the absences of Lamine Yamal and Balde in the match","robots":{"index":"index","follow":"follow","max-snippet":"max-snippet:-1","max-image-preview":"max-image-preview:large","max-video-preview":"max-video-preview:-1"},"canonical":"https:\/\/www.fcbarcelonanoticias.com\/en\/champions-league\/hansi-flick-confirms-two-painful-absences-for-fc-barcelona-against-brest_308865_102.html","og_locale":"en_US","og_type":"article","og_title":"Hansi Flick confirms two 'painful' absences for FC Barcelona against Brest","og_description":"Hansi Flick appeared before the press ahead of the match against Brest. The German confirmed the absences of Lamine Yamal and Balde in the match","og_url":"https:\/\/www.fcbarcelonanoticias.com\/en\/champions-league\/hansi-flick-confirms-two-painful-absences-for-fc-barcelona-against-brest_308865_102.html","og_site_name":"EN - FC Barcelona Noticias","article_published_time":"2024-11-25T15:26:00+00:00","article_modified_time":"2024-11-26T01:45:00+00:00","og_image":[{"width":1600,"height":899,"url":"https:\/\/www.fcbarcelonanoticias.com\/en\/wp-content\/uploads\/sites\/2\/2024\/11\/whatsapp-image-2024-11-25-at-9-48-19-am.jpeg","type":"image\/jpeg"}],"author":"Juan Pablo Berdugo","twitter_card":"summary_large_image","twitter_misc":{"Written by":"Juan Pablo Berdugo","Est. reading time":"3 minutes"},"schema":{"@context":"https:\/\/schema.org","@graph":[{"@type":"Article","@id":"https:\/\/www.fcbarcelonanoticias.com\/en\/champions-league\/hansi-flick-confirms-two-painful-absences-for-fc-barcelona-against-brest_308865_102.html#article","isPartOf":{"@id":"https:\/\/www.fcbarcelonanoticias.com\/en\/champions-league\/hansi-flick-confirms-two-painful-absences-for-fc-barcelona-against-brest_308865_102.html"},"author":{"name":"Juan Pablo Berdugo","@id":"https:\/\/www.fcbarcelonanoticias.com\/en\/#\/schema\/person\/88d756918a0a1ae9fa593b5edddd1815"},"headline":"Hansi Flick confirms two &#8216;painful&#8217; absences for FC Barcelona against Brest","datePublished":"2024-11-25T15:26:00+00:00","dateModified":"2024-11-26T01:45:00+00:00","mainEntityOfPage":{"@id":"https:\/\/www.fcbarcelonanoticias.com\/en\/champions-league\/hansi-flick-confirms-two-painful-absences-for-fc-barcelona-against-brest_308865_102.html"},"wordCount":627,"image":{"@id":"https:\/\/www.fcbarcelonanoticias.com\/en\/champions-league\/hansi-flick-confirms-two-painful-absences-for-fc-barcelona-against-brest_308865_102.html#primaryimage"},"thumbnailUrl":"https:\/\/www.fcbarcelonanoticias.com\/en\/wp-content\/uploads\/sites\/2\/2024\/11\/whatsapp-image-2024-11-25-at-9-48-19-am.jpeg","keywords":["FC Barcelona Lineups","FC Barcelona vs Brest","Hansi Flick","injured","Videos"],"articleSection":["Champions League","Champions League"],"inLanguage":"en-US"},{"@type":"WebPage","@id":"https:\/\/www.fcbarcelonanoticias.com\/en\/champions-league\/hansi-flick-confirms-two-painful-absences-for-fc-barcelona-against-brest_308865_102.html","url":"https:\/\/www.fcbarcelonanoticias.com\/en\/champions-league\/hansi-flick-confirms-two-painful-absences-for-fc-barcelona-against-brest_308865_102.html","name":"Hansi Flick confirms two 'painful' absences for FC Barcelona against Brest","isPartOf":{"@id":"https:\/\/www.fcbarcelonanoticias.com\/en\/#website"},"primaryImageOfPage":{"@id":"https:\/\/www.fcbarcelonanoticias.com\/en\/champions-league\/hansi-flick-confirms-two-painful-absences-for-fc-barcelona-against-brest_308865_102.html#primaryimage"},"image":{"@id":"https:\/\/www.fcbarcelonanoticias.com\/en\/champions-league\/hansi-flick-confirms-two-painful-absences-for-fc-barcelona-against-brest_308865_102.html#primaryimage"},"thumbnailUrl":"https:\/\/www.fcbarcelonanoticias.com\/en\/wp-content\/uploads\/sites\/2\/2024\/11\/whatsapp-image-2024-11-25-at-9-48-19-am.jpeg","datePublished":"2024-11-25T15:26:00+00:00","dateModified":"2024-11-26T01:45:00+00:00","author":{"@id":"https:\/\/www.fcbarcelonanoticias.com\/en\/#\/schema\/person\/88d756918a0a1ae9fa593b5edddd1815"},"description":"Hansi Flick appeared before the press ahead of the match against Brest. The German confirmed the absences of Lamine Yamal and Balde in the match","breadcrumb":{"@id":"https:\/\/www.fcbarcelonanoticias.com\/en\/champions-league\/hansi-flick-confirms-two-painful-absences-for-fc-barcelona-against-brest_308865_102.html#breadcrumb"},"inLanguage":"en-US","potentialAction":[{"@type":"ReadAction","target":["https:\/\/www.fcbarcelonanoticias.com\/en\/champions-league\/hansi-flick-confirms-two-painful-absences-for-fc-barcelona-against-brest_308865_102.html"]}]},{"@type":"ImageObject","inLanguage":"en-US","@id":"https:\/\/www.fcbarcelonanoticias.com\/en\/champions-league\/hansi-flick-confirms-two-painful-absences-for-fc-barcelona-against-brest_308865_102.html#primaryimage","url":"https:\/\/www.fcbarcelonanoticias.com\/en\/wp-content\/uploads\/sites\/2\/2024\/11\/whatsapp-image-2024-11-25-at-9-48-19-am.jpeg","contentUrl":"https:\/\/www.fcbarcelonanoticias.com\/en\/wp-content\/uploads\/sites\/2\/2024\/11\/whatsapp-image-2024-11-25-at-9-48-19-am.jpeg","width":1600,"height":899},{"@type":"BreadcrumbList","@id":"https:\/\/www.fcbarcelonanoticias.com\/en\/champions-league\/hansi-flick-confirms-two-painful-absences-for-fc-barcelona-against-brest_308865_102.html#breadcrumb","itemListElement":[{"@type":"ListItem","position":1,"name":"Portada","item":"https:\/\/www.fcbarcelonanoticias.com\/en\/"},{"@type":"ListItem","position":2,"name":"Hansi Flick confirms two &#8216;painful&#8217; absences for FC Barcelona against Brest"}]},{"@type":"WebSite","@id":"https:\/\/www.fcbarcelonanoticias.com\/en\/#website","url":"https:\/\/www.fcbarcelonanoticias.com\/en\/","name":"EN - FC Barcelona Noticias","description":"","potentialAction":[{"@type":"SearchAction","target":{"@type":"EntryPoint","urlTemplate":"https:\/\/www.fcbarcelonanoticias.com\/en\/?s={search_term_string}"},"query-input":{"@type":"PropertyValueSpecification","valueRequired":true,"valueName":"search_term_string"}}],"inLanguage":"en-US"},{"@type":"Person","@id":"https:\/\/www.fcbarcelonanoticias.com\/en\/#\/schema\/person\/88d756918a0a1ae9fa593b5edddd1815","name":"Juan Pablo Berdugo","image":{"@type":"ImageObject","inLanguage":"en-US","@id":"https:\/\/secure.gravatar.com\/avatar\/?s=96&d=mm&r=g","url":"https:\/\/secure.gravatar.com\/avatar\/?s=96&d=mm&r=g","contentUrl":"https:\/\/secure.gravatar.com\/avatar\/?s=96&d=mm&r=g","caption":"Juan Pablo Berdugo"},"description":"Juan Pablo Berdugo es graduado en Periodismo. Colabora con FCBN como especialista en informaci\u00f3n del primer equipo del FC Barcelona, f\u00fatbol internacional y mercado de fichajes. Destaca por su enfoque anal\u00edtico, su rigor informativo y su capacidad para detectar tendencias emergentes en el f\u00fatbol global.","url":"https:\/\/www.fcbarcelonanoticias.com\/en\/fc-barcelona\/juan-pablo-berdugo_18_115.html"}]}},"_links":{"self":[{"href":"https:\/\/www.fcbarcelonanoticias.com\/en\/wp-json\/wp\/v2\/posts\/8825","targetHints":{"allow":["GET"]}}],"collection":[{"href":"https:\/\/www.fcbarcelonanoticias.com\/en\/wp-json\/wp\/v2\/posts"}],"about":[{"href":"https:\/\/www.fcbarcelonanoticias.com\/en\/wp-json\/wp\/v2\/types\/post"}],"author":[{"embeddable":true,"href":"https:\/\/www.fcbarcelonanoticias.com\/en\/wp-json\/wp\/v2\/users\/358"}],"replies":[{"embeddable":true,"href":"https:\/\/www.fcbarcelonanoticias.com\/en\/wp-json\/wp\/v2\/comments?post=8825"}],"version-history":[{"count":1,"href":"https:\/\/www.fcbarcelonanoticias.com\/en\/wp-json\/wp\/v2\/posts\/8825\/revisions"}],"predecessor-version":[{"id":9921,"href":"https:\/\/www.fcbarcelonanoticias.com\/en\/wp-json\/wp\/v2\/posts\/8825\/revisions\/9921"}],"wp:featuredmedia":[{"embeddable":true,"href":"https:\/\/www.fcbarcelonanoticias.com\/en\/wp-json\/wp\/v2\/media\/8826"}],"wp:attachment":[{"href":"https:\/\/www.fcbarcelonanoticias.com\/en\/wp-json\/wp\/v2\/media?parent=8825"}],"wp:term":[{"taxonomy":"category","embeddable":true,"href":"https:\/\/www.fcbarcelonanoticias.com\/en\/wp-json\/wp\/v2\/categories?post=8825"},{"taxonomy":"post_tag","embeddable":true,"href":"https:\/\/www.fcbarcelonanoticias.com\/en\/wp-json\/wp\/v2\/tags?post=8825"}],"curies":[{"name":"wp","href":"https:\/\/api.w.org\/{rel}","templated":true}]}}