{"id":88288,"date":"2022-05-22T11:30:00","date_gmt":"2022-05-22T09:30:00","guid":{"rendered":"https:\/\/weisetech.dev\/fc-barcelona-noticias\/en\/analysis-of-betrayal-the-madrid-posed-plant_280526_102\/"},"modified":"2022-05-22T11:30:00","modified_gmt":"2022-05-22T09:30:00","slug":"analysis-of-betrayal-the-madrid-posed-plant_280526_102","status":"publish","type":"post","link":"https:\/\/www.fcbarcelonanoticias.com\/en\/transfers\/analysis-of-betrayal-the-madrid-posed-plant_280526_102.html","title":{"rendered":"Analysis of a betrayal: Madrid considered &#8216;planting&#8217; Mbapp\u00e9 for his doubts"},"content":{"rendered":"<h2 class=\"wp-block-heading\">From the Real Madrid board, the option of leaving aside the signing of Mbapp\u00e9 was on the table a few hours after his announcement. However, Florentino P\u00e9rez chose to be patient<\/h2>  \r\n<div class=\"article-addons\">\r\n    <a href=\"https:\/\/www.fcbarcelonanoticias.com\/en\/calendar-fc-barcelona.html\"\r\n       target=\"_self\"\r\n       title=\"Calendar of FC Barcelona\"\r\n       class=\"blue-gredient-btn\">\r\n       \r\n        Calendar of FC Barcelona    <\/a>\r\n<\/div>   <p><a data-external=\"0\" data-intl-links-en=\"https:\/\/www.fcbarcelonanoticias.com\/en\/transfers\/the-supposed-conversation-between-florentino-and-mbappe-after-s_280524_102.html\" data-intl-links-es=\"https:\/\/www.fcbarcelonanoticias.com\/fichajes\/supuesta-conversacion-entre-florentino-mbappe-su-decision-renovar_280524_102.html\" href=\"https:\/\/www.fcbarcelonanoticias.com\/en\/transfers\/the-supposed-conversation-between-florentino-and-mbappe-after-s_280524_102.html\" rel=\"follow\" target=\"_self\" title=\"La supuesta conversaci\u00f3n entre Florentino y Mbapp\u00e9 tras su decisi\u00f3n de renovar\">Kylian Mbapp\u00e9<\/a> Finally has decided to continue with his career in the rows of Paris Saint-Germain. The Real Madrid, that expected him with optimism, has received the &#8220;no&#8221; of the French. In fact, <strong>the white directive already would have been preparing for this stage<\/strong> to few hours that the Frenchman gave to know his final decision, everything for giving him so many long to the subject.<\/p>  <p>The situation had extended more than the planned and Mbapp\u00e9 did not finish to give a concrete answer.<strong> The Madrilenian club demanded explanations and considered like a lack of respect the silence of Mbapp\u00e9<\/strong>. In accordance with &#8216;Mark&#8217;, were varied the taut moments that lived to the internal by part of the high control of the club, that housed hopes to the end.<\/p>  <p>From the Madrid many times has repeated the sentence &#8220;the club always is by on&#8221;, by what the patience of the whites was near to exhaust . Although in a principle the time seemed to play in favour of them, <strong>the fault of information during the last days did to presage that the PSG would finish convincing him to continue in the French capital<\/strong>, his big institutional aim of face to the World-wide of Catar.<\/p>  <p>While the managerial train of the Madrid esgrim\u00eda arguments in favour and against to continue expecting by the Frenchman, Florentino P\u00e9rez, the one who had the last word, opted by the optimistic stage. Nevertheless,<strong> the words of the surroundings of the footballer that spoke to value both options, were not very received by a part of the directive, warning the fault of determination<\/strong>.<\/p>  <h3>Florentino regretted that Mbapp\u00e9 could not fulfil his dream<\/h3>  <p>Finally, the jerarca white finished for receiving the message of <a data-external=\"0\" data-intl-links-en=\"https:\/\/www.fcbarcelonanoticias.com\/en\/transfers\/recado-of-benzema-to-mbappe-with-aroma-to-betrayal_280523_102.html\" data-intl-links-es=\"https:\/\/www.fcbarcelonanoticias.com\/fichajes\/recado-benzema-mbappe-con-aroma-traicion_280523_102.html\" href=\"https:\/\/www.fcbarcelonanoticias.com\/en\/transfers\/recado-of-benzema-to-mbappe-with-aroma-to-betrayal_280523_102.html\" rel=\"follow\" target=\"_self\" title=\"Recado de Benzema a Mbapp\u00e9 con aroma a 'traici\u00f3n'\">Kylian Mbapp\u00e9<\/a> communicating him that would remain in the PSG and indicating that dress the white T-shirt was one of the dreams of his infancy. <strong>Florentino, by his part, finished regretting that the French could not form part of the project of the Madrid<\/strong>, in which it would have had an important role.<\/p> ","protected":false},"excerpt":{"rendered":"<p>From the Real Madrid board, the option of leaving aside the signing of Mbapp\u00e9 was on the table a few hours after his announcement. However, Florentino P\u00e9rez chose to be patient Kylian Mbapp\u00e9 Finally has decided to continue with his career in the rows of Paris Saint-Germain. The Real Madrid, that expected him with optimism, [&hellip;]<\/p>\n","protected":false},"author":378,"featured_media":88293,"comment_status":"closed","ping_status":"open","sticky":false,"template":"","format":"standard","meta":{"_acf_changed":false,"inline_featured_image":false,"_nextfly_llmd_date_locked":false,"footnotes":""},"categories":[106,449],"tags":[171,88],"class_list":["post-88288","post","type-post","status-publish","format-standard","has-post-thumbnail","hentry","category-transfers","category-transfers-2","tag-mbappe","tag-paris-saint-germain"],"acf":[],"yoast_head":"<!-- This site is optimized with the Yoast SEO plugin v27.3 - https:\/\/yoast.com\/product\/yoast-seo-wordpress\/ -->\n<title>Analysis of a betrayal: Madrid considered &#039;planting&#039; Mbapp\u00e9 for his doubts<\/title>\n<meta name=\"description\" content=\"From the directive of the Real Madrid the option to shelve the signing of Mbapp\u00e9 was on the table to few hours of his announcement. Nevertheless, Florentino...\" \/>\n<meta name=\"robots\" content=\"index, follow, max-snippet:-1, max-image-preview:large, max-video-preview:-1\" \/>\n<link rel=\"canonical\" href=\"https:\/\/www.fcbarcelonanoticias.com\/en\/transfers\/analysis-of-betrayal-the-madrid-posed-plant_280526_102.html\" \/>\n<meta property=\"og:locale\" content=\"en_US\" \/>\n<meta property=\"og:type\" content=\"article\" \/>\n<meta property=\"og:title\" content=\"Analysis of a betrayal: Madrid considered &#039;planting&#039; Mbapp\u00e9 for his doubts\" \/>\n<meta property=\"og:description\" content=\"From the directive of the Real Madrid the option to shelve the signing of Mbapp\u00e9 was on the table to few hours of his announcement. Nevertheless, Florentino...\" \/>\n<meta property=\"og:url\" content=\"https:\/\/www.fcbarcelonanoticias.com\/en\/transfers\/analysis-of-betrayal-the-madrid-posed-plant_280526_102.html\" \/>\n<meta property=\"og:site_name\" content=\"EN - FC Barcelona Noticias\" \/>\n<meta property=\"article:published_time\" content=\"2022-05-22T09:30:00+00:00\" \/>\n<meta property=\"og:image\" content=\"https:\/\/www.fcbarcelonanoticias.com\/en\/wp-content\/uploads\/sites\/2\/2022\/05\/fbl-fra-ligue1-psg-metz-2-1.jpeg\" \/>\n\t<meta property=\"og:image:width\" content=\"1200\" \/>\n\t<meta property=\"og:image:height\" content=\"747\" \/>\n\t<meta property=\"og:image:type\" content=\"image\/jpeg\" \/>\n<meta name=\"author\" content=\"user_4034\" \/>\n<meta name=\"twitter:card\" content=\"summary_large_image\" \/>\n<meta name=\"twitter:label1\" content=\"Written by\" \/>\n\t<meta name=\"twitter:data1\" content=\"user_4034\" \/>\n\t<meta name=\"twitter:label2\" content=\"Est. reading time\" \/>\n\t<meta name=\"twitter:data2\" content=\"2 minutes\" \/>\n<script type=\"application\/ld+json\" class=\"yoast-schema-graph\">{\"@context\":\"https:\\\/\\\/schema.org\",\"@graph\":[{\"@type\":\"Article\",\"@id\":\"https:\\\/\\\/www.fcbarcelonanoticias.com\\\/en\\\/transfers\\\/analysis-of-betrayal-the-madrid-posed-plant_280526_102.html#article\",\"isPartOf\":{\"@id\":\"https:\\\/\\\/www.fcbarcelonanoticias.com\\\/en\\\/transfers\\\/analysis-of-betrayal-the-madrid-posed-plant_280526_102.html\"},\"author\":{\"name\":\"user_4034\",\"@id\":\"https:\\\/\\\/www.fcbarcelonanoticias.com\\\/en\\\/#\\\/schema\\\/person\\\/af5ca539abaaa1bd2753d05ef7a706d0\"},\"headline\":\"Analysis of a betrayal: Madrid considered &#8216;planting&#8217; Mbapp\u00e9 for his doubts\",\"datePublished\":\"2022-05-22T09:30:00+00:00\",\"mainEntityOfPage\":{\"@id\":\"https:\\\/\\\/www.fcbarcelonanoticias.com\\\/en\\\/transfers\\\/analysis-of-betrayal-the-madrid-posed-plant_280526_102.html\"},\"wordCount\":383,\"image\":{\"@id\":\"https:\\\/\\\/www.fcbarcelonanoticias.com\\\/en\\\/transfers\\\/analysis-of-betrayal-the-madrid-posed-plant_280526_102.html#primaryimage\"},\"thumbnailUrl\":\"https:\\\/\\\/www.fcbarcelonanoticias.com\\\/en\\\/wp-content\\\/uploads\\\/sites\\\/2\\\/2022\\\/05\\\/fbl-fra-ligue1-psg-metz-2-1.jpeg\",\"keywords\":[\"Mbapp\u00e9\",\"Paris Saint-Germain\"],\"articleSection\":[\"Transfers\",\"Transfers\"],\"inLanguage\":\"en-US\"},{\"@type\":\"WebPage\",\"@id\":\"https:\\\/\\\/www.fcbarcelonanoticias.com\\\/en\\\/transfers\\\/analysis-of-betrayal-the-madrid-posed-plant_280526_102.html\",\"url\":\"https:\\\/\\\/www.fcbarcelonanoticias.com\\\/en\\\/transfers\\\/analysis-of-betrayal-the-madrid-posed-plant_280526_102.html\",\"name\":\"Analysis of a betrayal: Madrid considered 'planting' Mbapp\u00e9 for his doubts\",\"isPartOf\":{\"@id\":\"https:\\\/\\\/www.fcbarcelonanoticias.com\\\/en\\\/#website\"},\"primaryImageOfPage\":{\"@id\":\"https:\\\/\\\/www.fcbarcelonanoticias.com\\\/en\\\/transfers\\\/analysis-of-betrayal-the-madrid-posed-plant_280526_102.html#primaryimage\"},\"image\":{\"@id\":\"https:\\\/\\\/www.fcbarcelonanoticias.com\\\/en\\\/transfers\\\/analysis-of-betrayal-the-madrid-posed-plant_280526_102.html#primaryimage\"},\"thumbnailUrl\":\"https:\\\/\\\/www.fcbarcelonanoticias.com\\\/en\\\/wp-content\\\/uploads\\\/sites\\\/2\\\/2022\\\/05\\\/fbl-fra-ligue1-psg-metz-2-1.jpeg\",\"datePublished\":\"2022-05-22T09:30:00+00:00\",\"author\":{\"@id\":\"https:\\\/\\\/www.fcbarcelonanoticias.com\\\/en\\\/#\\\/schema\\\/person\\\/af5ca539abaaa1bd2753d05ef7a706d0\"},\"description\":\"From the directive of the Real Madrid the option to shelve the signing of Mbapp\u00e9 was on the table to few hours of his announcement. Nevertheless, Florentino...\",\"breadcrumb\":{\"@id\":\"https:\\\/\\\/www.fcbarcelonanoticias.com\\\/en\\\/transfers\\\/analysis-of-betrayal-the-madrid-posed-plant_280526_102.html#breadcrumb\"},\"inLanguage\":\"en-US\",\"potentialAction\":[{\"@type\":\"ReadAction\",\"target\":[\"https:\\\/\\\/www.fcbarcelonanoticias.com\\\/en\\\/transfers\\\/analysis-of-betrayal-the-madrid-posed-plant_280526_102.html\"]}]},{\"@type\":\"ImageObject\",\"inLanguage\":\"en-US\",\"@id\":\"https:\\\/\\\/www.fcbarcelonanoticias.com\\\/en\\\/transfers\\\/analysis-of-betrayal-the-madrid-posed-plant_280526_102.html#primaryimage\",\"url\":\"https:\\\/\\\/www.fcbarcelonanoticias.com\\\/en\\\/wp-content\\\/uploads\\\/sites\\\/2\\\/2022\\\/05\\\/fbl-fra-ligue1-psg-metz-2-1.jpeg\",\"contentUrl\":\"https:\\\/\\\/www.fcbarcelonanoticias.com\\\/en\\\/wp-content\\\/uploads\\\/sites\\\/2\\\/2022\\\/05\\\/fbl-fra-ligue1-psg-metz-2-1.jpeg\",\"width\":1200,\"height\":747},{\"@type\":\"BreadcrumbList\",\"@id\":\"https:\\\/\\\/www.fcbarcelonanoticias.com\\\/en\\\/transfers\\\/analysis-of-betrayal-the-madrid-posed-plant_280526_102.html#breadcrumb\",\"itemListElement\":[{\"@type\":\"ListItem\",\"position\":1,\"name\":\"Portada\",\"item\":\"https:\\\/\\\/www.fcbarcelonanoticias.com\\\/en\\\/\"},{\"@type\":\"ListItem\",\"position\":2,\"name\":\"Analysis of a betrayal: Madrid considered &#8216;planting&#8217; Mbapp\u00e9 for his doubts\"}]},{\"@type\":\"WebSite\",\"@id\":\"https:\\\/\\\/www.fcbarcelonanoticias.com\\\/en\\\/#website\",\"url\":\"https:\\\/\\\/www.fcbarcelonanoticias.com\\\/en\\\/\",\"name\":\"EN - FC Barcelona Noticias\",\"description\":\"\",\"potentialAction\":[{\"@type\":\"SearchAction\",\"target\":{\"@type\":\"EntryPoint\",\"urlTemplate\":\"https:\\\/\\\/www.fcbarcelonanoticias.com\\\/en\\\/?s={search_term_string}\"},\"query-input\":{\"@type\":\"PropertyValueSpecification\",\"valueRequired\":true,\"valueName\":\"search_term_string\"}}],\"inLanguage\":\"en-US\"},{\"@type\":\"Person\",\"@id\":\"https:\\\/\\\/www.fcbarcelonanoticias.com\\\/en\\\/#\\\/schema\\\/person\\\/af5ca539abaaa1bd2753d05ef7a706d0\",\"name\":\"user_4034\",\"image\":{\"@type\":\"ImageObject\",\"inLanguage\":\"en-US\",\"@id\":\"https:\\\/\\\/secure.gravatar.com\\\/avatar\\\/?s=96&d=mm&r=g\",\"url\":\"https:\\\/\\\/secure.gravatar.com\\\/avatar\\\/?s=96&d=mm&r=g\",\"contentUrl\":\"https:\\\/\\\/secure.gravatar.com\\\/avatar\\\/?s=96&d=mm&r=g\",\"caption\":\"user_4034\"},\"url\":\"https:\\\/\\\/www.fcbarcelonanoticias.com\\\/en\\\/user_4034.html\"}]}<\/script>\n<!-- \/ Yoast SEO plugin. -->","yoast_head_json":{"title":"Analysis of a betrayal: Madrid considered 'planting' Mbapp\u00e9 for his doubts","description":"From the directive of the Real Madrid the option to shelve the signing of Mbapp\u00e9 was on the table to few hours of his announcement. Nevertheless, Florentino...","robots":{"index":"index","follow":"follow","max-snippet":"max-snippet:-1","max-image-preview":"max-image-preview:large","max-video-preview":"max-video-preview:-1"},"canonical":"https:\/\/www.fcbarcelonanoticias.com\/en\/transfers\/analysis-of-betrayal-the-madrid-posed-plant_280526_102.html","og_locale":"en_US","og_type":"article","og_title":"Analysis of a betrayal: Madrid considered 'planting' Mbapp\u00e9 for his doubts","og_description":"From the directive of the Real Madrid the option to shelve the signing of Mbapp\u00e9 was on the table to few hours of his announcement. Nevertheless, Florentino...","og_url":"https:\/\/www.fcbarcelonanoticias.com\/en\/transfers\/analysis-of-betrayal-the-madrid-posed-plant_280526_102.html","og_site_name":"EN - FC Barcelona Noticias","article_published_time":"2022-05-22T09:30:00+00:00","og_image":[{"width":1200,"height":747,"url":"https:\/\/www.fcbarcelonanoticias.com\/en\/wp-content\/uploads\/sites\/2\/2022\/05\/fbl-fra-ligue1-psg-metz-2-1.jpeg","type":"image\/jpeg"}],"author":"user_4034","twitter_card":"summary_large_image","twitter_misc":{"Written by":"user_4034","Est. reading time":"2 minutes"},"schema":{"@context":"https:\/\/schema.org","@graph":[{"@type":"Article","@id":"https:\/\/www.fcbarcelonanoticias.com\/en\/transfers\/analysis-of-betrayal-the-madrid-posed-plant_280526_102.html#article","isPartOf":{"@id":"https:\/\/www.fcbarcelonanoticias.com\/en\/transfers\/analysis-of-betrayal-the-madrid-posed-plant_280526_102.html"},"author":{"name":"user_4034","@id":"https:\/\/www.fcbarcelonanoticias.com\/en\/#\/schema\/person\/af5ca539abaaa1bd2753d05ef7a706d0"},"headline":"Analysis of a betrayal: Madrid considered &#8216;planting&#8217; Mbapp\u00e9 for his doubts","datePublished":"2022-05-22T09:30:00+00:00","mainEntityOfPage":{"@id":"https:\/\/www.fcbarcelonanoticias.com\/en\/transfers\/analysis-of-betrayal-the-madrid-posed-plant_280526_102.html"},"wordCount":383,"image":{"@id":"https:\/\/www.fcbarcelonanoticias.com\/en\/transfers\/analysis-of-betrayal-the-madrid-posed-plant_280526_102.html#primaryimage"},"thumbnailUrl":"https:\/\/www.fcbarcelonanoticias.com\/en\/wp-content\/uploads\/sites\/2\/2022\/05\/fbl-fra-ligue1-psg-metz-2-1.jpeg","keywords":["Mbapp\u00e9","Paris Saint-Germain"],"articleSection":["Transfers","Transfers"],"inLanguage":"en-US"},{"@type":"WebPage","@id":"https:\/\/www.fcbarcelonanoticias.com\/en\/transfers\/analysis-of-betrayal-the-madrid-posed-plant_280526_102.html","url":"https:\/\/www.fcbarcelonanoticias.com\/en\/transfers\/analysis-of-betrayal-the-madrid-posed-plant_280526_102.html","name":"Analysis of a betrayal: Madrid considered 'planting' Mbapp\u00e9 for his doubts","isPartOf":{"@id":"https:\/\/www.fcbarcelonanoticias.com\/en\/#website"},"primaryImageOfPage":{"@id":"https:\/\/www.fcbarcelonanoticias.com\/en\/transfers\/analysis-of-betrayal-the-madrid-posed-plant_280526_102.html#primaryimage"},"image":{"@id":"https:\/\/www.fcbarcelonanoticias.com\/en\/transfers\/analysis-of-betrayal-the-madrid-posed-plant_280526_102.html#primaryimage"},"thumbnailUrl":"https:\/\/www.fcbarcelonanoticias.com\/en\/wp-content\/uploads\/sites\/2\/2022\/05\/fbl-fra-ligue1-psg-metz-2-1.jpeg","datePublished":"2022-05-22T09:30:00+00:00","author":{"@id":"https:\/\/www.fcbarcelonanoticias.com\/en\/#\/schema\/person\/af5ca539abaaa1bd2753d05ef7a706d0"},"description":"From the directive of the Real Madrid the option to shelve the signing of Mbapp\u00e9 was on the table to few hours of his announcement. Nevertheless, Florentino...","breadcrumb":{"@id":"https:\/\/www.fcbarcelonanoticias.com\/en\/transfers\/analysis-of-betrayal-the-madrid-posed-plant_280526_102.html#breadcrumb"},"inLanguage":"en-US","potentialAction":[{"@type":"ReadAction","target":["https:\/\/www.fcbarcelonanoticias.com\/en\/transfers\/analysis-of-betrayal-the-madrid-posed-plant_280526_102.html"]}]},{"@type":"ImageObject","inLanguage":"en-US","@id":"https:\/\/www.fcbarcelonanoticias.com\/en\/transfers\/analysis-of-betrayal-the-madrid-posed-plant_280526_102.html#primaryimage","url":"https:\/\/www.fcbarcelonanoticias.com\/en\/wp-content\/uploads\/sites\/2\/2022\/05\/fbl-fra-ligue1-psg-metz-2-1.jpeg","contentUrl":"https:\/\/www.fcbarcelonanoticias.com\/en\/wp-content\/uploads\/sites\/2\/2022\/05\/fbl-fra-ligue1-psg-metz-2-1.jpeg","width":1200,"height":747},{"@type":"BreadcrumbList","@id":"https:\/\/www.fcbarcelonanoticias.com\/en\/transfers\/analysis-of-betrayal-the-madrid-posed-plant_280526_102.html#breadcrumb","itemListElement":[{"@type":"ListItem","position":1,"name":"Portada","item":"https:\/\/www.fcbarcelonanoticias.com\/en\/"},{"@type":"ListItem","position":2,"name":"Analysis of a betrayal: Madrid considered &#8216;planting&#8217; Mbapp\u00e9 for his doubts"}]},{"@type":"WebSite","@id":"https:\/\/www.fcbarcelonanoticias.com\/en\/#website","url":"https:\/\/www.fcbarcelonanoticias.com\/en\/","name":"EN - FC Barcelona Noticias","description":"","potentialAction":[{"@type":"SearchAction","target":{"@type":"EntryPoint","urlTemplate":"https:\/\/www.fcbarcelonanoticias.com\/en\/?s={search_term_string}"},"query-input":{"@type":"PropertyValueSpecification","valueRequired":true,"valueName":"search_term_string"}}],"inLanguage":"en-US"},{"@type":"Person","@id":"https:\/\/www.fcbarcelonanoticias.com\/en\/#\/schema\/person\/af5ca539abaaa1bd2753d05ef7a706d0","name":"user_4034","image":{"@type":"ImageObject","inLanguage":"en-US","@id":"https:\/\/secure.gravatar.com\/avatar\/?s=96&d=mm&r=g","url":"https:\/\/secure.gravatar.com\/avatar\/?s=96&d=mm&r=g","contentUrl":"https:\/\/secure.gravatar.com\/avatar\/?s=96&d=mm&r=g","caption":"user_4034"},"url":"https:\/\/www.fcbarcelonanoticias.com\/en\/user_4034.html"}]}},"_links":{"self":[{"href":"https:\/\/www.fcbarcelonanoticias.com\/en\/wp-json\/wp\/v2\/posts\/88288","targetHints":{"allow":["GET"]}}],"collection":[{"href":"https:\/\/www.fcbarcelonanoticias.com\/en\/wp-json\/wp\/v2\/posts"}],"about":[{"href":"https:\/\/www.fcbarcelonanoticias.com\/en\/wp-json\/wp\/v2\/types\/post"}],"author":[{"embeddable":true,"href":"https:\/\/www.fcbarcelonanoticias.com\/en\/wp-json\/wp\/v2\/users\/378"}],"replies":[{"embeddable":true,"href":"https:\/\/www.fcbarcelonanoticias.com\/en\/wp-json\/wp\/v2\/comments?post=88288"}],"version-history":[{"count":1,"href":"https:\/\/www.fcbarcelonanoticias.com\/en\/wp-json\/wp\/v2\/posts\/88288\/revisions"}],"predecessor-version":[{"id":92309,"href":"https:\/\/www.fcbarcelonanoticias.com\/en\/wp-json\/wp\/v2\/posts\/88288\/revisions\/92309"}],"wp:featuredmedia":[{"embeddable":true,"href":"https:\/\/www.fcbarcelonanoticias.com\/en\/wp-json\/wp\/v2\/media\/88293"}],"wp:attachment":[{"href":"https:\/\/www.fcbarcelonanoticias.com\/en\/wp-json\/wp\/v2\/media?parent=88288"}],"wp:term":[{"taxonomy":"category","embeddable":true,"href":"https:\/\/www.fcbarcelonanoticias.com\/en\/wp-json\/wp\/v2\/categories?post=88288"},{"taxonomy":"post_tag","embeddable":true,"href":"https:\/\/www.fcbarcelonanoticias.com\/en\/wp-json\/wp\/v2\/tags?post=88288"}],"curies":[{"name":"wp","href":"https:\/\/api.w.org\/{rel}","templated":true}]}}